{"id":9880,"date":"2026-09-04T15:36:32","date_gmt":"2026-09-04T15:36:32","guid":{"rendered":"https:\/\/periodicocentroccidente.com\/?p=9880"},"modified":"2026-09-04T15:36:32","modified_gmt":"2026-09-04T15:36:32","slug":"elias-jaua-el-3-de-enero-representa-la-perdida-de-la-independencia-la-perdida-de-la-republica-y-nuestra-obligacion-de-luchar-para-recuperarla","status":"publish","type":"post","link":"https:\/\/periodicocentroccidente.com\/?p=9880","title":{"rendered":"El\u00edas Jaua: El 3 de enero representa la p\u00e9rdida de la independencia, la p\u00e9rdida de la Rep\u00fablica y nuestra obligaci\u00f3n de luchar para recuperarla"},"content":{"rendered":"<p><strong>Especial.-<\/strong><\/p>\n<div dir=\"auto\">\u00a0\u00abEl 3 de enero representa la p\u00e9rdida de la independencia, la p\u00e9rdida de la Rep\u00fablica y nuestra obligaci\u00f3n de luchar para recuperarla\u00bb, las palabras pertenecen al dirigente al ex vicepresidente Elias Jaua, durante una reuni\u00f3n en la sede de la Universidad Polit\u00e9cnica Territorial JJ Montilla de Acarigua, hoy viernes #04Sep.<\/div>\n<div dir=\"auto\">\n<div dir=\"auto\">\n<div dir=\"auto\"><\/div>\n<div dir=\"auto\">Dijo que la ocupaci\u00f3n militar y el tutelaje \u00abque nos ha impuesto los EE.UU.L ha generado preocupaci\u00f3n e indignaci\u00f3n y la canalizaci\u00f3n de esa indignaci\u00f3n ha creado una resistencia c\u00edvica, pol\u00edtica, democr\u00e1tica en aras recuperar nuestra independencia nacional m\u00e1s temprano que tarde\u00bb.<\/div>\n<div dir=\"auto\"><\/div>\n<div dir=\"auto\">Para Jaua, Venezuela se le ha ocupado militarmente con marines, aprovech\u00e1ndose de la cat\u00e1strofe que produjo los terremotos, \u00ab&#8230; hubo un desembarco de miles de marines armados que no vinieron a ayudar, sino a controlar a\u00fan m\u00e1s la situaci\u00f3n de invasi\u00f3n y de intervenci\u00f3n militar, lo que\u00a0 es preocupante\u00bb.<\/div>\n<div dir=\"auto\"><\/div>\n<div dir=\"auto\">En cuanto el convenio hist\u00f3rico petrolero Jaua manifest\u00f3, que la firma que hizo Delcy Rodr\u00edguez no fue discutida por la Asamblea Nacional ni aprobado por esta como lo manda el art\u00edculo 102 de la Carta Magna,\u00a0 por lo que es inconstitucional y nulo de toda nulidad.<\/div>\n<div dir=\"auto\"><\/div>\n<div dir=\"auto\">\u00abNulo de toda nulidad, es inconstitucional porque viola el art\u00edculo 302 de la Constituci\u00f3n, que establece que la actividad petrolera es una actividad exclusiva del Estado venezolano y por lo tanto es totalmente inconstitucional que se le entregue a una empresa privada 65,000 millones de barriles de petr\u00f3leo para explotarlo\u00bb, anunci\u00f3 el excanciller<\/div>\n<div dir=\"auto\"><\/div>\n<div dir=\"auto\">Reiter\u00f3 que lo ocurrido el 3 de enero fue una \u00abagresi\u00f3n militar brutal para secuestrar a Nicol\u00e1s Maduro y a Cilia Flores, porque ning\u00fan pa\u00eds est\u00e1 facultado para detener a ning\u00fan ciudadano en otro en otro pa\u00eds. Agresi\u00f3n injustificada, desproporcionada, que ocasion\u00f3 m\u00e1s de 100 personas muertas, Y a partir de all\u00ed, el sometimiento a unas condiciones pol\u00edticas y econ\u00f3micas que nos han robado la independencia. Hoy los ingresos que obtiene por la venta del petr\u00f3leo, que no hacemos nosotros, sino el gobierno de Estados Unidos van a una cuenta al Departamento del Tesoro, no van a las cuentas del Banco Central, como manda la Constituci\u00f3n\u00bb.<\/div>\n<\/div>\n<\/div>\n<div dir=\"auto\"><\/div>\n<div dir=\"auto\"><em><strong>Cruz Mario Silva\/Jos\u00e9 Domingo Falc\u00f3n<\/strong><\/em><\/div>\n<div dir=\"auto\">\n<div dir=\"auto\"><\/div>\n<\/div>\n","protected":false},"excerpt":{"rendered":"<p>Especial.- &nbsp;&laquo;El 3 de enero representa la p&eacute;rdida de la independencia, la p&eacute;rdida de la Rep&uacute;blica y nuestra obligaci&oacute;n de luchar para recuperarla&raquo;, las palabras pertenecen al dirigente al ex vicepresidente Elias Jaua, durante una reuni&oacute;n en la sede de la Universidad Polit&eacute;cnica Territorial JJ Montilla de Acarigua, hoy viernes #04Sep. Dijo que la ocupaci&oacute;n &hellip;<\/p>\n","protected":false},"author":2,"featured_media":9882,"comment_status":"open","ping_status":"open","sticky":false,"template":"","format":"standard","meta":{"_jetpack_memberships_contains_paid_content":false,"footnotes":""},"categories":[128],"tags":[],"class_list":["post-9880","post","type-post","status-publish","format-standard","has-post-thumbnail","hentry","category-noticias-del-cono-norte"],"yoast_head":"<!-- This site is optimized with the Yoast SEO plugin v24.8.1 - https:\/\/yoast.com\/wordpress\/plugins\/seo\/ -->\n<title>El\u00edas Jaua: El 3 de enero representa la p\u00e9rdida de la independencia, la p\u00e9rdida de la Rep\u00fablica y nuestra obligaci\u00f3n de luchar para recuperarla -<\/title>\n<meta name=\"robots\" content=\"index, follow, max-snippet:-1, max-image-preview:large, max-video-preview:-1\" \/>\n<link rel=\"canonical\" href=\"https:\/\/periodicocentroccidente.com\/?p=9880\" \/>\n<meta property=\"og:locale\" content=\"es_ES\" \/>\n<meta property=\"og:type\" content=\"article\" \/>\n<meta property=\"og:title\" content=\"El\u00edas Jaua: El 3 de enero representa la p\u00e9rdida de la independencia, la p\u00e9rdida de la Rep\u00fablica y nuestra obligaci\u00f3n de luchar para recuperarla -\" \/>\n<meta property=\"og:description\" content=\"Especial.- &nbsp;&laquo;El 3 de enero representa la p&eacute;rdida de la independencia, la p&eacute;rdida de la Rep&uacute;blica y nuestra obligaci&oacute;n de luchar para recuperarla&raquo;, las palabras pertenecen al dirigente al ex vicepresidente Elias Jaua, durante una reuni&oacute;n en la sede de la Universidad Polit&eacute;cnica Territorial JJ Montilla de Acarigua, hoy viernes #04Sep. Dijo que la ocupaci&oacute;n &hellip;\" \/>\n<meta property=\"og:url\" content=\"https:\/\/periodicocentroccidente.com\/?p=9880\" \/>\n<meta property=\"article:published_time\" content=\"2026-09-04T15:36:32+00:00\" \/>\n<meta property=\"og:image\" content=\"https:\/\/periodicocentroccidente.com\/wp-content\/uploads\/2026\/09\/IMG-20260904-WA0036.jpg\" \/>\n\t<meta property=\"og:image:width\" content=\"1280\" \/>\n\t<meta property=\"og:image:height\" content=\"960\" \/>\n\t<meta property=\"og:image:type\" content=\"image\/jpeg\" \/>\n<meta name=\"author\" content=\"Ricardo\" \/>\n<meta name=\"twitter:card\" content=\"summary_large_image\" \/>\n<meta name=\"twitter:label1\" content=\"Escrito por\" \/>\n\t<meta name=\"twitter:data1\" content=\"Ricardo\" \/>\n\t<meta name=\"twitter:label2\" content=\"Tiempo de lectura\" \/>\n\t<meta name=\"twitter:data2\" content=\"2 minutos\" \/>\n<script type=\"application\/ld+json\" class=\"yoast-schema-graph\">{\"@context\":\"https:\/\/schema.org\",\"@graph\":[{\"@type\":\"WebPage\",\"@id\":\"https:\/\/periodicocentroccidente.com\/?p=9880\",\"url\":\"https:\/\/periodicocentroccidente.com\/?p=9880\",\"name\":\"El\u00edas Jaua: El 3 de enero representa la p\u00e9rdida de la independencia, la p\u00e9rdida de la Rep\u00fablica y nuestra obligaci\u00f3n de luchar para recuperarla -\",\"isPartOf\":{\"@id\":\"https:\/\/periodicocentroccidente.com\/#website\"},\"primaryImageOfPage\":{\"@id\":\"https:\/\/periodicocentroccidente.com\/?p=9880#primaryimage\"},\"image\":{\"@id\":\"https:\/\/periodicocentroccidente.com\/?p=9880#primaryimage\"},\"thumbnailUrl\":\"https:\/\/periodicocentroccidente.com\/wp-content\/uploads\/2026\/09\/IMG-20260904-WA0036.jpg\",\"datePublished\":\"2026-09-04T15:36:32+00:00\",\"author\":{\"@id\":\"https:\/\/periodicocentroccidente.com\/#\/schema\/person\/f4e4a651098f3db198244657b7130e7e\"},\"breadcrumb\":{\"@id\":\"https:\/\/periodicocentroccidente.com\/?p=9880#breadcrumb\"},\"inLanguage\":\"es\",\"potentialAction\":[{\"@type\":\"ReadAction\",\"target\":[\"https:\/\/periodicocentroccidente.com\/?p=9880\"]}]},{\"@type\":\"ImageObject\",\"inLanguage\":\"es\",\"@id\":\"https:\/\/periodicocentroccidente.com\/?p=9880#primaryimage\",\"url\":\"https:\/\/periodicocentroccidente.com\/wp-content\/uploads\/2026\/09\/IMG-20260904-WA0036.jpg\",\"contentUrl\":\"https:\/\/periodicocentroccidente.com\/wp-content\/uploads\/2026\/09\/IMG-20260904-WA0036.jpg\",\"width\":1280,\"height\":960},{\"@type\":\"BreadcrumbList\",\"@id\":\"https:\/\/periodicocentroccidente.com\/?p=9880#breadcrumb\",\"itemListElement\":[{\"@type\":\"ListItem\",\"position\":1,\"name\":\"Portada\",\"item\":\"https:\/\/periodicocentroccidente.com\/\"},{\"@type\":\"ListItem\",\"position\":2,\"name\":\"El\u00edas Jaua: El 3 de enero representa la p\u00e9rdida de la independencia, la p\u00e9rdida de la Rep\u00fablica y nuestra obligaci\u00f3n de luchar para recuperarla\"}]},{\"@type\":\"WebSite\",\"@id\":\"https:\/\/periodicocentroccidente.com\/#website\",\"url\":\"https:\/\/periodicocentroccidente.com\/\",\"name\":\"\",\"description\":\"Periodismo serio y responsable\",\"potentialAction\":[{\"@type\":\"SearchAction\",\"target\":{\"@type\":\"EntryPoint\",\"urlTemplate\":\"https:\/\/periodicocentroccidente.com\/?s={search_term_string}\"},\"query-input\":{\"@type\":\"PropertyValueSpecification\",\"valueRequired\":true,\"valueName\":\"search_term_string\"}}],\"inLanguage\":\"es\"},{\"@type\":\"Person\",\"@id\":\"https:\/\/periodicocentroccidente.com\/#\/schema\/person\/f4e4a651098f3db198244657b7130e7e\",\"name\":\"Ricardo\",\"image\":{\"@type\":\"ImageObject\",\"inLanguage\":\"es\",\"@id\":\"https:\/\/periodicocentroccidente.com\/#\/schema\/person\/image\/\",\"url\":\"https:\/\/secure.gravatar.com\/avatar\/402e6137108ec0fdaa7809184382fb1dd2f8b00264c1d945d341f2b8f90db429?s=96&d=mm&r=g\",\"contentUrl\":\"https:\/\/secure.gravatar.com\/avatar\/402e6137108ec0fdaa7809184382fb1dd2f8b00264c1d945d341f2b8f90db429?s=96&d=mm&r=g\",\"caption\":\"Ricardo\"},\"url\":\"https:\/\/periodicocentroccidente.com\/?author=2\"}]}<\/script>\n<!-- \/ Yoast SEO plugin. -->","yoast_head_json":{"title":"El\u00edas Jaua: El 3 de enero representa la p\u00e9rdida de la independencia, la p\u00e9rdida de la Rep\u00fablica y nuestra obligaci\u00f3n de luchar para recuperarla -","robots":{"index":"index","follow":"follow","max-snippet":"max-snippet:-1","max-image-preview":"max-image-preview:large","max-video-preview":"max-video-preview:-1"},"canonical":"https:\/\/periodicocentroccidente.com\/?p=9880","og_locale":"es_ES","og_type":"article","og_title":"El\u00edas Jaua: El 3 de enero representa la p\u00e9rdida de la independencia, la p\u00e9rdida de la Rep\u00fablica y nuestra obligaci\u00f3n de luchar para recuperarla -","og_description":"Especial.- &nbsp;&laquo;El 3 de enero representa la p&eacute;rdida de la independencia, la p&eacute;rdida de la Rep&uacute;blica y nuestra obligaci&oacute;n de luchar para recuperarla&raquo;, las palabras pertenecen al dirigente al ex vicepresidente Elias Jaua, durante una reuni&oacute;n en la sede de la Universidad Polit&eacute;cnica Territorial JJ Montilla de Acarigua, hoy viernes #04Sep. Dijo que la ocupaci&oacute;n &hellip;","og_url":"https:\/\/periodicocentroccidente.com\/?p=9880","article_published_time":"2026-09-04T15:36:32+00:00","og_image":[{"width":1280,"height":960,"url":"https:\/\/periodicocentroccidente.com\/wp-content\/uploads\/2026\/09\/IMG-20260904-WA0036.jpg","type":"image\/jpeg"}],"author":"Ricardo","twitter_card":"summary_large_image","twitter_misc":{"Escrito por":"Ricardo","Tiempo de lectura":"2 minutos"},"schema":{"@context":"https:\/\/schema.org","@graph":[{"@type":"WebPage","@id":"https:\/\/periodicocentroccidente.com\/?p=9880","url":"https:\/\/periodicocentroccidente.com\/?p=9880","name":"El\u00edas Jaua: El 3 de enero representa la p\u00e9rdida de la independencia, la p\u00e9rdida de la Rep\u00fablica y nuestra obligaci\u00f3n de luchar para recuperarla -","isPartOf":{"@id":"https:\/\/periodicocentroccidente.com\/#website"},"primaryImageOfPage":{"@id":"https:\/\/periodicocentroccidente.com\/?p=9880#primaryimage"},"image":{"@id":"https:\/\/periodicocentroccidente.com\/?p=9880#primaryimage"},"thumbnailUrl":"https:\/\/periodicocentroccidente.com\/wp-content\/uploads\/2026\/09\/IMG-20260904-WA0036.jpg","datePublished":"2026-09-04T15:36:32+00:00","author":{"@id":"https:\/\/periodicocentroccidente.com\/#\/schema\/person\/f4e4a651098f3db198244657b7130e7e"},"breadcrumb":{"@id":"https:\/\/periodicocentroccidente.com\/?p=9880#breadcrumb"},"inLanguage":"es","potentialAction":[{"@type":"ReadAction","target":["https:\/\/periodicocentroccidente.com\/?p=9880"]}]},{"@type":"ImageObject","inLanguage":"es","@id":"https:\/\/periodicocentroccidente.com\/?p=9880#primaryimage","url":"https:\/\/periodicocentroccidente.com\/wp-content\/uploads\/2026\/09\/IMG-20260904-WA0036.jpg","contentUrl":"https:\/\/periodicocentroccidente.com\/wp-content\/uploads\/2026\/09\/IMG-20260904-WA0036.jpg","width":1280,"height":960},{"@type":"BreadcrumbList","@id":"https:\/\/periodicocentroccidente.com\/?p=9880#breadcrumb","itemListElement":[{"@type":"ListItem","position":1,"name":"Portada","item":"https:\/\/periodicocentroccidente.com\/"},{"@type":"ListItem","position":2,"name":"El\u00edas Jaua: El 3 de enero representa la p\u00e9rdida de la independencia, la p\u00e9rdida de la Rep\u00fablica y nuestra obligaci\u00f3n de luchar para recuperarla"}]},{"@type":"WebSite","@id":"https:\/\/periodicocentroccidente.com\/#website","url":"https:\/\/periodicocentroccidente.com\/","name":"","description":"Periodismo serio y responsable","potentialAction":[{"@type":"SearchAction","target":{"@type":"EntryPoint","urlTemplate":"https:\/\/periodicocentroccidente.com\/?s={search_term_string}"},"query-input":{"@type":"PropertyValueSpecification","valueRequired":true,"valueName":"search_term_string"}}],"inLanguage":"es"},{"@type":"Person","@id":"https:\/\/periodicocentroccidente.com\/#\/schema\/person\/f4e4a651098f3db198244657b7130e7e","name":"Ricardo","image":{"@type":"ImageObject","inLanguage":"es","@id":"https:\/\/periodicocentroccidente.com\/#\/schema\/person\/image\/","url":"https:\/\/secure.gravatar.com\/avatar\/402e6137108ec0fdaa7809184382fb1dd2f8b00264c1d945d341f2b8f90db429?s=96&d=mm&r=g","contentUrl":"https:\/\/secure.gravatar.com\/avatar\/402e6137108ec0fdaa7809184382fb1dd2f8b00264c1d945d341f2b8f90db429?s=96&d=mm&r=g","caption":"Ricardo"},"url":"https:\/\/periodicocentroccidente.com\/?author=2"}]}},"jetpack_featured_media_url":"https:\/\/periodicocentroccidente.com\/wp-content\/uploads\/2026\/09\/IMG-20260904-WA0036.jpg","jetpack_sharing_enabled":true,"jetpack-related-posts":[],"_links":{"self":[{"href":"https:\/\/periodicocentroccidente.com\/index.php?rest_route=\/wp\/v2\/posts\/9880","targetHints":{"allow":["GET"]}}],"collection":[{"href":"https:\/\/periodicocentroccidente.com\/index.php?rest_route=\/wp\/v2\/posts"}],"about":[{"href":"https:\/\/periodicocentroccidente.com\/index.php?rest_route=\/wp\/v2\/types\/post"}],"author":[{"embeddable":true,"href":"https:\/\/periodicocentroccidente.com\/index.php?rest_route=\/wp\/v2\/users\/2"}],"replies":[{"embeddable":true,"href":"https:\/\/periodicocentroccidente.com\/index.php?rest_route=%2Fwp%2Fv2%2Fcomments&post=9880"}],"version-history":[{"count":1,"href":"https:\/\/periodicocentroccidente.com\/index.php?rest_route=\/wp\/v2\/posts\/9880\/revisions"}],"predecessor-version":[{"id":9883,"href":"https:\/\/periodicocentroccidente.com\/index.php?rest_route=\/wp\/v2\/posts\/9880\/revisions\/9883"}],"wp:featuredmedia":[{"embeddable":true,"href":"https:\/\/periodicocentroccidente.com\/index.php?rest_route=\/wp\/v2\/media\/9882"}],"wp:attachment":[{"href":"https:\/\/periodicocentroccidente.com\/index.php?rest_route=%2Fwp%2Fv2%2Fmedia&parent=9880"}],"wp:term":[{"taxonomy":"category","embeddable":true,"href":"https:\/\/periodicocentroccidente.com\/index.php?rest_route=%2Fwp%2Fv2%2Fcategories&post=9880"},{"taxonomy":"post_tag","embeddable":true,"href":"https:\/\/periodicocentroccidente.com\/index.php?rest_route=%2Fwp%2Fv2%2Ftags&post=9880"}],"curies":[{"name":"wp","href":"https:\/\/api.w.org\/{rel}","templated":true}]}}