{"id":9876,"date":"2026-09-03T18:06:24","date_gmt":"2026-09-03T18:06:24","guid":{"rendered":"https:\/\/periodicocentroccidente.com\/?p=9876"},"modified":"2026-09-03T18:06:24","modified_gmt":"2026-09-03T18:06:24","slug":"canicultores-centrales-y-gobierno-regional-hacen-coordinaciones-para-rehabilitar-carretera-guanare-morita","status":"publish","type":"post","link":"https:\/\/periodicocentroccidente.com\/?p=9876","title":{"rendered":"Ca\u00f1icultores, Centrales y Gobierno Regional hacen coordinaciones para rehabilitar carretera Guanare-Morita"},"content":{"rendered":"<p><strong>Especial.-<\/strong><\/p>\n<p>Este martes se llev\u00f3 a cabo una importante reuni\u00f3n entre autoridades del Gobierno Regional, representantes de las asociaciones de productores de ca\u00f1a de az\u00facar que hacen vida en la zona sur del Estado y los de centrales azucareros de la zona, para coordinar la rehabilitaci\u00f3n de la carretera Guanare-Morita, que conecta el Eje Dulce de Portuguesa.<\/p>\n<p>Miguel Pimentel, presidente de Socadulce, quien asisti\u00f3 al encuentro manifest\u00f3 que en el mismo se acord\u00f3 hacer una inspecci\u00f3n de la v\u00eda para cuantificar lo que se necesita y la inversi\u00f3n necesaria para atender de forma integral esta importante v\u00eda agr\u00edcola de la zona sur de esta entidad llanera.<\/p>\n<p>Pimentel apunt\u00f3, que en representaci\u00f3n del Gobierno Regional estuvo Humberto Lugo, por las asociaciones estuvieron Juan<\/p>\n<p>Nunes, presidente de Cooperativa Ca\u00f1a Blanca; Prudencio Guti\u00e9rrez, presidente de Asoprosur; Carlos Mellado, presidente Socaguan; por el Central Azucarero Batalla de Araure, Aura Fern\u00e1ndez, Gerente General.<\/p>\n<p>El presidente de Socadulce, explic\u00f3 que la idea que se tiene es ejecutar de forma mancomunada productores, centrales azucareros y Gobierno Regional, el asfaltado y reparaci\u00f3n de las alcantarillas de la v\u00eda en cuesti\u00f3n, la cual es fundamental para garantizar el \u00e9xito de la Zafra 2026-2027 que deber\u00eda iniciar dentro de 2 meses.<\/p>\n<p><strong>VIA azucar.digital.-<\/strong><\/p>\n","protected":false},"excerpt":{"rendered":"<p>Especial.- Este martes se llev&oacute; a cabo una importante reuni&oacute;n entre autoridades del Gobierno Regional, representantes de las asociaciones de productores de ca&ntilde;a de az&uacute;car que hacen vida en la zona sur del Estado y los de centrales azucareros de la zona, para coordinar la rehabilitaci&oacute;n de la carretera Guanare-Morita, que conecta el Eje Dulce &hellip;<\/p>\n","protected":false},"author":2,"featured_media":9878,"comment_status":"open","ping_status":"open","sticky":false,"template":"","format":"standard","meta":{"_jetpack_memberships_contains_paid_content":false,"footnotes":""},"categories":[130],"tags":[],"class_list":["post-9876","post","type-post","status-publish","format-standard","has-post-thumbnail","hentry","category-regionales"],"yoast_head":"<!-- This site is optimized with the Yoast SEO plugin v24.8.1 - https:\/\/yoast.com\/wordpress\/plugins\/seo\/ -->\n<title>Ca\u00f1icultores, Centrales y Gobierno Regional hacen coordinaciones para rehabilitar carretera Guanare-Morita -<\/title>\n<meta name=\"robots\" content=\"index, follow, max-snippet:-1, max-image-preview:large, max-video-preview:-1\" \/>\n<link rel=\"canonical\" href=\"https:\/\/periodicocentroccidente.com\/?p=9876\" \/>\n<meta property=\"og:locale\" content=\"es_ES\" \/>\n<meta property=\"og:type\" content=\"article\" \/>\n<meta property=\"og:title\" content=\"Ca\u00f1icultores, Centrales y Gobierno Regional hacen coordinaciones para rehabilitar carretera Guanare-Morita -\" \/>\n<meta property=\"og:description\" content=\"Especial.- Este martes se llev&oacute; a cabo una importante reuni&oacute;n entre autoridades del Gobierno Regional, representantes de las asociaciones de productores de ca&ntilde;a de az&uacute;car que hacen vida en la zona sur del Estado y los de centrales azucareros de la zona, para coordinar la rehabilitaci&oacute;n de la carretera Guanare-Morita, que conecta el Eje Dulce &hellip;\" \/>\n<meta property=\"og:url\" content=\"https:\/\/periodicocentroccidente.com\/?p=9876\" \/>\n<meta property=\"article:published_time\" content=\"2026-09-03T18:06:24+00:00\" \/>\n<meta property=\"og:image\" content=\"https:\/\/periodicocentroccidente.com\/wp-content\/uploads\/2026\/09\/IMG-20260902-WA0016-780x470-1.jpg\" \/>\n\t<meta property=\"og:image:width\" content=\"780\" \/>\n\t<meta property=\"og:image:height\" content=\"470\" \/>\n\t<meta property=\"og:image:type\" content=\"image\/jpeg\" \/>\n<meta name=\"author\" content=\"Ricardo\" \/>\n<meta name=\"twitter:card\" content=\"summary_large_image\" \/>\n<meta name=\"twitter:label1\" content=\"Escrito por\" \/>\n\t<meta name=\"twitter:data1\" content=\"Ricardo\" \/>\n\t<meta name=\"twitter:label2\" content=\"Tiempo de lectura\" \/>\n\t<meta name=\"twitter:data2\" content=\"2 minutos\" \/>\n<script type=\"application\/ld+json\" class=\"yoast-schema-graph\">{\"@context\":\"https:\/\/schema.org\",\"@graph\":[{\"@type\":\"WebPage\",\"@id\":\"https:\/\/periodicocentroccidente.com\/?p=9876\",\"url\":\"https:\/\/periodicocentroccidente.com\/?p=9876\",\"name\":\"Ca\u00f1icultores, Centrales y Gobierno Regional hacen coordinaciones para rehabilitar carretera Guanare-Morita -\",\"isPartOf\":{\"@id\":\"https:\/\/periodicocentroccidente.com\/#website\"},\"primaryImageOfPage\":{\"@id\":\"https:\/\/periodicocentroccidente.com\/?p=9876#primaryimage\"},\"image\":{\"@id\":\"https:\/\/periodicocentroccidente.com\/?p=9876#primaryimage\"},\"thumbnailUrl\":\"https:\/\/periodicocentroccidente.com\/wp-content\/uploads\/2026\/09\/IMG-20260902-WA0016-780x470-1.jpg\",\"datePublished\":\"2026-09-03T18:06:24+00:00\",\"author\":{\"@id\":\"https:\/\/periodicocentroccidente.com\/#\/schema\/person\/f4e4a651098f3db198244657b7130e7e\"},\"breadcrumb\":{\"@id\":\"https:\/\/periodicocentroccidente.com\/?p=9876#breadcrumb\"},\"inLanguage\":\"es\",\"potentialAction\":[{\"@type\":\"ReadAction\",\"target\":[\"https:\/\/periodicocentroccidente.com\/?p=9876\"]}]},{\"@type\":\"ImageObject\",\"inLanguage\":\"es\",\"@id\":\"https:\/\/periodicocentroccidente.com\/?p=9876#primaryimage\",\"url\":\"https:\/\/periodicocentroccidente.com\/wp-content\/uploads\/2026\/09\/IMG-20260902-WA0016-780x470-1.jpg\",\"contentUrl\":\"https:\/\/periodicocentroccidente.com\/wp-content\/uploads\/2026\/09\/IMG-20260902-WA0016-780x470-1.jpg\",\"width\":780,\"height\":470},{\"@type\":\"BreadcrumbList\",\"@id\":\"https:\/\/periodicocentroccidente.com\/?p=9876#breadcrumb\",\"itemListElement\":[{\"@type\":\"ListItem\",\"position\":1,\"name\":\"Portada\",\"item\":\"https:\/\/periodicocentroccidente.com\/\"},{\"@type\":\"ListItem\",\"position\":2,\"name\":\"Ca\u00f1icultores, Centrales y Gobierno Regional hacen coordinaciones para rehabilitar carretera Guanare-Morita\"}]},{\"@type\":\"WebSite\",\"@id\":\"https:\/\/periodicocentroccidente.com\/#website\",\"url\":\"https:\/\/periodicocentroccidente.com\/\",\"name\":\"\",\"description\":\"Periodismo serio y responsable\",\"potentialAction\":[{\"@type\":\"SearchAction\",\"target\":{\"@type\":\"EntryPoint\",\"urlTemplate\":\"https:\/\/periodicocentroccidente.com\/?s={search_term_string}\"},\"query-input\":{\"@type\":\"PropertyValueSpecification\",\"valueRequired\":true,\"valueName\":\"search_term_string\"}}],\"inLanguage\":\"es\"},{\"@type\":\"Person\",\"@id\":\"https:\/\/periodicocentroccidente.com\/#\/schema\/person\/f4e4a651098f3db198244657b7130e7e\",\"name\":\"Ricardo\",\"image\":{\"@type\":\"ImageObject\",\"inLanguage\":\"es\",\"@id\":\"https:\/\/periodicocentroccidente.com\/#\/schema\/person\/image\/\",\"url\":\"https:\/\/secure.gravatar.com\/avatar\/402e6137108ec0fdaa7809184382fb1dd2f8b00264c1d945d341f2b8f90db429?s=96&d=mm&r=g\",\"contentUrl\":\"https:\/\/secure.gravatar.com\/avatar\/402e6137108ec0fdaa7809184382fb1dd2f8b00264c1d945d341f2b8f90db429?s=96&d=mm&r=g\",\"caption\":\"Ricardo\"},\"url\":\"https:\/\/periodicocentroccidente.com\/?author=2\"}]}<\/script>\n<!-- \/ Yoast SEO plugin. -->","yoast_head_json":{"title":"Ca\u00f1icultores, Centrales y Gobierno Regional hacen coordinaciones para rehabilitar carretera Guanare-Morita -","robots":{"index":"index","follow":"follow","max-snippet":"max-snippet:-1","max-image-preview":"max-image-preview:large","max-video-preview":"max-video-preview:-1"},"canonical":"https:\/\/periodicocentroccidente.com\/?p=9876","og_locale":"es_ES","og_type":"article","og_title":"Ca\u00f1icultores, Centrales y Gobierno Regional hacen coordinaciones para rehabilitar carretera Guanare-Morita -","og_description":"Especial.- Este martes se llev&oacute; a cabo una importante reuni&oacute;n entre autoridades del Gobierno Regional, representantes de las asociaciones de productores de ca&ntilde;a de az&uacute;car que hacen vida en la zona sur del Estado y los de centrales azucareros de la zona, para coordinar la rehabilitaci&oacute;n de la carretera Guanare-Morita, que conecta el Eje Dulce &hellip;","og_url":"https:\/\/periodicocentroccidente.com\/?p=9876","article_published_time":"2026-09-03T18:06:24+00:00","og_image":[{"width":780,"height":470,"url":"https:\/\/periodicocentroccidente.com\/wp-content\/uploads\/2026\/09\/IMG-20260902-WA0016-780x470-1.jpg","type":"image\/jpeg"}],"author":"Ricardo","twitter_card":"summary_large_image","twitter_misc":{"Escrito por":"Ricardo","Tiempo de lectura":"2 minutos"},"schema":{"@context":"https:\/\/schema.org","@graph":[{"@type":"WebPage","@id":"https:\/\/periodicocentroccidente.com\/?p=9876","url":"https:\/\/periodicocentroccidente.com\/?p=9876","name":"Ca\u00f1icultores, Centrales y Gobierno Regional hacen coordinaciones para rehabilitar carretera Guanare-Morita -","isPartOf":{"@id":"https:\/\/periodicocentroccidente.com\/#website"},"primaryImageOfPage":{"@id":"https:\/\/periodicocentroccidente.com\/?p=9876#primaryimage"},"image":{"@id":"https:\/\/periodicocentroccidente.com\/?p=9876#primaryimage"},"thumbnailUrl":"https:\/\/periodicocentroccidente.com\/wp-content\/uploads\/2026\/09\/IMG-20260902-WA0016-780x470-1.jpg","datePublished":"2026-09-03T18:06:24+00:00","author":{"@id":"https:\/\/periodicocentroccidente.com\/#\/schema\/person\/f4e4a651098f3db198244657b7130e7e"},"breadcrumb":{"@id":"https:\/\/periodicocentroccidente.com\/?p=9876#breadcrumb"},"inLanguage":"es","potentialAction":[{"@type":"ReadAction","target":["https:\/\/periodicocentroccidente.com\/?p=9876"]}]},{"@type":"ImageObject","inLanguage":"es","@id":"https:\/\/periodicocentroccidente.com\/?p=9876#primaryimage","url":"https:\/\/periodicocentroccidente.com\/wp-content\/uploads\/2026\/09\/IMG-20260902-WA0016-780x470-1.jpg","contentUrl":"https:\/\/periodicocentroccidente.com\/wp-content\/uploads\/2026\/09\/IMG-20260902-WA0016-780x470-1.jpg","width":780,"height":470},{"@type":"BreadcrumbList","@id":"https:\/\/periodicocentroccidente.com\/?p=9876#breadcrumb","itemListElement":[{"@type":"ListItem","position":1,"name":"Portada","item":"https:\/\/periodicocentroccidente.com\/"},{"@type":"ListItem","position":2,"name":"Ca\u00f1icultores, Centrales y Gobierno Regional hacen coordinaciones para rehabilitar carretera Guanare-Morita"}]},{"@type":"WebSite","@id":"https:\/\/periodicocentroccidente.com\/#website","url":"https:\/\/periodicocentroccidente.com\/","name":"","description":"Periodismo serio y responsable","potentialAction":[{"@type":"SearchAction","target":{"@type":"EntryPoint","urlTemplate":"https:\/\/periodicocentroccidente.com\/?s={search_term_string}"},"query-input":{"@type":"PropertyValueSpecification","valueRequired":true,"valueName":"search_term_string"}}],"inLanguage":"es"},{"@type":"Person","@id":"https:\/\/periodicocentroccidente.com\/#\/schema\/person\/f4e4a651098f3db198244657b7130e7e","name":"Ricardo","image":{"@type":"ImageObject","inLanguage":"es","@id":"https:\/\/periodicocentroccidente.com\/#\/schema\/person\/image\/","url":"https:\/\/secure.gravatar.com\/avatar\/402e6137108ec0fdaa7809184382fb1dd2f8b00264c1d945d341f2b8f90db429?s=96&d=mm&r=g","contentUrl":"https:\/\/secure.gravatar.com\/avatar\/402e6137108ec0fdaa7809184382fb1dd2f8b00264c1d945d341f2b8f90db429?s=96&d=mm&r=g","caption":"Ricardo"},"url":"https:\/\/periodicocentroccidente.com\/?author=2"}]}},"jetpack_featured_media_url":"https:\/\/periodicocentroccidente.com\/wp-content\/uploads\/2026\/09\/IMG-20260902-WA0016-780x470-1.jpg","jetpack_sharing_enabled":true,"jetpack-related-posts":[],"_links":{"self":[{"href":"https:\/\/periodicocentroccidente.com\/index.php?rest_route=\/wp\/v2\/posts\/9876","targetHints":{"allow":["GET"]}}],"collection":[{"href":"https:\/\/periodicocentroccidente.com\/index.php?rest_route=\/wp\/v2\/posts"}],"about":[{"href":"https:\/\/periodicocentroccidente.com\/index.php?rest_route=\/wp\/v2\/types\/post"}],"author":[{"embeddable":true,"href":"https:\/\/periodicocentroccidente.com\/index.php?rest_route=\/wp\/v2\/users\/2"}],"replies":[{"embeddable":true,"href":"https:\/\/periodicocentroccidente.com\/index.php?rest_route=%2Fwp%2Fv2%2Fcomments&post=9876"}],"version-history":[{"count":1,"href":"https:\/\/periodicocentroccidente.com\/index.php?rest_route=\/wp\/v2\/posts\/9876\/revisions"}],"predecessor-version":[{"id":9879,"href":"https:\/\/periodicocentroccidente.com\/index.php?rest_route=\/wp\/v2\/posts\/9876\/revisions\/9879"}],"wp:featuredmedia":[{"embeddable":true,"href":"https:\/\/periodicocentroccidente.com\/index.php?rest_route=\/wp\/v2\/media\/9878"}],"wp:attachment":[{"href":"https:\/\/periodicocentroccidente.com\/index.php?rest_route=%2Fwp%2Fv2%2Fmedia&parent=9876"}],"wp:term":[{"taxonomy":"category","embeddable":true,"href":"https:\/\/periodicocentroccidente.com\/index.php?rest_route=%2Fwp%2Fv2%2Fcategories&post=9876"},{"taxonomy":"post_tag","embeddable":true,"href":"https:\/\/periodicocentroccidente.com\/index.php?rest_route=%2Fwp%2Fv2%2Ftags&post=9876"}],"curies":[{"name":"wp","href":"https:\/\/api.w.org\/{rel}","templated":true}]}}