{"id":9867,"date":"2026-09-03T17:49:43","date_gmt":"2026-09-03T17:49:43","guid":{"rendered":"https:\/\/periodicocentroccidente.com\/?p=9867"},"modified":"2026-09-03T17:49:43","modified_gmt":"2026-09-03T17:49:43","slug":"vecinos-de-durigua-denuncian-hasta-17-horas-sin-agua-tras-cortes-electricos","status":"publish","type":"post","link":"https:\/\/periodicocentroccidente.com\/?p=9867","title":{"rendered":"Vecinos de Durigua denuncian hasta 17 horas sin agua tras cortes el\u00e9ctricos"},"content":{"rendered":"<p><strong>Especial.-<\/strong><\/p>\n<p>Habitantes de distintos sectores de Durigua denunciaron fallas en el funcionamiento del pozo 16, ubicado al final de la calle 4 con primera calle del barrio El Sam\u00e1n, sector 3, situaci\u00f3n que, seg\u00fan aseguran, afecta el suministro de agua potable para unos 14.000 habitantes.<\/p>\n<p>De acuerdo con la denuncia, el pozo abastece a comunidades de Durigua II, Durigua III, Durigua Centro y parte de Durigua IV. Sin embargo, durante los cortes programados del servicio el\u00e9ctrico, que pueden extenderse por seis horas, el sistema queda fuera de funcionamiento y, seg\u00fan los vecinos, no es reactivado oportunamente una vez restablecida la electricidad.<\/p>\n<p>\u00d3scar Gal\u00edndez, vecino del sector, se\u00f1al\u00f3 que esta situaci\u00f3n puede provocar que las comunidades permanezcan hasta 17 horas sin agua.<\/p>\n<p><em><strong>\u201cEsta gente deja fuera de servicio el pozo, no lo activa, y pasamos 17 horas sin agua. Es injusto esa situaci\u00f3n\u201d, manifest\u00f3.<\/strong><\/em><\/p>\n<p>Seg\u00fan explic\u00f3, t\u00e9cnicos de Hidroportuguesa le han indicado que una de las dificultades estar\u00eda relacionada con el bajo voltaje existente en el sector.<\/p>\n<p>Ante esta situaci\u00f3n, propuso aumentar la capacidad del banco de transformadores que alimenta al pozo. Explic\u00f3 que actualmente cuenta con tres transformadores de 37,5 kVA, para una capacidad total de 112,5 kVA, y plante\u00f3 sustituirlos por tres unidades de 50 kVA, lo que elevar\u00eda la capacidad a 150 kVA.<\/p>\n<p><em><strong>\u201cSi hay un problema de voltaje, que metan un banco de transformadores de mayor capacidad y resolvemos el problema\u201d, sostuvo.<\/strong><\/em><\/p>\n<p>El vecino afirm\u00f3 que la situaci\u00f3n se mantiene desde hace varios meses y que durante todo el a\u00f1o han realizado reclamos ante los organismos correspondientes sin obtener, hasta ahora, una soluci\u00f3n definitiva.<\/p>\n<p>Asimismo, alert\u00f3 que la falta de agua afecta especialmente a ni\u00f1os, adultos mayores y personas enfermas, quienes requieren del servicio para sus actividades b\u00e1sicas y condiciones de higiene.<\/p>\n<p><em><strong>\u201cEl agua es salud, es calidad de vida, es progreso y es desarrollo. El agua es todo\u201d, expres\u00f3.<\/strong><\/em><\/p>\n<p>Los habitantes de las comunidades afectadas hicieron un llamado a los gobiernos nacional, regional y municipal, as\u00ed como a los organismos responsables del servicio, para que revisen las condiciones del pozo 16 y adopten las medidas necesarias para garantizar su funcionamiento y el suministro de agua potable a las familias de Durigua.<\/p>\n<p><strong>VIA <a href=\"https:\/\/portuguesareporta.com\/author\/mmoropr\/\">Mariangel Moro Colmen\u00e1rez<\/a> (CNP 25.482)<\/strong><\/p>\n","protected":false},"excerpt":{"rendered":"<p>Especial.- Habitantes de distintos sectores de Durigua denunciaron fallas en el funcionamiento del pozo 16, ubicado al final de la calle 4 con primera calle del barrio El Sam&aacute;n, sector 3, situaci&oacute;n que, seg&uacute;n aseguran, afecta el suministro de agua potable para unos 14.000 habitantes. De acuerdo con la denuncia, el pozo abastece a comunidades &hellip;<\/p>\n","protected":false},"author":2,"featured_media":9868,"comment_status":"open","ping_status":"open","sticky":false,"template":"","format":"standard","meta":{"_jetpack_memberships_contains_paid_content":false,"footnotes":""},"categories":[128],"tags":[],"class_list":["post-9867","post","type-post","status-publish","format-standard","has-post-thumbnail","hentry","category-noticias-del-cono-norte"],"yoast_head":"<!-- This site is optimized with the Yoast SEO plugin v24.8.1 - https:\/\/yoast.com\/wordpress\/plugins\/seo\/ -->\n<title>Vecinos de Durigua denuncian hasta 17 horas sin agua tras cortes el\u00e9ctricos -<\/title>\n<meta name=\"robots\" content=\"index, follow, max-snippet:-1, max-image-preview:large, max-video-preview:-1\" \/>\n<link rel=\"canonical\" href=\"https:\/\/periodicocentroccidente.com\/?p=9867\" \/>\n<meta property=\"og:locale\" content=\"es_ES\" \/>\n<meta property=\"og:type\" content=\"article\" \/>\n<meta property=\"og:title\" content=\"Vecinos de Durigua denuncian hasta 17 horas sin agua tras cortes el\u00e9ctricos -\" \/>\n<meta property=\"og:description\" content=\"Especial.- Habitantes de distintos sectores de Durigua denunciaron fallas en el funcionamiento del pozo 16, ubicado al final de la calle 4 con primera calle del barrio El Sam&aacute;n, sector 3, situaci&oacute;n que, seg&uacute;n aseguran, afecta el suministro de agua potable para unos 14.000 habitantes. De acuerdo con la denuncia, el pozo abastece a comunidades &hellip;\" \/>\n<meta property=\"og:url\" content=\"https:\/\/periodicocentroccidente.com\/?p=9867\" \/>\n<meta property=\"article:published_time\" content=\"2026-09-03T17:49:43+00:00\" \/>\n<meta property=\"og:image\" content=\"https:\/\/periodicocentroccidente.com\/wp-content\/uploads\/2026\/09\/IMG-20260901-WA0095.jpg\" \/>\n\t<meta property=\"og:image:width\" content=\"963\" \/>\n\t<meta property=\"og:image:height\" content=\"723\" \/>\n\t<meta property=\"og:image:type\" content=\"image\/jpeg\" \/>\n<meta name=\"author\" content=\"Ricardo\" \/>\n<meta name=\"twitter:card\" content=\"summary_large_image\" \/>\n<meta name=\"twitter:label1\" content=\"Escrito por\" \/>\n\t<meta name=\"twitter:data1\" content=\"Ricardo\" \/>\n\t<meta name=\"twitter:label2\" content=\"Tiempo de lectura\" \/>\n\t<meta name=\"twitter:data2\" content=\"2 minutos\" \/>\n<script type=\"application\/ld+json\" class=\"yoast-schema-graph\">{\"@context\":\"https:\/\/schema.org\",\"@graph\":[{\"@type\":\"WebPage\",\"@id\":\"https:\/\/periodicocentroccidente.com\/?p=9867\",\"url\":\"https:\/\/periodicocentroccidente.com\/?p=9867\",\"name\":\"Vecinos de Durigua denuncian hasta 17 horas sin agua tras cortes el\u00e9ctricos -\",\"isPartOf\":{\"@id\":\"https:\/\/periodicocentroccidente.com\/#website\"},\"primaryImageOfPage\":{\"@id\":\"https:\/\/periodicocentroccidente.com\/?p=9867#primaryimage\"},\"image\":{\"@id\":\"https:\/\/periodicocentroccidente.com\/?p=9867#primaryimage\"},\"thumbnailUrl\":\"https:\/\/periodicocentroccidente.com\/wp-content\/uploads\/2026\/09\/IMG-20260901-WA0095.jpg\",\"datePublished\":\"2026-09-03T17:49:43+00:00\",\"author\":{\"@id\":\"https:\/\/periodicocentroccidente.com\/#\/schema\/person\/f4e4a651098f3db198244657b7130e7e\"},\"breadcrumb\":{\"@id\":\"https:\/\/periodicocentroccidente.com\/?p=9867#breadcrumb\"},\"inLanguage\":\"es\",\"potentialAction\":[{\"@type\":\"ReadAction\",\"target\":[\"https:\/\/periodicocentroccidente.com\/?p=9867\"]}]},{\"@type\":\"ImageObject\",\"inLanguage\":\"es\",\"@id\":\"https:\/\/periodicocentroccidente.com\/?p=9867#primaryimage\",\"url\":\"https:\/\/periodicocentroccidente.com\/wp-content\/uploads\/2026\/09\/IMG-20260901-WA0095.jpg\",\"contentUrl\":\"https:\/\/periodicocentroccidente.com\/wp-content\/uploads\/2026\/09\/IMG-20260901-WA0095.jpg\",\"width\":963,\"height\":723},{\"@type\":\"BreadcrumbList\",\"@id\":\"https:\/\/periodicocentroccidente.com\/?p=9867#breadcrumb\",\"itemListElement\":[{\"@type\":\"ListItem\",\"position\":1,\"name\":\"Portada\",\"item\":\"https:\/\/periodicocentroccidente.com\/\"},{\"@type\":\"ListItem\",\"position\":2,\"name\":\"Vecinos de Durigua denuncian hasta 17 horas sin agua tras cortes el\u00e9ctricos\"}]},{\"@type\":\"WebSite\",\"@id\":\"https:\/\/periodicocentroccidente.com\/#website\",\"url\":\"https:\/\/periodicocentroccidente.com\/\",\"name\":\"\",\"description\":\"Periodismo serio y responsable\",\"potentialAction\":[{\"@type\":\"SearchAction\",\"target\":{\"@type\":\"EntryPoint\",\"urlTemplate\":\"https:\/\/periodicocentroccidente.com\/?s={search_term_string}\"},\"query-input\":{\"@type\":\"PropertyValueSpecification\",\"valueRequired\":true,\"valueName\":\"search_term_string\"}}],\"inLanguage\":\"es\"},{\"@type\":\"Person\",\"@id\":\"https:\/\/periodicocentroccidente.com\/#\/schema\/person\/f4e4a651098f3db198244657b7130e7e\",\"name\":\"Ricardo\",\"image\":{\"@type\":\"ImageObject\",\"inLanguage\":\"es\",\"@id\":\"https:\/\/periodicocentroccidente.com\/#\/schema\/person\/image\/\",\"url\":\"https:\/\/secure.gravatar.com\/avatar\/402e6137108ec0fdaa7809184382fb1dd2f8b00264c1d945d341f2b8f90db429?s=96&d=mm&r=g\",\"contentUrl\":\"https:\/\/secure.gravatar.com\/avatar\/402e6137108ec0fdaa7809184382fb1dd2f8b00264c1d945d341f2b8f90db429?s=96&d=mm&r=g\",\"caption\":\"Ricardo\"},\"url\":\"https:\/\/periodicocentroccidente.com\/?author=2\"}]}<\/script>\n<!-- \/ Yoast SEO plugin. -->","yoast_head_json":{"title":"Vecinos de Durigua denuncian hasta 17 horas sin agua tras cortes el\u00e9ctricos -","robots":{"index":"index","follow":"follow","max-snippet":"max-snippet:-1","max-image-preview":"max-image-preview:large","max-video-preview":"max-video-preview:-1"},"canonical":"https:\/\/periodicocentroccidente.com\/?p=9867","og_locale":"es_ES","og_type":"article","og_title":"Vecinos de Durigua denuncian hasta 17 horas sin agua tras cortes el\u00e9ctricos -","og_description":"Especial.- Habitantes de distintos sectores de Durigua denunciaron fallas en el funcionamiento del pozo 16, ubicado al final de la calle 4 con primera calle del barrio El Sam&aacute;n, sector 3, situaci&oacute;n que, seg&uacute;n aseguran, afecta el suministro de agua potable para unos 14.000 habitantes. De acuerdo con la denuncia, el pozo abastece a comunidades &hellip;","og_url":"https:\/\/periodicocentroccidente.com\/?p=9867","article_published_time":"2026-09-03T17:49:43+00:00","og_image":[{"width":963,"height":723,"url":"https:\/\/periodicocentroccidente.com\/wp-content\/uploads\/2026\/09\/IMG-20260901-WA0095.jpg","type":"image\/jpeg"}],"author":"Ricardo","twitter_card":"summary_large_image","twitter_misc":{"Escrito por":"Ricardo","Tiempo de lectura":"2 minutos"},"schema":{"@context":"https:\/\/schema.org","@graph":[{"@type":"WebPage","@id":"https:\/\/periodicocentroccidente.com\/?p=9867","url":"https:\/\/periodicocentroccidente.com\/?p=9867","name":"Vecinos de Durigua denuncian hasta 17 horas sin agua tras cortes el\u00e9ctricos -","isPartOf":{"@id":"https:\/\/periodicocentroccidente.com\/#website"},"primaryImageOfPage":{"@id":"https:\/\/periodicocentroccidente.com\/?p=9867#primaryimage"},"image":{"@id":"https:\/\/periodicocentroccidente.com\/?p=9867#primaryimage"},"thumbnailUrl":"https:\/\/periodicocentroccidente.com\/wp-content\/uploads\/2026\/09\/IMG-20260901-WA0095.jpg","datePublished":"2026-09-03T17:49:43+00:00","author":{"@id":"https:\/\/periodicocentroccidente.com\/#\/schema\/person\/f4e4a651098f3db198244657b7130e7e"},"breadcrumb":{"@id":"https:\/\/periodicocentroccidente.com\/?p=9867#breadcrumb"},"inLanguage":"es","potentialAction":[{"@type":"ReadAction","target":["https:\/\/periodicocentroccidente.com\/?p=9867"]}]},{"@type":"ImageObject","inLanguage":"es","@id":"https:\/\/periodicocentroccidente.com\/?p=9867#primaryimage","url":"https:\/\/periodicocentroccidente.com\/wp-content\/uploads\/2026\/09\/IMG-20260901-WA0095.jpg","contentUrl":"https:\/\/periodicocentroccidente.com\/wp-content\/uploads\/2026\/09\/IMG-20260901-WA0095.jpg","width":963,"height":723},{"@type":"BreadcrumbList","@id":"https:\/\/periodicocentroccidente.com\/?p=9867#breadcrumb","itemListElement":[{"@type":"ListItem","position":1,"name":"Portada","item":"https:\/\/periodicocentroccidente.com\/"},{"@type":"ListItem","position":2,"name":"Vecinos de Durigua denuncian hasta 17 horas sin agua tras cortes el\u00e9ctricos"}]},{"@type":"WebSite","@id":"https:\/\/periodicocentroccidente.com\/#website","url":"https:\/\/periodicocentroccidente.com\/","name":"","description":"Periodismo serio y responsable","potentialAction":[{"@type":"SearchAction","target":{"@type":"EntryPoint","urlTemplate":"https:\/\/periodicocentroccidente.com\/?s={search_term_string}"},"query-input":{"@type":"PropertyValueSpecification","valueRequired":true,"valueName":"search_term_string"}}],"inLanguage":"es"},{"@type":"Person","@id":"https:\/\/periodicocentroccidente.com\/#\/schema\/person\/f4e4a651098f3db198244657b7130e7e","name":"Ricardo","image":{"@type":"ImageObject","inLanguage":"es","@id":"https:\/\/periodicocentroccidente.com\/#\/schema\/person\/image\/","url":"https:\/\/secure.gravatar.com\/avatar\/402e6137108ec0fdaa7809184382fb1dd2f8b00264c1d945d341f2b8f90db429?s=96&d=mm&r=g","contentUrl":"https:\/\/secure.gravatar.com\/avatar\/402e6137108ec0fdaa7809184382fb1dd2f8b00264c1d945d341f2b8f90db429?s=96&d=mm&r=g","caption":"Ricardo"},"url":"https:\/\/periodicocentroccidente.com\/?author=2"}]}},"jetpack_featured_media_url":"https:\/\/periodicocentroccidente.com\/wp-content\/uploads\/2026\/09\/IMG-20260901-WA0095.jpg","jetpack_sharing_enabled":true,"jetpack-related-posts":[],"_links":{"self":[{"href":"https:\/\/periodicocentroccidente.com\/index.php?rest_route=\/wp\/v2\/posts\/9867","targetHints":{"allow":["GET"]}}],"collection":[{"href":"https:\/\/periodicocentroccidente.com\/index.php?rest_route=\/wp\/v2\/posts"}],"about":[{"href":"https:\/\/periodicocentroccidente.com\/index.php?rest_route=\/wp\/v2\/types\/post"}],"author":[{"embeddable":true,"href":"https:\/\/periodicocentroccidente.com\/index.php?rest_route=\/wp\/v2\/users\/2"}],"replies":[{"embeddable":true,"href":"https:\/\/periodicocentroccidente.com\/index.php?rest_route=%2Fwp%2Fv2%2Fcomments&post=9867"}],"version-history":[{"count":1,"href":"https:\/\/periodicocentroccidente.com\/index.php?rest_route=\/wp\/v2\/posts\/9867\/revisions"}],"predecessor-version":[{"id":9869,"href":"https:\/\/periodicocentroccidente.com\/index.php?rest_route=\/wp\/v2\/posts\/9867\/revisions\/9869"}],"wp:featuredmedia":[{"embeddable":true,"href":"https:\/\/periodicocentroccidente.com\/index.php?rest_route=\/wp\/v2\/media\/9868"}],"wp:attachment":[{"href":"https:\/\/periodicocentroccidente.com\/index.php?rest_route=%2Fwp%2Fv2%2Fmedia&parent=9867"}],"wp:term":[{"taxonomy":"category","embeddable":true,"href":"https:\/\/periodicocentroccidente.com\/index.php?rest_route=%2Fwp%2Fv2%2Fcategories&post=9867"},{"taxonomy":"post_tag","embeddable":true,"href":"https:\/\/periodicocentroccidente.com\/index.php?rest_route=%2Fwp%2Fv2%2Ftags&post=9867"}],"curies":[{"name":"wp","href":"https:\/\/api.w.org\/{rel}","templated":true}]}}