{"id":9864,"date":"2026-09-03T17:18:34","date_gmt":"2026-09-03T17:18:34","guid":{"rendered":"https:\/\/periodicocentroccidente.com\/?p=9864"},"modified":"2026-09-03T17:18:34","modified_gmt":"2026-09-03T17:18:34","slug":"55-ninos-y-jovenes-ciclistas-cerraron-el-tour-menor-granero-de-venezuela","status":"publish","type":"post","link":"https:\/\/periodicocentroccidente.com\/?p=9864","title":{"rendered":"55 ni\u00f1os y j\u00f3venes ciclistas cerraron el Tour Menor Granero de Venezuela"},"content":{"rendered":"<p><strong>Especial.-<\/strong><\/p>\n<p>El ciclismo menor baj\u00f3 el tel\u00f3n este domingo 30 de agosto en Araure con la disputa de la tercera y \u00faltima v\u00e1lida del Tour Menor Granero de Venezuela, una competencia que durante tres fines de semana consecutivos reuni\u00f3 a 55 ni\u00f1os y j\u00f3venes corredores de Portuguesa y otros estados del pa\u00eds.<\/p>\n<p>La jornada, desarrollada bajo un sistema acumulativo de puntos, congreg\u00f3 a atletas \u2014entre los 4 y 16 a\u00f1os\u2014 de los estados Aragua, Zulia, Yaracuy y distintos municipios de Portuguesa, quienes compitieron en las categor\u00edas Iniciaci\u00f3n A, Iniciaci\u00f3n B, Exhibici\u00f3n C, Preinfantil, Infantil y Prejuvenil.<\/p>\n<p>M\u00e1s all\u00e1 de los resultados deportivos, la competencia dej\u00f3 historias que reflejan el car\u00e1cter inclusivo y comunitario de esta disciplina.<\/p>\n<p>Una de las protagonistas fue una atleta con discapacidad auditiva, quien consigui\u00f3 subir al podio al conquistar el tercer lugar de su categor\u00eda, demostrando su capacidad y determinaci\u00f3n para competir en igualdad de condiciones.<\/p>\n<p>La falta de bicicletas tampoco impidi\u00f3 la participaci\u00f3n de los ni\u00f1os y j\u00f3venes provenientes de comunidades populares. Algunos corredores que acudieron al evento facilitaron sus propias m\u00e1quinas para que otros ni\u00f1os pudieran competir y completar el circuito.<\/p>\n<h2>Los resultados<\/h2>\n<p>En Iniciaci\u00f3n A femenina, Natalia L\u00f3pez se qued\u00f3 con el primer lugar. En masculino, Juan Pablo Alvarado conquist\u00f3 la primera posici\u00f3n, seguido por Luciano Contreras y Paulo Ojada.<\/p>\n<p>En Iniciaci\u00f3n B femenina, Miranda Salinas obtuvo el primer lugar, mientras que Dana De Armas y Kerangelis Escobar completaron el podio. En masculino, Jos\u00e9 Guerrero ocup\u00f3 el primer puesto de la clasificaci\u00f3n general.<\/p>\n<p>En Exhibici\u00f3n C femenina, April Pacheco encabez\u00f3 la clasificaci\u00f3n, seguida por Angelis Reyes y Soph\u00eda Lucena. Janetsi Silva ocup\u00f3 el cuarto lugar. En masculino, Eibert Sanabria fue primero, Orlando Alvarado segundo y Carlos Gadiel Parra tercero.<\/p>\n<p>La categor\u00eda Preinfantil femenina tuvo como ganadora a Nicole Colmenares, seguida por Mar\u00eda Carieles y Mar\u00eda Pe\u00f1aloso. En masculino, Roberto Egizio obtuvo el primer lugar, seguido por Camilo C\u00e1rdenas, Ulises Gal\u00edndez, Math\u00edas Trujillo, Wilier Fern\u00e1ndez e Issac Corniele.<\/p>\n<p>En Infantil femenina, Tahelys Karina Rodr\u00edguez consigui\u00f3 el primer lugar. En masculino, el podio general estuvo integrado por \u00c1ngel Oropeza, Jos\u00e9 C\u00e1rdenas y Harold Brit.<\/p>\n<p>Mientras tanto, en Prejuvenil femenina, los primeros lugares correspondieron a Marietta Muchatti y Mar\u00eda Barazarte. En masculino, Mois\u00e9s Peraza y Luis Yari encabezaron la clasificaci\u00f3n general.<\/p>\n<h2>Una escuela que apuesta por el ciclismo menor<\/h2>\n<p>La Escuela de Ciclismo Menor Granero de Venezuela desarrolla sus actividades en el Vel\u00f3dromo de Araure, bloque 4, donde trabaja en la formaci\u00f3n de las nuevas generaciones de este deporte.<\/p>\n<p>La organizaci\u00f3n destac\u00f3 el respaldo de entrenadores, representantes y atletas, as\u00ed como la labor de los funcionarios del Cuerpo de Polic\u00eda Nacional Bolivariana, Bomberos y Protecci\u00f3n Civil, encargados de acompa\u00f1ar y resguardar la actividad.<\/p>\n<p>Con esta tercera v\u00e1lida culmin\u00f3 un recorrido de tres fines de semana que permiti\u00f3 reunir a decenas de ni\u00f1os y j\u00f3venes ciclistas y poner nuevamente en evidencia el talento emergente de Portuguesa y de otras regiones del pa\u00eds.<\/p>\n<p><strong>VIA <a href=\"https:\/\/portuguesareporta.com\/author\/mmoropr\/\">Mariangel Moro Colmen\u00e1rez<\/a> (CNP 25.482)<\/strong><\/p>\n","protected":false},"excerpt":{"rendered":"<p>Especial.- El ciclismo menor baj&oacute; el tel&oacute;n este domingo 30 de agosto en Araure con la disputa de la tercera y &uacute;ltima v&aacute;lida del Tour Menor Granero de Venezuela, una competencia que durante tres fines de semana consecutivos reuni&oacute; a 55 ni&ntilde;os y j&oacute;venes corredores de Portuguesa y otros estados del pa&iacute;s. La jornada, desarrollada &hellip;<\/p>\n","protected":false},"author":2,"featured_media":9865,"comment_status":"open","ping_status":"open","sticky":false,"template":"","format":"standard","meta":{"_jetpack_memberships_contains_paid_content":false,"footnotes":""},"categories":[128],"tags":[],"class_list":["post-9864","post","type-post","status-publish","format-standard","has-post-thumbnail","hentry","category-noticias-del-cono-norte"],"yoast_head":"<!-- This site is optimized with the Yoast SEO plugin v24.8.1 - https:\/\/yoast.com\/wordpress\/plugins\/seo\/ -->\n<title>55 ni\u00f1os y j\u00f3venes ciclistas cerraron el Tour Menor Granero de Venezuela -<\/title>\n<meta name=\"robots\" content=\"index, follow, max-snippet:-1, max-image-preview:large, max-video-preview:-1\" \/>\n<link rel=\"canonical\" href=\"https:\/\/periodicocentroccidente.com\/?p=9864\" \/>\n<meta property=\"og:locale\" content=\"es_ES\" \/>\n<meta property=\"og:type\" content=\"article\" \/>\n<meta property=\"og:title\" content=\"55 ni\u00f1os y j\u00f3venes ciclistas cerraron el Tour Menor Granero de Venezuela -\" \/>\n<meta property=\"og:description\" content=\"Especial.- El ciclismo menor baj&oacute; el tel&oacute;n este domingo 30 de agosto en Araure con la disputa de la tercera y &uacute;ltima v&aacute;lida del Tour Menor Granero de Venezuela, una competencia que durante tres fines de semana consecutivos reuni&oacute; a 55 ni&ntilde;os y j&oacute;venes corredores de Portuguesa y otros estados del pa&iacute;s. La jornada, desarrollada &hellip;\" \/>\n<meta property=\"og:url\" content=\"https:\/\/periodicocentroccidente.com\/?p=9864\" \/>\n<meta property=\"article:published_time\" content=\"2026-09-03T17:18:34+00:00\" \/>\n<meta property=\"og:image\" content=\"https:\/\/periodicocentroccidente.com\/wp-content\/uploads\/2026\/09\/IMG-20260901-WA0093.jpg\" \/>\n\t<meta property=\"og:image:width\" content=\"960\" \/>\n\t<meta property=\"og:image:height\" content=\"839\" \/>\n\t<meta property=\"og:image:type\" content=\"image\/jpeg\" \/>\n<meta name=\"author\" content=\"Ricardo\" \/>\n<meta name=\"twitter:card\" content=\"summary_large_image\" \/>\n<meta name=\"twitter:label1\" content=\"Escrito por\" \/>\n\t<meta name=\"twitter:data1\" content=\"Ricardo\" \/>\n\t<meta name=\"twitter:label2\" content=\"Tiempo de lectura\" \/>\n\t<meta name=\"twitter:data2\" content=\"3 minutos\" \/>\n<script type=\"application\/ld+json\" class=\"yoast-schema-graph\">{\"@context\":\"https:\/\/schema.org\",\"@graph\":[{\"@type\":\"WebPage\",\"@id\":\"https:\/\/periodicocentroccidente.com\/?p=9864\",\"url\":\"https:\/\/periodicocentroccidente.com\/?p=9864\",\"name\":\"55 ni\u00f1os y j\u00f3venes ciclistas cerraron el Tour Menor Granero de Venezuela -\",\"isPartOf\":{\"@id\":\"https:\/\/periodicocentroccidente.com\/#website\"},\"primaryImageOfPage\":{\"@id\":\"https:\/\/periodicocentroccidente.com\/?p=9864#primaryimage\"},\"image\":{\"@id\":\"https:\/\/periodicocentroccidente.com\/?p=9864#primaryimage\"},\"thumbnailUrl\":\"https:\/\/periodicocentroccidente.com\/wp-content\/uploads\/2026\/09\/IMG-20260901-WA0093.jpg\",\"datePublished\":\"2026-09-03T17:18:34+00:00\",\"author\":{\"@id\":\"https:\/\/periodicocentroccidente.com\/#\/schema\/person\/f4e4a651098f3db198244657b7130e7e\"},\"breadcrumb\":{\"@id\":\"https:\/\/periodicocentroccidente.com\/?p=9864#breadcrumb\"},\"inLanguage\":\"es\",\"potentialAction\":[{\"@type\":\"ReadAction\",\"target\":[\"https:\/\/periodicocentroccidente.com\/?p=9864\"]}]},{\"@type\":\"ImageObject\",\"inLanguage\":\"es\",\"@id\":\"https:\/\/periodicocentroccidente.com\/?p=9864#primaryimage\",\"url\":\"https:\/\/periodicocentroccidente.com\/wp-content\/uploads\/2026\/09\/IMG-20260901-WA0093.jpg\",\"contentUrl\":\"https:\/\/periodicocentroccidente.com\/wp-content\/uploads\/2026\/09\/IMG-20260901-WA0093.jpg\",\"width\":960,\"height\":839},{\"@type\":\"BreadcrumbList\",\"@id\":\"https:\/\/periodicocentroccidente.com\/?p=9864#breadcrumb\",\"itemListElement\":[{\"@type\":\"ListItem\",\"position\":1,\"name\":\"Portada\",\"item\":\"https:\/\/periodicocentroccidente.com\/\"},{\"@type\":\"ListItem\",\"position\":2,\"name\":\"55 ni\u00f1os y j\u00f3venes ciclistas cerraron el Tour Menor Granero de Venezuela\"}]},{\"@type\":\"WebSite\",\"@id\":\"https:\/\/periodicocentroccidente.com\/#website\",\"url\":\"https:\/\/periodicocentroccidente.com\/\",\"name\":\"\",\"description\":\"Periodismo serio y responsable\",\"potentialAction\":[{\"@type\":\"SearchAction\",\"target\":{\"@type\":\"EntryPoint\",\"urlTemplate\":\"https:\/\/periodicocentroccidente.com\/?s={search_term_string}\"},\"query-input\":{\"@type\":\"PropertyValueSpecification\",\"valueRequired\":true,\"valueName\":\"search_term_string\"}}],\"inLanguage\":\"es\"},{\"@type\":\"Person\",\"@id\":\"https:\/\/periodicocentroccidente.com\/#\/schema\/person\/f4e4a651098f3db198244657b7130e7e\",\"name\":\"Ricardo\",\"image\":{\"@type\":\"ImageObject\",\"inLanguage\":\"es\",\"@id\":\"https:\/\/periodicocentroccidente.com\/#\/schema\/person\/image\/\",\"url\":\"https:\/\/secure.gravatar.com\/avatar\/402e6137108ec0fdaa7809184382fb1dd2f8b00264c1d945d341f2b8f90db429?s=96&d=mm&r=g\",\"contentUrl\":\"https:\/\/secure.gravatar.com\/avatar\/402e6137108ec0fdaa7809184382fb1dd2f8b00264c1d945d341f2b8f90db429?s=96&d=mm&r=g\",\"caption\":\"Ricardo\"},\"url\":\"https:\/\/periodicocentroccidente.com\/?author=2\"}]}<\/script>\n<!-- \/ Yoast SEO plugin. -->","yoast_head_json":{"title":"55 ni\u00f1os y j\u00f3venes ciclistas cerraron el Tour Menor Granero de Venezuela -","robots":{"index":"index","follow":"follow","max-snippet":"max-snippet:-1","max-image-preview":"max-image-preview:large","max-video-preview":"max-video-preview:-1"},"canonical":"https:\/\/periodicocentroccidente.com\/?p=9864","og_locale":"es_ES","og_type":"article","og_title":"55 ni\u00f1os y j\u00f3venes ciclistas cerraron el Tour Menor Granero de Venezuela -","og_description":"Especial.- El ciclismo menor baj&oacute; el tel&oacute;n este domingo 30 de agosto en Araure con la disputa de la tercera y &uacute;ltima v&aacute;lida del Tour Menor Granero de Venezuela, una competencia que durante tres fines de semana consecutivos reuni&oacute; a 55 ni&ntilde;os y j&oacute;venes corredores de Portuguesa y otros estados del pa&iacute;s. La jornada, desarrollada &hellip;","og_url":"https:\/\/periodicocentroccidente.com\/?p=9864","article_published_time":"2026-09-03T17:18:34+00:00","og_image":[{"width":960,"height":839,"url":"https:\/\/periodicocentroccidente.com\/wp-content\/uploads\/2026\/09\/IMG-20260901-WA0093.jpg","type":"image\/jpeg"}],"author":"Ricardo","twitter_card":"summary_large_image","twitter_misc":{"Escrito por":"Ricardo","Tiempo de lectura":"3 minutos"},"schema":{"@context":"https:\/\/schema.org","@graph":[{"@type":"WebPage","@id":"https:\/\/periodicocentroccidente.com\/?p=9864","url":"https:\/\/periodicocentroccidente.com\/?p=9864","name":"55 ni\u00f1os y j\u00f3venes ciclistas cerraron el Tour Menor Granero de Venezuela -","isPartOf":{"@id":"https:\/\/periodicocentroccidente.com\/#website"},"primaryImageOfPage":{"@id":"https:\/\/periodicocentroccidente.com\/?p=9864#primaryimage"},"image":{"@id":"https:\/\/periodicocentroccidente.com\/?p=9864#primaryimage"},"thumbnailUrl":"https:\/\/periodicocentroccidente.com\/wp-content\/uploads\/2026\/09\/IMG-20260901-WA0093.jpg","datePublished":"2026-09-03T17:18:34+00:00","author":{"@id":"https:\/\/periodicocentroccidente.com\/#\/schema\/person\/f4e4a651098f3db198244657b7130e7e"},"breadcrumb":{"@id":"https:\/\/periodicocentroccidente.com\/?p=9864#breadcrumb"},"inLanguage":"es","potentialAction":[{"@type":"ReadAction","target":["https:\/\/periodicocentroccidente.com\/?p=9864"]}]},{"@type":"ImageObject","inLanguage":"es","@id":"https:\/\/periodicocentroccidente.com\/?p=9864#primaryimage","url":"https:\/\/periodicocentroccidente.com\/wp-content\/uploads\/2026\/09\/IMG-20260901-WA0093.jpg","contentUrl":"https:\/\/periodicocentroccidente.com\/wp-content\/uploads\/2026\/09\/IMG-20260901-WA0093.jpg","width":960,"height":839},{"@type":"BreadcrumbList","@id":"https:\/\/periodicocentroccidente.com\/?p=9864#breadcrumb","itemListElement":[{"@type":"ListItem","position":1,"name":"Portada","item":"https:\/\/periodicocentroccidente.com\/"},{"@type":"ListItem","position":2,"name":"55 ni\u00f1os y j\u00f3venes ciclistas cerraron el Tour Menor Granero de Venezuela"}]},{"@type":"WebSite","@id":"https:\/\/periodicocentroccidente.com\/#website","url":"https:\/\/periodicocentroccidente.com\/","name":"","description":"Periodismo serio y responsable","potentialAction":[{"@type":"SearchAction","target":{"@type":"EntryPoint","urlTemplate":"https:\/\/periodicocentroccidente.com\/?s={search_term_string}"},"query-input":{"@type":"PropertyValueSpecification","valueRequired":true,"valueName":"search_term_string"}}],"inLanguage":"es"},{"@type":"Person","@id":"https:\/\/periodicocentroccidente.com\/#\/schema\/person\/f4e4a651098f3db198244657b7130e7e","name":"Ricardo","image":{"@type":"ImageObject","inLanguage":"es","@id":"https:\/\/periodicocentroccidente.com\/#\/schema\/person\/image\/","url":"https:\/\/secure.gravatar.com\/avatar\/402e6137108ec0fdaa7809184382fb1dd2f8b00264c1d945d341f2b8f90db429?s=96&d=mm&r=g","contentUrl":"https:\/\/secure.gravatar.com\/avatar\/402e6137108ec0fdaa7809184382fb1dd2f8b00264c1d945d341f2b8f90db429?s=96&d=mm&r=g","caption":"Ricardo"},"url":"https:\/\/periodicocentroccidente.com\/?author=2"}]}},"jetpack_featured_media_url":"https:\/\/periodicocentroccidente.com\/wp-content\/uploads\/2026\/09\/IMG-20260901-WA0093.jpg","jetpack_sharing_enabled":true,"jetpack-related-posts":[],"_links":{"self":[{"href":"https:\/\/periodicocentroccidente.com\/index.php?rest_route=\/wp\/v2\/posts\/9864","targetHints":{"allow":["GET"]}}],"collection":[{"href":"https:\/\/periodicocentroccidente.com\/index.php?rest_route=\/wp\/v2\/posts"}],"about":[{"href":"https:\/\/periodicocentroccidente.com\/index.php?rest_route=\/wp\/v2\/types\/post"}],"author":[{"embeddable":true,"href":"https:\/\/periodicocentroccidente.com\/index.php?rest_route=\/wp\/v2\/users\/2"}],"replies":[{"embeddable":true,"href":"https:\/\/periodicocentroccidente.com\/index.php?rest_route=%2Fwp%2Fv2%2Fcomments&post=9864"}],"version-history":[{"count":1,"href":"https:\/\/periodicocentroccidente.com\/index.php?rest_route=\/wp\/v2\/posts\/9864\/revisions"}],"predecessor-version":[{"id":9866,"href":"https:\/\/periodicocentroccidente.com\/index.php?rest_route=\/wp\/v2\/posts\/9864\/revisions\/9866"}],"wp:featuredmedia":[{"embeddable":true,"href":"https:\/\/periodicocentroccidente.com\/index.php?rest_route=\/wp\/v2\/media\/9865"}],"wp:attachment":[{"href":"https:\/\/periodicocentroccidente.com\/index.php?rest_route=%2Fwp%2Fv2%2Fmedia&parent=9864"}],"wp:term":[{"taxonomy":"category","embeddable":true,"href":"https:\/\/periodicocentroccidente.com\/index.php?rest_route=%2Fwp%2Fv2%2Fcategories&post=9864"},{"taxonomy":"post_tag","embeddable":true,"href":"https:\/\/periodicocentroccidente.com\/index.php?rest_route=%2Fwp%2Fv2%2Ftags&post=9864"}],"curies":[{"name":"wp","href":"https:\/\/api.w.org\/{rel}","templated":true}]}}