{"id":9861,"date":"2026-09-03T17:11:51","date_gmt":"2026-09-03T17:11:51","guid":{"rendered":"https:\/\/periodicocentroccidente.com\/?p=9861"},"modified":"2026-09-03T17:11:51","modified_gmt":"2026-09-03T17:11:51","slug":"gobernacion-decreta-dia-de-jubilo-no-laborable-el-8sep-por-los-374-anos-de-la-aparicion-de-la-virgen-de-coromoto","status":"publish","type":"post","link":"https:\/\/periodicocentroccidente.com\/?p=9861","title":{"rendered":"Gobernaci\u00f3n decreta d\u00eda de j\u00fabilo no laborable el #8Sep por los 374 a\u00f1os de la Aparici\u00f3n de la Virgen de Coromoto"},"content":{"rendered":"<p><strong>Especial.-<\/strong><\/p>\n<p>La Gobernaci\u00f3n del estado Portuguesa dio a conocer este mi\u00e9rcoles, 2 de septiembre, el decreto mediante el cual se establece como\u00a0<strong>d\u00eda de j\u00fabilo no laborable el pr\u00f3ximo 8 de septiembre, con motivo de los 374 a\u00f1os de la Aparici\u00f3n de Nuestra Se\u00f1ora de Coromoto en la entidad.<\/strong><\/p>\n<p>El Decreto N.\u00ba 759 establece que cada 8 de septiembre se lleva a cabo una multitudinaria peregrinaci\u00f3n en la geograf\u00eda regional. Asimismo, recuerda que este a\u00f1o se inicia el A\u00f1o Jubilar Coromotano 2026-2027, sumado a la celebraci\u00f3n, el pr\u00f3ximo 11 de septiembre, de la coronaci\u00f3n can\u00f3nica de la Virgen como Patrona de Venezuela.<\/p>\n<p>La decisi\u00f3n entrar\u00e1 en vigencia una vez publicada en Gaceta Oficial e indica que el mandatario regional, Primitivo Cede\u00f1o, velar\u00e1 por su ejecuci\u00f3n, seguimiento y cumplimiento.<\/p>\n<h2>Programaci\u00f3n oficial<\/h2>\n<p>Las actividades organizadas por la Di\u00f3cesis de Guanare comienzan el pr\u00f3ximo\u00a0<strong>lunes, 7 de septiembre. A las 5:00 p.m. se realizar\u00e1 una misa en la Vicar\u00eda \u201cNuestra Se\u00f1ora de Coromoto\u201d, en Quebrada de la Virgen, y a las 6:00 p.m. se efectuar\u00e1 la procesi\u00f3n con la reliquia desde ese punto hasta el Santuario Nacional.<\/strong><\/p>\n<p>Para el d\u00eda central, la Eucarist\u00eda de la Aurora est\u00e1 pautada para las 6:00 a.m. en la capilla del Sant\u00edsimo. Posteriormente, a las 8:00 a.m., se oficiar\u00e1 una santa misa en la Capilla del Santuario, acompa\u00f1ada del rezo del rosario en la sede central.<\/p>\n<p>A las 10:00 a.m. se llevar\u00e1 a cabo la misa solemne en honor a la Virgen de Coromoto y el inicio del A\u00f1o Jubilar Coromotano, que ser\u00e1 presidida por monse\u00f1or Polito Rodr\u00edguez, arzobispo de la Arquidi\u00f3cesis de Barquisimeto. Seguidamente, se realizar\u00e1 la bendici\u00f3n de la pila bautismal, el encendido del cirio del A\u00f1o Jubilar y la presentaci\u00f3n cultural y danc\u00edstica de Los Indios Cospes.<\/p>\n<p>Las autoridades gubernamentales anunciaron el despliegue de un dispositivo de seguridad conformado por unos 9.600 efectivos, quienes garantizar\u00e1n el resguardo y control de los visitantes en la Bas\u00edlica Menor durante la festividad.<\/p>\n<p><strong><a href=\"https:\/\/portuguesareporta.com\/author\/mmartinezpr\/\">VIA Mari\u00e1ngel Mart\u00ednez<\/a> (CNP 13.114)<\/strong><\/p>\n","protected":false},"excerpt":{"rendered":"<p>Especial.- La Gobernaci&oacute;n del estado Portuguesa dio a conocer este mi&eacute;rcoles, 2 de septiembre, el decreto mediante el cual se establece como&nbsp;d&iacute;a de j&uacute;bilo no laborable el pr&oacute;ximo 8 de septiembre, con motivo de los 374 a&ntilde;os de la Aparici&oacute;n de Nuestra Se&ntilde;ora de Coromoto en la entidad. El Decreto N.&ordm; 759 establece que cada &hellip;<\/p>\n","protected":false},"author":2,"featured_media":9862,"comment_status":"open","ping_status":"open","sticky":false,"template":"","format":"standard","meta":{"_jetpack_memberships_contains_paid_content":false,"footnotes":""},"categories":[130],"tags":[],"class_list":["post-9861","post","type-post","status-publish","format-standard","has-post-thumbnail","hentry","category-regionales"],"yoast_head":"<!-- This site is optimized with the Yoast SEO plugin v24.8.1 - https:\/\/yoast.com\/wordpress\/plugins\/seo\/ -->\n<title>Gobernaci\u00f3n decreta d\u00eda de j\u00fabilo no laborable el #8Sep por los 374 a\u00f1os de la Aparici\u00f3n de la Virgen de Coromoto -<\/title>\n<meta name=\"robots\" content=\"index, follow, max-snippet:-1, max-image-preview:large, max-video-preview:-1\" \/>\n<link rel=\"canonical\" href=\"https:\/\/periodicocentroccidente.com\/?p=9861\" \/>\n<meta property=\"og:locale\" content=\"es_ES\" \/>\n<meta property=\"og:type\" content=\"article\" \/>\n<meta property=\"og:title\" content=\"Gobernaci\u00f3n decreta d\u00eda de j\u00fabilo no laborable el #8Sep por los 374 a\u00f1os de la Aparici\u00f3n de la Virgen de Coromoto -\" \/>\n<meta property=\"og:description\" content=\"Especial.- La Gobernaci&oacute;n del estado Portuguesa dio a conocer este mi&eacute;rcoles, 2 de septiembre, el decreto mediante el cual se establece como&nbsp;d&iacute;a de j&uacute;bilo no laborable el pr&oacute;ximo 8 de septiembre, con motivo de los 374 a&ntilde;os de la Aparici&oacute;n de Nuestra Se&ntilde;ora de Coromoto en la entidad. El Decreto N.&ordm; 759 establece que cada &hellip;\" \/>\n<meta property=\"og:url\" content=\"https:\/\/periodicocentroccidente.com\/?p=9861\" \/>\n<meta property=\"article:published_time\" content=\"2026-09-03T17:11:51+00:00\" \/>\n<meta property=\"og:image\" content=\"https:\/\/periodicocentroccidente.com\/wp-content\/uploads\/2026\/09\/20250908_093954-scaled-e1788385346894-1024x624-1.jpg\" \/>\n\t<meta property=\"og:image:width\" content=\"1024\" \/>\n\t<meta property=\"og:image:height\" content=\"624\" \/>\n\t<meta property=\"og:image:type\" content=\"image\/jpeg\" \/>\n<meta name=\"author\" content=\"Ricardo\" \/>\n<meta name=\"twitter:card\" content=\"summary_large_image\" \/>\n<meta name=\"twitter:label1\" content=\"Escrito por\" \/>\n\t<meta name=\"twitter:data1\" content=\"Ricardo\" \/>\n\t<meta name=\"twitter:label2\" content=\"Tiempo de lectura\" \/>\n\t<meta name=\"twitter:data2\" content=\"2 minutos\" \/>\n<script type=\"application\/ld+json\" class=\"yoast-schema-graph\">{\"@context\":\"https:\/\/schema.org\",\"@graph\":[{\"@type\":\"WebPage\",\"@id\":\"https:\/\/periodicocentroccidente.com\/?p=9861\",\"url\":\"https:\/\/periodicocentroccidente.com\/?p=9861\",\"name\":\"Gobernaci\u00f3n decreta d\u00eda de j\u00fabilo no laborable el #8Sep por los 374 a\u00f1os de la Aparici\u00f3n de la Virgen de Coromoto -\",\"isPartOf\":{\"@id\":\"https:\/\/periodicocentroccidente.com\/#website\"},\"primaryImageOfPage\":{\"@id\":\"https:\/\/periodicocentroccidente.com\/?p=9861#primaryimage\"},\"image\":{\"@id\":\"https:\/\/periodicocentroccidente.com\/?p=9861#primaryimage\"},\"thumbnailUrl\":\"https:\/\/periodicocentroccidente.com\/wp-content\/uploads\/2026\/09\/20250908_093954-scaled-e1788385346894-1024x624-1.jpg\",\"datePublished\":\"2026-09-03T17:11:51+00:00\",\"author\":{\"@id\":\"https:\/\/periodicocentroccidente.com\/#\/schema\/person\/f4e4a651098f3db198244657b7130e7e\"},\"breadcrumb\":{\"@id\":\"https:\/\/periodicocentroccidente.com\/?p=9861#breadcrumb\"},\"inLanguage\":\"es\",\"potentialAction\":[{\"@type\":\"ReadAction\",\"target\":[\"https:\/\/periodicocentroccidente.com\/?p=9861\"]}]},{\"@type\":\"ImageObject\",\"inLanguage\":\"es\",\"@id\":\"https:\/\/periodicocentroccidente.com\/?p=9861#primaryimage\",\"url\":\"https:\/\/periodicocentroccidente.com\/wp-content\/uploads\/2026\/09\/20250908_093954-scaled-e1788385346894-1024x624-1.jpg\",\"contentUrl\":\"https:\/\/periodicocentroccidente.com\/wp-content\/uploads\/2026\/09\/20250908_093954-scaled-e1788385346894-1024x624-1.jpg\",\"width\":1024,\"height\":624},{\"@type\":\"BreadcrumbList\",\"@id\":\"https:\/\/periodicocentroccidente.com\/?p=9861#breadcrumb\",\"itemListElement\":[{\"@type\":\"ListItem\",\"position\":1,\"name\":\"Portada\",\"item\":\"https:\/\/periodicocentroccidente.com\/\"},{\"@type\":\"ListItem\",\"position\":2,\"name\":\"Gobernaci\u00f3n decreta d\u00eda de j\u00fabilo no laborable el #8Sep por los 374 a\u00f1os de la Aparici\u00f3n de la Virgen de Coromoto\"}]},{\"@type\":\"WebSite\",\"@id\":\"https:\/\/periodicocentroccidente.com\/#website\",\"url\":\"https:\/\/periodicocentroccidente.com\/\",\"name\":\"\",\"description\":\"Periodismo serio y responsable\",\"potentialAction\":[{\"@type\":\"SearchAction\",\"target\":{\"@type\":\"EntryPoint\",\"urlTemplate\":\"https:\/\/periodicocentroccidente.com\/?s={search_term_string}\"},\"query-input\":{\"@type\":\"PropertyValueSpecification\",\"valueRequired\":true,\"valueName\":\"search_term_string\"}}],\"inLanguage\":\"es\"},{\"@type\":\"Person\",\"@id\":\"https:\/\/periodicocentroccidente.com\/#\/schema\/person\/f4e4a651098f3db198244657b7130e7e\",\"name\":\"Ricardo\",\"image\":{\"@type\":\"ImageObject\",\"inLanguage\":\"es\",\"@id\":\"https:\/\/periodicocentroccidente.com\/#\/schema\/person\/image\/\",\"url\":\"https:\/\/secure.gravatar.com\/avatar\/402e6137108ec0fdaa7809184382fb1dd2f8b00264c1d945d341f2b8f90db429?s=96&d=mm&r=g\",\"contentUrl\":\"https:\/\/secure.gravatar.com\/avatar\/402e6137108ec0fdaa7809184382fb1dd2f8b00264c1d945d341f2b8f90db429?s=96&d=mm&r=g\",\"caption\":\"Ricardo\"},\"url\":\"https:\/\/periodicocentroccidente.com\/?author=2\"}]}<\/script>\n<!-- \/ Yoast SEO plugin. -->","yoast_head_json":{"title":"Gobernaci\u00f3n decreta d\u00eda de j\u00fabilo no laborable el #8Sep por los 374 a\u00f1os de la Aparici\u00f3n de la Virgen de Coromoto -","robots":{"index":"index","follow":"follow","max-snippet":"max-snippet:-1","max-image-preview":"max-image-preview:large","max-video-preview":"max-video-preview:-1"},"canonical":"https:\/\/periodicocentroccidente.com\/?p=9861","og_locale":"es_ES","og_type":"article","og_title":"Gobernaci\u00f3n decreta d\u00eda de j\u00fabilo no laborable el #8Sep por los 374 a\u00f1os de la Aparici\u00f3n de la Virgen de Coromoto -","og_description":"Especial.- La Gobernaci&oacute;n del estado Portuguesa dio a conocer este mi&eacute;rcoles, 2 de septiembre, el decreto mediante el cual se establece como&nbsp;d&iacute;a de j&uacute;bilo no laborable el pr&oacute;ximo 8 de septiembre, con motivo de los 374 a&ntilde;os de la Aparici&oacute;n de Nuestra Se&ntilde;ora de Coromoto en la entidad. El Decreto N.&ordm; 759 establece que cada &hellip;","og_url":"https:\/\/periodicocentroccidente.com\/?p=9861","article_published_time":"2026-09-03T17:11:51+00:00","og_image":[{"width":1024,"height":624,"url":"https:\/\/periodicocentroccidente.com\/wp-content\/uploads\/2026\/09\/20250908_093954-scaled-e1788385346894-1024x624-1.jpg","type":"image\/jpeg"}],"author":"Ricardo","twitter_card":"summary_large_image","twitter_misc":{"Escrito por":"Ricardo","Tiempo de lectura":"2 minutos"},"schema":{"@context":"https:\/\/schema.org","@graph":[{"@type":"WebPage","@id":"https:\/\/periodicocentroccidente.com\/?p=9861","url":"https:\/\/periodicocentroccidente.com\/?p=9861","name":"Gobernaci\u00f3n decreta d\u00eda de j\u00fabilo no laborable el #8Sep por los 374 a\u00f1os de la Aparici\u00f3n de la Virgen de Coromoto -","isPartOf":{"@id":"https:\/\/periodicocentroccidente.com\/#website"},"primaryImageOfPage":{"@id":"https:\/\/periodicocentroccidente.com\/?p=9861#primaryimage"},"image":{"@id":"https:\/\/periodicocentroccidente.com\/?p=9861#primaryimage"},"thumbnailUrl":"https:\/\/periodicocentroccidente.com\/wp-content\/uploads\/2026\/09\/20250908_093954-scaled-e1788385346894-1024x624-1.jpg","datePublished":"2026-09-03T17:11:51+00:00","author":{"@id":"https:\/\/periodicocentroccidente.com\/#\/schema\/person\/f4e4a651098f3db198244657b7130e7e"},"breadcrumb":{"@id":"https:\/\/periodicocentroccidente.com\/?p=9861#breadcrumb"},"inLanguage":"es","potentialAction":[{"@type":"ReadAction","target":["https:\/\/periodicocentroccidente.com\/?p=9861"]}]},{"@type":"ImageObject","inLanguage":"es","@id":"https:\/\/periodicocentroccidente.com\/?p=9861#primaryimage","url":"https:\/\/periodicocentroccidente.com\/wp-content\/uploads\/2026\/09\/20250908_093954-scaled-e1788385346894-1024x624-1.jpg","contentUrl":"https:\/\/periodicocentroccidente.com\/wp-content\/uploads\/2026\/09\/20250908_093954-scaled-e1788385346894-1024x624-1.jpg","width":1024,"height":624},{"@type":"BreadcrumbList","@id":"https:\/\/periodicocentroccidente.com\/?p=9861#breadcrumb","itemListElement":[{"@type":"ListItem","position":1,"name":"Portada","item":"https:\/\/periodicocentroccidente.com\/"},{"@type":"ListItem","position":2,"name":"Gobernaci\u00f3n decreta d\u00eda de j\u00fabilo no laborable el #8Sep por los 374 a\u00f1os de la Aparici\u00f3n de la Virgen de Coromoto"}]},{"@type":"WebSite","@id":"https:\/\/periodicocentroccidente.com\/#website","url":"https:\/\/periodicocentroccidente.com\/","name":"","description":"Periodismo serio y responsable","potentialAction":[{"@type":"SearchAction","target":{"@type":"EntryPoint","urlTemplate":"https:\/\/periodicocentroccidente.com\/?s={search_term_string}"},"query-input":{"@type":"PropertyValueSpecification","valueRequired":true,"valueName":"search_term_string"}}],"inLanguage":"es"},{"@type":"Person","@id":"https:\/\/periodicocentroccidente.com\/#\/schema\/person\/f4e4a651098f3db198244657b7130e7e","name":"Ricardo","image":{"@type":"ImageObject","inLanguage":"es","@id":"https:\/\/periodicocentroccidente.com\/#\/schema\/person\/image\/","url":"https:\/\/secure.gravatar.com\/avatar\/402e6137108ec0fdaa7809184382fb1dd2f8b00264c1d945d341f2b8f90db429?s=96&d=mm&r=g","contentUrl":"https:\/\/secure.gravatar.com\/avatar\/402e6137108ec0fdaa7809184382fb1dd2f8b00264c1d945d341f2b8f90db429?s=96&d=mm&r=g","caption":"Ricardo"},"url":"https:\/\/periodicocentroccidente.com\/?author=2"}]}},"jetpack_featured_media_url":"https:\/\/periodicocentroccidente.com\/wp-content\/uploads\/2026\/09\/20250908_093954-scaled-e1788385346894-1024x624-1.jpg","jetpack_sharing_enabled":true,"jetpack-related-posts":[],"_links":{"self":[{"href":"https:\/\/periodicocentroccidente.com\/index.php?rest_route=\/wp\/v2\/posts\/9861","targetHints":{"allow":["GET"]}}],"collection":[{"href":"https:\/\/periodicocentroccidente.com\/index.php?rest_route=\/wp\/v2\/posts"}],"about":[{"href":"https:\/\/periodicocentroccidente.com\/index.php?rest_route=\/wp\/v2\/types\/post"}],"author":[{"embeddable":true,"href":"https:\/\/periodicocentroccidente.com\/index.php?rest_route=\/wp\/v2\/users\/2"}],"replies":[{"embeddable":true,"href":"https:\/\/periodicocentroccidente.com\/index.php?rest_route=%2Fwp%2Fv2%2Fcomments&post=9861"}],"version-history":[{"count":1,"href":"https:\/\/periodicocentroccidente.com\/index.php?rest_route=\/wp\/v2\/posts\/9861\/revisions"}],"predecessor-version":[{"id":9863,"href":"https:\/\/periodicocentroccidente.com\/index.php?rest_route=\/wp\/v2\/posts\/9861\/revisions\/9863"}],"wp:featuredmedia":[{"embeddable":true,"href":"https:\/\/periodicocentroccidente.com\/index.php?rest_route=\/wp\/v2\/media\/9862"}],"wp:attachment":[{"href":"https:\/\/periodicocentroccidente.com\/index.php?rest_route=%2Fwp%2Fv2%2Fmedia&parent=9861"}],"wp:term":[{"taxonomy":"category","embeddable":true,"href":"https:\/\/periodicocentroccidente.com\/index.php?rest_route=%2Fwp%2Fv2%2Fcategories&post=9861"},{"taxonomy":"post_tag","embeddable":true,"href":"https:\/\/periodicocentroccidente.com\/index.php?rest_route=%2Fwp%2Fv2%2Ftags&post=9861"}],"curies":[{"name":"wp","href":"https:\/\/api.w.org\/{rel}","templated":true}]}}