{"id":9858,"date":"2026-09-03T17:03:03","date_gmt":"2026-09-03T17:03:03","guid":{"rendered":"https:\/\/periodicocentroccidente.com\/?p=9858"},"modified":"2026-09-03T17:03:03","modified_gmt":"2026-09-03T17:03:03","slug":"cciaa-se-reune-con-alta-gerencia-de-corpoelec-y-alcaldia-de-paez","status":"publish","type":"post","link":"https:\/\/periodicocentroccidente.com\/?p=9858","title":{"rendered":"CCIAA se re\u00fane con alta gerencia de Corpoelec y Alcald\u00eda de P\u00e1ez"},"content":{"rendered":"<p><strong>Especial. \u2013<\/strong><\/p>\n<p>\u200bCon el prop\u00f3sito de exponer la situaci\u00f3n que atraviesan los sectores productivos locales respecto al servicio el\u00e9ctrico, la C\u00e1mara de Comercio e Industria de Acarigua-Araure (CCIAA) sostuvo este martes 1\u00b0 de septiembre una reuni\u00f3n de trabajo con la alta gerencia de Corpoelec en Portuguesa y autoridades del municipio P\u00e1ez.<\/p>\n<p>\u200bDurante el encuentro, encabezado por Yencis Romero (director de Hacienda de P\u00e1ez, en representaci\u00f3n del alcalde Jos\u00e9 \u00c1ngel L\u00f3pez), Danny Brice\u00f1o (director regional de Corpoelec) y Wilfredo Soares (presidente de la CCIAA), la representaci\u00f3n gremial detall\u00f3 las principales afectaciones a la productividad diaria, enfatizando la necesidad de revisar aspectos de la Planificaci\u00f3n de Administraci\u00f3n de Cargas (PAC) durante las horas m\u00e1s \u00e1lgidas de la jornada laboral, para as\u00ed procurar que las interrupciones -que son derivadas de un problema b\u00e1sicamente nacional- no afecten a comerciantes e industriales en los momentos de mayor volumen de ventas y producci\u00f3n.<\/p>\n<p>\u200bAsimismo, los voceros de la CCIAA alertaron sobre las variaciones de voltajes en centros comerciales, situaci\u00f3n que est\u00e1 generando da\u00f1os en equipos tecnol\u00f3gicos y limitando el normal desenvolvimiento de las actividades comerciales.<\/p>\n<p>\u200bEste acercamiento se concret\u00f3 por las gestiones del alcalde de P\u00e1ez, Jos\u00e9 Angel L\u00f3pez, y tras una carta p\u00fablica enviada por la C\u00e1mara de Comerco a la alta gerencia regional de Corpoelec, solicitando la atenci\u00f3n prioritaria a las dificultades del sector.<\/p>\n<p>\u200bLos l\u00edderes gremiales reconocieron adem\u00e1s el esfuerzo log\u00edstico conjunto entre la Alcald\u00eda de P\u00e1ez y Corpoelec para solventar recientes aver\u00edas, entre ellas una en la avenida Alianza, la cual afectaba a m\u00e1s de 400 comerciantes del sector.<\/p>\n<p>\u200bEn el marco del compromiso institucional, la CCIAA puso a disposici\u00f3n sus medios digitales para difundir campa\u00f1as de uso racional de la energ\u00eda el\u00e9ctrica, adem\u00e1s de sus espacios formativos para capacitaciones t\u00e9cnicas y difusi\u00f3n de informaci\u00f3n de inter\u00e9s para comerciantes e industriales, afiliados y no afiliados a la CCIAA.<\/p>\n<p>\u200bAl t\u00e9rmino de la jornada, ambas partes acordaron celebrar una segunda reuni\u00f3n de trabajo, la pr\u00f3xima semana en la sede de la C\u00e1mara de Comercio, para dar seguimiento a los acuerdos alcanzados en este primer encuentro.<\/p>\n<div class=\"entry-content\">\n<p><strong>\u200b\/Prensa CCIAA<\/strong><\/p>\n<\/div>\n","protected":false},"excerpt":{"rendered":"<p>Especial. &ndash; &#8203;Con el prop&oacute;sito de exponer la situaci&oacute;n que atraviesan los sectores productivos locales respecto al servicio el&eacute;ctrico, la C&aacute;mara de Comercio e Industria de Acarigua-Araure (CCIAA) sostuvo este martes 1&deg; de septiembre una reuni&oacute;n de trabajo con la alta gerencia de Corpoelec en Portuguesa y autoridades del municipio P&aacute;ez. &#8203;Durante el encuentro, encabezado &hellip;<\/p>\n","protected":false},"author":2,"featured_media":9859,"comment_status":"open","ping_status":"open","sticky":false,"template":"","format":"standard","meta":{"_jetpack_memberships_contains_paid_content":false,"footnotes":""},"categories":[128],"tags":[],"class_list":["post-9858","post","type-post","status-publish","format-standard","has-post-thumbnail","hentry","category-noticias-del-cono-norte"],"yoast_head":"<!-- This site is optimized with the Yoast SEO plugin v24.8.1 - https:\/\/yoast.com\/wordpress\/plugins\/seo\/ -->\n<title>CCIAA se re\u00fane con alta gerencia de Corpoelec y Alcald\u00eda de P\u00e1ez -<\/title>\n<meta name=\"robots\" content=\"index, follow, max-snippet:-1, max-image-preview:large, max-video-preview:-1\" \/>\n<link rel=\"canonical\" href=\"https:\/\/periodicocentroccidente.com\/?p=9858\" \/>\n<meta property=\"og:locale\" content=\"es_ES\" \/>\n<meta property=\"og:type\" content=\"article\" \/>\n<meta property=\"og:title\" content=\"CCIAA se re\u00fane con alta gerencia de Corpoelec y Alcald\u00eda de P\u00e1ez -\" \/>\n<meta property=\"og:description\" content=\"Especial. &ndash; &#8203;Con el prop&oacute;sito de exponer la situaci&oacute;n que atraviesan los sectores productivos locales respecto al servicio el&eacute;ctrico, la C&aacute;mara de Comercio e Industria de Acarigua-Araure (CCIAA) sostuvo este martes 1&deg; de septiembre una reuni&oacute;n de trabajo con la alta gerencia de Corpoelec en Portuguesa y autoridades del municipio P&aacute;ez. &#8203;Durante el encuentro, encabezado &hellip;\" \/>\n<meta property=\"og:url\" content=\"https:\/\/periodicocentroccidente.com\/?p=9858\" \/>\n<meta property=\"article:published_time\" content=\"2026-09-03T17:03:03+00:00\" \/>\n<meta property=\"og:image\" content=\"https:\/\/periodicocentroccidente.com\/wp-content\/uploads\/2026\/09\/208899.jpg\" \/>\n\t<meta property=\"og:image:width\" content=\"1080\" \/>\n\t<meta property=\"og:image:height\" content=\"795\" \/>\n\t<meta property=\"og:image:type\" content=\"image\/jpeg\" \/>\n<meta name=\"author\" content=\"Ricardo\" \/>\n<meta name=\"twitter:card\" content=\"summary_large_image\" \/>\n<meta name=\"twitter:label1\" content=\"Escrito por\" \/>\n\t<meta name=\"twitter:data1\" content=\"Ricardo\" \/>\n\t<meta name=\"twitter:label2\" content=\"Tiempo de lectura\" \/>\n\t<meta name=\"twitter:data2\" content=\"2 minutos\" \/>\n<script type=\"application\/ld+json\" class=\"yoast-schema-graph\">{\"@context\":\"https:\/\/schema.org\",\"@graph\":[{\"@type\":\"WebPage\",\"@id\":\"https:\/\/periodicocentroccidente.com\/?p=9858\",\"url\":\"https:\/\/periodicocentroccidente.com\/?p=9858\",\"name\":\"CCIAA se re\u00fane con alta gerencia de Corpoelec y Alcald\u00eda de P\u00e1ez -\",\"isPartOf\":{\"@id\":\"https:\/\/periodicocentroccidente.com\/#website\"},\"primaryImageOfPage\":{\"@id\":\"https:\/\/periodicocentroccidente.com\/?p=9858#primaryimage\"},\"image\":{\"@id\":\"https:\/\/periodicocentroccidente.com\/?p=9858#primaryimage\"},\"thumbnailUrl\":\"https:\/\/periodicocentroccidente.com\/wp-content\/uploads\/2026\/09\/208899.jpg\",\"datePublished\":\"2026-09-03T17:03:03+00:00\",\"author\":{\"@id\":\"https:\/\/periodicocentroccidente.com\/#\/schema\/person\/f4e4a651098f3db198244657b7130e7e\"},\"breadcrumb\":{\"@id\":\"https:\/\/periodicocentroccidente.com\/?p=9858#breadcrumb\"},\"inLanguage\":\"es\",\"potentialAction\":[{\"@type\":\"ReadAction\",\"target\":[\"https:\/\/periodicocentroccidente.com\/?p=9858\"]}]},{\"@type\":\"ImageObject\",\"inLanguage\":\"es\",\"@id\":\"https:\/\/periodicocentroccidente.com\/?p=9858#primaryimage\",\"url\":\"https:\/\/periodicocentroccidente.com\/wp-content\/uploads\/2026\/09\/208899.jpg\",\"contentUrl\":\"https:\/\/periodicocentroccidente.com\/wp-content\/uploads\/2026\/09\/208899.jpg\",\"width\":1080,\"height\":795},{\"@type\":\"BreadcrumbList\",\"@id\":\"https:\/\/periodicocentroccidente.com\/?p=9858#breadcrumb\",\"itemListElement\":[{\"@type\":\"ListItem\",\"position\":1,\"name\":\"Portada\",\"item\":\"https:\/\/periodicocentroccidente.com\/\"},{\"@type\":\"ListItem\",\"position\":2,\"name\":\"CCIAA se re\u00fane con alta gerencia de Corpoelec y Alcald\u00eda de P\u00e1ez\"}]},{\"@type\":\"WebSite\",\"@id\":\"https:\/\/periodicocentroccidente.com\/#website\",\"url\":\"https:\/\/periodicocentroccidente.com\/\",\"name\":\"\",\"description\":\"Periodismo serio y responsable\",\"potentialAction\":[{\"@type\":\"SearchAction\",\"target\":{\"@type\":\"EntryPoint\",\"urlTemplate\":\"https:\/\/periodicocentroccidente.com\/?s={search_term_string}\"},\"query-input\":{\"@type\":\"PropertyValueSpecification\",\"valueRequired\":true,\"valueName\":\"search_term_string\"}}],\"inLanguage\":\"es\"},{\"@type\":\"Person\",\"@id\":\"https:\/\/periodicocentroccidente.com\/#\/schema\/person\/f4e4a651098f3db198244657b7130e7e\",\"name\":\"Ricardo\",\"image\":{\"@type\":\"ImageObject\",\"inLanguage\":\"es\",\"@id\":\"https:\/\/periodicocentroccidente.com\/#\/schema\/person\/image\/\",\"url\":\"https:\/\/secure.gravatar.com\/avatar\/402e6137108ec0fdaa7809184382fb1dd2f8b00264c1d945d341f2b8f90db429?s=96&d=mm&r=g\",\"contentUrl\":\"https:\/\/secure.gravatar.com\/avatar\/402e6137108ec0fdaa7809184382fb1dd2f8b00264c1d945d341f2b8f90db429?s=96&d=mm&r=g\",\"caption\":\"Ricardo\"},\"url\":\"https:\/\/periodicocentroccidente.com\/?author=2\"}]}<\/script>\n<!-- \/ Yoast SEO plugin. -->","yoast_head_json":{"title":"CCIAA se re\u00fane con alta gerencia de Corpoelec y Alcald\u00eda de P\u00e1ez -","robots":{"index":"index","follow":"follow","max-snippet":"max-snippet:-1","max-image-preview":"max-image-preview:large","max-video-preview":"max-video-preview:-1"},"canonical":"https:\/\/periodicocentroccidente.com\/?p=9858","og_locale":"es_ES","og_type":"article","og_title":"CCIAA se re\u00fane con alta gerencia de Corpoelec y Alcald\u00eda de P\u00e1ez -","og_description":"Especial. &ndash; &#8203;Con el prop&oacute;sito de exponer la situaci&oacute;n que atraviesan los sectores productivos locales respecto al servicio el&eacute;ctrico, la C&aacute;mara de Comercio e Industria de Acarigua-Araure (CCIAA) sostuvo este martes 1&deg; de septiembre una reuni&oacute;n de trabajo con la alta gerencia de Corpoelec en Portuguesa y autoridades del municipio P&aacute;ez. &#8203;Durante el encuentro, encabezado &hellip;","og_url":"https:\/\/periodicocentroccidente.com\/?p=9858","article_published_time":"2026-09-03T17:03:03+00:00","og_image":[{"width":1080,"height":795,"url":"https:\/\/periodicocentroccidente.com\/wp-content\/uploads\/2026\/09\/208899.jpg","type":"image\/jpeg"}],"author":"Ricardo","twitter_card":"summary_large_image","twitter_misc":{"Escrito por":"Ricardo","Tiempo de lectura":"2 minutos"},"schema":{"@context":"https:\/\/schema.org","@graph":[{"@type":"WebPage","@id":"https:\/\/periodicocentroccidente.com\/?p=9858","url":"https:\/\/periodicocentroccidente.com\/?p=9858","name":"CCIAA se re\u00fane con alta gerencia de Corpoelec y Alcald\u00eda de P\u00e1ez -","isPartOf":{"@id":"https:\/\/periodicocentroccidente.com\/#website"},"primaryImageOfPage":{"@id":"https:\/\/periodicocentroccidente.com\/?p=9858#primaryimage"},"image":{"@id":"https:\/\/periodicocentroccidente.com\/?p=9858#primaryimage"},"thumbnailUrl":"https:\/\/periodicocentroccidente.com\/wp-content\/uploads\/2026\/09\/208899.jpg","datePublished":"2026-09-03T17:03:03+00:00","author":{"@id":"https:\/\/periodicocentroccidente.com\/#\/schema\/person\/f4e4a651098f3db198244657b7130e7e"},"breadcrumb":{"@id":"https:\/\/periodicocentroccidente.com\/?p=9858#breadcrumb"},"inLanguage":"es","potentialAction":[{"@type":"ReadAction","target":["https:\/\/periodicocentroccidente.com\/?p=9858"]}]},{"@type":"ImageObject","inLanguage":"es","@id":"https:\/\/periodicocentroccidente.com\/?p=9858#primaryimage","url":"https:\/\/periodicocentroccidente.com\/wp-content\/uploads\/2026\/09\/208899.jpg","contentUrl":"https:\/\/periodicocentroccidente.com\/wp-content\/uploads\/2026\/09\/208899.jpg","width":1080,"height":795},{"@type":"BreadcrumbList","@id":"https:\/\/periodicocentroccidente.com\/?p=9858#breadcrumb","itemListElement":[{"@type":"ListItem","position":1,"name":"Portada","item":"https:\/\/periodicocentroccidente.com\/"},{"@type":"ListItem","position":2,"name":"CCIAA se re\u00fane con alta gerencia de Corpoelec y Alcald\u00eda de P\u00e1ez"}]},{"@type":"WebSite","@id":"https:\/\/periodicocentroccidente.com\/#website","url":"https:\/\/periodicocentroccidente.com\/","name":"","description":"Periodismo serio y responsable","potentialAction":[{"@type":"SearchAction","target":{"@type":"EntryPoint","urlTemplate":"https:\/\/periodicocentroccidente.com\/?s={search_term_string}"},"query-input":{"@type":"PropertyValueSpecification","valueRequired":true,"valueName":"search_term_string"}}],"inLanguage":"es"},{"@type":"Person","@id":"https:\/\/periodicocentroccidente.com\/#\/schema\/person\/f4e4a651098f3db198244657b7130e7e","name":"Ricardo","image":{"@type":"ImageObject","inLanguage":"es","@id":"https:\/\/periodicocentroccidente.com\/#\/schema\/person\/image\/","url":"https:\/\/secure.gravatar.com\/avatar\/402e6137108ec0fdaa7809184382fb1dd2f8b00264c1d945d341f2b8f90db429?s=96&d=mm&r=g","contentUrl":"https:\/\/secure.gravatar.com\/avatar\/402e6137108ec0fdaa7809184382fb1dd2f8b00264c1d945d341f2b8f90db429?s=96&d=mm&r=g","caption":"Ricardo"},"url":"https:\/\/periodicocentroccidente.com\/?author=2"}]}},"jetpack_featured_media_url":"https:\/\/periodicocentroccidente.com\/wp-content\/uploads\/2026\/09\/208899.jpg","jetpack_sharing_enabled":true,"jetpack-related-posts":[],"_links":{"self":[{"href":"https:\/\/periodicocentroccidente.com\/index.php?rest_route=\/wp\/v2\/posts\/9858","targetHints":{"allow":["GET"]}}],"collection":[{"href":"https:\/\/periodicocentroccidente.com\/index.php?rest_route=\/wp\/v2\/posts"}],"about":[{"href":"https:\/\/periodicocentroccidente.com\/index.php?rest_route=\/wp\/v2\/types\/post"}],"author":[{"embeddable":true,"href":"https:\/\/periodicocentroccidente.com\/index.php?rest_route=\/wp\/v2\/users\/2"}],"replies":[{"embeddable":true,"href":"https:\/\/periodicocentroccidente.com\/index.php?rest_route=%2Fwp%2Fv2%2Fcomments&post=9858"}],"version-history":[{"count":1,"href":"https:\/\/periodicocentroccidente.com\/index.php?rest_route=\/wp\/v2\/posts\/9858\/revisions"}],"predecessor-version":[{"id":9860,"href":"https:\/\/periodicocentroccidente.com\/index.php?rest_route=\/wp\/v2\/posts\/9858\/revisions\/9860"}],"wp:featuredmedia":[{"embeddable":true,"href":"https:\/\/periodicocentroccidente.com\/index.php?rest_route=\/wp\/v2\/media\/9859"}],"wp:attachment":[{"href":"https:\/\/periodicocentroccidente.com\/index.php?rest_route=%2Fwp%2Fv2%2Fmedia&parent=9858"}],"wp:term":[{"taxonomy":"category","embeddable":true,"href":"https:\/\/periodicocentroccidente.com\/index.php?rest_route=%2Fwp%2Fv2%2Fcategories&post=9858"},{"taxonomy":"post_tag","embeddable":true,"href":"https:\/\/periodicocentroccidente.com\/index.php?rest_route=%2Fwp%2Fv2%2Ftags&post=9858"}],"curies":[{"name":"wp","href":"https:\/\/api.w.org\/{rel}","templated":true}]}}