{"id":9852,"date":"2026-09-03T16:55:27","date_gmt":"2026-09-03T16:55:27","guid":{"rendered":"https:\/\/periodicocentroccidente.com\/?p=9852"},"modified":"2026-09-03T16:55:27","modified_gmt":"2026-09-03T16:55:27","slug":"productores-de-arroz-reiteran-su-reclamo-de-precios-acordados","status":"publish","type":"post","link":"https:\/\/periodicocentroccidente.com\/?p=9852","title":{"rendered":"Productores de Arroz reiteran su reclamo de precios acordados"},"content":{"rendered":"<p><strong>Especial.-<\/strong><\/p>\n<p class=\"wp-block-paragraph\">Agricultores del\u00a0<strong>sector arrocero protagonizaron una protesta pac\u00edfica en el municipio Araure, estado Portuguesa<\/strong>, para ratificar sus reclamos ante las intenciones de la agroindustria de fijar un pago por debajo de los costos de producci\u00f3n aprobados para la presente cosecha.<\/p>\n<p class=\"wp-block-paragraph\"><strong>El vocero del gremio, Edgar Miranda, se\u00f1al\u00f3 que el Ministerio para la Agricultura Productiva y Tierras cuenta con cuatro estructuras de costos en sus manos, cuyo promedio nacional arroja una inversi\u00f3n de 2.600 d\u00f3lares por hect\u00e1rea.<\/strong><\/p>\n<p class=\"wp-block-paragraph\">Bajo este c\u00e1lculo, el punto de equilibrio para cubrir costos es de\u00a0<strong>0,49 d\u00f3lares por kilogramo de arroz paddy h\u00famedo (lo que exige un rendimiento de 7.500 kilos por hect\u00e1rea), sumando el 30 % de margen de ganancia que establece la ley para alcanzar una cifra justa de 0,64 d\u00f3lares por kilo.<\/strong><\/p>\n<p class=\"wp-block-paragraph\">Miranda denunci\u00f3 que las procesadoras pretenden pagar el rubro a\u00a0<strong>0,29 USDT o 0,34 d\u00f3lares a tasa oficial,<\/strong>\u00a0justificando dicha tarifa en los valores de la materia prima tra\u00edda del exterior. Ante este escenario, critic\u00f3 la exoneraci\u00f3n de IVA y aranceles a casi\u00a0<strong>360.000 toneladas de arroz importado,<\/strong>\u00a0medida que atenta contra la protecci\u00f3n de la producci\u00f3n interna y que priv\u00f3 al fisco nacional de ingresos calculados en\u00a0<strong>32,3 millones de d\u00f3lares.<\/strong><\/p>\n<p class=\"wp-block-paragraph\"><strong>Frente a esta situaci\u00f3n, los manifestantes exigieron al Gobierno pechar con impuestos las importaciones de arroz para evitar la competencia desleal, al tiempo que propusieron exonerar de tributos los agroinsumos, repuestos y lubricantes importados que representan cerca del 70 % de los costos del campo.<\/strong><\/p>\n<p class=\"wp-block-paragraph\">De igual forma, solicitaron ajustar los precios de la urea producida por Pequiven para que sea competitiva frente al mercado internacional, y garantizar un suministro eficiente y subsidiado de combustible sin trabas burocr\u00e1ticas.<\/p>\n<p class=\"wp-block-paragraph\">Finalmente, el sector arrocero reiter\u00f3 la urgencia de que el Ministerio de Agricultura promulgue un instrumento jur\u00eddico que homologue estos acuerdos y obligue a la industria a cumplir un pago equitativo en la cosecha actual y en el pr\u00f3ximo ciclo Norte-Verano, asegurando que el pa\u00eds cuenta con las condiciones agroclim\u00e1ticas necesarias para lograr la soberan\u00eda alimentaria.<\/p>\n<p class=\"wp-block-paragraph\"><strong>(Minuta Agropecuaria)<\/strong><\/p>\n","protected":false},"excerpt":{"rendered":"<p>Especial.- Agricultores del&nbsp;sector arrocero protagonizaron una protesta pac&iacute;fica en el municipio Araure, estado Portuguesa, para ratificar sus reclamos ante las intenciones de la agroindustria de fijar un pago por debajo de los costos de producci&oacute;n aprobados para la presente cosecha. El vocero del gremio, Edgar Miranda, se&ntilde;al&oacute; que el Ministerio para la Agricultura Productiva y &hellip;<\/p>\n","protected":false},"author":2,"featured_media":9853,"comment_status":"open","ping_status":"open","sticky":false,"template":"","format":"standard","meta":{"_jetpack_memberships_contains_paid_content":false,"footnotes":""},"categories":[127],"tags":[],"class_list":["post-9852","post","type-post","status-publish","format-standard","has-post-thumbnail","hentry","category-noticias-recientes"],"yoast_head":"<!-- This site is optimized with the Yoast SEO plugin v24.8.1 - https:\/\/yoast.com\/wordpress\/plugins\/seo\/ -->\n<title>Productores de Arroz reiteran su reclamo de precios acordados -<\/title>\n<meta name=\"robots\" content=\"index, follow, max-snippet:-1, max-image-preview:large, max-video-preview:-1\" \/>\n<link rel=\"canonical\" href=\"https:\/\/periodicocentroccidente.com\/?p=9852\" \/>\n<meta property=\"og:locale\" content=\"es_ES\" \/>\n<meta property=\"og:type\" content=\"article\" \/>\n<meta property=\"og:title\" content=\"Productores de Arroz reiteran su reclamo de precios acordados -\" \/>\n<meta property=\"og:description\" content=\"Especial.- Agricultores del&nbsp;sector arrocero protagonizaron una protesta pac&iacute;fica en el municipio Araure, estado Portuguesa, para ratificar sus reclamos ante las intenciones de la agroindustria de fijar un pago por debajo de los costos de producci&oacute;n aprobados para la presente cosecha. El vocero del gremio, Edgar Miranda, se&ntilde;al&oacute; que el Ministerio para la Agricultura Productiva y &hellip;\" \/>\n<meta property=\"og:url\" content=\"https:\/\/periodicocentroccidente.com\/?p=9852\" \/>\n<meta property=\"article:published_time\" content=\"2026-09-03T16:55:27+00:00\" \/>\n<meta property=\"og:image\" content=\"https:\/\/periodicocentroccidente.com\/wp-content\/uploads\/2026\/09\/1-1.jpg\" \/>\n\t<meta property=\"og:image:width\" content=\"1020\" \/>\n\t<meta property=\"og:image:height\" content=\"768\" \/>\n\t<meta property=\"og:image:type\" content=\"image\/jpeg\" \/>\n<meta name=\"author\" content=\"Ricardo\" \/>\n<meta name=\"twitter:card\" content=\"summary_large_image\" \/>\n<meta name=\"twitter:label1\" content=\"Escrito por\" \/>\n\t<meta name=\"twitter:data1\" content=\"Ricardo\" \/>\n\t<meta name=\"twitter:label2\" content=\"Tiempo de lectura\" \/>\n\t<meta name=\"twitter:data2\" content=\"2 minutos\" \/>\n<script type=\"application\/ld+json\" class=\"yoast-schema-graph\">{\"@context\":\"https:\/\/schema.org\",\"@graph\":[{\"@type\":\"WebPage\",\"@id\":\"https:\/\/periodicocentroccidente.com\/?p=9852\",\"url\":\"https:\/\/periodicocentroccidente.com\/?p=9852\",\"name\":\"Productores de Arroz reiteran su reclamo de precios acordados -\",\"isPartOf\":{\"@id\":\"https:\/\/periodicocentroccidente.com\/#website\"},\"primaryImageOfPage\":{\"@id\":\"https:\/\/periodicocentroccidente.com\/?p=9852#primaryimage\"},\"image\":{\"@id\":\"https:\/\/periodicocentroccidente.com\/?p=9852#primaryimage\"},\"thumbnailUrl\":\"https:\/\/periodicocentroccidente.com\/wp-content\/uploads\/2026\/09\/1-1.jpg\",\"datePublished\":\"2026-09-03T16:55:27+00:00\",\"author\":{\"@id\":\"https:\/\/periodicocentroccidente.com\/#\/schema\/person\/f4e4a651098f3db198244657b7130e7e\"},\"breadcrumb\":{\"@id\":\"https:\/\/periodicocentroccidente.com\/?p=9852#breadcrumb\"},\"inLanguage\":\"es\",\"potentialAction\":[{\"@type\":\"ReadAction\",\"target\":[\"https:\/\/periodicocentroccidente.com\/?p=9852\"]}]},{\"@type\":\"ImageObject\",\"inLanguage\":\"es\",\"@id\":\"https:\/\/periodicocentroccidente.com\/?p=9852#primaryimage\",\"url\":\"https:\/\/periodicocentroccidente.com\/wp-content\/uploads\/2026\/09\/1-1.jpg\",\"contentUrl\":\"https:\/\/periodicocentroccidente.com\/wp-content\/uploads\/2026\/09\/1-1.jpg\",\"width\":1020,\"height\":768},{\"@type\":\"BreadcrumbList\",\"@id\":\"https:\/\/periodicocentroccidente.com\/?p=9852#breadcrumb\",\"itemListElement\":[{\"@type\":\"ListItem\",\"position\":1,\"name\":\"Portada\",\"item\":\"https:\/\/periodicocentroccidente.com\/\"},{\"@type\":\"ListItem\",\"position\":2,\"name\":\"Productores de Arroz reiteran su reclamo de precios acordados\"}]},{\"@type\":\"WebSite\",\"@id\":\"https:\/\/periodicocentroccidente.com\/#website\",\"url\":\"https:\/\/periodicocentroccidente.com\/\",\"name\":\"\",\"description\":\"Periodismo serio y responsable\",\"potentialAction\":[{\"@type\":\"SearchAction\",\"target\":{\"@type\":\"EntryPoint\",\"urlTemplate\":\"https:\/\/periodicocentroccidente.com\/?s={search_term_string}\"},\"query-input\":{\"@type\":\"PropertyValueSpecification\",\"valueRequired\":true,\"valueName\":\"search_term_string\"}}],\"inLanguage\":\"es\"},{\"@type\":\"Person\",\"@id\":\"https:\/\/periodicocentroccidente.com\/#\/schema\/person\/f4e4a651098f3db198244657b7130e7e\",\"name\":\"Ricardo\",\"image\":{\"@type\":\"ImageObject\",\"inLanguage\":\"es\",\"@id\":\"https:\/\/periodicocentroccidente.com\/#\/schema\/person\/image\/\",\"url\":\"https:\/\/secure.gravatar.com\/avatar\/402e6137108ec0fdaa7809184382fb1dd2f8b00264c1d945d341f2b8f90db429?s=96&d=mm&r=g\",\"contentUrl\":\"https:\/\/secure.gravatar.com\/avatar\/402e6137108ec0fdaa7809184382fb1dd2f8b00264c1d945d341f2b8f90db429?s=96&d=mm&r=g\",\"caption\":\"Ricardo\"},\"url\":\"https:\/\/periodicocentroccidente.com\/?author=2\"}]}<\/script>\n<!-- \/ Yoast SEO plugin. -->","yoast_head_json":{"title":"Productores de Arroz reiteran su reclamo de precios acordados -","robots":{"index":"index","follow":"follow","max-snippet":"max-snippet:-1","max-image-preview":"max-image-preview:large","max-video-preview":"max-video-preview:-1"},"canonical":"https:\/\/periodicocentroccidente.com\/?p=9852","og_locale":"es_ES","og_type":"article","og_title":"Productores de Arroz reiteran su reclamo de precios acordados -","og_description":"Especial.- Agricultores del&nbsp;sector arrocero protagonizaron una protesta pac&iacute;fica en el municipio Araure, estado Portuguesa, para ratificar sus reclamos ante las intenciones de la agroindustria de fijar un pago por debajo de los costos de producci&oacute;n aprobados para la presente cosecha. El vocero del gremio, Edgar Miranda, se&ntilde;al&oacute; que el Ministerio para la Agricultura Productiva y &hellip;","og_url":"https:\/\/periodicocentroccidente.com\/?p=9852","article_published_time":"2026-09-03T16:55:27+00:00","og_image":[{"width":1020,"height":768,"url":"https:\/\/periodicocentroccidente.com\/wp-content\/uploads\/2026\/09\/1-1.jpg","type":"image\/jpeg"}],"author":"Ricardo","twitter_card":"summary_large_image","twitter_misc":{"Escrito por":"Ricardo","Tiempo de lectura":"2 minutos"},"schema":{"@context":"https:\/\/schema.org","@graph":[{"@type":"WebPage","@id":"https:\/\/periodicocentroccidente.com\/?p=9852","url":"https:\/\/periodicocentroccidente.com\/?p=9852","name":"Productores de Arroz reiteran su reclamo de precios acordados -","isPartOf":{"@id":"https:\/\/periodicocentroccidente.com\/#website"},"primaryImageOfPage":{"@id":"https:\/\/periodicocentroccidente.com\/?p=9852#primaryimage"},"image":{"@id":"https:\/\/periodicocentroccidente.com\/?p=9852#primaryimage"},"thumbnailUrl":"https:\/\/periodicocentroccidente.com\/wp-content\/uploads\/2026\/09\/1-1.jpg","datePublished":"2026-09-03T16:55:27+00:00","author":{"@id":"https:\/\/periodicocentroccidente.com\/#\/schema\/person\/f4e4a651098f3db198244657b7130e7e"},"breadcrumb":{"@id":"https:\/\/periodicocentroccidente.com\/?p=9852#breadcrumb"},"inLanguage":"es","potentialAction":[{"@type":"ReadAction","target":["https:\/\/periodicocentroccidente.com\/?p=9852"]}]},{"@type":"ImageObject","inLanguage":"es","@id":"https:\/\/periodicocentroccidente.com\/?p=9852#primaryimage","url":"https:\/\/periodicocentroccidente.com\/wp-content\/uploads\/2026\/09\/1-1.jpg","contentUrl":"https:\/\/periodicocentroccidente.com\/wp-content\/uploads\/2026\/09\/1-1.jpg","width":1020,"height":768},{"@type":"BreadcrumbList","@id":"https:\/\/periodicocentroccidente.com\/?p=9852#breadcrumb","itemListElement":[{"@type":"ListItem","position":1,"name":"Portada","item":"https:\/\/periodicocentroccidente.com\/"},{"@type":"ListItem","position":2,"name":"Productores de Arroz reiteran su reclamo de precios acordados"}]},{"@type":"WebSite","@id":"https:\/\/periodicocentroccidente.com\/#website","url":"https:\/\/periodicocentroccidente.com\/","name":"","description":"Periodismo serio y responsable","potentialAction":[{"@type":"SearchAction","target":{"@type":"EntryPoint","urlTemplate":"https:\/\/periodicocentroccidente.com\/?s={search_term_string}"},"query-input":{"@type":"PropertyValueSpecification","valueRequired":true,"valueName":"search_term_string"}}],"inLanguage":"es"},{"@type":"Person","@id":"https:\/\/periodicocentroccidente.com\/#\/schema\/person\/f4e4a651098f3db198244657b7130e7e","name":"Ricardo","image":{"@type":"ImageObject","inLanguage":"es","@id":"https:\/\/periodicocentroccidente.com\/#\/schema\/person\/image\/","url":"https:\/\/secure.gravatar.com\/avatar\/402e6137108ec0fdaa7809184382fb1dd2f8b00264c1d945d341f2b8f90db429?s=96&d=mm&r=g","contentUrl":"https:\/\/secure.gravatar.com\/avatar\/402e6137108ec0fdaa7809184382fb1dd2f8b00264c1d945d341f2b8f90db429?s=96&d=mm&r=g","caption":"Ricardo"},"url":"https:\/\/periodicocentroccidente.com\/?author=2"}]}},"jetpack_featured_media_url":"https:\/\/periodicocentroccidente.com\/wp-content\/uploads\/2026\/09\/1-1.jpg","jetpack_sharing_enabled":true,"jetpack-related-posts":[],"_links":{"self":[{"href":"https:\/\/periodicocentroccidente.com\/index.php?rest_route=\/wp\/v2\/posts\/9852","targetHints":{"allow":["GET"]}}],"collection":[{"href":"https:\/\/periodicocentroccidente.com\/index.php?rest_route=\/wp\/v2\/posts"}],"about":[{"href":"https:\/\/periodicocentroccidente.com\/index.php?rest_route=\/wp\/v2\/types\/post"}],"author":[{"embeddable":true,"href":"https:\/\/periodicocentroccidente.com\/index.php?rest_route=\/wp\/v2\/users\/2"}],"replies":[{"embeddable":true,"href":"https:\/\/periodicocentroccidente.com\/index.php?rest_route=%2Fwp%2Fv2%2Fcomments&post=9852"}],"version-history":[{"count":1,"href":"https:\/\/periodicocentroccidente.com\/index.php?rest_route=\/wp\/v2\/posts\/9852\/revisions"}],"predecessor-version":[{"id":9854,"href":"https:\/\/periodicocentroccidente.com\/index.php?rest_route=\/wp\/v2\/posts\/9852\/revisions\/9854"}],"wp:featuredmedia":[{"embeddable":true,"href":"https:\/\/periodicocentroccidente.com\/index.php?rest_route=\/wp\/v2\/media\/9853"}],"wp:attachment":[{"href":"https:\/\/periodicocentroccidente.com\/index.php?rest_route=%2Fwp%2Fv2%2Fmedia&parent=9852"}],"wp:term":[{"taxonomy":"category","embeddable":true,"href":"https:\/\/periodicocentroccidente.com\/index.php?rest_route=%2Fwp%2Fv2%2Fcategories&post=9852"},{"taxonomy":"post_tag","embeddable":true,"href":"https:\/\/periodicocentroccidente.com\/index.php?rest_route=%2Fwp%2Fv2%2Ftags&post=9852"}],"curies":[{"name":"wp","href":"https:\/\/api.w.org\/{rel}","templated":true}]}}