{"id":9849,"date":"2026-09-03T16:48:32","date_gmt":"2026-09-03T16:48:32","guid":{"rendered":"https:\/\/periodicocentroccidente.com\/?p=9849"},"modified":"2026-09-03T16:48:32","modified_gmt":"2026-09-03T16:48:32","slug":"kilometro-y-jose-rafael-teran-afirman-que-nuevos-liderazgos-marcan-pauta","status":"publish","type":"post","link":"https:\/\/periodicocentroccidente.com\/?p=9849","title":{"rendered":"\u201cKil\u00f3metro\u201d y Jos\u00e9 Rafael Ter\u00e1n afirman que nuevos liderazgos marcan pauta"},"content":{"rendered":"<p><strong>Especial.-<\/strong><\/p>\n<p class=\"wp-block-paragraph\">\u00a0El conocido creador de contenido en redes sociales y analista pol\u00edtico,\u00a0<strong>Miguel Alejandro Herrera, conocido como \u201cKil\u00f3metro\u201d y<\/strong>\u00a0el coordinador en el estado Portuguesa del\u00a0<strong>Centro Democr\u00e1tico por Venezuela (CDV) Jos\u00e9 Rafael Ter\u00e1n<\/strong>, en live difundido este recientemente pasado martes 1 de septiembre, coincidieron en que \u201clos nuevos liderazgos de la pol\u00edtica\u201d venezolana est\u00e1n marcando la pauta actualmente, por lo que es necesario darles la oportunidad de hacer lo que otros no han hecho.<\/p>\n<p class=\"wp-block-paragraph\">\u00a0\u00a0\u00a0\u00a0 Para\u00a0<strong>\u201cKil\u00f3metro\u201d no es f\u00e1cil estar en la trinchera de la lucha contra el r\u00e9gimen chavista y tener que defenderse al mismo tiempo de los ataques que recibe de las filas de la oposici\u00f3n a la cual pertenece, aunque ese hecho no va a frenar sus deseos de ver cristalizar una Venezuela libre muy pronto.<\/strong><\/p>\n<p class=\"wp-block-paragraph\"><strong>\u00a0\u00a0\u00a0<\/strong>\u00a0Por su parte\u00a0<strong>Jos\u00e9 Rafael Ter\u00e1n<\/strong>\u00a0considera que los liderazgos j\u00f3venes han tenido que enfrentar cualquier tipo de desmanes,\u00a0<strong>pero que el rol que deben sostener es el de ser referencia para demostrar que las cosas se pueden hacer de otra manera, sin necesidad de castigar la disidencia o propuestas diferentes.<\/strong><\/p>\n<p class=\"wp-block-paragraph\"><strong>\u00a0\u00a0\u00a0 \u201cEn Portuguesa nosotros estamos enfocados en respaldar las luchas de los productores agropecuarios en todo momento, porque son el motor que mueven el desarrollo de nuestro estado<\/strong>\u00a0y hasta ahora no han sido escuchado en sus aspiraciones de contar con garant\u00edas de justa comercializaci\u00f3n de sus cosechas o productos derivados de sus reba\u00f1os, por lo que les hemos estado visitando para conocer de cerca\u00a0<strong>sus justos planteamientos y de alguna manera servir de vocero para multiplicar sus planteamientos,<\/strong>\u00a0con la fe puesta en que m\u00e1s temprano que tarde vamos a tener la oportunidad de un cambio que permita mejores condiciones de vida para el beneficio colectivo\u201d, expres\u00f3 el coordinados de CDV en Portuguesa.<\/p>\n<p><strong>VIA P.P.<\/strong><\/p>\n","protected":false},"excerpt":{"rendered":"<p>Especial.- &nbsp;El conocido creador de contenido en redes sociales y analista pol&iacute;tico,&nbsp;Miguel Alejandro Herrera, conocido como &ldquo;Kil&oacute;metro&rdquo; y&nbsp;el coordinador en el estado Portuguesa del&nbsp;Centro Democr&aacute;tico por Venezuela (CDV) Jos&eacute; Rafael Ter&aacute;n, en live difundido este recientemente pasado martes 1 de septiembre, coincidieron en que &ldquo;los nuevos liderazgos de la pol&iacute;tica&rdquo; venezolana est&aacute;n marcando la pauta &hellip;<\/p>\n","protected":false},"author":2,"featured_media":9850,"comment_status":"open","ping_status":"open","sticky":false,"template":"","format":"standard","meta":{"_jetpack_memberships_contains_paid_content":false,"footnotes":""},"categories":[127],"tags":[],"class_list":["post-9849","post","type-post","status-publish","format-standard","has-post-thumbnail","hentry","category-noticias-recientes"],"yoast_head":"<!-- This site is optimized with the Yoast SEO plugin v24.8.1 - https:\/\/yoast.com\/wordpress\/plugins\/seo\/ -->\n<title>\u201cKil\u00f3metro\u201d y Jos\u00e9 Rafael Ter\u00e1n afirman que nuevos liderazgos marcan pauta -<\/title>\n<meta name=\"robots\" content=\"index, follow, max-snippet:-1, max-image-preview:large, max-video-preview:-1\" \/>\n<link rel=\"canonical\" href=\"https:\/\/periodicocentroccidente.com\/?p=9849\" \/>\n<meta property=\"og:locale\" content=\"es_ES\" \/>\n<meta property=\"og:type\" content=\"article\" \/>\n<meta property=\"og:title\" content=\"\u201cKil\u00f3metro\u201d y Jos\u00e9 Rafael Ter\u00e1n afirman que nuevos liderazgos marcan pauta -\" \/>\n<meta property=\"og:description\" content=\"Especial.- &nbsp;El conocido creador de contenido en redes sociales y analista pol&iacute;tico,&nbsp;Miguel Alejandro Herrera, conocido como &ldquo;Kil&oacute;metro&rdquo; y&nbsp;el coordinador en el estado Portuguesa del&nbsp;Centro Democr&aacute;tico por Venezuela (CDV) Jos&eacute; Rafael Ter&aacute;n, en live difundido este recientemente pasado martes 1 de septiembre, coincidieron en que &ldquo;los nuevos liderazgos de la pol&iacute;tica&rdquo; venezolana est&aacute;n marcando la pauta &hellip;\" \/>\n<meta property=\"og:url\" content=\"https:\/\/periodicocentroccidente.com\/?p=9849\" \/>\n<meta property=\"article:published_time\" content=\"2026-09-03T16:48:32+00:00\" \/>\n<meta property=\"og:image\" content=\"https:\/\/periodicocentroccidente.com\/wp-content\/uploads\/2026\/09\/KILOMETRO-JOSE-R-TERAN.jpg\" \/>\n\t<meta property=\"og:image:width\" content=\"1072\" \/>\n\t<meta property=\"og:image:height\" content=\"890\" \/>\n\t<meta property=\"og:image:type\" content=\"image\/jpeg\" \/>\n<meta name=\"author\" content=\"Ricardo\" \/>\n<meta name=\"twitter:card\" content=\"summary_large_image\" \/>\n<meta name=\"twitter:label1\" content=\"Escrito por\" \/>\n\t<meta name=\"twitter:data1\" content=\"Ricardo\" \/>\n\t<meta name=\"twitter:label2\" content=\"Tiempo de lectura\" \/>\n\t<meta name=\"twitter:data2\" content=\"2 minutos\" \/>\n<script type=\"application\/ld+json\" class=\"yoast-schema-graph\">{\"@context\":\"https:\/\/schema.org\",\"@graph\":[{\"@type\":\"WebPage\",\"@id\":\"https:\/\/periodicocentroccidente.com\/?p=9849\",\"url\":\"https:\/\/periodicocentroccidente.com\/?p=9849\",\"name\":\"\u201cKil\u00f3metro\u201d y Jos\u00e9 Rafael Ter\u00e1n afirman que nuevos liderazgos marcan pauta -\",\"isPartOf\":{\"@id\":\"https:\/\/periodicocentroccidente.com\/#website\"},\"primaryImageOfPage\":{\"@id\":\"https:\/\/periodicocentroccidente.com\/?p=9849#primaryimage\"},\"image\":{\"@id\":\"https:\/\/periodicocentroccidente.com\/?p=9849#primaryimage\"},\"thumbnailUrl\":\"https:\/\/periodicocentroccidente.com\/wp-content\/uploads\/2026\/09\/KILOMETRO-JOSE-R-TERAN.jpg\",\"datePublished\":\"2026-09-03T16:48:32+00:00\",\"author\":{\"@id\":\"https:\/\/periodicocentroccidente.com\/#\/schema\/person\/f4e4a651098f3db198244657b7130e7e\"},\"breadcrumb\":{\"@id\":\"https:\/\/periodicocentroccidente.com\/?p=9849#breadcrumb\"},\"inLanguage\":\"es\",\"potentialAction\":[{\"@type\":\"ReadAction\",\"target\":[\"https:\/\/periodicocentroccidente.com\/?p=9849\"]}]},{\"@type\":\"ImageObject\",\"inLanguage\":\"es\",\"@id\":\"https:\/\/periodicocentroccidente.com\/?p=9849#primaryimage\",\"url\":\"https:\/\/periodicocentroccidente.com\/wp-content\/uploads\/2026\/09\/KILOMETRO-JOSE-R-TERAN.jpg\",\"contentUrl\":\"https:\/\/periodicocentroccidente.com\/wp-content\/uploads\/2026\/09\/KILOMETRO-JOSE-R-TERAN.jpg\",\"width\":1072,\"height\":890},{\"@type\":\"BreadcrumbList\",\"@id\":\"https:\/\/periodicocentroccidente.com\/?p=9849#breadcrumb\",\"itemListElement\":[{\"@type\":\"ListItem\",\"position\":1,\"name\":\"Portada\",\"item\":\"https:\/\/periodicocentroccidente.com\/\"},{\"@type\":\"ListItem\",\"position\":2,\"name\":\"\u201cKil\u00f3metro\u201d y Jos\u00e9 Rafael Ter\u00e1n afirman que nuevos liderazgos marcan pauta\"}]},{\"@type\":\"WebSite\",\"@id\":\"https:\/\/periodicocentroccidente.com\/#website\",\"url\":\"https:\/\/periodicocentroccidente.com\/\",\"name\":\"\",\"description\":\"Periodismo serio y responsable\",\"potentialAction\":[{\"@type\":\"SearchAction\",\"target\":{\"@type\":\"EntryPoint\",\"urlTemplate\":\"https:\/\/periodicocentroccidente.com\/?s={search_term_string}\"},\"query-input\":{\"@type\":\"PropertyValueSpecification\",\"valueRequired\":true,\"valueName\":\"search_term_string\"}}],\"inLanguage\":\"es\"},{\"@type\":\"Person\",\"@id\":\"https:\/\/periodicocentroccidente.com\/#\/schema\/person\/f4e4a651098f3db198244657b7130e7e\",\"name\":\"Ricardo\",\"image\":{\"@type\":\"ImageObject\",\"inLanguage\":\"es\",\"@id\":\"https:\/\/periodicocentroccidente.com\/#\/schema\/person\/image\/\",\"url\":\"https:\/\/secure.gravatar.com\/avatar\/402e6137108ec0fdaa7809184382fb1dd2f8b00264c1d945d341f2b8f90db429?s=96&d=mm&r=g\",\"contentUrl\":\"https:\/\/secure.gravatar.com\/avatar\/402e6137108ec0fdaa7809184382fb1dd2f8b00264c1d945d341f2b8f90db429?s=96&d=mm&r=g\",\"caption\":\"Ricardo\"},\"url\":\"https:\/\/periodicocentroccidente.com\/?author=2\"}]}<\/script>\n<!-- \/ Yoast SEO plugin. -->","yoast_head_json":{"title":"\u201cKil\u00f3metro\u201d y Jos\u00e9 Rafael Ter\u00e1n afirman que nuevos liderazgos marcan pauta -","robots":{"index":"index","follow":"follow","max-snippet":"max-snippet:-1","max-image-preview":"max-image-preview:large","max-video-preview":"max-video-preview:-1"},"canonical":"https:\/\/periodicocentroccidente.com\/?p=9849","og_locale":"es_ES","og_type":"article","og_title":"\u201cKil\u00f3metro\u201d y Jos\u00e9 Rafael Ter\u00e1n afirman que nuevos liderazgos marcan pauta -","og_description":"Especial.- &nbsp;El conocido creador de contenido en redes sociales y analista pol&iacute;tico,&nbsp;Miguel Alejandro Herrera, conocido como &ldquo;Kil&oacute;metro&rdquo; y&nbsp;el coordinador en el estado Portuguesa del&nbsp;Centro Democr&aacute;tico por Venezuela (CDV) Jos&eacute; Rafael Ter&aacute;n, en live difundido este recientemente pasado martes 1 de septiembre, coincidieron en que &ldquo;los nuevos liderazgos de la pol&iacute;tica&rdquo; venezolana est&aacute;n marcando la pauta &hellip;","og_url":"https:\/\/periodicocentroccidente.com\/?p=9849","article_published_time":"2026-09-03T16:48:32+00:00","og_image":[{"width":1072,"height":890,"url":"https:\/\/periodicocentroccidente.com\/wp-content\/uploads\/2026\/09\/KILOMETRO-JOSE-R-TERAN.jpg","type":"image\/jpeg"}],"author":"Ricardo","twitter_card":"summary_large_image","twitter_misc":{"Escrito por":"Ricardo","Tiempo de lectura":"2 minutos"},"schema":{"@context":"https:\/\/schema.org","@graph":[{"@type":"WebPage","@id":"https:\/\/periodicocentroccidente.com\/?p=9849","url":"https:\/\/periodicocentroccidente.com\/?p=9849","name":"\u201cKil\u00f3metro\u201d y Jos\u00e9 Rafael Ter\u00e1n afirman que nuevos liderazgos marcan pauta -","isPartOf":{"@id":"https:\/\/periodicocentroccidente.com\/#website"},"primaryImageOfPage":{"@id":"https:\/\/periodicocentroccidente.com\/?p=9849#primaryimage"},"image":{"@id":"https:\/\/periodicocentroccidente.com\/?p=9849#primaryimage"},"thumbnailUrl":"https:\/\/periodicocentroccidente.com\/wp-content\/uploads\/2026\/09\/KILOMETRO-JOSE-R-TERAN.jpg","datePublished":"2026-09-03T16:48:32+00:00","author":{"@id":"https:\/\/periodicocentroccidente.com\/#\/schema\/person\/f4e4a651098f3db198244657b7130e7e"},"breadcrumb":{"@id":"https:\/\/periodicocentroccidente.com\/?p=9849#breadcrumb"},"inLanguage":"es","potentialAction":[{"@type":"ReadAction","target":["https:\/\/periodicocentroccidente.com\/?p=9849"]}]},{"@type":"ImageObject","inLanguage":"es","@id":"https:\/\/periodicocentroccidente.com\/?p=9849#primaryimage","url":"https:\/\/periodicocentroccidente.com\/wp-content\/uploads\/2026\/09\/KILOMETRO-JOSE-R-TERAN.jpg","contentUrl":"https:\/\/periodicocentroccidente.com\/wp-content\/uploads\/2026\/09\/KILOMETRO-JOSE-R-TERAN.jpg","width":1072,"height":890},{"@type":"BreadcrumbList","@id":"https:\/\/periodicocentroccidente.com\/?p=9849#breadcrumb","itemListElement":[{"@type":"ListItem","position":1,"name":"Portada","item":"https:\/\/periodicocentroccidente.com\/"},{"@type":"ListItem","position":2,"name":"\u201cKil\u00f3metro\u201d y Jos\u00e9 Rafael Ter\u00e1n afirman que nuevos liderazgos marcan pauta"}]},{"@type":"WebSite","@id":"https:\/\/periodicocentroccidente.com\/#website","url":"https:\/\/periodicocentroccidente.com\/","name":"","description":"Periodismo serio y responsable","potentialAction":[{"@type":"SearchAction","target":{"@type":"EntryPoint","urlTemplate":"https:\/\/periodicocentroccidente.com\/?s={search_term_string}"},"query-input":{"@type":"PropertyValueSpecification","valueRequired":true,"valueName":"search_term_string"}}],"inLanguage":"es"},{"@type":"Person","@id":"https:\/\/periodicocentroccidente.com\/#\/schema\/person\/f4e4a651098f3db198244657b7130e7e","name":"Ricardo","image":{"@type":"ImageObject","inLanguage":"es","@id":"https:\/\/periodicocentroccidente.com\/#\/schema\/person\/image\/","url":"https:\/\/secure.gravatar.com\/avatar\/402e6137108ec0fdaa7809184382fb1dd2f8b00264c1d945d341f2b8f90db429?s=96&d=mm&r=g","contentUrl":"https:\/\/secure.gravatar.com\/avatar\/402e6137108ec0fdaa7809184382fb1dd2f8b00264c1d945d341f2b8f90db429?s=96&d=mm&r=g","caption":"Ricardo"},"url":"https:\/\/periodicocentroccidente.com\/?author=2"}]}},"jetpack_featured_media_url":"https:\/\/periodicocentroccidente.com\/wp-content\/uploads\/2026\/09\/KILOMETRO-JOSE-R-TERAN.jpg","jetpack_sharing_enabled":true,"jetpack-related-posts":[],"_links":{"self":[{"href":"https:\/\/periodicocentroccidente.com\/index.php?rest_route=\/wp\/v2\/posts\/9849","targetHints":{"allow":["GET"]}}],"collection":[{"href":"https:\/\/periodicocentroccidente.com\/index.php?rest_route=\/wp\/v2\/posts"}],"about":[{"href":"https:\/\/periodicocentroccidente.com\/index.php?rest_route=\/wp\/v2\/types\/post"}],"author":[{"embeddable":true,"href":"https:\/\/periodicocentroccidente.com\/index.php?rest_route=\/wp\/v2\/users\/2"}],"replies":[{"embeddable":true,"href":"https:\/\/periodicocentroccidente.com\/index.php?rest_route=%2Fwp%2Fv2%2Fcomments&post=9849"}],"version-history":[{"count":1,"href":"https:\/\/periodicocentroccidente.com\/index.php?rest_route=\/wp\/v2\/posts\/9849\/revisions"}],"predecessor-version":[{"id":9851,"href":"https:\/\/periodicocentroccidente.com\/index.php?rest_route=\/wp\/v2\/posts\/9849\/revisions\/9851"}],"wp:featuredmedia":[{"embeddable":true,"href":"https:\/\/periodicocentroccidente.com\/index.php?rest_route=\/wp\/v2\/media\/9850"}],"wp:attachment":[{"href":"https:\/\/periodicocentroccidente.com\/index.php?rest_route=%2Fwp%2Fv2%2Fmedia&parent=9849"}],"wp:term":[{"taxonomy":"category","embeddable":true,"href":"https:\/\/periodicocentroccidente.com\/index.php?rest_route=%2Fwp%2Fv2%2Fcategories&post=9849"},{"taxonomy":"post_tag","embeddable":true,"href":"https:\/\/periodicocentroccidente.com\/index.php?rest_route=%2Fwp%2Fv2%2Ftags&post=9849"}],"curies":[{"name":"wp","href":"https:\/\/api.w.org\/{rel}","templated":true}]}}