{"id":9846,"date":"2026-09-03T16:37:12","date_gmt":"2026-09-03T16:37:12","guid":{"rendered":"https:\/\/periodicocentroccidente.com\/?p=9846"},"modified":"2026-09-03T16:37:12","modified_gmt":"2026-09-03T16:37:12","slug":"defensa-de-maduro-pide-desestimar-cargos-en-eeuu-argumentando-inmunidad-soberana","status":"publish","type":"post","link":"https:\/\/periodicocentroccidente.com\/?p=9846","title":{"rendered":"Defensa de Maduro pide desestimar cargos en EEUU argumentando inmunidad soberana"},"content":{"rendered":"<p><strong>Especial.-<\/strong><\/p>\n<p class=\"wp-block-paragraph\">Las defensas de Nicol\u00e1s Maduro y Cilia Flores, piden desestimar cargos en su contra en Estados Unidos bajo el argumento de la inmunidad soberana, seg\u00fan indica el archivo judicial digital.<\/p>\n<p class=\"wp-block-paragraph\">El equipo legal encabezado por Barry Pollack cuestion\u00f3 tanto la jurisdicci\u00f3n de los tribunales estadounidenses como la legalidad de la operaci\u00f3n militar del pasado 3 de enero, que termin\u00f3 con su traslado a Estados Unidos.<\/p>\n<p class=\"wp-block-paragraph\">El abogado de Maduro, Barry Pollack, entreg\u00f3 dos mociones al tribunal: una para desestimar toda la acusaci\u00f3n con base en la inmunidad soberana y otra, en caso de que esa no prospere, para desestimar solo el cargo de conspiraci\u00f3n por narcoterrorismo.<\/p>\n<p>\u00abEl Tribunal carecer\u00eda de jurisdicci\u00f3n sobre el se\u00f1or Maduro si este tuviera derecho o bien a la inmunidad soberana basada en su condici\u00f3n de jefe de Estado o bien a la inmunidad soberana basada en la conducta (\u2026). Tiene derecho a ambas\u00bb, indic\u00f3 en el escrito.<\/p>\n<p class=\"wp-block-paragraph\">Adem\u00e1s, pidi\u00f3 cerrar el caso \u00abcon perjuicio\u00bb, lo que impide en la pr\u00e1ctica que pueda presentarse la misma acusaci\u00f3n.<\/p>\n<p class=\"wp-block-paragraph\">En la segunda moci\u00f3n, el abogado pidi\u00f3 la retirada del cargo de narcoterrorismo argumentando que el tribunal tampoco tiene jurisdicci\u00f3n y que no est\u00e1 formulado adecuadamente seg\u00fan la ley estadounidense.<\/p>\n<p class=\"wp-block-paragraph\">El cargo \u00abpretende acusar a un ciudadano extranjero\u00bb por una \u00abconducta exclusivamente extranjera sin alegar adecuadamente el elemento jurisdiccional\u00bb; no establece su \u00abintenci\u00f3n de causar perjuicio a Estados Unidos, sus ciudadanos o sus intereses\u00bb, y \u00abno est\u00e1 dentro de la autoridad del Congreso para regular\u00bb, escribi\u00f3 Pollack.<\/p>\n<p class=\"wp-block-paragraph\">Se esperaba que Maduro solicitara hoy la inmunidad soberana, puesto que venc\u00eda el plazo fijado por el juez Alvin Hellerstein para que la defensa presentara sus argumentos.<\/p>\n<p>Por su parte, la defensa de la esposa de Maduro, Cilia Flores, hizo la misma petici\u00f3n para que se desestimen los cargos en su contra argumentando que \u00abcomparte\u00bb su inmunidad soberana como primera dama de Venezuela.<\/p>\n<p class=\"wp-block-paragraph\">El abogado de Flores, Mark Donnely, cita adem\u00e1s otros casos en EE.UU. en los que prevaleci\u00f3 la inmunidad de esposas de jefes de Estado, como Imelda Marcos, Rania de Jordania y Paloma Cordero de la Madrid.<\/p>\n<p><strong>Plazo hasta el 2 de octubre<\/strong><\/p>\n<p>La Fiscal\u00eda de EE.UU. Tiene un plazo hasta el 2 de octubre para responder a estas mociones, previsiblemente en contra. Se tiene previsto que el 17 de noviembre avancen en las gestiones antes del juicio, que por el momento se realizar\u00e1 en junio de 2027.<\/p>\n<p class=\"wp-block-paragraph\">La vista para abordar estas cuestiones est\u00e1 prevista para el 17 de noviembre, antes del juicio, que por el momento est\u00e1 programado para iniciar en el mes de junio de 2027.<\/p>\n<p class=\"wp-block-paragraph\">Durante la audiencia de presentaci\u00f3n de cargos, celebrada el 5 de enero, Nicol\u00e1s Maduro se declar\u00f3 inocente ante el juez en Nueva York, y denunci\u00f3 haber sido secuestrado y seguir siendo el Presidente de Venezuela.<\/p>\n<p class=\"wp-block-paragraph\">\u201cSoy inocente. No soy culpable. Soy un hombre decente. Soy el presidente de Venezuela y me considero un prisionero de guerra. Fui secuestrado en mi casa en Caracas\u201d, dijo entonces ante el juez.<\/p>\n<p><strong>VIA <a class=\"tdb-author-name\" href=\"https:\/\/ultimasnoticias.com.ve\/author\/apalacios\/\">AMARILIS PALACIOS Ultimas Noticias<\/a><\/strong><\/p>\n<div class=\"td_block_wrap tdb_single_date tdi_106 td-pb-border-top td_block_template_1 tdb-post-meta\" data-td-block-uid=\"tdi_106\"><\/div>\n","protected":false},"excerpt":{"rendered":"<p>Especial.- Las defensas de Nicol&aacute;s Maduro y Cilia Flores, piden desestimar cargos en su contra en Estados Unidos bajo el argumento de la inmunidad soberana, seg&uacute;n indica el archivo judicial digital. El equipo legal encabezado por Barry Pollack cuestion&oacute; tanto la jurisdicci&oacute;n de los tribunales estadounidenses como la legalidad de la operaci&oacute;n militar del pasado &hellip;<\/p>\n","protected":false},"author":2,"featured_media":9847,"comment_status":"open","ping_status":"open","sticky":false,"template":"","format":"standard","meta":{"_jetpack_memberships_contains_paid_content":false,"footnotes":""},"categories":[131],"tags":[],"class_list":["post-9846","post","type-post","status-publish","format-standard","has-post-thumbnail","hentry","category-nacionales"],"yoast_head":"<!-- This site is optimized with the Yoast SEO plugin v24.8.1 - https:\/\/yoast.com\/wordpress\/plugins\/seo\/ -->\n<title>Defensa de Maduro pide desestimar cargos en EEUU argumentando inmunidad soberana -<\/title>\n<meta name=\"robots\" content=\"index, follow, max-snippet:-1, max-image-preview:large, max-video-preview:-1\" \/>\n<link rel=\"canonical\" href=\"https:\/\/periodicocentroccidente.com\/?p=9846\" \/>\n<meta property=\"og:locale\" content=\"es_ES\" \/>\n<meta property=\"og:type\" content=\"article\" \/>\n<meta property=\"og:title\" content=\"Defensa de Maduro pide desestimar cargos en EEUU argumentando inmunidad soberana -\" \/>\n<meta property=\"og:description\" content=\"Especial.- Las defensas de Nicol&aacute;s Maduro y Cilia Flores, piden desestimar cargos en su contra en Estados Unidos bajo el argumento de la inmunidad soberana, seg&uacute;n indica el archivo judicial digital. El equipo legal encabezado por Barry Pollack cuestion&oacute; tanto la jurisdicci&oacute;n de los tribunales estadounidenses como la legalidad de la operaci&oacute;n militar del pasado &hellip;\" \/>\n<meta property=\"og:url\" content=\"https:\/\/periodicocentroccidente.com\/?p=9846\" \/>\n<meta property=\"article:published_time\" content=\"2026-09-03T16:37:12+00:00\" \/>\n<meta property=\"og:image\" content=\"https:\/\/periodicocentroccidente.com\/wp-content\/uploads\/2026\/09\/Nicolas-Maduro-y-Delcy-Rodriguez-en-tribunal-NY.jpg\" \/>\n\t<meta property=\"og:image:width\" content=\"960\" \/>\n\t<meta property=\"og:image:height\" content=\"640\" \/>\n\t<meta property=\"og:image:type\" content=\"image\/jpeg\" \/>\n<meta name=\"author\" content=\"Ricardo\" \/>\n<meta name=\"twitter:card\" content=\"summary_large_image\" \/>\n<meta name=\"twitter:label1\" content=\"Escrito por\" \/>\n\t<meta name=\"twitter:data1\" content=\"Ricardo\" \/>\n\t<meta name=\"twitter:label2\" content=\"Tiempo de lectura\" \/>\n\t<meta name=\"twitter:data2\" content=\"3 minutos\" \/>\n<script type=\"application\/ld+json\" class=\"yoast-schema-graph\">{\"@context\":\"https:\/\/schema.org\",\"@graph\":[{\"@type\":\"WebPage\",\"@id\":\"https:\/\/periodicocentroccidente.com\/?p=9846\",\"url\":\"https:\/\/periodicocentroccidente.com\/?p=9846\",\"name\":\"Defensa de Maduro pide desestimar cargos en EEUU argumentando inmunidad soberana -\",\"isPartOf\":{\"@id\":\"https:\/\/periodicocentroccidente.com\/#website\"},\"primaryImageOfPage\":{\"@id\":\"https:\/\/periodicocentroccidente.com\/?p=9846#primaryimage\"},\"image\":{\"@id\":\"https:\/\/periodicocentroccidente.com\/?p=9846#primaryimage\"},\"thumbnailUrl\":\"https:\/\/periodicocentroccidente.com\/wp-content\/uploads\/2026\/09\/Nicolas-Maduro-y-Delcy-Rodriguez-en-tribunal-NY.jpg\",\"datePublished\":\"2026-09-03T16:37:12+00:00\",\"author\":{\"@id\":\"https:\/\/periodicocentroccidente.com\/#\/schema\/person\/f4e4a651098f3db198244657b7130e7e\"},\"breadcrumb\":{\"@id\":\"https:\/\/periodicocentroccidente.com\/?p=9846#breadcrumb\"},\"inLanguage\":\"es\",\"potentialAction\":[{\"@type\":\"ReadAction\",\"target\":[\"https:\/\/periodicocentroccidente.com\/?p=9846\"]}]},{\"@type\":\"ImageObject\",\"inLanguage\":\"es\",\"@id\":\"https:\/\/periodicocentroccidente.com\/?p=9846#primaryimage\",\"url\":\"https:\/\/periodicocentroccidente.com\/wp-content\/uploads\/2026\/09\/Nicolas-Maduro-y-Delcy-Rodriguez-en-tribunal-NY.jpg\",\"contentUrl\":\"https:\/\/periodicocentroccidente.com\/wp-content\/uploads\/2026\/09\/Nicolas-Maduro-y-Delcy-Rodriguez-en-tribunal-NY.jpg\",\"width\":960,\"height\":640},{\"@type\":\"BreadcrumbList\",\"@id\":\"https:\/\/periodicocentroccidente.com\/?p=9846#breadcrumb\",\"itemListElement\":[{\"@type\":\"ListItem\",\"position\":1,\"name\":\"Portada\",\"item\":\"https:\/\/periodicocentroccidente.com\/\"},{\"@type\":\"ListItem\",\"position\":2,\"name\":\"Defensa de Maduro pide desestimar cargos en EEUU argumentando inmunidad soberana\"}]},{\"@type\":\"WebSite\",\"@id\":\"https:\/\/periodicocentroccidente.com\/#website\",\"url\":\"https:\/\/periodicocentroccidente.com\/\",\"name\":\"\",\"description\":\"Periodismo serio y responsable\",\"potentialAction\":[{\"@type\":\"SearchAction\",\"target\":{\"@type\":\"EntryPoint\",\"urlTemplate\":\"https:\/\/periodicocentroccidente.com\/?s={search_term_string}\"},\"query-input\":{\"@type\":\"PropertyValueSpecification\",\"valueRequired\":true,\"valueName\":\"search_term_string\"}}],\"inLanguage\":\"es\"},{\"@type\":\"Person\",\"@id\":\"https:\/\/periodicocentroccidente.com\/#\/schema\/person\/f4e4a651098f3db198244657b7130e7e\",\"name\":\"Ricardo\",\"image\":{\"@type\":\"ImageObject\",\"inLanguage\":\"es\",\"@id\":\"https:\/\/periodicocentroccidente.com\/#\/schema\/person\/image\/\",\"url\":\"https:\/\/secure.gravatar.com\/avatar\/402e6137108ec0fdaa7809184382fb1dd2f8b00264c1d945d341f2b8f90db429?s=96&d=mm&r=g\",\"contentUrl\":\"https:\/\/secure.gravatar.com\/avatar\/402e6137108ec0fdaa7809184382fb1dd2f8b00264c1d945d341f2b8f90db429?s=96&d=mm&r=g\",\"caption\":\"Ricardo\"},\"url\":\"https:\/\/periodicocentroccidente.com\/?author=2\"}]}<\/script>\n<!-- \/ Yoast SEO plugin. -->","yoast_head_json":{"title":"Defensa de Maduro pide desestimar cargos en EEUU argumentando inmunidad soberana -","robots":{"index":"index","follow":"follow","max-snippet":"max-snippet:-1","max-image-preview":"max-image-preview:large","max-video-preview":"max-video-preview:-1"},"canonical":"https:\/\/periodicocentroccidente.com\/?p=9846","og_locale":"es_ES","og_type":"article","og_title":"Defensa de Maduro pide desestimar cargos en EEUU argumentando inmunidad soberana -","og_description":"Especial.- Las defensas de Nicol&aacute;s Maduro y Cilia Flores, piden desestimar cargos en su contra en Estados Unidos bajo el argumento de la inmunidad soberana, seg&uacute;n indica el archivo judicial digital. El equipo legal encabezado por Barry Pollack cuestion&oacute; tanto la jurisdicci&oacute;n de los tribunales estadounidenses como la legalidad de la operaci&oacute;n militar del pasado &hellip;","og_url":"https:\/\/periodicocentroccidente.com\/?p=9846","article_published_time":"2026-09-03T16:37:12+00:00","og_image":[{"width":960,"height":640,"url":"https:\/\/periodicocentroccidente.com\/wp-content\/uploads\/2026\/09\/Nicolas-Maduro-y-Delcy-Rodriguez-en-tribunal-NY.jpg","type":"image\/jpeg"}],"author":"Ricardo","twitter_card":"summary_large_image","twitter_misc":{"Escrito por":"Ricardo","Tiempo de lectura":"3 minutos"},"schema":{"@context":"https:\/\/schema.org","@graph":[{"@type":"WebPage","@id":"https:\/\/periodicocentroccidente.com\/?p=9846","url":"https:\/\/periodicocentroccidente.com\/?p=9846","name":"Defensa de Maduro pide desestimar cargos en EEUU argumentando inmunidad soberana -","isPartOf":{"@id":"https:\/\/periodicocentroccidente.com\/#website"},"primaryImageOfPage":{"@id":"https:\/\/periodicocentroccidente.com\/?p=9846#primaryimage"},"image":{"@id":"https:\/\/periodicocentroccidente.com\/?p=9846#primaryimage"},"thumbnailUrl":"https:\/\/periodicocentroccidente.com\/wp-content\/uploads\/2026\/09\/Nicolas-Maduro-y-Delcy-Rodriguez-en-tribunal-NY.jpg","datePublished":"2026-09-03T16:37:12+00:00","author":{"@id":"https:\/\/periodicocentroccidente.com\/#\/schema\/person\/f4e4a651098f3db198244657b7130e7e"},"breadcrumb":{"@id":"https:\/\/periodicocentroccidente.com\/?p=9846#breadcrumb"},"inLanguage":"es","potentialAction":[{"@type":"ReadAction","target":["https:\/\/periodicocentroccidente.com\/?p=9846"]}]},{"@type":"ImageObject","inLanguage":"es","@id":"https:\/\/periodicocentroccidente.com\/?p=9846#primaryimage","url":"https:\/\/periodicocentroccidente.com\/wp-content\/uploads\/2026\/09\/Nicolas-Maduro-y-Delcy-Rodriguez-en-tribunal-NY.jpg","contentUrl":"https:\/\/periodicocentroccidente.com\/wp-content\/uploads\/2026\/09\/Nicolas-Maduro-y-Delcy-Rodriguez-en-tribunal-NY.jpg","width":960,"height":640},{"@type":"BreadcrumbList","@id":"https:\/\/periodicocentroccidente.com\/?p=9846#breadcrumb","itemListElement":[{"@type":"ListItem","position":1,"name":"Portada","item":"https:\/\/periodicocentroccidente.com\/"},{"@type":"ListItem","position":2,"name":"Defensa de Maduro pide desestimar cargos en EEUU argumentando inmunidad soberana"}]},{"@type":"WebSite","@id":"https:\/\/periodicocentroccidente.com\/#website","url":"https:\/\/periodicocentroccidente.com\/","name":"","description":"Periodismo serio y responsable","potentialAction":[{"@type":"SearchAction","target":{"@type":"EntryPoint","urlTemplate":"https:\/\/periodicocentroccidente.com\/?s={search_term_string}"},"query-input":{"@type":"PropertyValueSpecification","valueRequired":true,"valueName":"search_term_string"}}],"inLanguage":"es"},{"@type":"Person","@id":"https:\/\/periodicocentroccidente.com\/#\/schema\/person\/f4e4a651098f3db198244657b7130e7e","name":"Ricardo","image":{"@type":"ImageObject","inLanguage":"es","@id":"https:\/\/periodicocentroccidente.com\/#\/schema\/person\/image\/","url":"https:\/\/secure.gravatar.com\/avatar\/402e6137108ec0fdaa7809184382fb1dd2f8b00264c1d945d341f2b8f90db429?s=96&d=mm&r=g","contentUrl":"https:\/\/secure.gravatar.com\/avatar\/402e6137108ec0fdaa7809184382fb1dd2f8b00264c1d945d341f2b8f90db429?s=96&d=mm&r=g","caption":"Ricardo"},"url":"https:\/\/periodicocentroccidente.com\/?author=2"}]}},"jetpack_featured_media_url":"https:\/\/periodicocentroccidente.com\/wp-content\/uploads\/2026\/09\/Nicolas-Maduro-y-Delcy-Rodriguez-en-tribunal-NY.jpg","jetpack_sharing_enabled":true,"jetpack-related-posts":[],"_links":{"self":[{"href":"https:\/\/periodicocentroccidente.com\/index.php?rest_route=\/wp\/v2\/posts\/9846","targetHints":{"allow":["GET"]}}],"collection":[{"href":"https:\/\/periodicocentroccidente.com\/index.php?rest_route=\/wp\/v2\/posts"}],"about":[{"href":"https:\/\/periodicocentroccidente.com\/index.php?rest_route=\/wp\/v2\/types\/post"}],"author":[{"embeddable":true,"href":"https:\/\/periodicocentroccidente.com\/index.php?rest_route=\/wp\/v2\/users\/2"}],"replies":[{"embeddable":true,"href":"https:\/\/periodicocentroccidente.com\/index.php?rest_route=%2Fwp%2Fv2%2Fcomments&post=9846"}],"version-history":[{"count":1,"href":"https:\/\/periodicocentroccidente.com\/index.php?rest_route=\/wp\/v2\/posts\/9846\/revisions"}],"predecessor-version":[{"id":9848,"href":"https:\/\/periodicocentroccidente.com\/index.php?rest_route=\/wp\/v2\/posts\/9846\/revisions\/9848"}],"wp:featuredmedia":[{"embeddable":true,"href":"https:\/\/periodicocentroccidente.com\/index.php?rest_route=\/wp\/v2\/media\/9847"}],"wp:attachment":[{"href":"https:\/\/periodicocentroccidente.com\/index.php?rest_route=%2Fwp%2Fv2%2Fmedia&parent=9846"}],"wp:term":[{"taxonomy":"category","embeddable":true,"href":"https:\/\/periodicocentroccidente.com\/index.php?rest_route=%2Fwp%2Fv2%2Fcategories&post=9846"},{"taxonomy":"post_tag","embeddable":true,"href":"https:\/\/periodicocentroccidente.com\/index.php?rest_route=%2Fwp%2Fv2%2Ftags&post=9846"}],"curies":[{"name":"wp","href":"https:\/\/api.w.org\/{rel}","templated":true}]}}