{"id":9837,"date":"2026-09-03T16:21:51","date_gmt":"2026-09-03T16:21:51","guid":{"rendered":"https:\/\/periodicocentroccidente.com\/?p=9837"},"modified":"2026-09-03T16:21:51","modified_gmt":"2026-09-03T16:21:51","slug":"ejercito-de-iran-ataca-bases-militares-de-ee-uu-en-eau-y-kuwait-con-drones-y-misiles","status":"publish","type":"post","link":"https:\/\/periodicocentroccidente.com\/?p=9837","title":{"rendered":"Ej\u00e9rcito de Ir\u00e1n ataca bases militares de EE. UU. en EAU y Kuwait con drones y misiles"},"content":{"rendered":"<header class=\"entry-header\">\n<div class=\"entry-meta\"><strong>TEHER\u00c1N.-<\/strong><\/div>\n<div><\/div>\n<\/header>\n<div class=\"entry-content\">\n<p>El Ej\u00e9rcito de Ir\u00e1n dijo este jueves que sus fuerzas hab\u00edan atacado bases militares de EE. UU. en Emiratos \u00c1rabes Unidos (EAU) y Kuwait con misiles y drones m\u00e1s temprano en el d\u00eda.<br \/>\nEn un comunicado subido a su sitio web, el Ej\u00e9rcito se\u00f1al\u00f3 que los ataques eran en venganza por el personal militar iran\u00ed y los civiles asesinados en los recientes ataques estadounidenses contra Ir\u00e1n.<br \/>\nA\u00f1adi\u00f3 que sus fuerzas atacaron los sistemas de comunicaciones por sat\u00e9lite del Ej\u00e9rcito estadounidense, almacenes de equipos y un hangar con aviones de combate en la base a\u00e9rea Ahmad al-Jaber de Kuwait, causando da\u00f1os a los sistemas de comunicaciones y al hangar.<\/p>\n<p>El Ej\u00e9rcito iran\u00ed afirm\u00f3 que tambi\u00e9n atac\u00f3 a las tropas estadounidenses y sistemas de radar en la base a\u00e9rea de Al Minhad, EAU, enfatizando que la respuesta de sus fuerzas a cualquier ataque del Ej\u00e9rcito estadounidense ser\u00e1 \u00abduro y devastador, y continuar\u00e1 hasta lograr la victoria definitiva y castigar al agresor\u00bb.<\/p>\n<p>El Comando Central de Estados Unidos manifest\u00f3 este mi\u00e9rcoles, mediante una publicaci\u00f3n en X, que sus fuerzas hab\u00edan \u00abcompletado con \u00e9xito una ola de ataques contra objetivos militares iran\u00edes\u00bb, citando \u00abrecientes intentos de agresiones del Cuerpo de la Guardia Revolucionaria Isl\u00e1mica contra el transporte mar\u00edtimo comercial del estrecho de Ormuz y contra miembros del servicio estadounidense\u00bb.<\/p>\n<p>Ir\u00e1n respondi\u00f3 atacando bases e instalaciones estadounidenses en Jordania, Kuwait, Bahr\u00e9in, la regi\u00f3n semiaut\u00f3noma del Kurdist\u00e1n de Irak y EAU.<\/p>\n<p><strong> \/Agencia Xinhua<\/strong><\/p>\n<\/div>\n","protected":false},"excerpt":{"rendered":"<p>TEHER&Aacute;N.- El Ej&eacute;rcito de Ir&aacute;n dijo este jueves que sus fuerzas hab&iacute;an atacado bases militares de EE. UU. en Emiratos &Aacute;rabes Unidos (EAU) y Kuwait con misiles y drones m&aacute;s temprano en el d&iacute;a. En un comunicado subido a su sitio web, el Ej&eacute;rcito se&ntilde;al&oacute; que los ataques eran en venganza por el personal militar &hellip;<\/p>\n","protected":false},"author":2,"featured_media":9838,"comment_status":"open","ping_status":"open","sticky":false,"template":"","format":"standard","meta":{"_jetpack_memberships_contains_paid_content":false,"footnotes":""},"categories":[132],"tags":[],"class_list":["post-9837","post","type-post","status-publish","format-standard","has-post-thumbnail","hentry","category-internacionales"],"yoast_head":"<!-- This site is optimized with the Yoast SEO plugin v24.8.1 - https:\/\/yoast.com\/wordpress\/plugins\/seo\/ -->\n<title>Ej\u00e9rcito de Ir\u00e1n ataca bases militares de EE. UU. en EAU y Kuwait con drones y misiles -<\/title>\n<meta name=\"robots\" content=\"index, follow, max-snippet:-1, max-image-preview:large, max-video-preview:-1\" \/>\n<link rel=\"canonical\" href=\"https:\/\/periodicocentroccidente.com\/?p=9837\" \/>\n<meta property=\"og:locale\" content=\"es_ES\" \/>\n<meta property=\"og:type\" content=\"article\" \/>\n<meta property=\"og:title\" content=\"Ej\u00e9rcito de Ir\u00e1n ataca bases militares de EE. UU. en EAU y Kuwait con drones y misiles -\" \/>\n<meta property=\"og:description\" content=\"TEHER&Aacute;N.- El Ej&eacute;rcito de Ir&aacute;n dijo este jueves que sus fuerzas hab&iacute;an atacado bases militares de EE. UU. en Emiratos &Aacute;rabes Unidos (EAU) y Kuwait con misiles y drones m&aacute;s temprano en el d&iacute;a. En un comunicado subido a su sitio web, el Ej&eacute;rcito se&ntilde;al&oacute; que los ataques eran en venganza por el personal militar &hellip;\" \/>\n<meta property=\"og:url\" content=\"https:\/\/periodicocentroccidente.com\/?p=9837\" \/>\n<meta property=\"article:published_time\" content=\"2026-09-03T16:21:51+00:00\" \/>\n<meta property=\"og:image\" content=\"https:\/\/periodicocentroccidente.com\/wp-content\/uploads\/2026\/09\/f.elconfidencial.com_original_c79_490_ff8_c79490ff8e0a9be289be7f615b5a2067.jpg\" \/>\n\t<meta property=\"og:image:width\" content=\"1220\" \/>\n\t<meta property=\"og:image:height\" content=\"686\" \/>\n\t<meta property=\"og:image:type\" content=\"image\/jpeg\" \/>\n<meta name=\"author\" content=\"Ricardo\" \/>\n<meta name=\"twitter:card\" content=\"summary_large_image\" \/>\n<meta name=\"twitter:label1\" content=\"Escrito por\" \/>\n\t<meta name=\"twitter:data1\" content=\"Ricardo\" \/>\n\t<meta name=\"twitter:label2\" content=\"Tiempo de lectura\" \/>\n\t<meta name=\"twitter:data2\" content=\"2 minutos\" \/>\n<script type=\"application\/ld+json\" class=\"yoast-schema-graph\">{\"@context\":\"https:\/\/schema.org\",\"@graph\":[{\"@type\":\"WebPage\",\"@id\":\"https:\/\/periodicocentroccidente.com\/?p=9837\",\"url\":\"https:\/\/periodicocentroccidente.com\/?p=9837\",\"name\":\"Ej\u00e9rcito de Ir\u00e1n ataca bases militares de EE. UU. en EAU y Kuwait con drones y misiles -\",\"isPartOf\":{\"@id\":\"https:\/\/periodicocentroccidente.com\/#website\"},\"primaryImageOfPage\":{\"@id\":\"https:\/\/periodicocentroccidente.com\/?p=9837#primaryimage\"},\"image\":{\"@id\":\"https:\/\/periodicocentroccidente.com\/?p=9837#primaryimage\"},\"thumbnailUrl\":\"https:\/\/periodicocentroccidente.com\/wp-content\/uploads\/2026\/09\/f.elconfidencial.com_original_c79_490_ff8_c79490ff8e0a9be289be7f615b5a2067.jpg\",\"datePublished\":\"2026-09-03T16:21:51+00:00\",\"author\":{\"@id\":\"https:\/\/periodicocentroccidente.com\/#\/schema\/person\/f4e4a651098f3db198244657b7130e7e\"},\"breadcrumb\":{\"@id\":\"https:\/\/periodicocentroccidente.com\/?p=9837#breadcrumb\"},\"inLanguage\":\"es\",\"potentialAction\":[{\"@type\":\"ReadAction\",\"target\":[\"https:\/\/periodicocentroccidente.com\/?p=9837\"]}]},{\"@type\":\"ImageObject\",\"inLanguage\":\"es\",\"@id\":\"https:\/\/periodicocentroccidente.com\/?p=9837#primaryimage\",\"url\":\"https:\/\/periodicocentroccidente.com\/wp-content\/uploads\/2026\/09\/f.elconfidencial.com_original_c79_490_ff8_c79490ff8e0a9be289be7f615b5a2067.jpg\",\"contentUrl\":\"https:\/\/periodicocentroccidente.com\/wp-content\/uploads\/2026\/09\/f.elconfidencial.com_original_c79_490_ff8_c79490ff8e0a9be289be7f615b5a2067.jpg\",\"width\":1220,\"height\":686},{\"@type\":\"BreadcrumbList\",\"@id\":\"https:\/\/periodicocentroccidente.com\/?p=9837#breadcrumb\",\"itemListElement\":[{\"@type\":\"ListItem\",\"position\":1,\"name\":\"Portada\",\"item\":\"https:\/\/periodicocentroccidente.com\/\"},{\"@type\":\"ListItem\",\"position\":2,\"name\":\"Ej\u00e9rcito de Ir\u00e1n ataca bases militares de EE. UU. en EAU y Kuwait con drones y misiles\"}]},{\"@type\":\"WebSite\",\"@id\":\"https:\/\/periodicocentroccidente.com\/#website\",\"url\":\"https:\/\/periodicocentroccidente.com\/\",\"name\":\"\",\"description\":\"Periodismo serio y responsable\",\"potentialAction\":[{\"@type\":\"SearchAction\",\"target\":{\"@type\":\"EntryPoint\",\"urlTemplate\":\"https:\/\/periodicocentroccidente.com\/?s={search_term_string}\"},\"query-input\":{\"@type\":\"PropertyValueSpecification\",\"valueRequired\":true,\"valueName\":\"search_term_string\"}}],\"inLanguage\":\"es\"},{\"@type\":\"Person\",\"@id\":\"https:\/\/periodicocentroccidente.com\/#\/schema\/person\/f4e4a651098f3db198244657b7130e7e\",\"name\":\"Ricardo\",\"image\":{\"@type\":\"ImageObject\",\"inLanguage\":\"es\",\"@id\":\"https:\/\/periodicocentroccidente.com\/#\/schema\/person\/image\/\",\"url\":\"https:\/\/secure.gravatar.com\/avatar\/402e6137108ec0fdaa7809184382fb1dd2f8b00264c1d945d341f2b8f90db429?s=96&d=mm&r=g\",\"contentUrl\":\"https:\/\/secure.gravatar.com\/avatar\/402e6137108ec0fdaa7809184382fb1dd2f8b00264c1d945d341f2b8f90db429?s=96&d=mm&r=g\",\"caption\":\"Ricardo\"},\"url\":\"https:\/\/periodicocentroccidente.com\/?author=2\"}]}<\/script>\n<!-- \/ Yoast SEO plugin. -->","yoast_head_json":{"title":"Ej\u00e9rcito de Ir\u00e1n ataca bases militares de EE. UU. en EAU y Kuwait con drones y misiles -","robots":{"index":"index","follow":"follow","max-snippet":"max-snippet:-1","max-image-preview":"max-image-preview:large","max-video-preview":"max-video-preview:-1"},"canonical":"https:\/\/periodicocentroccidente.com\/?p=9837","og_locale":"es_ES","og_type":"article","og_title":"Ej\u00e9rcito de Ir\u00e1n ataca bases militares de EE. UU. en EAU y Kuwait con drones y misiles -","og_description":"TEHER&Aacute;N.- El Ej&eacute;rcito de Ir&aacute;n dijo este jueves que sus fuerzas hab&iacute;an atacado bases militares de EE. UU. en Emiratos &Aacute;rabes Unidos (EAU) y Kuwait con misiles y drones m&aacute;s temprano en el d&iacute;a. En un comunicado subido a su sitio web, el Ej&eacute;rcito se&ntilde;al&oacute; que los ataques eran en venganza por el personal militar &hellip;","og_url":"https:\/\/periodicocentroccidente.com\/?p=9837","article_published_time":"2026-09-03T16:21:51+00:00","og_image":[{"width":1220,"height":686,"url":"https:\/\/periodicocentroccidente.com\/wp-content\/uploads\/2026\/09\/f.elconfidencial.com_original_c79_490_ff8_c79490ff8e0a9be289be7f615b5a2067.jpg","type":"image\/jpeg"}],"author":"Ricardo","twitter_card":"summary_large_image","twitter_misc":{"Escrito por":"Ricardo","Tiempo de lectura":"2 minutos"},"schema":{"@context":"https:\/\/schema.org","@graph":[{"@type":"WebPage","@id":"https:\/\/periodicocentroccidente.com\/?p=9837","url":"https:\/\/periodicocentroccidente.com\/?p=9837","name":"Ej\u00e9rcito de Ir\u00e1n ataca bases militares de EE. UU. en EAU y Kuwait con drones y misiles -","isPartOf":{"@id":"https:\/\/periodicocentroccidente.com\/#website"},"primaryImageOfPage":{"@id":"https:\/\/periodicocentroccidente.com\/?p=9837#primaryimage"},"image":{"@id":"https:\/\/periodicocentroccidente.com\/?p=9837#primaryimage"},"thumbnailUrl":"https:\/\/periodicocentroccidente.com\/wp-content\/uploads\/2026\/09\/f.elconfidencial.com_original_c79_490_ff8_c79490ff8e0a9be289be7f615b5a2067.jpg","datePublished":"2026-09-03T16:21:51+00:00","author":{"@id":"https:\/\/periodicocentroccidente.com\/#\/schema\/person\/f4e4a651098f3db198244657b7130e7e"},"breadcrumb":{"@id":"https:\/\/periodicocentroccidente.com\/?p=9837#breadcrumb"},"inLanguage":"es","potentialAction":[{"@type":"ReadAction","target":["https:\/\/periodicocentroccidente.com\/?p=9837"]}]},{"@type":"ImageObject","inLanguage":"es","@id":"https:\/\/periodicocentroccidente.com\/?p=9837#primaryimage","url":"https:\/\/periodicocentroccidente.com\/wp-content\/uploads\/2026\/09\/f.elconfidencial.com_original_c79_490_ff8_c79490ff8e0a9be289be7f615b5a2067.jpg","contentUrl":"https:\/\/periodicocentroccidente.com\/wp-content\/uploads\/2026\/09\/f.elconfidencial.com_original_c79_490_ff8_c79490ff8e0a9be289be7f615b5a2067.jpg","width":1220,"height":686},{"@type":"BreadcrumbList","@id":"https:\/\/periodicocentroccidente.com\/?p=9837#breadcrumb","itemListElement":[{"@type":"ListItem","position":1,"name":"Portada","item":"https:\/\/periodicocentroccidente.com\/"},{"@type":"ListItem","position":2,"name":"Ej\u00e9rcito de Ir\u00e1n ataca bases militares de EE. UU. en EAU y Kuwait con drones y misiles"}]},{"@type":"WebSite","@id":"https:\/\/periodicocentroccidente.com\/#website","url":"https:\/\/periodicocentroccidente.com\/","name":"","description":"Periodismo serio y responsable","potentialAction":[{"@type":"SearchAction","target":{"@type":"EntryPoint","urlTemplate":"https:\/\/periodicocentroccidente.com\/?s={search_term_string}"},"query-input":{"@type":"PropertyValueSpecification","valueRequired":true,"valueName":"search_term_string"}}],"inLanguage":"es"},{"@type":"Person","@id":"https:\/\/periodicocentroccidente.com\/#\/schema\/person\/f4e4a651098f3db198244657b7130e7e","name":"Ricardo","image":{"@type":"ImageObject","inLanguage":"es","@id":"https:\/\/periodicocentroccidente.com\/#\/schema\/person\/image\/","url":"https:\/\/secure.gravatar.com\/avatar\/402e6137108ec0fdaa7809184382fb1dd2f8b00264c1d945d341f2b8f90db429?s=96&d=mm&r=g","contentUrl":"https:\/\/secure.gravatar.com\/avatar\/402e6137108ec0fdaa7809184382fb1dd2f8b00264c1d945d341f2b8f90db429?s=96&d=mm&r=g","caption":"Ricardo"},"url":"https:\/\/periodicocentroccidente.com\/?author=2"}]}},"jetpack_featured_media_url":"https:\/\/periodicocentroccidente.com\/wp-content\/uploads\/2026\/09\/f.elconfidencial.com_original_c79_490_ff8_c79490ff8e0a9be289be7f615b5a2067.jpg","jetpack_sharing_enabled":true,"jetpack-related-posts":[],"_links":{"self":[{"href":"https:\/\/periodicocentroccidente.com\/index.php?rest_route=\/wp\/v2\/posts\/9837","targetHints":{"allow":["GET"]}}],"collection":[{"href":"https:\/\/periodicocentroccidente.com\/index.php?rest_route=\/wp\/v2\/posts"}],"about":[{"href":"https:\/\/periodicocentroccidente.com\/index.php?rest_route=\/wp\/v2\/types\/post"}],"author":[{"embeddable":true,"href":"https:\/\/periodicocentroccidente.com\/index.php?rest_route=\/wp\/v2\/users\/2"}],"replies":[{"embeddable":true,"href":"https:\/\/periodicocentroccidente.com\/index.php?rest_route=%2Fwp%2Fv2%2Fcomments&post=9837"}],"version-history":[{"count":1,"href":"https:\/\/periodicocentroccidente.com\/index.php?rest_route=\/wp\/v2\/posts\/9837\/revisions"}],"predecessor-version":[{"id":9839,"href":"https:\/\/periodicocentroccidente.com\/index.php?rest_route=\/wp\/v2\/posts\/9837\/revisions\/9839"}],"wp:featuredmedia":[{"embeddable":true,"href":"https:\/\/periodicocentroccidente.com\/index.php?rest_route=\/wp\/v2\/media\/9838"}],"wp:attachment":[{"href":"https:\/\/periodicocentroccidente.com\/index.php?rest_route=%2Fwp%2Fv2%2Fmedia&parent=9837"}],"wp:term":[{"taxonomy":"category","embeddable":true,"href":"https:\/\/periodicocentroccidente.com\/index.php?rest_route=%2Fwp%2Fv2%2Fcategories&post=9837"},{"taxonomy":"post_tag","embeddable":true,"href":"https:\/\/periodicocentroccidente.com\/index.php?rest_route=%2Fwp%2Fv2%2Ftags&post=9837"}],"curies":[{"name":"wp","href":"https:\/\/api.w.org\/{rel}","templated":true}]}}