{"id":9833,"date":"2026-09-03T16:14:21","date_gmt":"2026-09-03T16:14:21","guid":{"rendered":"https:\/\/periodicocentroccidente.com\/?p=9833"},"modified":"2026-09-03T16:14:21","modified_gmt":"2026-09-03T16:14:21","slug":"angelo-perrone-lleva-su-musica-y-un-mensaje-de-amor-y-solidaridad-a-colombia","status":"publish","type":"post","link":"https:\/\/periodicocentroccidente.com\/?p=9833","title":{"rendered":"Angelo Perrone lleva su m\u00fasica y un mensaje de amor y solidaridad a Colombia"},"content":{"rendered":"<p><strong>Especial \/ Colombia.-<\/strong><\/p>\n<div dir=\"auto\">\u00a0El artista dominicano de proyecci\u00f3n internacional Angelo Perrone contin\u00faa consolidando su carrera fuera de Rep\u00fablica Dominicana y llev\u00f3 su m\u00fasica, alegr\u00eda y un mensaje de solidaridad a Colombia, durante una multitudinaria presentaci\u00f3n realizada en el Estadio Ditaires, en Itag\u00fc\u00ed, Antioquia.<\/div>\n<div dir=\"auto\"><\/div>\n<div dir=\"auto\">La presentaci\u00f3n se desarroll\u00f3 en el marco de las festividades de Itag\u00fc\u00ed, con el respaldo de la Alcald\u00eda de Itag\u00fc\u00ed y el equipo de producci\u00f3n responsable de la jornada, en un escenario que reuni\u00f3 a miles de personas y donde Perrone comparti\u00f3 cartel con destacados artistas nacionales e internacionales, entre ellos Delageto y Eddy Herrera.<\/div>\n<div dir=\"auto\"><\/div>\n<div dir=\"auto\">Durante su participaci\u00f3n, el artista interpret\u00f3 temas que forman parte de su actual propuesta musical, entre ellos \u201cHasta Abajo\u201d, \u201cQu\u00e9 T\u00fa Haces Con \u00c9l\u201d, \u201cSi Te Vas\u201d, \u201cSube La Nota\u201d y \u201cYo Soy\u201d, canciones pertenecientes a su \u00e1lbum DEQUINOESNA, lanzado en abril de 2026.<\/div>\n<div dir=\"auto\"><\/div>\n<div dir=\"auto\">Perrone destac\u00f3 que su propuesta sobre el escenario estuvo acompa\u00f1ada por un cuerpo de baile, con el prop\u00f3sito de convertir su m\u00fasica urbana en una experiencia de espect\u00e1culo. \u201cUno de los elementos que hizo especialmente significativo el encuentro fue su componente solidario con las personas afectadas por la tragedia del sismo que golpe\u00f3 diferentes zonas de Colombia\u201d.<\/div>\n<div dir=\"auto\"><\/div>\n<div dir=\"auto\">El artista manifest\u00f3 que sinti\u00f3 \u201cmucha tristeza y preocupaci\u00f3n\u201d al conocer la situaci\u00f3n y enfatiz\u00f3 que, como artista, no pod\u00eda permanecer indiferente ante el dolor de las familias afectadas.<\/div>\n<div dir=\"auto\"><\/div>\n<div dir=\"auto\">\u201cPara m\u00ed era muy importante que la m\u00fasica tambi\u00e9n pudiera convertirse en una herramienta para llevar esperanza, acompa\u00f1amiento y solidaridad\u201d, manifest\u00f3 Perrone.<\/div>\n<div dir=\"auto\"><\/div>\n<div dir=\"auto\">Asimismo, resalt\u00f3 que el dolor no tiene nacionalidad y que su manera de aportar fue poner su arte al servicio de un mensaje de solidaridad, procurando llevar alegr\u00eda y acompa\u00f1amiento a quienes atravesaban momentos dif\u00edciles.<\/div>\n<div dir=\"auto\">\u201cQuiero decirle a Colombia que no est\u00e1 sola. Desde Rep\u00fablica Dominicana env\u00edo un abrazo enorme a todas las familias afectadas\u201d, expres\u00f3 el int\u00e9rprete.<\/div>\n<div dir=\"auto\"><\/div>\n<div dir=\"auto\">El cantante extern\u00f3 sentirse profundamente agradecido por el cari\u00f1o que ha recibido del p\u00fablico colombiano, a este respaldo se suma el reconocimiento recibido en mayo de 2026, cuando fue distinguido como Artista Revelaci\u00f3n del A\u00f1o en los Premios F\u00e9nix Fest, realizados en Medell\u00edn. \u201cLlegu\u00e9 como un artista dominicano con un sue\u00f1o y poco a poco Colombia me ha abierto las puertas\u201d, resalt\u00f3.<\/div>\n<div dir=\"auto\"><\/div>\n<div dir=\"auto\">El artista tambi\u00e9n manifest\u00f3 su agradecimiento al alcalde de Itag\u00fc\u00ed, Diego Torres S\u00e1nchez, y a la administraci\u00f3n municipal por las palabras de gratitud hacia su participaci\u00f3n en esta importante jornada.<\/div>\n<div dir=\"auto\"><\/div>\n<div dir=\"auto\">El 2026 representa para Angelo Perrone una etapa de crecimiento y expansi\u00f3n. El artista contin\u00faa promoviendo su \u00e1lbum DEQUINOESNA, mientras fortalece su presencia tanto en Colombia como en Rep\u00fablica Dominicana.<\/div>\n<div dir=\"auto\"><\/div>\n<div dir=\"auto\">Entre sus pr\u00f3ximos proyectos figuran nuevas canciones, fusiones musicales, presentaciones internacionales y la producci\u00f3n de nuevos videoclips de las cuales puedes conocer m\u00e1s a trav\u00e9s de sus diferentes redes sociales @angeloperroneb_ .<\/div>\n<div dir=\"auto\"><\/div>\n<div dir=\"auto\">\u201cMi objetivo es que cuando escuchen el nombre de Angelo Perrone sepan que est\u00e1n hablando de un artista dominicano que est\u00e1 trabajando para llevar la bandera de Rep\u00fablica Dominicana a escenarios internacionales\u201d, enfatiz\u00f3.<\/div>\n<div dir=\"auto\"><\/div>\n<div dir=\"auto\"><img loading=\"lazy\" decoding=\"async\" class=\"alignnone size-medium wp-image-9835\" src=\"https:\/\/periodicocentroccidente.com\/wp-content\/uploads\/2026\/09\/1009847240-169x300.jpg\" alt=\"\" width=\"169\" height=\"300\" srcset=\"https:\/\/periodicocentroccidente.com\/wp-content\/uploads\/2026\/09\/1009847240-169x300.jpg 169w, https:\/\/periodicocentroccidente.com\/wp-content\/uploads\/2026\/09\/1009847240-576x1024.jpg 576w, https:\/\/periodicocentroccidente.com\/wp-content\/uploads\/2026\/09\/1009847240-768x1365.jpg 768w, https:\/\/periodicocentroccidente.com\/wp-content\/uploads\/2026\/09\/1009847240-864x1536.jpg 864w, https:\/\/periodicocentroccidente.com\/wp-content\/uploads\/2026\/09\/1009847240.jpg 900w\" sizes=\"auto, (max-width: 169px) 100vw, 169px\" \/><\/div>\n","protected":false},"excerpt":{"rendered":"<p>Especial \/ Colombia.- &nbsp;El artista dominicano de proyecci&oacute;n internacional Angelo Perrone contin&uacute;a consolidando su carrera fuera de Rep&uacute;blica Dominicana y llev&oacute; su m&uacute;sica, alegr&iacute;a y un mensaje de solidaridad a Colombia, durante una multitudinaria presentaci&oacute;n realizada en el Estadio Ditaires, en Itag&uuml;&iacute;, Antioquia. La presentaci&oacute;n se desarroll&oacute; en el marco de las festividades de Itag&uuml;&iacute;, &hellip;<\/p>\n","protected":false},"author":2,"featured_media":9834,"comment_status":"open","ping_status":"open","sticky":false,"template":"","format":"standard","meta":{"_jetpack_memberships_contains_paid_content":false,"footnotes":""},"categories":[127],"tags":[],"class_list":["post-9833","post","type-post","status-publish","format-standard","has-post-thumbnail","hentry","category-noticias-recientes"],"yoast_head":"<!-- This site is optimized with the Yoast SEO plugin v24.8.1 - https:\/\/yoast.com\/wordpress\/plugins\/seo\/ -->\n<title>Angelo Perrone lleva su m\u00fasica y un mensaje de amor y solidaridad a Colombia -<\/title>\n<meta name=\"robots\" content=\"index, follow, max-snippet:-1, max-image-preview:large, max-video-preview:-1\" \/>\n<link rel=\"canonical\" href=\"https:\/\/periodicocentroccidente.com\/?p=9833\" \/>\n<meta property=\"og:locale\" content=\"es_ES\" \/>\n<meta property=\"og:type\" content=\"article\" \/>\n<meta property=\"og:title\" content=\"Angelo Perrone lleva su m\u00fasica y un mensaje de amor y solidaridad a Colombia -\" \/>\n<meta property=\"og:description\" content=\"Especial \/ Colombia.- &nbsp;El artista dominicano de proyecci&oacute;n internacional Angelo Perrone contin&uacute;a consolidando su carrera fuera de Rep&uacute;blica Dominicana y llev&oacute; su m&uacute;sica, alegr&iacute;a y un mensaje de solidaridad a Colombia, durante una multitudinaria presentaci&oacute;n realizada en el Estadio Ditaires, en Itag&uuml;&iacute;, Antioquia. La presentaci&oacute;n se desarroll&oacute; en el marco de las festividades de Itag&uuml;&iacute;, &hellip;\" \/>\n<meta property=\"og:url\" content=\"https:\/\/periodicocentroccidente.com\/?p=9833\" \/>\n<meta property=\"article:published_time\" content=\"2026-09-03T16:14:21+00:00\" \/>\n<meta property=\"og:image\" content=\"https:\/\/periodicocentroccidente.com\/wp-content\/uploads\/2026\/09\/1009847237.jpg\" \/>\n\t<meta property=\"og:image:width\" content=\"1403\" \/>\n\t<meta property=\"og:image:height\" content=\"1121\" \/>\n\t<meta property=\"og:image:type\" content=\"image\/jpeg\" \/>\n<meta name=\"author\" content=\"Ricardo\" \/>\n<meta name=\"twitter:card\" content=\"summary_large_image\" \/>\n<meta name=\"twitter:label1\" content=\"Escrito por\" \/>\n\t<meta name=\"twitter:data1\" content=\"Ricardo\" \/>\n\t<meta name=\"twitter:label2\" content=\"Tiempo de lectura\" \/>\n\t<meta name=\"twitter:data2\" content=\"3 minutos\" \/>\n<script type=\"application\/ld+json\" class=\"yoast-schema-graph\">{\"@context\":\"https:\/\/schema.org\",\"@graph\":[{\"@type\":\"WebPage\",\"@id\":\"https:\/\/periodicocentroccidente.com\/?p=9833\",\"url\":\"https:\/\/periodicocentroccidente.com\/?p=9833\",\"name\":\"Angelo Perrone lleva su m\u00fasica y un mensaje de amor y solidaridad a Colombia -\",\"isPartOf\":{\"@id\":\"https:\/\/periodicocentroccidente.com\/#website\"},\"primaryImageOfPage\":{\"@id\":\"https:\/\/periodicocentroccidente.com\/?p=9833#primaryimage\"},\"image\":{\"@id\":\"https:\/\/periodicocentroccidente.com\/?p=9833#primaryimage\"},\"thumbnailUrl\":\"https:\/\/periodicocentroccidente.com\/wp-content\/uploads\/2026\/09\/1009847237.jpg\",\"datePublished\":\"2026-09-03T16:14:21+00:00\",\"author\":{\"@id\":\"https:\/\/periodicocentroccidente.com\/#\/schema\/person\/f4e4a651098f3db198244657b7130e7e\"},\"breadcrumb\":{\"@id\":\"https:\/\/periodicocentroccidente.com\/?p=9833#breadcrumb\"},\"inLanguage\":\"es\",\"potentialAction\":[{\"@type\":\"ReadAction\",\"target\":[\"https:\/\/periodicocentroccidente.com\/?p=9833\"]}]},{\"@type\":\"ImageObject\",\"inLanguage\":\"es\",\"@id\":\"https:\/\/periodicocentroccidente.com\/?p=9833#primaryimage\",\"url\":\"https:\/\/periodicocentroccidente.com\/wp-content\/uploads\/2026\/09\/1009847237.jpg\",\"contentUrl\":\"https:\/\/periodicocentroccidente.com\/wp-content\/uploads\/2026\/09\/1009847237.jpg\",\"width\":1403,\"height\":1121},{\"@type\":\"BreadcrumbList\",\"@id\":\"https:\/\/periodicocentroccidente.com\/?p=9833#breadcrumb\",\"itemListElement\":[{\"@type\":\"ListItem\",\"position\":1,\"name\":\"Portada\",\"item\":\"https:\/\/periodicocentroccidente.com\/\"},{\"@type\":\"ListItem\",\"position\":2,\"name\":\"Angelo Perrone lleva su m\u00fasica y un mensaje de amor y solidaridad a Colombia\"}]},{\"@type\":\"WebSite\",\"@id\":\"https:\/\/periodicocentroccidente.com\/#website\",\"url\":\"https:\/\/periodicocentroccidente.com\/\",\"name\":\"\",\"description\":\"Periodismo serio y responsable\",\"potentialAction\":[{\"@type\":\"SearchAction\",\"target\":{\"@type\":\"EntryPoint\",\"urlTemplate\":\"https:\/\/periodicocentroccidente.com\/?s={search_term_string}\"},\"query-input\":{\"@type\":\"PropertyValueSpecification\",\"valueRequired\":true,\"valueName\":\"search_term_string\"}}],\"inLanguage\":\"es\"},{\"@type\":\"Person\",\"@id\":\"https:\/\/periodicocentroccidente.com\/#\/schema\/person\/f4e4a651098f3db198244657b7130e7e\",\"name\":\"Ricardo\",\"image\":{\"@type\":\"ImageObject\",\"inLanguage\":\"es\",\"@id\":\"https:\/\/periodicocentroccidente.com\/#\/schema\/person\/image\/\",\"url\":\"https:\/\/secure.gravatar.com\/avatar\/402e6137108ec0fdaa7809184382fb1dd2f8b00264c1d945d341f2b8f90db429?s=96&d=mm&r=g\",\"contentUrl\":\"https:\/\/secure.gravatar.com\/avatar\/402e6137108ec0fdaa7809184382fb1dd2f8b00264c1d945d341f2b8f90db429?s=96&d=mm&r=g\",\"caption\":\"Ricardo\"},\"url\":\"https:\/\/periodicocentroccidente.com\/?author=2\"}]}<\/script>\n<!-- \/ Yoast SEO plugin. -->","yoast_head_json":{"title":"Angelo Perrone lleva su m\u00fasica y un mensaje de amor y solidaridad a Colombia -","robots":{"index":"index","follow":"follow","max-snippet":"max-snippet:-1","max-image-preview":"max-image-preview:large","max-video-preview":"max-video-preview:-1"},"canonical":"https:\/\/periodicocentroccidente.com\/?p=9833","og_locale":"es_ES","og_type":"article","og_title":"Angelo Perrone lleva su m\u00fasica y un mensaje de amor y solidaridad a Colombia -","og_description":"Especial \/ Colombia.- &nbsp;El artista dominicano de proyecci&oacute;n internacional Angelo Perrone contin&uacute;a consolidando su carrera fuera de Rep&uacute;blica Dominicana y llev&oacute; su m&uacute;sica, alegr&iacute;a y un mensaje de solidaridad a Colombia, durante una multitudinaria presentaci&oacute;n realizada en el Estadio Ditaires, en Itag&uuml;&iacute;, Antioquia. La presentaci&oacute;n se desarroll&oacute; en el marco de las festividades de Itag&uuml;&iacute;, &hellip;","og_url":"https:\/\/periodicocentroccidente.com\/?p=9833","article_published_time":"2026-09-03T16:14:21+00:00","og_image":[{"width":1403,"height":1121,"url":"https:\/\/periodicocentroccidente.com\/wp-content\/uploads\/2026\/09\/1009847237.jpg","type":"image\/jpeg"}],"author":"Ricardo","twitter_card":"summary_large_image","twitter_misc":{"Escrito por":"Ricardo","Tiempo de lectura":"3 minutos"},"schema":{"@context":"https:\/\/schema.org","@graph":[{"@type":"WebPage","@id":"https:\/\/periodicocentroccidente.com\/?p=9833","url":"https:\/\/periodicocentroccidente.com\/?p=9833","name":"Angelo Perrone lleva su m\u00fasica y un mensaje de amor y solidaridad a Colombia -","isPartOf":{"@id":"https:\/\/periodicocentroccidente.com\/#website"},"primaryImageOfPage":{"@id":"https:\/\/periodicocentroccidente.com\/?p=9833#primaryimage"},"image":{"@id":"https:\/\/periodicocentroccidente.com\/?p=9833#primaryimage"},"thumbnailUrl":"https:\/\/periodicocentroccidente.com\/wp-content\/uploads\/2026\/09\/1009847237.jpg","datePublished":"2026-09-03T16:14:21+00:00","author":{"@id":"https:\/\/periodicocentroccidente.com\/#\/schema\/person\/f4e4a651098f3db198244657b7130e7e"},"breadcrumb":{"@id":"https:\/\/periodicocentroccidente.com\/?p=9833#breadcrumb"},"inLanguage":"es","potentialAction":[{"@type":"ReadAction","target":["https:\/\/periodicocentroccidente.com\/?p=9833"]}]},{"@type":"ImageObject","inLanguage":"es","@id":"https:\/\/periodicocentroccidente.com\/?p=9833#primaryimage","url":"https:\/\/periodicocentroccidente.com\/wp-content\/uploads\/2026\/09\/1009847237.jpg","contentUrl":"https:\/\/periodicocentroccidente.com\/wp-content\/uploads\/2026\/09\/1009847237.jpg","width":1403,"height":1121},{"@type":"BreadcrumbList","@id":"https:\/\/periodicocentroccidente.com\/?p=9833#breadcrumb","itemListElement":[{"@type":"ListItem","position":1,"name":"Portada","item":"https:\/\/periodicocentroccidente.com\/"},{"@type":"ListItem","position":2,"name":"Angelo Perrone lleva su m\u00fasica y un mensaje de amor y solidaridad a Colombia"}]},{"@type":"WebSite","@id":"https:\/\/periodicocentroccidente.com\/#website","url":"https:\/\/periodicocentroccidente.com\/","name":"","description":"Periodismo serio y responsable","potentialAction":[{"@type":"SearchAction","target":{"@type":"EntryPoint","urlTemplate":"https:\/\/periodicocentroccidente.com\/?s={search_term_string}"},"query-input":{"@type":"PropertyValueSpecification","valueRequired":true,"valueName":"search_term_string"}}],"inLanguage":"es"},{"@type":"Person","@id":"https:\/\/periodicocentroccidente.com\/#\/schema\/person\/f4e4a651098f3db198244657b7130e7e","name":"Ricardo","image":{"@type":"ImageObject","inLanguage":"es","@id":"https:\/\/periodicocentroccidente.com\/#\/schema\/person\/image\/","url":"https:\/\/secure.gravatar.com\/avatar\/402e6137108ec0fdaa7809184382fb1dd2f8b00264c1d945d341f2b8f90db429?s=96&d=mm&r=g","contentUrl":"https:\/\/secure.gravatar.com\/avatar\/402e6137108ec0fdaa7809184382fb1dd2f8b00264c1d945d341f2b8f90db429?s=96&d=mm&r=g","caption":"Ricardo"},"url":"https:\/\/periodicocentroccidente.com\/?author=2"}]}},"jetpack_featured_media_url":"https:\/\/periodicocentroccidente.com\/wp-content\/uploads\/2026\/09\/1009847237.jpg","jetpack_sharing_enabled":true,"jetpack-related-posts":[],"_links":{"self":[{"href":"https:\/\/periodicocentroccidente.com\/index.php?rest_route=\/wp\/v2\/posts\/9833","targetHints":{"allow":["GET"]}}],"collection":[{"href":"https:\/\/periodicocentroccidente.com\/index.php?rest_route=\/wp\/v2\/posts"}],"about":[{"href":"https:\/\/periodicocentroccidente.com\/index.php?rest_route=\/wp\/v2\/types\/post"}],"author":[{"embeddable":true,"href":"https:\/\/periodicocentroccidente.com\/index.php?rest_route=\/wp\/v2\/users\/2"}],"replies":[{"embeddable":true,"href":"https:\/\/periodicocentroccidente.com\/index.php?rest_route=%2Fwp%2Fv2%2Fcomments&post=9833"}],"version-history":[{"count":1,"href":"https:\/\/periodicocentroccidente.com\/index.php?rest_route=\/wp\/v2\/posts\/9833\/revisions"}],"predecessor-version":[{"id":9836,"href":"https:\/\/periodicocentroccidente.com\/index.php?rest_route=\/wp\/v2\/posts\/9833\/revisions\/9836"}],"wp:featuredmedia":[{"embeddable":true,"href":"https:\/\/periodicocentroccidente.com\/index.php?rest_route=\/wp\/v2\/media\/9834"}],"wp:attachment":[{"href":"https:\/\/periodicocentroccidente.com\/index.php?rest_route=%2Fwp%2Fv2%2Fmedia&parent=9833"}],"wp:term":[{"taxonomy":"category","embeddable":true,"href":"https:\/\/periodicocentroccidente.com\/index.php?rest_route=%2Fwp%2Fv2%2Fcategories&post=9833"},{"taxonomy":"post_tag","embeddable":true,"href":"https:\/\/periodicocentroccidente.com\/index.php?rest_route=%2Fwp%2Fv2%2Ftags&post=9833"}],"curies":[{"name":"wp","href":"https:\/\/api.w.org\/{rel}","templated":true}]}}