{"id":9826,"date":"2026-09-03T15:58:13","date_gmt":"2026-09-03T15:58:13","guid":{"rendered":"https:\/\/periodicocentroccidente.com\/?p=9826"},"modified":"2026-09-03T15:58:13","modified_gmt":"2026-09-03T15:58:13","slug":"reymusik-enciende-la-escena-musical-con-su-nuevo-sencillo-el-tiquitiquita","status":"publish","type":"post","link":"https:\/\/periodicocentroccidente.com\/?p=9826","title":{"rendered":"Reymusik enciende la escena musical con su nuevo sencillo \u00abEl Tiquitiquita\u00bb"},"content":{"rendered":"<p><strong>lapuracrema.net \/ Maracaibo, Venezuela<\/strong><\/p>\n<div dir=\"auto\">El artista y cantautor venezolano Reymusik vuelve a demostrar su versatilidad y profundo amor por las ra\u00edces musicales de su tierra con el lanzamiento de su m\u00e1s reciente sencillo promocional titulado \u00abEl Tiquitiquita\u00bb. Este nuevo tema, que ya se encuentra disponible en todas las plataformas digitales de reproducci\u00f3n musical, cuenta con la autor\u00eda de Luis Germ\u00e1n Brice\u00f1o, cari\u00f1osamente conocido como el \u201cCatite Machete\u201d, y del propio Reymusik.<\/div>\n<div dir=\"auto\"><\/div>\n<div dir=\"auto\">\u00abEl Tiquitiquita\u00bb se perfila como el nuevo himno festivo de la temporada. Compuesto con una letra sumamente pegajosa, contagiosa y 100% bailable, el sencillo tiene como prop\u00f3sito fundamental refrescar el g\u00e9nero de la guaracha zuliana, fusionando la esencia tradicional con matices modernos que invitan a la gozadera desde el primer segundo.<\/div>\n<div dir=\"auto\"><\/div>\n<div dir=\"auto\">A la par del lanzamiento en plataformas digitales, Reymusik estren\u00f3 con rotundo \u00e9xito el videoclip oficial del tema. La pieza audiovisual, que ya est\u00e1 disponible en el canal oficial de YouTube del cantautor, destaca por una propuesta visual colorida, en\u00e9rgica y llena de baile, reflejando la alegr\u00eda desbordante que caracteriza al artista y a su propuesta esc\u00e9nica.<\/div>\n<div dir=\"auto\"><\/div>\n<div dir=\"auto\">Con este estreno, Reymusik consolida su camino en la industria musical, apostando por el talento nacional y llevando el sabor de la guaracha a cada rinc\u00f3n de Venezuela y m\u00e1s all\u00e1 de sus fronteras.<\/div>\n<div dir=\"auto\">El sencillo \u00abEl Tiquitiquita\u00bb y su videoclip ya pueden disfrutarse en YouTube y en todas las plataformas digitales como Spotify, Apple Music y Deezer.<\/div>\n","protected":false},"excerpt":{"rendered":"<p>lapuracrema.net \/ Maracaibo, Venezuela El artista y cantautor venezolano Reymusik vuelve a demostrar su versatilidad y profundo amor por las ra&iacute;ces musicales de su tierra con el lanzamiento de su m&aacute;s reciente sencillo promocional titulado &laquo;El Tiquitiquita&raquo;. Este nuevo tema, que ya se encuentra disponible en todas las plataformas digitales de reproducci&oacute;n musical, cuenta con &hellip;<\/p>\n","protected":false},"author":2,"featured_media":9828,"comment_status":"open","ping_status":"open","sticky":false,"template":"","format":"standard","meta":{"_jetpack_memberships_contains_paid_content":false,"footnotes":""},"categories":[129],"tags":[],"class_list":["post-9826","post","type-post","status-publish","format-standard","has-post-thumbnail","hentry","category-farandula"],"yoast_head":"<!-- This site is optimized with the Yoast SEO plugin v24.8.1 - https:\/\/yoast.com\/wordpress\/plugins\/seo\/ -->\n<title>Reymusik enciende la escena musical con su nuevo sencillo &quot;El Tiquitiquita&quot; -<\/title>\n<meta name=\"robots\" content=\"index, follow, max-snippet:-1, max-image-preview:large, max-video-preview:-1\" \/>\n<link rel=\"canonical\" href=\"https:\/\/periodicocentroccidente.com\/?p=9826\" \/>\n<meta property=\"og:locale\" content=\"es_ES\" \/>\n<meta property=\"og:type\" content=\"article\" \/>\n<meta property=\"og:title\" content=\"Reymusik enciende la escena musical con su nuevo sencillo &quot;El Tiquitiquita&quot; -\" \/>\n<meta property=\"og:description\" content=\"lapuracrema.net \/ Maracaibo, Venezuela El artista y cantautor venezolano Reymusik vuelve a demostrar su versatilidad y profundo amor por las ra&iacute;ces musicales de su tierra con el lanzamiento de su m&aacute;s reciente sencillo promocional titulado &laquo;El Tiquitiquita&raquo;. Este nuevo tema, que ya se encuentra disponible en todas las plataformas digitales de reproducci&oacute;n musical, cuenta con &hellip;\" \/>\n<meta property=\"og:url\" content=\"https:\/\/periodicocentroccidente.com\/?p=9826\" \/>\n<meta property=\"article:published_time\" content=\"2026-09-03T15:58:13+00:00\" \/>\n<meta property=\"og:image\" content=\"https:\/\/periodicocentroccidente.com\/wp-content\/uploads\/2026\/09\/1009847057.jpg\" \/>\n\t<meta property=\"og:image:width\" content=\"1080\" \/>\n\t<meta property=\"og:image:height\" content=\"581\" \/>\n\t<meta property=\"og:image:type\" content=\"image\/jpeg\" \/>\n<meta name=\"author\" content=\"Ricardo\" \/>\n<meta name=\"twitter:card\" content=\"summary_large_image\" \/>\n<meta name=\"twitter:label1\" content=\"Escrito por\" \/>\n\t<meta name=\"twitter:data1\" content=\"Ricardo\" \/>\n\t<meta name=\"twitter:label2\" content=\"Tiempo de lectura\" \/>\n\t<meta name=\"twitter:data2\" content=\"2 minutos\" \/>\n<script type=\"application\/ld+json\" class=\"yoast-schema-graph\">{\"@context\":\"https:\/\/schema.org\",\"@graph\":[{\"@type\":\"WebPage\",\"@id\":\"https:\/\/periodicocentroccidente.com\/?p=9826\",\"url\":\"https:\/\/periodicocentroccidente.com\/?p=9826\",\"name\":\"Reymusik enciende la escena musical con su nuevo sencillo \\\"El Tiquitiquita\\\" -\",\"isPartOf\":{\"@id\":\"https:\/\/periodicocentroccidente.com\/#website\"},\"primaryImageOfPage\":{\"@id\":\"https:\/\/periodicocentroccidente.com\/?p=9826#primaryimage\"},\"image\":{\"@id\":\"https:\/\/periodicocentroccidente.com\/?p=9826#primaryimage\"},\"thumbnailUrl\":\"https:\/\/periodicocentroccidente.com\/wp-content\/uploads\/2026\/09\/1009847057.jpg\",\"datePublished\":\"2026-09-03T15:58:13+00:00\",\"author\":{\"@id\":\"https:\/\/periodicocentroccidente.com\/#\/schema\/person\/f4e4a651098f3db198244657b7130e7e\"},\"breadcrumb\":{\"@id\":\"https:\/\/periodicocentroccidente.com\/?p=9826#breadcrumb\"},\"inLanguage\":\"es\",\"potentialAction\":[{\"@type\":\"ReadAction\",\"target\":[\"https:\/\/periodicocentroccidente.com\/?p=9826\"]}]},{\"@type\":\"ImageObject\",\"inLanguage\":\"es\",\"@id\":\"https:\/\/periodicocentroccidente.com\/?p=9826#primaryimage\",\"url\":\"https:\/\/periodicocentroccidente.com\/wp-content\/uploads\/2026\/09\/1009847057.jpg\",\"contentUrl\":\"https:\/\/periodicocentroccidente.com\/wp-content\/uploads\/2026\/09\/1009847057.jpg\",\"width\":1080,\"height\":581},{\"@type\":\"BreadcrumbList\",\"@id\":\"https:\/\/periodicocentroccidente.com\/?p=9826#breadcrumb\",\"itemListElement\":[{\"@type\":\"ListItem\",\"position\":1,\"name\":\"Portada\",\"item\":\"https:\/\/periodicocentroccidente.com\/\"},{\"@type\":\"ListItem\",\"position\":2,\"name\":\"Reymusik enciende la escena musical con su nuevo sencillo \u00abEl Tiquitiquita\u00bb\"}]},{\"@type\":\"WebSite\",\"@id\":\"https:\/\/periodicocentroccidente.com\/#website\",\"url\":\"https:\/\/periodicocentroccidente.com\/\",\"name\":\"\",\"description\":\"Periodismo serio y responsable\",\"potentialAction\":[{\"@type\":\"SearchAction\",\"target\":{\"@type\":\"EntryPoint\",\"urlTemplate\":\"https:\/\/periodicocentroccidente.com\/?s={search_term_string}\"},\"query-input\":{\"@type\":\"PropertyValueSpecification\",\"valueRequired\":true,\"valueName\":\"search_term_string\"}}],\"inLanguage\":\"es\"},{\"@type\":\"Person\",\"@id\":\"https:\/\/periodicocentroccidente.com\/#\/schema\/person\/f4e4a651098f3db198244657b7130e7e\",\"name\":\"Ricardo\",\"image\":{\"@type\":\"ImageObject\",\"inLanguage\":\"es\",\"@id\":\"https:\/\/periodicocentroccidente.com\/#\/schema\/person\/image\/\",\"url\":\"https:\/\/secure.gravatar.com\/avatar\/402e6137108ec0fdaa7809184382fb1dd2f8b00264c1d945d341f2b8f90db429?s=96&d=mm&r=g\",\"contentUrl\":\"https:\/\/secure.gravatar.com\/avatar\/402e6137108ec0fdaa7809184382fb1dd2f8b00264c1d945d341f2b8f90db429?s=96&d=mm&r=g\",\"caption\":\"Ricardo\"},\"url\":\"https:\/\/periodicocentroccidente.com\/?author=2\"}]}<\/script>\n<!-- \/ Yoast SEO plugin. -->","yoast_head_json":{"title":"Reymusik enciende la escena musical con su nuevo sencillo \"El Tiquitiquita\" -","robots":{"index":"index","follow":"follow","max-snippet":"max-snippet:-1","max-image-preview":"max-image-preview:large","max-video-preview":"max-video-preview:-1"},"canonical":"https:\/\/periodicocentroccidente.com\/?p=9826","og_locale":"es_ES","og_type":"article","og_title":"Reymusik enciende la escena musical con su nuevo sencillo \"El Tiquitiquita\" -","og_description":"lapuracrema.net \/ Maracaibo, Venezuela El artista y cantautor venezolano Reymusik vuelve a demostrar su versatilidad y profundo amor por las ra&iacute;ces musicales de su tierra con el lanzamiento de su m&aacute;s reciente sencillo promocional titulado &laquo;El Tiquitiquita&raquo;. Este nuevo tema, que ya se encuentra disponible en todas las plataformas digitales de reproducci&oacute;n musical, cuenta con &hellip;","og_url":"https:\/\/periodicocentroccidente.com\/?p=9826","article_published_time":"2026-09-03T15:58:13+00:00","og_image":[{"width":1080,"height":581,"url":"https:\/\/periodicocentroccidente.com\/wp-content\/uploads\/2026\/09\/1009847057.jpg","type":"image\/jpeg"}],"author":"Ricardo","twitter_card":"summary_large_image","twitter_misc":{"Escrito por":"Ricardo","Tiempo de lectura":"2 minutos"},"schema":{"@context":"https:\/\/schema.org","@graph":[{"@type":"WebPage","@id":"https:\/\/periodicocentroccidente.com\/?p=9826","url":"https:\/\/periodicocentroccidente.com\/?p=9826","name":"Reymusik enciende la escena musical con su nuevo sencillo \"El Tiquitiquita\" -","isPartOf":{"@id":"https:\/\/periodicocentroccidente.com\/#website"},"primaryImageOfPage":{"@id":"https:\/\/periodicocentroccidente.com\/?p=9826#primaryimage"},"image":{"@id":"https:\/\/periodicocentroccidente.com\/?p=9826#primaryimage"},"thumbnailUrl":"https:\/\/periodicocentroccidente.com\/wp-content\/uploads\/2026\/09\/1009847057.jpg","datePublished":"2026-09-03T15:58:13+00:00","author":{"@id":"https:\/\/periodicocentroccidente.com\/#\/schema\/person\/f4e4a651098f3db198244657b7130e7e"},"breadcrumb":{"@id":"https:\/\/periodicocentroccidente.com\/?p=9826#breadcrumb"},"inLanguage":"es","potentialAction":[{"@type":"ReadAction","target":["https:\/\/periodicocentroccidente.com\/?p=9826"]}]},{"@type":"ImageObject","inLanguage":"es","@id":"https:\/\/periodicocentroccidente.com\/?p=9826#primaryimage","url":"https:\/\/periodicocentroccidente.com\/wp-content\/uploads\/2026\/09\/1009847057.jpg","contentUrl":"https:\/\/periodicocentroccidente.com\/wp-content\/uploads\/2026\/09\/1009847057.jpg","width":1080,"height":581},{"@type":"BreadcrumbList","@id":"https:\/\/periodicocentroccidente.com\/?p=9826#breadcrumb","itemListElement":[{"@type":"ListItem","position":1,"name":"Portada","item":"https:\/\/periodicocentroccidente.com\/"},{"@type":"ListItem","position":2,"name":"Reymusik enciende la escena musical con su nuevo sencillo \u00abEl Tiquitiquita\u00bb"}]},{"@type":"WebSite","@id":"https:\/\/periodicocentroccidente.com\/#website","url":"https:\/\/periodicocentroccidente.com\/","name":"","description":"Periodismo serio y responsable","potentialAction":[{"@type":"SearchAction","target":{"@type":"EntryPoint","urlTemplate":"https:\/\/periodicocentroccidente.com\/?s={search_term_string}"},"query-input":{"@type":"PropertyValueSpecification","valueRequired":true,"valueName":"search_term_string"}}],"inLanguage":"es"},{"@type":"Person","@id":"https:\/\/periodicocentroccidente.com\/#\/schema\/person\/f4e4a651098f3db198244657b7130e7e","name":"Ricardo","image":{"@type":"ImageObject","inLanguage":"es","@id":"https:\/\/periodicocentroccidente.com\/#\/schema\/person\/image\/","url":"https:\/\/secure.gravatar.com\/avatar\/402e6137108ec0fdaa7809184382fb1dd2f8b00264c1d945d341f2b8f90db429?s=96&d=mm&r=g","contentUrl":"https:\/\/secure.gravatar.com\/avatar\/402e6137108ec0fdaa7809184382fb1dd2f8b00264c1d945d341f2b8f90db429?s=96&d=mm&r=g","caption":"Ricardo"},"url":"https:\/\/periodicocentroccidente.com\/?author=2"}]}},"jetpack_featured_media_url":"https:\/\/periodicocentroccidente.com\/wp-content\/uploads\/2026\/09\/1009847057.jpg","jetpack_sharing_enabled":true,"jetpack-related-posts":[],"_links":{"self":[{"href":"https:\/\/periodicocentroccidente.com\/index.php?rest_route=\/wp\/v2\/posts\/9826","targetHints":{"allow":["GET"]}}],"collection":[{"href":"https:\/\/periodicocentroccidente.com\/index.php?rest_route=\/wp\/v2\/posts"}],"about":[{"href":"https:\/\/periodicocentroccidente.com\/index.php?rest_route=\/wp\/v2\/types\/post"}],"author":[{"embeddable":true,"href":"https:\/\/periodicocentroccidente.com\/index.php?rest_route=\/wp\/v2\/users\/2"}],"replies":[{"embeddable":true,"href":"https:\/\/periodicocentroccidente.com\/index.php?rest_route=%2Fwp%2Fv2%2Fcomments&post=9826"}],"version-history":[{"count":1,"href":"https:\/\/periodicocentroccidente.com\/index.php?rest_route=\/wp\/v2\/posts\/9826\/revisions"}],"predecessor-version":[{"id":9830,"href":"https:\/\/periodicocentroccidente.com\/index.php?rest_route=\/wp\/v2\/posts\/9826\/revisions\/9830"}],"wp:featuredmedia":[{"embeddable":true,"href":"https:\/\/periodicocentroccidente.com\/index.php?rest_route=\/wp\/v2\/media\/9828"}],"wp:attachment":[{"href":"https:\/\/periodicocentroccidente.com\/index.php?rest_route=%2Fwp%2Fv2%2Fmedia&parent=9826"}],"wp:term":[{"taxonomy":"category","embeddable":true,"href":"https:\/\/periodicocentroccidente.com\/index.php?rest_route=%2Fwp%2Fv2%2Fcategories&post=9826"},{"taxonomy":"post_tag","embeddable":true,"href":"https:\/\/periodicocentroccidente.com\/index.php?rest_route=%2Fwp%2Fv2%2Ftags&post=9826"}],"curies":[{"name":"wp","href":"https:\/\/api.w.org\/{rel}","templated":true}]}}