{"id":9818,"date":"2026-09-03T15:35:03","date_gmt":"2026-09-03T15:35:03","guid":{"rendered":"https:\/\/periodicocentroccidente.com\/?p=9818"},"modified":"2026-09-03T15:35:03","modified_gmt":"2026-09-03T15:35:03","slug":"mixtra-presenta-su-primer-capitulo-musical-con-manos-al-fuego","status":"publish","type":"post","link":"https:\/\/periodicocentroccidente.com\/?p=9818","title":{"rendered":"Mixtra presenta su primer cap\u00edtulo musical con \u201cManos al Fuego\u201d"},"content":{"rendered":"<p><strong>Especial.-<\/strong><\/p>\n<p style=\"font-weight: 400;\"><strong>Santiago Posada comienza oficialmente su carrera como Mixtra con una propuesta que apuesta por convertir experiencias en canciones y por construir, desde el primer lanzamiento, una identidad art\u00edstica propia.<\/strong><\/p>\n<p style=\"font-weight: 400;\">Hay artistas que comienzan una carrera buscando primero hacerse escuchar. Mixtra comienza con una intenci\u00f3n diferente:\u00a0<strong>tener algo que contar<\/strong>.<\/p>\n<p style=\"font-weight: 400;\">Santiago Posada presenta oficialmente su proyecto musical bajo el nombre de\u00a0<strong>Mixtra\u00a0<\/strong>con\u00a0<strong>\u201cManos al Fuego\u201d<\/strong>, su primera canci\u00f3n, una historia sobre la amistad, la entrega y la decepci\u00f3n que aparece cuando descubrimos que no todos est\u00e1n dispuestos a dar lo mismo que nosotros hemos dado.<\/p>\n<p style=\"font-weight: 400;\">La canci\u00f3n representa el punto de partida de un proyecto que tiene como prop\u00f3sito\u00a0<strong>contar historias\u00a0a\u00a0trav\u00e9s\u00a0de\u00a0la\u00a0m\u00fasica<\/strong>.\u00a0Una\u00a0idea\u00a0que\u00a0tambi\u00e9n\u00a0define\u00a0el\u00a0concepto\u00a0de\u00a0Mixtra:\u00a0<strong>\u201cDonde\u00a0las historias cobran vida\u201d<\/strong>.<\/p>\n<p style=\"font-weight: 400;\">\u201cManos al Fuego\u201d fue producida por el reconocido productor\u00a0<strong>Mono Betancur\u00a0<\/strong>y llega acompa\u00f1ada de un video oficial disponible en\u00a0<strong>VEVO<\/strong>, concebido desde una est\u00e9tica cinematogr\u00e1fica, \u00edntima y cercana.<\/p>\n<p style=\"font-weight: 400;\">Lejos de buscar una producci\u00f3n visual sobrecargada para presentar a un artista que apenas comienza, Mixtra apuesta por una narrativa audiovisual en la que la sencillez se convierte en parte fundamental del lenguaje del proyecto. La fotograf\u00eda, la interpretaci\u00f3n y la atm\u00f3sfera del video\u00a0construyen\u00a0una\u00a0pieza\u00a0que\u00a0pone\u00a0la\u00a0historia\u00a0y\u00a0al\u00a0artista\u00a0en\u00a0el\u00a0centro,\u00a0dejando\u00a0espacio\u00a0para\u00a0que la canci\u00f3n sea quien marque el tono.<\/p>\n<p style=\"font-weight: 400;\">El lanzamiento de Mixtra tambi\u00e9n tuvo un primer encuentro con el p\u00fablico en Colombia. El evento se realiz\u00f3 de manera\u00a0<strong>\u00edntima<\/strong>, acompa\u00f1ado por personas cercanas al proyecto y por\u00a0<strong>Alejandro Londo\u00f1o<\/strong>, artista, director y fundador de\u00a0<strong>AL FOR ARTISTS<\/strong>, quien acompa\u00f1a y asesora a Mixtra en el desarrollo de esta nueva etapa.<\/p>\n<p style=\"font-weight: 400;\">Para\u00a0Londo\u00f1o,\u00a0este\u00a0proyecto\u00a0representa\u00a0la\u00a0oportunidad\u00a0de\u00a0acompa\u00f1ar\u00a0desde\u00a0sus\u00a0primeros\u00a0pasos\u00a0la construcci\u00f3n de una propuesta art\u00edstica con una identidad definida y una visi\u00f3n de largo plazo.<\/p>\n<p style=\"font-weight: 400;\">Y\u00a0mientras \u201cManos al Fuego\u201d comienza a presentar a Mixtra ante el p\u00fablico, el artista ya trabaja en su siguiente historia.<\/p>\n<p style=\"font-weight: 400;\">Su\u00a0<strong>segunda canci\u00f3n llegar\u00e1 pr\u00f3ximamente\u00a0<\/strong>y estar\u00e1 inspirada en el\u00a0<strong>terremoto ocurrido en Colombia<\/strong>, llevando su propuesta un paso m\u00e1s all\u00e1: transformar no solamente experiencias personales, sino tambi\u00e9n acontecimientos que atraviesan a una sociedad, en relatos musicales.<\/p>\n<p style=\"font-weight: 400;\">Con un equipo que respalda su comienzo, una producci\u00f3n musical de alto nivel y una identidad visual construida desde el primer lanzamiento,\u00a0<strong>Mixtra inicia su recorrido en la industria con\u00a0la intenci\u00f3n de desarrollar una carrera alrededor de las historias que todav\u00eda tiene por\u00a0contar<\/strong>.<\/p>\n<p style=\"font-weight: 400;\">Este\u00a0es\u00a0apenas\u00a0el\u00a0comienzo.<\/p>\n<p style=\"font-weight: 400;\">\u00a0<a href=\"https:\/\/www.youtube.com\/watch?v=OMf6KMzB0GM\" data-saferedirecturl=\"https:\/\/www.google.com\/url?q=https:\/\/www.youtube.com\/watch?v%3DOMf6KMzB0GM&amp;source=gmail&amp;ust=1788534731904000&amp;usg=AOvVaw2NbXRNDB22cm7Tnuixcghj\">https:\/\/www.youtube.com\/watch?v=OMf6KMzB0GM<\/a><\/p>\n<figure id=\"attachment_9819\" aria-describedby=\"caption-attachment-9819\" style=\"width: 199px\" class=\"wp-caption alignnone\"><img loading=\"lazy\" decoding=\"async\" class=\"size-medium wp-image-9819\" src=\"https:\/\/periodicocentroccidente.com\/wp-content\/uploads\/2026\/09\/De-las-experiencias-a-las-canciones-Mixtra-debuta-oficialmente-con-Manos-al-Fuego-199x300.jpg\" alt=\"\" width=\"199\" height=\"300\" srcset=\"https:\/\/periodicocentroccidente.com\/wp-content\/uploads\/2026\/09\/De-las-experiencias-a-las-canciones-Mixtra-debuta-oficialmente-con-Manos-al-Fuego-199x300.jpg 199w, https:\/\/periodicocentroccidente.com\/wp-content\/uploads\/2026\/09\/De-las-experiencias-a-las-canciones-Mixtra-debuta-oficialmente-con-Manos-al-Fuego-679x1024.jpg 679w, https:\/\/periodicocentroccidente.com\/wp-content\/uploads\/2026\/09\/De-las-experiencias-a-las-canciones-Mixtra-debuta-oficialmente-con-Manos-al-Fuego-768x1158.jpg 768w, https:\/\/periodicocentroccidente.com\/wp-content\/uploads\/2026\/09\/De-las-experiencias-a-las-canciones-Mixtra-debuta-oficialmente-con-Manos-al-Fuego-1019x1536.jpg 1019w, https:\/\/periodicocentroccidente.com\/wp-content\/uploads\/2026\/09\/De-las-experiencias-a-las-canciones-Mixtra-debuta-oficialmente-con-Manos-al-Fuego-1358x2048.jpg 1358w, https:\/\/periodicocentroccidente.com\/wp-content\/uploads\/2026\/09\/De-las-experiencias-a-las-canciones-Mixtra-debuta-oficialmente-con-Manos-al-Fuego.jpg 1400w\" sizes=\"auto, (max-width: 199px) 100vw, 199px\" \/><figcaption id=\"caption-attachment-9819\" class=\"wp-caption-text\">De las experiencias a las canciones Mixtra debuta oficialmente con \u201cManos al Fuego\u201d<\/figcaption><\/figure>\n","protected":false},"excerpt":{"rendered":"<p>Especial.- Santiago Posada comienza oficialmente su carrera como Mixtra con una propuesta que apuesta por convertir experiencias en canciones y por construir, desde el primer lanzamiento, una identidad art&iacute;stica propia. Hay artistas que comienzan una carrera buscando primero hacerse escuchar. Mixtra comienza con una intenci&oacute;n diferente:&nbsp;tener algo que contar. Santiago Posada presenta oficialmente su proyecto &hellip;<\/p>\n","protected":false},"author":2,"featured_media":9820,"comment_status":"open","ping_status":"open","sticky":false,"template":"","format":"standard","meta":{"_jetpack_memberships_contains_paid_content":false,"footnotes":""},"categories":[129],"tags":[],"class_list":["post-9818","post","type-post","status-publish","format-standard","has-post-thumbnail","hentry","category-farandula"],"yoast_head":"<!-- This site is optimized with the Yoast SEO plugin v24.8.1 - https:\/\/yoast.com\/wordpress\/plugins\/seo\/ -->\n<title>Mixtra presenta su primer cap\u00edtulo musical con \u201cManos al Fuego\u201d -<\/title>\n<meta name=\"robots\" content=\"index, follow, max-snippet:-1, max-image-preview:large, max-video-preview:-1\" \/>\n<link rel=\"canonical\" href=\"https:\/\/periodicocentroccidente.com\/?p=9818\" \/>\n<meta property=\"og:locale\" content=\"es_ES\" \/>\n<meta property=\"og:type\" content=\"article\" \/>\n<meta property=\"og:title\" content=\"Mixtra presenta su primer cap\u00edtulo musical con \u201cManos al Fuego\u201d -\" \/>\n<meta property=\"og:description\" content=\"Especial.- Santiago Posada comienza oficialmente su carrera como Mixtra con una propuesta que apuesta por convertir experiencias en canciones y por construir, desde el primer lanzamiento, una identidad art&iacute;stica propia. Hay artistas que comienzan una carrera buscando primero hacerse escuchar. Mixtra comienza con una intenci&oacute;n diferente:&nbsp;tener algo que contar. Santiago Posada presenta oficialmente su proyecto &hellip;\" \/>\n<meta property=\"og:url\" content=\"https:\/\/periodicocentroccidente.com\/?p=9818\" \/>\n<meta property=\"article:published_time\" content=\"2026-09-03T15:35:03+00:00\" \/>\n<meta property=\"og:image\" content=\"https:\/\/periodicocentroccidente.com\/wp-content\/uploads\/2026\/09\/Mixtra-debuta-con-Manos-al-Fuego-una-cancion-sobre-amistad-entrega-y-decepcion.jpg\" \/>\n\t<meta property=\"og:image:width\" content=\"1400\" \/>\n\t<meta property=\"og:image:height\" content=\"606\" \/>\n\t<meta property=\"og:image:type\" content=\"image\/jpeg\" \/>\n<meta name=\"author\" content=\"Ricardo\" \/>\n<meta name=\"twitter:card\" content=\"summary_large_image\" \/>\n<meta name=\"twitter:label1\" content=\"Escrito por\" \/>\n\t<meta name=\"twitter:data1\" content=\"Ricardo\" \/>\n\t<meta name=\"twitter:label2\" content=\"Tiempo de lectura\" \/>\n\t<meta name=\"twitter:data2\" content=\"3 minutos\" \/>\n<script type=\"application\/ld+json\" class=\"yoast-schema-graph\">{\"@context\":\"https:\/\/schema.org\",\"@graph\":[{\"@type\":\"WebPage\",\"@id\":\"https:\/\/periodicocentroccidente.com\/?p=9818\",\"url\":\"https:\/\/periodicocentroccidente.com\/?p=9818\",\"name\":\"Mixtra presenta su primer cap\u00edtulo musical con \u201cManos al Fuego\u201d -\",\"isPartOf\":{\"@id\":\"https:\/\/periodicocentroccidente.com\/#website\"},\"primaryImageOfPage\":{\"@id\":\"https:\/\/periodicocentroccidente.com\/?p=9818#primaryimage\"},\"image\":{\"@id\":\"https:\/\/periodicocentroccidente.com\/?p=9818#primaryimage\"},\"thumbnailUrl\":\"https:\/\/periodicocentroccidente.com\/wp-content\/uploads\/2026\/09\/Mixtra-debuta-con-Manos-al-Fuego-una-cancion-sobre-amistad-entrega-y-decepcion.jpg\",\"datePublished\":\"2026-09-03T15:35:03+00:00\",\"author\":{\"@id\":\"https:\/\/periodicocentroccidente.com\/#\/schema\/person\/f4e4a651098f3db198244657b7130e7e\"},\"breadcrumb\":{\"@id\":\"https:\/\/periodicocentroccidente.com\/?p=9818#breadcrumb\"},\"inLanguage\":\"es\",\"potentialAction\":[{\"@type\":\"ReadAction\",\"target\":[\"https:\/\/periodicocentroccidente.com\/?p=9818\"]}]},{\"@type\":\"ImageObject\",\"inLanguage\":\"es\",\"@id\":\"https:\/\/periodicocentroccidente.com\/?p=9818#primaryimage\",\"url\":\"https:\/\/periodicocentroccidente.com\/wp-content\/uploads\/2026\/09\/Mixtra-debuta-con-Manos-al-Fuego-una-cancion-sobre-amistad-entrega-y-decepcion.jpg\",\"contentUrl\":\"https:\/\/periodicocentroccidente.com\/wp-content\/uploads\/2026\/09\/Mixtra-debuta-con-Manos-al-Fuego-una-cancion-sobre-amistad-entrega-y-decepcion.jpg\",\"width\":1400,\"height\":606,\"caption\":\"Mixtra debuta con \u201cManos al Fuego\u201d, una canci\u00f3n sobre amistad, entrega y decepci\u00f3n\"},{\"@type\":\"BreadcrumbList\",\"@id\":\"https:\/\/periodicocentroccidente.com\/?p=9818#breadcrumb\",\"itemListElement\":[{\"@type\":\"ListItem\",\"position\":1,\"name\":\"Portada\",\"item\":\"https:\/\/periodicocentroccidente.com\/\"},{\"@type\":\"ListItem\",\"position\":2,\"name\":\"Mixtra presenta su primer cap\u00edtulo musical con \u201cManos al Fuego\u201d\"}]},{\"@type\":\"WebSite\",\"@id\":\"https:\/\/periodicocentroccidente.com\/#website\",\"url\":\"https:\/\/periodicocentroccidente.com\/\",\"name\":\"\",\"description\":\"Periodismo serio y responsable\",\"potentialAction\":[{\"@type\":\"SearchAction\",\"target\":{\"@type\":\"EntryPoint\",\"urlTemplate\":\"https:\/\/periodicocentroccidente.com\/?s={search_term_string}\"},\"query-input\":{\"@type\":\"PropertyValueSpecification\",\"valueRequired\":true,\"valueName\":\"search_term_string\"}}],\"inLanguage\":\"es\"},{\"@type\":\"Person\",\"@id\":\"https:\/\/periodicocentroccidente.com\/#\/schema\/person\/f4e4a651098f3db198244657b7130e7e\",\"name\":\"Ricardo\",\"image\":{\"@type\":\"ImageObject\",\"inLanguage\":\"es\",\"@id\":\"https:\/\/periodicocentroccidente.com\/#\/schema\/person\/image\/\",\"url\":\"https:\/\/secure.gravatar.com\/avatar\/402e6137108ec0fdaa7809184382fb1dd2f8b00264c1d945d341f2b8f90db429?s=96&d=mm&r=g\",\"contentUrl\":\"https:\/\/secure.gravatar.com\/avatar\/402e6137108ec0fdaa7809184382fb1dd2f8b00264c1d945d341f2b8f90db429?s=96&d=mm&r=g\",\"caption\":\"Ricardo\"},\"url\":\"https:\/\/periodicocentroccidente.com\/?author=2\"}]}<\/script>\n<!-- \/ Yoast SEO plugin. -->","yoast_head_json":{"title":"Mixtra presenta su primer cap\u00edtulo musical con \u201cManos al Fuego\u201d -","robots":{"index":"index","follow":"follow","max-snippet":"max-snippet:-1","max-image-preview":"max-image-preview:large","max-video-preview":"max-video-preview:-1"},"canonical":"https:\/\/periodicocentroccidente.com\/?p=9818","og_locale":"es_ES","og_type":"article","og_title":"Mixtra presenta su primer cap\u00edtulo musical con \u201cManos al Fuego\u201d -","og_description":"Especial.- Santiago Posada comienza oficialmente su carrera como Mixtra con una propuesta que apuesta por convertir experiencias en canciones y por construir, desde el primer lanzamiento, una identidad art&iacute;stica propia. Hay artistas que comienzan una carrera buscando primero hacerse escuchar. Mixtra comienza con una intenci&oacute;n diferente:&nbsp;tener algo que contar. Santiago Posada presenta oficialmente su proyecto &hellip;","og_url":"https:\/\/periodicocentroccidente.com\/?p=9818","article_published_time":"2026-09-03T15:35:03+00:00","og_image":[{"width":1400,"height":606,"url":"https:\/\/periodicocentroccidente.com\/wp-content\/uploads\/2026\/09\/Mixtra-debuta-con-Manos-al-Fuego-una-cancion-sobre-amistad-entrega-y-decepcion.jpg","type":"image\/jpeg"}],"author":"Ricardo","twitter_card":"summary_large_image","twitter_misc":{"Escrito por":"Ricardo","Tiempo de lectura":"3 minutos"},"schema":{"@context":"https:\/\/schema.org","@graph":[{"@type":"WebPage","@id":"https:\/\/periodicocentroccidente.com\/?p=9818","url":"https:\/\/periodicocentroccidente.com\/?p=9818","name":"Mixtra presenta su primer cap\u00edtulo musical con \u201cManos al Fuego\u201d -","isPartOf":{"@id":"https:\/\/periodicocentroccidente.com\/#website"},"primaryImageOfPage":{"@id":"https:\/\/periodicocentroccidente.com\/?p=9818#primaryimage"},"image":{"@id":"https:\/\/periodicocentroccidente.com\/?p=9818#primaryimage"},"thumbnailUrl":"https:\/\/periodicocentroccidente.com\/wp-content\/uploads\/2026\/09\/Mixtra-debuta-con-Manos-al-Fuego-una-cancion-sobre-amistad-entrega-y-decepcion.jpg","datePublished":"2026-09-03T15:35:03+00:00","author":{"@id":"https:\/\/periodicocentroccidente.com\/#\/schema\/person\/f4e4a651098f3db198244657b7130e7e"},"breadcrumb":{"@id":"https:\/\/periodicocentroccidente.com\/?p=9818#breadcrumb"},"inLanguage":"es","potentialAction":[{"@type":"ReadAction","target":["https:\/\/periodicocentroccidente.com\/?p=9818"]}]},{"@type":"ImageObject","inLanguage":"es","@id":"https:\/\/periodicocentroccidente.com\/?p=9818#primaryimage","url":"https:\/\/periodicocentroccidente.com\/wp-content\/uploads\/2026\/09\/Mixtra-debuta-con-Manos-al-Fuego-una-cancion-sobre-amistad-entrega-y-decepcion.jpg","contentUrl":"https:\/\/periodicocentroccidente.com\/wp-content\/uploads\/2026\/09\/Mixtra-debuta-con-Manos-al-Fuego-una-cancion-sobre-amistad-entrega-y-decepcion.jpg","width":1400,"height":606,"caption":"Mixtra debuta con \u201cManos al Fuego\u201d, una canci\u00f3n sobre amistad, entrega y decepci\u00f3n"},{"@type":"BreadcrumbList","@id":"https:\/\/periodicocentroccidente.com\/?p=9818#breadcrumb","itemListElement":[{"@type":"ListItem","position":1,"name":"Portada","item":"https:\/\/periodicocentroccidente.com\/"},{"@type":"ListItem","position":2,"name":"Mixtra presenta su primer cap\u00edtulo musical con \u201cManos al Fuego\u201d"}]},{"@type":"WebSite","@id":"https:\/\/periodicocentroccidente.com\/#website","url":"https:\/\/periodicocentroccidente.com\/","name":"","description":"Periodismo serio y responsable","potentialAction":[{"@type":"SearchAction","target":{"@type":"EntryPoint","urlTemplate":"https:\/\/periodicocentroccidente.com\/?s={search_term_string}"},"query-input":{"@type":"PropertyValueSpecification","valueRequired":true,"valueName":"search_term_string"}}],"inLanguage":"es"},{"@type":"Person","@id":"https:\/\/periodicocentroccidente.com\/#\/schema\/person\/f4e4a651098f3db198244657b7130e7e","name":"Ricardo","image":{"@type":"ImageObject","inLanguage":"es","@id":"https:\/\/periodicocentroccidente.com\/#\/schema\/person\/image\/","url":"https:\/\/secure.gravatar.com\/avatar\/402e6137108ec0fdaa7809184382fb1dd2f8b00264c1d945d341f2b8f90db429?s=96&d=mm&r=g","contentUrl":"https:\/\/secure.gravatar.com\/avatar\/402e6137108ec0fdaa7809184382fb1dd2f8b00264c1d945d341f2b8f90db429?s=96&d=mm&r=g","caption":"Ricardo"},"url":"https:\/\/periodicocentroccidente.com\/?author=2"}]}},"jetpack_featured_media_url":"https:\/\/periodicocentroccidente.com\/wp-content\/uploads\/2026\/09\/Mixtra-debuta-con-Manos-al-Fuego-una-cancion-sobre-amistad-entrega-y-decepcion.jpg","jetpack_sharing_enabled":true,"jetpack-related-posts":[],"_links":{"self":[{"href":"https:\/\/periodicocentroccidente.com\/index.php?rest_route=\/wp\/v2\/posts\/9818","targetHints":{"allow":["GET"]}}],"collection":[{"href":"https:\/\/periodicocentroccidente.com\/index.php?rest_route=\/wp\/v2\/posts"}],"about":[{"href":"https:\/\/periodicocentroccidente.com\/index.php?rest_route=\/wp\/v2\/types\/post"}],"author":[{"embeddable":true,"href":"https:\/\/periodicocentroccidente.com\/index.php?rest_route=\/wp\/v2\/users\/2"}],"replies":[{"embeddable":true,"href":"https:\/\/periodicocentroccidente.com\/index.php?rest_route=%2Fwp%2Fv2%2Fcomments&post=9818"}],"version-history":[{"count":1,"href":"https:\/\/periodicocentroccidente.com\/index.php?rest_route=\/wp\/v2\/posts\/9818\/revisions"}],"predecessor-version":[{"id":9821,"href":"https:\/\/periodicocentroccidente.com\/index.php?rest_route=\/wp\/v2\/posts\/9818\/revisions\/9821"}],"wp:featuredmedia":[{"embeddable":true,"href":"https:\/\/periodicocentroccidente.com\/index.php?rest_route=\/wp\/v2\/media\/9820"}],"wp:attachment":[{"href":"https:\/\/periodicocentroccidente.com\/index.php?rest_route=%2Fwp%2Fv2%2Fmedia&parent=9818"}],"wp:term":[{"taxonomy":"category","embeddable":true,"href":"https:\/\/periodicocentroccidente.com\/index.php?rest_route=%2Fwp%2Fv2%2Fcategories&post=9818"},{"taxonomy":"post_tag","embeddable":true,"href":"https:\/\/periodicocentroccidente.com\/index.php?rest_route=%2Fwp%2Fv2%2Ftags&post=9818"}],"curies":[{"name":"wp","href":"https:\/\/api.w.org\/{rel}","templated":true}]}}