{"id":9811,"date":"2026-09-03T15:18:36","date_gmt":"2026-09-03T15:18:36","guid":{"rendered":"https:\/\/periodicocentroccidente.com\/?p=9811"},"modified":"2026-09-03T15:18:36","modified_gmt":"2026-09-03T15:18:36","slug":"canal-i-promueve-el-estilo-saludable","status":"publish","type":"post","link":"https:\/\/periodicocentroccidente.com\/?p=9811","title":{"rendered":"Canal i promueve el \u00abEstilo Saludable\u00bb"},"content":{"rendered":"<p><strong>Especial.-<\/strong><\/p>\n<p style=\"font-weight: 400;\">Un espacio integral -enfocado en el bienestar, la calidad de vida y los h\u00e1bitos de salud consciente- sirve a\u00a0<strong>Canal i<\/strong>\u00a0para promover el \u00ab<em>Estilo Saludable<\/em>\u00bb que todos merecemos.<\/p>\n<p style=\"font-weight: 400;\">Conducido por Yolenny Salazar, con emisiones los domingos a las 9:00 de la ma\u00f1ana, el programa inici\u00f3 una nueva temporada estrenando set y secciones para brindar m\u00e1s herramientas en la voz de expertos. \u00bfC\u00f3mo? A trav\u00e9s de entrevistas a especialistas en nutrici\u00f3n, rutinas de ejercicios, salud mental y pr\u00e1cticas modernas que se proponen mejorar el d\u00eda a d\u00eda.<\/p>\n<p style=\"font-weight: 400;\">Concebido como un espacio de valor para hacer digeribles, interesantes y pr\u00f3ximos esos temas \u00fatiles capaces de mejorar la calidad de vida y las rutinas diarias, el formato se abri\u00f3 paso en la pantalla y en las redes sociales en formato de c\u00e1psulas informativas. \u00abSu dinamismo y popularidad lo llevaron a evolucionar hasta consolidarse como un show estelar de entrevistas y demostraciones en vivo\u00bb, relata Salazar.<\/p>\n<p style=\"font-weight: 400;\">Detr\u00e1s de la producci\u00f3n, un equipo multidisciplinario, entre camar\u00f3grafos, productores de campo, editores y equipo t\u00e9cnico, buscan abordar temas de gran inter\u00e9s al d\u00eda con las tendencias con profesionales de distintas especialidades m\u00e9dicas y deportivas que motiven al cambio.<\/p>\n<p style=\"font-weight: 400;\">\u00abEl movimiento Wellness ya se ha extendido a nivel global, abarcando no solo la salud f\u00edsica, sino tambi\u00e9n el equilibrio mental, emocional y espiritual\u00bb, explica la animadora como parte de lo que la motiva a indagar en la materia.<\/p>\n<p style=\"font-weight: 400;\">Junto a ellos se ha propuesto promover un formato moderno cuya l\u00ednea gr\u00e1fica y enfoque din\u00e1mico lo impulsan como toda una multiplataforma. Que llega a trav\u00e9s de las redes sociales, canal de YouTube y se\u00f1al abierta en\u00a0<strong>Canal i<\/strong>, para conectar en tiempo real con la audiencia.<\/p>\n<p style=\"font-weight: 400;\">\u00abLa estructura principal se graba en estudio, pero realizamos constantes salidas a exteriores para mostrar rutinas de entrenamiento, centros de belleza, tratamientos en vivo, incluso quir\u00fargicos, as\u00ed como tambi\u00e9n la presencia en eventos especiales del \u00e1rea\u00bb, asoma Yolenny.<\/p>\n<p style=\"font-weight: 400;\">El espacio va destinado a toda la familia, con especial inter\u00e9s en adultos y j\u00f3venes que buscan mejorar sus h\u00e1bitos cotidianos.<\/p>\n<p style=\"font-weight: 400;\">\u00abAdem\u00e1s de la se\u00f1al abierta de televisi\u00f3n, pueden seguir todos los detalles, cortes, tras c\u00e1maras y contenido exclusivo a trav\u00e9s de las cuentas de\u00a0<strong>Instagram<\/strong>: @yolesalazar @cana_i , @estilosaludable_i y por nuestro canal de YouTube o app\u00bb, remata la animadora con m\u00e1s de 20 a\u00f1os trabajando en la industria de la televisi\u00f3n, en facetas como la actuaci\u00f3n, conducci\u00f3n, producci\u00f3n y locuci\u00f3n en radio.<\/p>\n","protected":false},"excerpt":{"rendered":"<p>Especial.- Un espacio integral -enfocado en el bienestar, la calidad de vida y los h&aacute;bitos de salud consciente- sirve a&nbsp;Canal i&nbsp;para promover el &laquo;Estilo Saludable&raquo; que todos merecemos. Conducido por Yolenny Salazar, con emisiones los domingos a las 9:00 de la ma&ntilde;ana, el programa inici&oacute; una nueva temporada estrenando set y secciones para brindar m&aacute;s &hellip;<\/p>\n","protected":false},"author":2,"featured_media":9812,"comment_status":"open","ping_status":"open","sticky":false,"template":"","format":"standard","meta":{"_jetpack_memberships_contains_paid_content":false,"footnotes":""},"categories":[129],"tags":[],"class_list":["post-9811","post","type-post","status-publish","format-standard","has-post-thumbnail","hentry","category-farandula"],"yoast_head":"<!-- This site is optimized with the Yoast SEO plugin v24.8.1 - https:\/\/yoast.com\/wordpress\/plugins\/seo\/ -->\n<title>Canal i promueve el &quot;Estilo Saludable&quot; -<\/title>\n<meta name=\"robots\" content=\"index, follow, max-snippet:-1, max-image-preview:large, max-video-preview:-1\" \/>\n<link rel=\"canonical\" href=\"https:\/\/periodicocentroccidente.com\/?p=9811\" \/>\n<meta property=\"og:locale\" content=\"es_ES\" \/>\n<meta property=\"og:type\" content=\"article\" \/>\n<meta property=\"og:title\" content=\"Canal i promueve el &quot;Estilo Saludable&quot; -\" \/>\n<meta property=\"og:description\" content=\"Especial.- Un espacio integral -enfocado en el bienestar, la calidad de vida y los h&aacute;bitos de salud consciente- sirve a&nbsp;Canal i&nbsp;para promover el &laquo;Estilo Saludable&raquo; que todos merecemos. Conducido por Yolenny Salazar, con emisiones los domingos a las 9:00 de la ma&ntilde;ana, el programa inici&oacute; una nueva temporada estrenando set y secciones para brindar m&aacute;s &hellip;\" \/>\n<meta property=\"og:url\" content=\"https:\/\/periodicocentroccidente.com\/?p=9811\" \/>\n<meta property=\"article:published_time\" content=\"2026-09-03T15:18:36+00:00\" \/>\n<meta property=\"og:image\" content=\"https:\/\/periodicocentroccidente.com\/wp-content\/uploads\/2026\/09\/Yolenny-Salazar-_Estilo-Saludable_-Canal-i.jpg\" \/>\n\t<meta property=\"og:image:width\" content=\"1920\" \/>\n\t<meta property=\"og:image:height\" content=\"1080\" \/>\n\t<meta property=\"og:image:type\" content=\"image\/jpeg\" \/>\n<meta name=\"author\" content=\"Ricardo\" \/>\n<meta name=\"twitter:card\" content=\"summary_large_image\" \/>\n<meta name=\"twitter:label1\" content=\"Escrito por\" \/>\n\t<meta name=\"twitter:data1\" content=\"Ricardo\" \/>\n\t<meta name=\"twitter:label2\" content=\"Tiempo de lectura\" \/>\n\t<meta name=\"twitter:data2\" content=\"3 minutos\" \/>\n<script type=\"application\/ld+json\" class=\"yoast-schema-graph\">{\"@context\":\"https:\/\/schema.org\",\"@graph\":[{\"@type\":\"WebPage\",\"@id\":\"https:\/\/periodicocentroccidente.com\/?p=9811\",\"url\":\"https:\/\/periodicocentroccidente.com\/?p=9811\",\"name\":\"Canal i promueve el \\\"Estilo Saludable\\\" -\",\"isPartOf\":{\"@id\":\"https:\/\/periodicocentroccidente.com\/#website\"},\"primaryImageOfPage\":{\"@id\":\"https:\/\/periodicocentroccidente.com\/?p=9811#primaryimage\"},\"image\":{\"@id\":\"https:\/\/periodicocentroccidente.com\/?p=9811#primaryimage\"},\"thumbnailUrl\":\"https:\/\/periodicocentroccidente.com\/wp-content\/uploads\/2026\/09\/Yolenny-Salazar-_Estilo-Saludable_-Canal-i.jpg\",\"datePublished\":\"2026-09-03T15:18:36+00:00\",\"author\":{\"@id\":\"https:\/\/periodicocentroccidente.com\/#\/schema\/person\/f4e4a651098f3db198244657b7130e7e\"},\"breadcrumb\":{\"@id\":\"https:\/\/periodicocentroccidente.com\/?p=9811#breadcrumb\"},\"inLanguage\":\"es\",\"potentialAction\":[{\"@type\":\"ReadAction\",\"target\":[\"https:\/\/periodicocentroccidente.com\/?p=9811\"]}]},{\"@type\":\"ImageObject\",\"inLanguage\":\"es\",\"@id\":\"https:\/\/periodicocentroccidente.com\/?p=9811#primaryimage\",\"url\":\"https:\/\/periodicocentroccidente.com\/wp-content\/uploads\/2026\/09\/Yolenny-Salazar-_Estilo-Saludable_-Canal-i.jpg\",\"contentUrl\":\"https:\/\/periodicocentroccidente.com\/wp-content\/uploads\/2026\/09\/Yolenny-Salazar-_Estilo-Saludable_-Canal-i.jpg\",\"width\":1920,\"height\":1080},{\"@type\":\"BreadcrumbList\",\"@id\":\"https:\/\/periodicocentroccidente.com\/?p=9811#breadcrumb\",\"itemListElement\":[{\"@type\":\"ListItem\",\"position\":1,\"name\":\"Portada\",\"item\":\"https:\/\/periodicocentroccidente.com\/\"},{\"@type\":\"ListItem\",\"position\":2,\"name\":\"Canal i promueve el \u00abEstilo Saludable\u00bb\"}]},{\"@type\":\"WebSite\",\"@id\":\"https:\/\/periodicocentroccidente.com\/#website\",\"url\":\"https:\/\/periodicocentroccidente.com\/\",\"name\":\"\",\"description\":\"Periodismo serio y responsable\",\"potentialAction\":[{\"@type\":\"SearchAction\",\"target\":{\"@type\":\"EntryPoint\",\"urlTemplate\":\"https:\/\/periodicocentroccidente.com\/?s={search_term_string}\"},\"query-input\":{\"@type\":\"PropertyValueSpecification\",\"valueRequired\":true,\"valueName\":\"search_term_string\"}}],\"inLanguage\":\"es\"},{\"@type\":\"Person\",\"@id\":\"https:\/\/periodicocentroccidente.com\/#\/schema\/person\/f4e4a651098f3db198244657b7130e7e\",\"name\":\"Ricardo\",\"image\":{\"@type\":\"ImageObject\",\"inLanguage\":\"es\",\"@id\":\"https:\/\/periodicocentroccidente.com\/#\/schema\/person\/image\/\",\"url\":\"https:\/\/secure.gravatar.com\/avatar\/402e6137108ec0fdaa7809184382fb1dd2f8b00264c1d945d341f2b8f90db429?s=96&d=mm&r=g\",\"contentUrl\":\"https:\/\/secure.gravatar.com\/avatar\/402e6137108ec0fdaa7809184382fb1dd2f8b00264c1d945d341f2b8f90db429?s=96&d=mm&r=g\",\"caption\":\"Ricardo\"},\"url\":\"https:\/\/periodicocentroccidente.com\/?author=2\"}]}<\/script>\n<!-- \/ Yoast SEO plugin. -->","yoast_head_json":{"title":"Canal i promueve el \"Estilo Saludable\" -","robots":{"index":"index","follow":"follow","max-snippet":"max-snippet:-1","max-image-preview":"max-image-preview:large","max-video-preview":"max-video-preview:-1"},"canonical":"https:\/\/periodicocentroccidente.com\/?p=9811","og_locale":"es_ES","og_type":"article","og_title":"Canal i promueve el \"Estilo Saludable\" -","og_description":"Especial.- Un espacio integral -enfocado en el bienestar, la calidad de vida y los h&aacute;bitos de salud consciente- sirve a&nbsp;Canal i&nbsp;para promover el &laquo;Estilo Saludable&raquo; que todos merecemos. Conducido por Yolenny Salazar, con emisiones los domingos a las 9:00 de la ma&ntilde;ana, el programa inici&oacute; una nueva temporada estrenando set y secciones para brindar m&aacute;s &hellip;","og_url":"https:\/\/periodicocentroccidente.com\/?p=9811","article_published_time":"2026-09-03T15:18:36+00:00","og_image":[{"width":1920,"height":1080,"url":"https:\/\/periodicocentroccidente.com\/wp-content\/uploads\/2026\/09\/Yolenny-Salazar-_Estilo-Saludable_-Canal-i.jpg","type":"image\/jpeg"}],"author":"Ricardo","twitter_card":"summary_large_image","twitter_misc":{"Escrito por":"Ricardo","Tiempo de lectura":"3 minutos"},"schema":{"@context":"https:\/\/schema.org","@graph":[{"@type":"WebPage","@id":"https:\/\/periodicocentroccidente.com\/?p=9811","url":"https:\/\/periodicocentroccidente.com\/?p=9811","name":"Canal i promueve el \"Estilo Saludable\" -","isPartOf":{"@id":"https:\/\/periodicocentroccidente.com\/#website"},"primaryImageOfPage":{"@id":"https:\/\/periodicocentroccidente.com\/?p=9811#primaryimage"},"image":{"@id":"https:\/\/periodicocentroccidente.com\/?p=9811#primaryimage"},"thumbnailUrl":"https:\/\/periodicocentroccidente.com\/wp-content\/uploads\/2026\/09\/Yolenny-Salazar-_Estilo-Saludable_-Canal-i.jpg","datePublished":"2026-09-03T15:18:36+00:00","author":{"@id":"https:\/\/periodicocentroccidente.com\/#\/schema\/person\/f4e4a651098f3db198244657b7130e7e"},"breadcrumb":{"@id":"https:\/\/periodicocentroccidente.com\/?p=9811#breadcrumb"},"inLanguage":"es","potentialAction":[{"@type":"ReadAction","target":["https:\/\/periodicocentroccidente.com\/?p=9811"]}]},{"@type":"ImageObject","inLanguage":"es","@id":"https:\/\/periodicocentroccidente.com\/?p=9811#primaryimage","url":"https:\/\/periodicocentroccidente.com\/wp-content\/uploads\/2026\/09\/Yolenny-Salazar-_Estilo-Saludable_-Canal-i.jpg","contentUrl":"https:\/\/periodicocentroccidente.com\/wp-content\/uploads\/2026\/09\/Yolenny-Salazar-_Estilo-Saludable_-Canal-i.jpg","width":1920,"height":1080},{"@type":"BreadcrumbList","@id":"https:\/\/periodicocentroccidente.com\/?p=9811#breadcrumb","itemListElement":[{"@type":"ListItem","position":1,"name":"Portada","item":"https:\/\/periodicocentroccidente.com\/"},{"@type":"ListItem","position":2,"name":"Canal i promueve el \u00abEstilo Saludable\u00bb"}]},{"@type":"WebSite","@id":"https:\/\/periodicocentroccidente.com\/#website","url":"https:\/\/periodicocentroccidente.com\/","name":"","description":"Periodismo serio y responsable","potentialAction":[{"@type":"SearchAction","target":{"@type":"EntryPoint","urlTemplate":"https:\/\/periodicocentroccidente.com\/?s={search_term_string}"},"query-input":{"@type":"PropertyValueSpecification","valueRequired":true,"valueName":"search_term_string"}}],"inLanguage":"es"},{"@type":"Person","@id":"https:\/\/periodicocentroccidente.com\/#\/schema\/person\/f4e4a651098f3db198244657b7130e7e","name":"Ricardo","image":{"@type":"ImageObject","inLanguage":"es","@id":"https:\/\/periodicocentroccidente.com\/#\/schema\/person\/image\/","url":"https:\/\/secure.gravatar.com\/avatar\/402e6137108ec0fdaa7809184382fb1dd2f8b00264c1d945d341f2b8f90db429?s=96&d=mm&r=g","contentUrl":"https:\/\/secure.gravatar.com\/avatar\/402e6137108ec0fdaa7809184382fb1dd2f8b00264c1d945d341f2b8f90db429?s=96&d=mm&r=g","caption":"Ricardo"},"url":"https:\/\/periodicocentroccidente.com\/?author=2"}]}},"jetpack_featured_media_url":"https:\/\/periodicocentroccidente.com\/wp-content\/uploads\/2026\/09\/Yolenny-Salazar-_Estilo-Saludable_-Canal-i.jpg","jetpack_sharing_enabled":true,"jetpack-related-posts":[],"_links":{"self":[{"href":"https:\/\/periodicocentroccidente.com\/index.php?rest_route=\/wp\/v2\/posts\/9811","targetHints":{"allow":["GET"]}}],"collection":[{"href":"https:\/\/periodicocentroccidente.com\/index.php?rest_route=\/wp\/v2\/posts"}],"about":[{"href":"https:\/\/periodicocentroccidente.com\/index.php?rest_route=\/wp\/v2\/types\/post"}],"author":[{"embeddable":true,"href":"https:\/\/periodicocentroccidente.com\/index.php?rest_route=\/wp\/v2\/users\/2"}],"replies":[{"embeddable":true,"href":"https:\/\/periodicocentroccidente.com\/index.php?rest_route=%2Fwp%2Fv2%2Fcomments&post=9811"}],"version-history":[{"count":1,"href":"https:\/\/periodicocentroccidente.com\/index.php?rest_route=\/wp\/v2\/posts\/9811\/revisions"}],"predecessor-version":[{"id":9813,"href":"https:\/\/periodicocentroccidente.com\/index.php?rest_route=\/wp\/v2\/posts\/9811\/revisions\/9813"}],"wp:featuredmedia":[{"embeddable":true,"href":"https:\/\/periodicocentroccidente.com\/index.php?rest_route=\/wp\/v2\/media\/9812"}],"wp:attachment":[{"href":"https:\/\/periodicocentroccidente.com\/index.php?rest_route=%2Fwp%2Fv2%2Fmedia&parent=9811"}],"wp:term":[{"taxonomy":"category","embeddable":true,"href":"https:\/\/periodicocentroccidente.com\/index.php?rest_route=%2Fwp%2Fv2%2Fcategories&post=9811"},{"taxonomy":"post_tag","embeddable":true,"href":"https:\/\/periodicocentroccidente.com\/index.php?rest_route=%2Fwp%2Fv2%2Ftags&post=9811"}],"curies":[{"name":"wp","href":"https:\/\/api.w.org\/{rel}","templated":true}]}}