{"id":9805,"date":"2026-09-01T17:30:34","date_gmt":"2026-09-01T17:30:34","guid":{"rendered":"https:\/\/periodicocentroccidente.com\/?p=9805"},"modified":"2026-09-01T17:30:34","modified_gmt":"2026-09-01T17:30:34","slug":"w-la-letra-rinde-homenaje-a-nagua-con-me-da-hipo","status":"publish","type":"post","link":"https:\/\/periodicocentroccidente.com\/?p=9805","title":{"rendered":"W la Letra rinde homenaje a Nagua con \u00abMe Da Hipo\u00bb"},"content":{"rendered":"<p><strong>lapuracrema.net<\/strong><\/p>\n<div dir=\"auto\">El vers\u00e1til artista y compositor urbano W la Letra conquist\u00f3 con \u00e9xito al p\u00fablico internacional durante su apote\u00f3sica presentaci\u00f3n en el pasado Festival Dominicano, consolidando su propuesta musical mediante la fusi\u00f3n de la potencia de la calle y la tradici\u00f3n caribe\u00f1a ante comunidades de diversas naciones.<\/div>\n<div dir=\"auto\"><\/div>\n<div dir=\"auto\">La frescura, el talento y la energ\u00eda inconfundible de W la Letra contin\u00faan marcando pauta en la escena musical. El carism\u00e1tico artista atraviesa un gran momento profesional, resonando con fuerza tras su reciente y aplaudida participaci\u00f3n en el evento, donde puso a bailar y cantar a todos los asistentes al ritmo de su contagioso \u00e9xito \u00abMe Da Hipo\u00bb.<\/div>\n<div dir=\"auto\"><\/div>\n<div dir=\"auto\">Consolid\u00e1ndose como una de las propuestas m\u00e1s din\u00e1micas del momento, W la Letra sorprende con su incursi\u00f3n en los dominios del merengue ripiao, logrando un puente perfecto entre la tradici\u00f3n y la modernidad. Con un estilo inigualable, el sencillo \u00abMe Da Hipo\u00bb combina la vertiginosa velocidad y el sonido aut\u00f3ctono de los instrumentos cl\u00e1sicos \u2014como el acorde\u00f3n, la g\u00fcira y la tambora\u2014 con texturas y c\u00f3digos de la producci\u00f3n urbana actual.<\/div>\n<div dir=\"auto\"><\/div>\n<div dir=\"auto\">*Sabor de pueblo, picard\u00eda y conexi\u00f3n*<\/div>\n<div dir=\"auto\">M\u00e1s all\u00e1 de su propuesta r\u00edtmica, las composiciones de W la Letra destacan por mantener la picard\u00eda tradicional y la narrativa de la cotidianidad, conectando de forma directa con el sentir del p\u00fablico. Su reciente puesta en escena en el Festival Dominicano demostr\u00f3 la fuerza de su propuesta en vivo, recibiendo el calor y la complicidad de hermanos de distintas naciones como Rep\u00fablica Dominicana, Puerto Rico y toda la fanaticada latina que respalda su m\u00fasica.<\/div>\n<div dir=\"auto\"><\/div>\n<div dir=\"auto\">Este furor r\u00edtmico lleva adem\u00e1s un profundo arraigo: el \u00e9xito \u00abMe Da Hipo\u00bb es un sentido homenaje dedicado con todo el coraz\u00f3n al hermoso pueblo de Nagua, cuna natal del artista, impregnando cada comp\u00e1s de la autenticidad, la alegr\u00eda y el sabor de su tierra.<\/div>\n<div dir=\"auto\"><\/div>\n<div dir=\"auto\">Con este impulso internacional, W la Letra reafirma su madurez art\u00edstica y su capacidad para transformar cualquier escenario en una fiesta total, demostrando que los ritmos caribe\u00f1os tradicionales tienen una vigencia absoluta cuando se interpretan con autenticidad y visi\u00f3n global.<\/div>\n<div dir=\"auto\"><\/div>\n<div dir=\"auto\">Todos los \u00e9xitos de W la Letra, incluyendo el fen\u00f3meno musical \u00abMe Da Hipo\u00bb, ya se pueden disfrutar a trav\u00e9s de la se\u00f1al matriz de\u00a0<a href=\"http:\/\/lapuracrema.net\/\" target=\"_blank\" rel=\"noopener\" data-saferedirecturl=\"https:\/\/www.google.com\/url?q=http:\/\/lapuracrema.net&amp;source=gmail&amp;ust=1788369872846000&amp;usg=AOvVaw2neB03owgT5qEkj7FTCnUa\">lapuracrema.net<\/a>\u00a0y sus cableras IPTV aliadas, as\u00ed como en su canal oficial de YouTube (@wlaletraoficial) y su activa comunidad en TikTok e Instagram en @wlaletraoficial1127, convirti\u00e9ndose en el centro de atenci\u00f3n de la movida urbana y tropical.<\/div>\n<div dir=\"auto\"><\/div>\n<div dir=\"auto\"><strong>Para m\u00e1s informaci\u00f3n, entrevistas y contrataciones:<\/strong><\/div>\n<div dir=\"auto\"><\/div>\n<div dir=\"auto\"><em><strong>Redes sociales y TikTok: @wlaletraoficial1127<\/strong><\/em><\/div>\n<div dir=\"auto\"><\/div>\n<div dir=\"auto\"><em><strong>Canal de YouTube: @wlaletraoficial<\/strong><\/em><\/div>\n<div dir=\"auto\"><\/div>\n<div dir=\"auto\"><em><strong>Contacto de prensa: \u00c1ngel Infante |\u00a0<a href=\"tel:+58%20414-5524341\" target=\"_blank\" rel=\"noopener\">+58 4145524341<\/a>\u00a0|\u00a0<a href=\"http:\/\/lapuracrema.net\/\" target=\"_blank\" rel=\"noopener\" data-saferedirecturl=\"https:\/\/www.google.com\/url?q=http:\/\/lapuracrema.net&amp;source=gmail&amp;ust=1788369872846000&amp;usg=AOvVaw2neB03owgT5qEkj7FTCnUa\">lapuracrema.net<\/a><\/strong><\/em><\/div>\n","protected":false},"excerpt":{"rendered":"<p>lapuracrema.net El vers&aacute;til artista y compositor urbano W la Letra conquist&oacute; con &eacute;xito al p&uacute;blico internacional durante su apote&oacute;sica presentaci&oacute;n en el pasado Festival Dominicano, consolidando su propuesta musical mediante la fusi&oacute;n de la potencia de la calle y la tradici&oacute;n caribe&ntilde;a ante comunidades de diversas naciones. La frescura, el talento y la energ&iacute;a inconfundible &hellip;<\/p>\n","protected":false},"author":2,"featured_media":9806,"comment_status":"open","ping_status":"open","sticky":false,"template":"","format":"standard","meta":{"_jetpack_memberships_contains_paid_content":false,"footnotes":""},"categories":[129],"tags":[],"class_list":["post-9805","post","type-post","status-publish","format-standard","has-post-thumbnail","hentry","category-farandula"],"yoast_head":"<!-- This site is optimized with the Yoast SEO plugin v24.8.1 - https:\/\/yoast.com\/wordpress\/plugins\/seo\/ -->\n<title>W la Letra rinde homenaje a Nagua con &quot;Me Da Hipo&quot; -<\/title>\n<meta name=\"robots\" content=\"index, follow, max-snippet:-1, max-image-preview:large, max-video-preview:-1\" \/>\n<link rel=\"canonical\" href=\"https:\/\/periodicocentroccidente.com\/?p=9805\" \/>\n<meta property=\"og:locale\" content=\"es_ES\" \/>\n<meta property=\"og:type\" content=\"article\" \/>\n<meta property=\"og:title\" content=\"W la Letra rinde homenaje a Nagua con &quot;Me Da Hipo&quot; -\" \/>\n<meta property=\"og:description\" content=\"lapuracrema.net El vers&aacute;til artista y compositor urbano W la Letra conquist&oacute; con &eacute;xito al p&uacute;blico internacional durante su apote&oacute;sica presentaci&oacute;n en el pasado Festival Dominicano, consolidando su propuesta musical mediante la fusi&oacute;n de la potencia de la calle y la tradici&oacute;n caribe&ntilde;a ante comunidades de diversas naciones. La frescura, el talento y la energ&iacute;a inconfundible &hellip;\" \/>\n<meta property=\"og:url\" content=\"https:\/\/periodicocentroccidente.com\/?p=9805\" \/>\n<meta property=\"article:published_time\" content=\"2026-09-01T17:30:34+00:00\" \/>\n<meta property=\"og:image\" content=\"https:\/\/periodicocentroccidente.com\/wp-content\/uploads\/2026\/09\/1009825487.jpg\" \/>\n\t<meta property=\"og:image:width\" content=\"1080\" \/>\n\t<meta property=\"og:image:height\" content=\"831\" \/>\n\t<meta property=\"og:image:type\" content=\"image\/jpeg\" \/>\n<meta name=\"author\" content=\"Ricardo\" \/>\n<meta name=\"twitter:card\" content=\"summary_large_image\" \/>\n<meta name=\"twitter:label1\" content=\"Escrito por\" \/>\n\t<meta name=\"twitter:data1\" content=\"Ricardo\" \/>\n\t<meta name=\"twitter:label2\" content=\"Tiempo de lectura\" \/>\n\t<meta name=\"twitter:data2\" content=\"3 minutos\" \/>\n<script type=\"application\/ld+json\" class=\"yoast-schema-graph\">{\"@context\":\"https:\/\/schema.org\",\"@graph\":[{\"@type\":\"WebPage\",\"@id\":\"https:\/\/periodicocentroccidente.com\/?p=9805\",\"url\":\"https:\/\/periodicocentroccidente.com\/?p=9805\",\"name\":\"W la Letra rinde homenaje a Nagua con \\\"Me Da Hipo\\\" -\",\"isPartOf\":{\"@id\":\"https:\/\/periodicocentroccidente.com\/#website\"},\"primaryImageOfPage\":{\"@id\":\"https:\/\/periodicocentroccidente.com\/?p=9805#primaryimage\"},\"image\":{\"@id\":\"https:\/\/periodicocentroccidente.com\/?p=9805#primaryimage\"},\"thumbnailUrl\":\"https:\/\/periodicocentroccidente.com\/wp-content\/uploads\/2026\/09\/1009825487.jpg\",\"datePublished\":\"2026-09-01T17:30:34+00:00\",\"author\":{\"@id\":\"https:\/\/periodicocentroccidente.com\/#\/schema\/person\/f4e4a651098f3db198244657b7130e7e\"},\"breadcrumb\":{\"@id\":\"https:\/\/periodicocentroccidente.com\/?p=9805#breadcrumb\"},\"inLanguage\":\"es\",\"potentialAction\":[{\"@type\":\"ReadAction\",\"target\":[\"https:\/\/periodicocentroccidente.com\/?p=9805\"]}]},{\"@type\":\"ImageObject\",\"inLanguage\":\"es\",\"@id\":\"https:\/\/periodicocentroccidente.com\/?p=9805#primaryimage\",\"url\":\"https:\/\/periodicocentroccidente.com\/wp-content\/uploads\/2026\/09\/1009825487.jpg\",\"contentUrl\":\"https:\/\/periodicocentroccidente.com\/wp-content\/uploads\/2026\/09\/1009825487.jpg\",\"width\":1080,\"height\":831},{\"@type\":\"BreadcrumbList\",\"@id\":\"https:\/\/periodicocentroccidente.com\/?p=9805#breadcrumb\",\"itemListElement\":[{\"@type\":\"ListItem\",\"position\":1,\"name\":\"Portada\",\"item\":\"https:\/\/periodicocentroccidente.com\/\"},{\"@type\":\"ListItem\",\"position\":2,\"name\":\"W la Letra rinde homenaje a Nagua con \u00abMe Da Hipo\u00bb\"}]},{\"@type\":\"WebSite\",\"@id\":\"https:\/\/periodicocentroccidente.com\/#website\",\"url\":\"https:\/\/periodicocentroccidente.com\/\",\"name\":\"\",\"description\":\"Periodismo serio y responsable\",\"potentialAction\":[{\"@type\":\"SearchAction\",\"target\":{\"@type\":\"EntryPoint\",\"urlTemplate\":\"https:\/\/periodicocentroccidente.com\/?s={search_term_string}\"},\"query-input\":{\"@type\":\"PropertyValueSpecification\",\"valueRequired\":true,\"valueName\":\"search_term_string\"}}],\"inLanguage\":\"es\"},{\"@type\":\"Person\",\"@id\":\"https:\/\/periodicocentroccidente.com\/#\/schema\/person\/f4e4a651098f3db198244657b7130e7e\",\"name\":\"Ricardo\",\"image\":{\"@type\":\"ImageObject\",\"inLanguage\":\"es\",\"@id\":\"https:\/\/periodicocentroccidente.com\/#\/schema\/person\/image\/\",\"url\":\"https:\/\/secure.gravatar.com\/avatar\/402e6137108ec0fdaa7809184382fb1dd2f8b00264c1d945d341f2b8f90db429?s=96&d=mm&r=g\",\"contentUrl\":\"https:\/\/secure.gravatar.com\/avatar\/402e6137108ec0fdaa7809184382fb1dd2f8b00264c1d945d341f2b8f90db429?s=96&d=mm&r=g\",\"caption\":\"Ricardo\"},\"url\":\"https:\/\/periodicocentroccidente.com\/?author=2\"}]}<\/script>\n<!-- \/ Yoast SEO plugin. -->","yoast_head_json":{"title":"W la Letra rinde homenaje a Nagua con \"Me Da Hipo\" -","robots":{"index":"index","follow":"follow","max-snippet":"max-snippet:-1","max-image-preview":"max-image-preview:large","max-video-preview":"max-video-preview:-1"},"canonical":"https:\/\/periodicocentroccidente.com\/?p=9805","og_locale":"es_ES","og_type":"article","og_title":"W la Letra rinde homenaje a Nagua con \"Me Da Hipo\" -","og_description":"lapuracrema.net El vers&aacute;til artista y compositor urbano W la Letra conquist&oacute; con &eacute;xito al p&uacute;blico internacional durante su apote&oacute;sica presentaci&oacute;n en el pasado Festival Dominicano, consolidando su propuesta musical mediante la fusi&oacute;n de la potencia de la calle y la tradici&oacute;n caribe&ntilde;a ante comunidades de diversas naciones. La frescura, el talento y la energ&iacute;a inconfundible &hellip;","og_url":"https:\/\/periodicocentroccidente.com\/?p=9805","article_published_time":"2026-09-01T17:30:34+00:00","og_image":[{"width":1080,"height":831,"url":"https:\/\/periodicocentroccidente.com\/wp-content\/uploads\/2026\/09\/1009825487.jpg","type":"image\/jpeg"}],"author":"Ricardo","twitter_card":"summary_large_image","twitter_misc":{"Escrito por":"Ricardo","Tiempo de lectura":"3 minutos"},"schema":{"@context":"https:\/\/schema.org","@graph":[{"@type":"WebPage","@id":"https:\/\/periodicocentroccidente.com\/?p=9805","url":"https:\/\/periodicocentroccidente.com\/?p=9805","name":"W la Letra rinde homenaje a Nagua con \"Me Da Hipo\" -","isPartOf":{"@id":"https:\/\/periodicocentroccidente.com\/#website"},"primaryImageOfPage":{"@id":"https:\/\/periodicocentroccidente.com\/?p=9805#primaryimage"},"image":{"@id":"https:\/\/periodicocentroccidente.com\/?p=9805#primaryimage"},"thumbnailUrl":"https:\/\/periodicocentroccidente.com\/wp-content\/uploads\/2026\/09\/1009825487.jpg","datePublished":"2026-09-01T17:30:34+00:00","author":{"@id":"https:\/\/periodicocentroccidente.com\/#\/schema\/person\/f4e4a651098f3db198244657b7130e7e"},"breadcrumb":{"@id":"https:\/\/periodicocentroccidente.com\/?p=9805#breadcrumb"},"inLanguage":"es","potentialAction":[{"@type":"ReadAction","target":["https:\/\/periodicocentroccidente.com\/?p=9805"]}]},{"@type":"ImageObject","inLanguage":"es","@id":"https:\/\/periodicocentroccidente.com\/?p=9805#primaryimage","url":"https:\/\/periodicocentroccidente.com\/wp-content\/uploads\/2026\/09\/1009825487.jpg","contentUrl":"https:\/\/periodicocentroccidente.com\/wp-content\/uploads\/2026\/09\/1009825487.jpg","width":1080,"height":831},{"@type":"BreadcrumbList","@id":"https:\/\/periodicocentroccidente.com\/?p=9805#breadcrumb","itemListElement":[{"@type":"ListItem","position":1,"name":"Portada","item":"https:\/\/periodicocentroccidente.com\/"},{"@type":"ListItem","position":2,"name":"W la Letra rinde homenaje a Nagua con \u00abMe Da Hipo\u00bb"}]},{"@type":"WebSite","@id":"https:\/\/periodicocentroccidente.com\/#website","url":"https:\/\/periodicocentroccidente.com\/","name":"","description":"Periodismo serio y responsable","potentialAction":[{"@type":"SearchAction","target":{"@type":"EntryPoint","urlTemplate":"https:\/\/periodicocentroccidente.com\/?s={search_term_string}"},"query-input":{"@type":"PropertyValueSpecification","valueRequired":true,"valueName":"search_term_string"}}],"inLanguage":"es"},{"@type":"Person","@id":"https:\/\/periodicocentroccidente.com\/#\/schema\/person\/f4e4a651098f3db198244657b7130e7e","name":"Ricardo","image":{"@type":"ImageObject","inLanguage":"es","@id":"https:\/\/periodicocentroccidente.com\/#\/schema\/person\/image\/","url":"https:\/\/secure.gravatar.com\/avatar\/402e6137108ec0fdaa7809184382fb1dd2f8b00264c1d945d341f2b8f90db429?s=96&d=mm&r=g","contentUrl":"https:\/\/secure.gravatar.com\/avatar\/402e6137108ec0fdaa7809184382fb1dd2f8b00264c1d945d341f2b8f90db429?s=96&d=mm&r=g","caption":"Ricardo"},"url":"https:\/\/periodicocentroccidente.com\/?author=2"}]}},"jetpack_featured_media_url":"https:\/\/periodicocentroccidente.com\/wp-content\/uploads\/2026\/09\/1009825487.jpg","jetpack_sharing_enabled":true,"jetpack-related-posts":[],"_links":{"self":[{"href":"https:\/\/periodicocentroccidente.com\/index.php?rest_route=\/wp\/v2\/posts\/9805","targetHints":{"allow":["GET"]}}],"collection":[{"href":"https:\/\/periodicocentroccidente.com\/index.php?rest_route=\/wp\/v2\/posts"}],"about":[{"href":"https:\/\/periodicocentroccidente.com\/index.php?rest_route=\/wp\/v2\/types\/post"}],"author":[{"embeddable":true,"href":"https:\/\/periodicocentroccidente.com\/index.php?rest_route=\/wp\/v2\/users\/2"}],"replies":[{"embeddable":true,"href":"https:\/\/periodicocentroccidente.com\/index.php?rest_route=%2Fwp%2Fv2%2Fcomments&post=9805"}],"version-history":[{"count":1,"href":"https:\/\/periodicocentroccidente.com\/index.php?rest_route=\/wp\/v2\/posts\/9805\/revisions"}],"predecessor-version":[{"id":9807,"href":"https:\/\/periodicocentroccidente.com\/index.php?rest_route=\/wp\/v2\/posts\/9805\/revisions\/9807"}],"wp:featuredmedia":[{"embeddable":true,"href":"https:\/\/periodicocentroccidente.com\/index.php?rest_route=\/wp\/v2\/media\/9806"}],"wp:attachment":[{"href":"https:\/\/periodicocentroccidente.com\/index.php?rest_route=%2Fwp%2Fv2%2Fmedia&parent=9805"}],"wp:term":[{"taxonomy":"category","embeddable":true,"href":"https:\/\/periodicocentroccidente.com\/index.php?rest_route=%2Fwp%2Fv2%2Fcategories&post=9805"},{"taxonomy":"post_tag","embeddable":true,"href":"https:\/\/periodicocentroccidente.com\/index.php?rest_route=%2Fwp%2Fv2%2Ftags&post=9805"}],"curies":[{"name":"wp","href":"https:\/\/api.w.org\/{rel}","templated":true}]}}