{"id":9796,"date":"2026-09-01T16:28:53","date_gmt":"2026-09-01T16:28:53","guid":{"rendered":"https:\/\/periodicocentroccidente.com\/?p=9796"},"modified":"2026-09-01T16:28:53","modified_gmt":"2026-09-01T16:28:53","slug":"reactivan-mercal-chabasquen-en-portuguesa-con-100-de-produccion-nacional","status":"publish","type":"post","link":"https:\/\/periodicocentroccidente.com\/?p=9796","title":{"rendered":"Reactivan Mercal Chabasqu\u00e9n en Portuguesa con 100% de producci\u00f3n nacional"},"content":{"rendered":"<p><strong>Especial.-<\/strong><\/p>\n<p class=\"wp-block-paragraph\">Con 100% de producci\u00f3n nacional en los anaqueles, se reactiv\u00f3 en Portuguesa el Mercal tipo 1 de Chabasqu\u00e9n, un abasto que ofrece a los habitantes de la zona alta productos c\u00e1rnicos, v\u00edveres de diferentes marcas, l\u00e1cteos, frutas, verduras, hortalizas, art\u00edculos de higiene personal y de limpieza dom\u00e9stica a precios subsidiados.<\/p>\n<p class=\"wp-block-paragraph\">El establecimiento, ubicado en la avenida Negro Primero en pleno casco de Chabasqu\u00e9n, beneficia de manera directa a los habitantes del circuito comunal Comuna El Para\u00edso -1.542 familias- con la oferta de todos los productos de la cesta b\u00e1sica y una garant\u00eda de ahorro hasta de 80%.<\/p>\n<p class=\"wp-block-paragraph\">Seg\u00fan la jefa de Mercal en Portuguesa, Norelys Garc\u00eda, el abasto es el segundo Mercal rehabilitado en la regi\u00f3n y, en comparaci\u00f3n con la red privada de alimentos, ofrece al pueblo la posibilidad de ahorrar de 69% a 81% por producto.<\/p>\n<p class=\"wp-block-paragraph\">Precis\u00f3 que el local estar\u00e1 abierto todos los d\u00edas al servicio de la poblaci\u00f3n de Chabasqu\u00e9n, que a\u00fan no se recupera por completo de los da\u00f1os que sufri\u00f3 a causa de las fuertes lluvias y los deslaves registrados entre junio y julio pasado.<\/p>\n<p class=\"wp-block-paragraph\">\u00abEstamos en el proyecto Venezuela Renace y Mercal renace aqu\u00ed en Chabasqu\u00e9n para atender diariamente a nuestro pueblo con precios subsidiados\u00bb, destac\u00f3.<\/p>\n<p class=\"wp-block-paragraph\">El abasto abarca una superficie de 262 metros cuadrados y abre de nuevo sus puertas con la capacidad de almacenar 92,80 toneladas de alimentos: 91,10 toneladas en seco y 1,70 toneladas en fr\u00edo.<\/p>\n<p class=\"wp-block-paragraph\">La puesta en funcionamiento del Mercal Chabasqu\u00e9n se enmarca en el plan de reactivaci\u00f3n de la red directa de distribuci\u00f3n y comercializaci\u00f3n de alimentos a precios justos, que en 2026 prev\u00e9 la rehabilitaci\u00f3n y activaci\u00f3n en el pa\u00eds de 416 establecimientos tipo I y II de Mercal y Pdval.<\/p>\n<p><strong>VIA <a class=\"tdb-author-name\" href=\"https:\/\/ultimasnoticias.com.ve\/author\/kpimentel\/\">KARINEY PIMENTEL<\/a> UN<\/strong><\/p>\n","protected":false},"excerpt":{"rendered":"<p>Especial.- Con 100% de producci&oacute;n nacional en los anaqueles, se reactiv&oacute; en Portuguesa el Mercal tipo 1 de Chabasqu&eacute;n, un abasto que ofrece a los habitantes de la zona alta productos c&aacute;rnicos, v&iacute;veres de diferentes marcas, l&aacute;cteos, frutas, verduras, hortalizas, art&iacute;culos de higiene personal y de limpieza dom&eacute;stica a precios subsidiados. El establecimiento, ubicado en &hellip;<\/p>\n","protected":false},"author":2,"featured_media":9797,"comment_status":"open","ping_status":"open","sticky":false,"template":"","format":"standard","meta":{"_jetpack_memberships_contains_paid_content":false,"footnotes":""},"categories":[130],"tags":[],"class_list":["post-9796","post","type-post","status-publish","format-standard","has-post-thumbnail","hentry","category-regionales"],"yoast_head":"<!-- This site is optimized with the Yoast SEO plugin v24.8.1 - https:\/\/yoast.com\/wordpress\/plugins\/seo\/ -->\n<title>Reactivan Mercal Chabasqu\u00e9n en Portuguesa con 100% de producci\u00f3n nacional -<\/title>\n<meta name=\"robots\" content=\"index, follow, max-snippet:-1, max-image-preview:large, max-video-preview:-1\" \/>\n<link rel=\"canonical\" href=\"https:\/\/periodicocentroccidente.com\/?p=9796\" \/>\n<meta property=\"og:locale\" content=\"es_ES\" \/>\n<meta property=\"og:type\" content=\"article\" \/>\n<meta property=\"og:title\" content=\"Reactivan Mercal Chabasqu\u00e9n en Portuguesa con 100% de producci\u00f3n nacional -\" \/>\n<meta property=\"og:description\" content=\"Especial.- Con 100% de producci&oacute;n nacional en los anaqueles, se reactiv&oacute; en Portuguesa el Mercal tipo 1 de Chabasqu&eacute;n, un abasto que ofrece a los habitantes de la zona alta productos c&aacute;rnicos, v&iacute;veres de diferentes marcas, l&aacute;cteos, frutas, verduras, hortalizas, art&iacute;culos de higiene personal y de limpieza dom&eacute;stica a precios subsidiados. El establecimiento, ubicado en &hellip;\" \/>\n<meta property=\"og:url\" content=\"https:\/\/periodicocentroccidente.com\/?p=9796\" \/>\n<meta property=\"article:published_time\" content=\"2026-09-01T16:28:53+00:00\" \/>\n<meta property=\"og:image\" content=\"https:\/\/periodicocentroccidente.com\/wp-content\/uploads\/2026\/09\/1001421954-768x433-1.jpg\" \/>\n\t<meta property=\"og:image:width\" content=\"768\" \/>\n\t<meta property=\"og:image:height\" content=\"433\" \/>\n\t<meta property=\"og:image:type\" content=\"image\/jpeg\" \/>\n<meta name=\"author\" content=\"Ricardo\" \/>\n<meta name=\"twitter:card\" content=\"summary_large_image\" \/>\n<meta name=\"twitter:label1\" content=\"Escrito por\" \/>\n\t<meta name=\"twitter:data1\" content=\"Ricardo\" \/>\n\t<meta name=\"twitter:label2\" content=\"Tiempo de lectura\" \/>\n\t<meta name=\"twitter:data2\" content=\"2 minutos\" \/>\n<script type=\"application\/ld+json\" class=\"yoast-schema-graph\">{\"@context\":\"https:\/\/schema.org\",\"@graph\":[{\"@type\":\"WebPage\",\"@id\":\"https:\/\/periodicocentroccidente.com\/?p=9796\",\"url\":\"https:\/\/periodicocentroccidente.com\/?p=9796\",\"name\":\"Reactivan Mercal Chabasqu\u00e9n en Portuguesa con 100% de producci\u00f3n nacional -\",\"isPartOf\":{\"@id\":\"https:\/\/periodicocentroccidente.com\/#website\"},\"primaryImageOfPage\":{\"@id\":\"https:\/\/periodicocentroccidente.com\/?p=9796#primaryimage\"},\"image\":{\"@id\":\"https:\/\/periodicocentroccidente.com\/?p=9796#primaryimage\"},\"thumbnailUrl\":\"https:\/\/periodicocentroccidente.com\/wp-content\/uploads\/2026\/09\/1001421954-768x433-1.jpg\",\"datePublished\":\"2026-09-01T16:28:53+00:00\",\"author\":{\"@id\":\"https:\/\/periodicocentroccidente.com\/#\/schema\/person\/f4e4a651098f3db198244657b7130e7e\"},\"breadcrumb\":{\"@id\":\"https:\/\/periodicocentroccidente.com\/?p=9796#breadcrumb\"},\"inLanguage\":\"es\",\"potentialAction\":[{\"@type\":\"ReadAction\",\"target\":[\"https:\/\/periodicocentroccidente.com\/?p=9796\"]}]},{\"@type\":\"ImageObject\",\"inLanguage\":\"es\",\"@id\":\"https:\/\/periodicocentroccidente.com\/?p=9796#primaryimage\",\"url\":\"https:\/\/periodicocentroccidente.com\/wp-content\/uploads\/2026\/09\/1001421954-768x433-1.jpg\",\"contentUrl\":\"https:\/\/periodicocentroccidente.com\/wp-content\/uploads\/2026\/09\/1001421954-768x433-1.jpg\",\"width\":768,\"height\":433},{\"@type\":\"BreadcrumbList\",\"@id\":\"https:\/\/periodicocentroccidente.com\/?p=9796#breadcrumb\",\"itemListElement\":[{\"@type\":\"ListItem\",\"position\":1,\"name\":\"Portada\",\"item\":\"https:\/\/periodicocentroccidente.com\/\"},{\"@type\":\"ListItem\",\"position\":2,\"name\":\"Reactivan Mercal Chabasqu\u00e9n en Portuguesa con 100% de producci\u00f3n nacional\"}]},{\"@type\":\"WebSite\",\"@id\":\"https:\/\/periodicocentroccidente.com\/#website\",\"url\":\"https:\/\/periodicocentroccidente.com\/\",\"name\":\"\",\"description\":\"Periodismo serio y responsable\",\"potentialAction\":[{\"@type\":\"SearchAction\",\"target\":{\"@type\":\"EntryPoint\",\"urlTemplate\":\"https:\/\/periodicocentroccidente.com\/?s={search_term_string}\"},\"query-input\":{\"@type\":\"PropertyValueSpecification\",\"valueRequired\":true,\"valueName\":\"search_term_string\"}}],\"inLanguage\":\"es\"},{\"@type\":\"Person\",\"@id\":\"https:\/\/periodicocentroccidente.com\/#\/schema\/person\/f4e4a651098f3db198244657b7130e7e\",\"name\":\"Ricardo\",\"image\":{\"@type\":\"ImageObject\",\"inLanguage\":\"es\",\"@id\":\"https:\/\/periodicocentroccidente.com\/#\/schema\/person\/image\/\",\"url\":\"https:\/\/secure.gravatar.com\/avatar\/402e6137108ec0fdaa7809184382fb1dd2f8b00264c1d945d341f2b8f90db429?s=96&d=mm&r=g\",\"contentUrl\":\"https:\/\/secure.gravatar.com\/avatar\/402e6137108ec0fdaa7809184382fb1dd2f8b00264c1d945d341f2b8f90db429?s=96&d=mm&r=g\",\"caption\":\"Ricardo\"},\"url\":\"https:\/\/periodicocentroccidente.com\/?author=2\"}]}<\/script>\n<!-- \/ Yoast SEO plugin. -->","yoast_head_json":{"title":"Reactivan Mercal Chabasqu\u00e9n en Portuguesa con 100% de producci\u00f3n nacional -","robots":{"index":"index","follow":"follow","max-snippet":"max-snippet:-1","max-image-preview":"max-image-preview:large","max-video-preview":"max-video-preview:-1"},"canonical":"https:\/\/periodicocentroccidente.com\/?p=9796","og_locale":"es_ES","og_type":"article","og_title":"Reactivan Mercal Chabasqu\u00e9n en Portuguesa con 100% de producci\u00f3n nacional -","og_description":"Especial.- Con 100% de producci&oacute;n nacional en los anaqueles, se reactiv&oacute; en Portuguesa el Mercal tipo 1 de Chabasqu&eacute;n, un abasto que ofrece a los habitantes de la zona alta productos c&aacute;rnicos, v&iacute;veres de diferentes marcas, l&aacute;cteos, frutas, verduras, hortalizas, art&iacute;culos de higiene personal y de limpieza dom&eacute;stica a precios subsidiados. El establecimiento, ubicado en &hellip;","og_url":"https:\/\/periodicocentroccidente.com\/?p=9796","article_published_time":"2026-09-01T16:28:53+00:00","og_image":[{"width":768,"height":433,"url":"https:\/\/periodicocentroccidente.com\/wp-content\/uploads\/2026\/09\/1001421954-768x433-1.jpg","type":"image\/jpeg"}],"author":"Ricardo","twitter_card":"summary_large_image","twitter_misc":{"Escrito por":"Ricardo","Tiempo de lectura":"2 minutos"},"schema":{"@context":"https:\/\/schema.org","@graph":[{"@type":"WebPage","@id":"https:\/\/periodicocentroccidente.com\/?p=9796","url":"https:\/\/periodicocentroccidente.com\/?p=9796","name":"Reactivan Mercal Chabasqu\u00e9n en Portuguesa con 100% de producci\u00f3n nacional -","isPartOf":{"@id":"https:\/\/periodicocentroccidente.com\/#website"},"primaryImageOfPage":{"@id":"https:\/\/periodicocentroccidente.com\/?p=9796#primaryimage"},"image":{"@id":"https:\/\/periodicocentroccidente.com\/?p=9796#primaryimage"},"thumbnailUrl":"https:\/\/periodicocentroccidente.com\/wp-content\/uploads\/2026\/09\/1001421954-768x433-1.jpg","datePublished":"2026-09-01T16:28:53+00:00","author":{"@id":"https:\/\/periodicocentroccidente.com\/#\/schema\/person\/f4e4a651098f3db198244657b7130e7e"},"breadcrumb":{"@id":"https:\/\/periodicocentroccidente.com\/?p=9796#breadcrumb"},"inLanguage":"es","potentialAction":[{"@type":"ReadAction","target":["https:\/\/periodicocentroccidente.com\/?p=9796"]}]},{"@type":"ImageObject","inLanguage":"es","@id":"https:\/\/periodicocentroccidente.com\/?p=9796#primaryimage","url":"https:\/\/periodicocentroccidente.com\/wp-content\/uploads\/2026\/09\/1001421954-768x433-1.jpg","contentUrl":"https:\/\/periodicocentroccidente.com\/wp-content\/uploads\/2026\/09\/1001421954-768x433-1.jpg","width":768,"height":433},{"@type":"BreadcrumbList","@id":"https:\/\/periodicocentroccidente.com\/?p=9796#breadcrumb","itemListElement":[{"@type":"ListItem","position":1,"name":"Portada","item":"https:\/\/periodicocentroccidente.com\/"},{"@type":"ListItem","position":2,"name":"Reactivan Mercal Chabasqu\u00e9n en Portuguesa con 100% de producci\u00f3n nacional"}]},{"@type":"WebSite","@id":"https:\/\/periodicocentroccidente.com\/#website","url":"https:\/\/periodicocentroccidente.com\/","name":"","description":"Periodismo serio y responsable","potentialAction":[{"@type":"SearchAction","target":{"@type":"EntryPoint","urlTemplate":"https:\/\/periodicocentroccidente.com\/?s={search_term_string}"},"query-input":{"@type":"PropertyValueSpecification","valueRequired":true,"valueName":"search_term_string"}}],"inLanguage":"es"},{"@type":"Person","@id":"https:\/\/periodicocentroccidente.com\/#\/schema\/person\/f4e4a651098f3db198244657b7130e7e","name":"Ricardo","image":{"@type":"ImageObject","inLanguage":"es","@id":"https:\/\/periodicocentroccidente.com\/#\/schema\/person\/image\/","url":"https:\/\/secure.gravatar.com\/avatar\/402e6137108ec0fdaa7809184382fb1dd2f8b00264c1d945d341f2b8f90db429?s=96&d=mm&r=g","contentUrl":"https:\/\/secure.gravatar.com\/avatar\/402e6137108ec0fdaa7809184382fb1dd2f8b00264c1d945d341f2b8f90db429?s=96&d=mm&r=g","caption":"Ricardo"},"url":"https:\/\/periodicocentroccidente.com\/?author=2"}]}},"jetpack_featured_media_url":"https:\/\/periodicocentroccidente.com\/wp-content\/uploads\/2026\/09\/1001421954-768x433-1.jpg","jetpack_sharing_enabled":true,"jetpack-related-posts":[],"_links":{"self":[{"href":"https:\/\/periodicocentroccidente.com\/index.php?rest_route=\/wp\/v2\/posts\/9796","targetHints":{"allow":["GET"]}}],"collection":[{"href":"https:\/\/periodicocentroccidente.com\/index.php?rest_route=\/wp\/v2\/posts"}],"about":[{"href":"https:\/\/periodicocentroccidente.com\/index.php?rest_route=\/wp\/v2\/types\/post"}],"author":[{"embeddable":true,"href":"https:\/\/periodicocentroccidente.com\/index.php?rest_route=\/wp\/v2\/users\/2"}],"replies":[{"embeddable":true,"href":"https:\/\/periodicocentroccidente.com\/index.php?rest_route=%2Fwp%2Fv2%2Fcomments&post=9796"}],"version-history":[{"count":1,"href":"https:\/\/periodicocentroccidente.com\/index.php?rest_route=\/wp\/v2\/posts\/9796\/revisions"}],"predecessor-version":[{"id":9798,"href":"https:\/\/periodicocentroccidente.com\/index.php?rest_route=\/wp\/v2\/posts\/9796\/revisions\/9798"}],"wp:featuredmedia":[{"embeddable":true,"href":"https:\/\/periodicocentroccidente.com\/index.php?rest_route=\/wp\/v2\/media\/9797"}],"wp:attachment":[{"href":"https:\/\/periodicocentroccidente.com\/index.php?rest_route=%2Fwp%2Fv2%2Fmedia&parent=9796"}],"wp:term":[{"taxonomy":"category","embeddable":true,"href":"https:\/\/periodicocentroccidente.com\/index.php?rest_route=%2Fwp%2Fv2%2Fcategories&post=9796"},{"taxonomy":"post_tag","embeddable":true,"href":"https:\/\/periodicocentroccidente.com\/index.php?rest_route=%2Fwp%2Fv2%2Ftags&post=9796"}],"curies":[{"name":"wp","href":"https:\/\/api.w.org\/{rel}","templated":true}]}}