{"id":9793,"date":"2026-09-01T16:21:42","date_gmt":"2026-09-01T16:21:42","guid":{"rendered":"https:\/\/periodicocentroccidente.com\/?p=9793"},"modified":"2026-09-01T16:21:42","modified_gmt":"2026-09-01T16:21:42","slug":"nueva-jornada-quirurgica-beneficio-a-ninas-y-ninos-de-guanare-y-santa-rosalia","status":"publish","type":"post","link":"https:\/\/periodicocentroccidente.com\/?p=9793","title":{"rendered":"Nueva jornada quir\u00fargica beneficio a ni\u00f1as y ni\u00f1os de Guanare y Santa Rosal\u00eda"},"content":{"rendered":"<p><strong>ESPECIAL.-<\/strong><\/p>\n<p>El gobernador del estado Portuguesa, Primitivo Cede\u00f1o, impuls\u00f3 una nueva jornada m\u00e9dica orientada a la realizaci\u00f3n de cirug\u00edas de hernias destinadas a beneficiar a ni\u00f1as y ni\u00f1os de los municipios Guanare y Santa Rosal\u00eda. Esta iniciativa de atenci\u00f3n especializada forma parte del plan de acci\u00f3n regional orientado a garantizar el acceso a la salud quir\u00fargica de la poblaci\u00f3n infantil y brindar una soluci\u00f3n directa a los casos presentados en la entidad<\/p>\n<p>De acuerdo con el mandatario regional, cada intervenci\u00f3n ejecutada durante el operativo busca mejorar la calidad de vida de los infantes atendidos, as\u00ed como brindar tranquilidad a sus familias. Cede\u00f1o destac\u00f3 que el compromiso con el bienestar y la atenci\u00f3n prioritaria de la salud infantil se mantiene como un eje central dentro de los programas sanitarios desplegados en el estado.<\/p>\n<p>El plan de intervenciones busca dar respuesta de forma progresiva a los requerimientos de la comunidad en materia de cirug\u00edas pedi\u00e1tricas. Las autoridades regionales ratificaron que continuar\u00e1n desarrollando estas jornadas en los distintos municipios de la entidad para asegurar la asistencia m\u00e9dica gratuita y especializada a los sectores m\u00e1s vulnerables.<\/p>\n<p><strong>\/Noticias24hrs.com<\/strong><\/p>\n","protected":false},"excerpt":{"rendered":"<p>ESPECIAL.- El gobernador del estado Portuguesa, Primitivo Cede&ntilde;o, impuls&oacute; una nueva jornada m&eacute;dica orientada a la realizaci&oacute;n de cirug&iacute;as de hernias destinadas a beneficiar a ni&ntilde;as y ni&ntilde;os de los municipios Guanare y Santa Rosal&iacute;a. Esta iniciativa de atenci&oacute;n especializada forma parte del plan de acci&oacute;n regional orientado a garantizar el acceso a la salud &hellip;<\/p>\n","protected":false},"author":2,"featured_media":9794,"comment_status":"open","ping_status":"open","sticky":false,"template":"","format":"standard","meta":{"_jetpack_memberships_contains_paid_content":false,"footnotes":""},"categories":[127],"tags":[],"class_list":["post-9793","post","type-post","status-publish","format-standard","has-post-thumbnail","hentry","category-noticias-recientes"],"yoast_head":"<!-- This site is optimized with the Yoast SEO plugin v24.8.1 - https:\/\/yoast.com\/wordpress\/plugins\/seo\/ -->\n<title>Nueva jornada quir\u00fargica beneficio a ni\u00f1as y ni\u00f1os de Guanare y Santa Rosal\u00eda -<\/title>\n<meta name=\"robots\" content=\"index, follow, max-snippet:-1, max-image-preview:large, max-video-preview:-1\" \/>\n<link rel=\"canonical\" href=\"https:\/\/periodicocentroccidente.com\/?p=9793\" \/>\n<meta property=\"og:locale\" content=\"es_ES\" \/>\n<meta property=\"og:type\" content=\"article\" \/>\n<meta property=\"og:title\" content=\"Nueva jornada quir\u00fargica beneficio a ni\u00f1as y ni\u00f1os de Guanare y Santa Rosal\u00eda -\" \/>\n<meta property=\"og:description\" content=\"ESPECIAL.- El gobernador del estado Portuguesa, Primitivo Cede&ntilde;o, impuls&oacute; una nueva jornada m&eacute;dica orientada a la realizaci&oacute;n de cirug&iacute;as de hernias destinadas a beneficiar a ni&ntilde;as y ni&ntilde;os de los municipios Guanare y Santa Rosal&iacute;a. Esta iniciativa de atenci&oacute;n especializada forma parte del plan de acci&oacute;n regional orientado a garantizar el acceso a la salud &hellip;\" \/>\n<meta property=\"og:url\" content=\"https:\/\/periodicocentroccidente.com\/?p=9793\" \/>\n<meta property=\"article:published_time\" content=\"2026-09-01T16:21:42+00:00\" \/>\n<meta property=\"og:image\" content=\"https:\/\/periodicocentroccidente.com\/wp-content\/uploads\/2026\/09\/208010.jpg\" \/>\n\t<meta property=\"og:image:width\" content=\"1153\" \/>\n\t<meta property=\"og:image:height\" content=\"861\" \/>\n\t<meta property=\"og:image:type\" content=\"image\/jpeg\" \/>\n<meta name=\"author\" content=\"Ricardo\" \/>\n<meta name=\"twitter:card\" content=\"summary_large_image\" \/>\n<meta name=\"twitter:label1\" content=\"Escrito por\" \/>\n\t<meta name=\"twitter:data1\" content=\"Ricardo\" \/>\n\t<meta name=\"twitter:label2\" content=\"Tiempo de lectura\" \/>\n\t<meta name=\"twitter:data2\" content=\"2 minutos\" \/>\n<script type=\"application\/ld+json\" class=\"yoast-schema-graph\">{\"@context\":\"https:\/\/schema.org\",\"@graph\":[{\"@type\":\"WebPage\",\"@id\":\"https:\/\/periodicocentroccidente.com\/?p=9793\",\"url\":\"https:\/\/periodicocentroccidente.com\/?p=9793\",\"name\":\"Nueva jornada quir\u00fargica beneficio a ni\u00f1as y ni\u00f1os de Guanare y Santa Rosal\u00eda -\",\"isPartOf\":{\"@id\":\"https:\/\/periodicocentroccidente.com\/#website\"},\"primaryImageOfPage\":{\"@id\":\"https:\/\/periodicocentroccidente.com\/?p=9793#primaryimage\"},\"image\":{\"@id\":\"https:\/\/periodicocentroccidente.com\/?p=9793#primaryimage\"},\"thumbnailUrl\":\"https:\/\/periodicocentroccidente.com\/wp-content\/uploads\/2026\/09\/208010.jpg\",\"datePublished\":\"2026-09-01T16:21:42+00:00\",\"author\":{\"@id\":\"https:\/\/periodicocentroccidente.com\/#\/schema\/person\/f4e4a651098f3db198244657b7130e7e\"},\"breadcrumb\":{\"@id\":\"https:\/\/periodicocentroccidente.com\/?p=9793#breadcrumb\"},\"inLanguage\":\"es\",\"potentialAction\":[{\"@type\":\"ReadAction\",\"target\":[\"https:\/\/periodicocentroccidente.com\/?p=9793\"]}]},{\"@type\":\"ImageObject\",\"inLanguage\":\"es\",\"@id\":\"https:\/\/periodicocentroccidente.com\/?p=9793#primaryimage\",\"url\":\"https:\/\/periodicocentroccidente.com\/wp-content\/uploads\/2026\/09\/208010.jpg\",\"contentUrl\":\"https:\/\/periodicocentroccidente.com\/wp-content\/uploads\/2026\/09\/208010.jpg\",\"width\":1153,\"height\":861},{\"@type\":\"BreadcrumbList\",\"@id\":\"https:\/\/periodicocentroccidente.com\/?p=9793#breadcrumb\",\"itemListElement\":[{\"@type\":\"ListItem\",\"position\":1,\"name\":\"Portada\",\"item\":\"https:\/\/periodicocentroccidente.com\/\"},{\"@type\":\"ListItem\",\"position\":2,\"name\":\"Nueva jornada quir\u00fargica beneficio a ni\u00f1as y ni\u00f1os de Guanare y Santa Rosal\u00eda\"}]},{\"@type\":\"WebSite\",\"@id\":\"https:\/\/periodicocentroccidente.com\/#website\",\"url\":\"https:\/\/periodicocentroccidente.com\/\",\"name\":\"\",\"description\":\"Periodismo serio y responsable\",\"potentialAction\":[{\"@type\":\"SearchAction\",\"target\":{\"@type\":\"EntryPoint\",\"urlTemplate\":\"https:\/\/periodicocentroccidente.com\/?s={search_term_string}\"},\"query-input\":{\"@type\":\"PropertyValueSpecification\",\"valueRequired\":true,\"valueName\":\"search_term_string\"}}],\"inLanguage\":\"es\"},{\"@type\":\"Person\",\"@id\":\"https:\/\/periodicocentroccidente.com\/#\/schema\/person\/f4e4a651098f3db198244657b7130e7e\",\"name\":\"Ricardo\",\"image\":{\"@type\":\"ImageObject\",\"inLanguage\":\"es\",\"@id\":\"https:\/\/periodicocentroccidente.com\/#\/schema\/person\/image\/\",\"url\":\"https:\/\/secure.gravatar.com\/avatar\/402e6137108ec0fdaa7809184382fb1dd2f8b00264c1d945d341f2b8f90db429?s=96&d=mm&r=g\",\"contentUrl\":\"https:\/\/secure.gravatar.com\/avatar\/402e6137108ec0fdaa7809184382fb1dd2f8b00264c1d945d341f2b8f90db429?s=96&d=mm&r=g\",\"caption\":\"Ricardo\"},\"url\":\"https:\/\/periodicocentroccidente.com\/?author=2\"}]}<\/script>\n<!-- \/ Yoast SEO plugin. -->","yoast_head_json":{"title":"Nueva jornada quir\u00fargica beneficio a ni\u00f1as y ni\u00f1os de Guanare y Santa Rosal\u00eda -","robots":{"index":"index","follow":"follow","max-snippet":"max-snippet:-1","max-image-preview":"max-image-preview:large","max-video-preview":"max-video-preview:-1"},"canonical":"https:\/\/periodicocentroccidente.com\/?p=9793","og_locale":"es_ES","og_type":"article","og_title":"Nueva jornada quir\u00fargica beneficio a ni\u00f1as y ni\u00f1os de Guanare y Santa Rosal\u00eda -","og_description":"ESPECIAL.- El gobernador del estado Portuguesa, Primitivo Cede&ntilde;o, impuls&oacute; una nueva jornada m&eacute;dica orientada a la realizaci&oacute;n de cirug&iacute;as de hernias destinadas a beneficiar a ni&ntilde;as y ni&ntilde;os de los municipios Guanare y Santa Rosal&iacute;a. Esta iniciativa de atenci&oacute;n especializada forma parte del plan de acci&oacute;n regional orientado a garantizar el acceso a la salud &hellip;","og_url":"https:\/\/periodicocentroccidente.com\/?p=9793","article_published_time":"2026-09-01T16:21:42+00:00","og_image":[{"width":1153,"height":861,"url":"https:\/\/periodicocentroccidente.com\/wp-content\/uploads\/2026\/09\/208010.jpg","type":"image\/jpeg"}],"author":"Ricardo","twitter_card":"summary_large_image","twitter_misc":{"Escrito por":"Ricardo","Tiempo de lectura":"2 minutos"},"schema":{"@context":"https:\/\/schema.org","@graph":[{"@type":"WebPage","@id":"https:\/\/periodicocentroccidente.com\/?p=9793","url":"https:\/\/periodicocentroccidente.com\/?p=9793","name":"Nueva jornada quir\u00fargica beneficio a ni\u00f1as y ni\u00f1os de Guanare y Santa Rosal\u00eda -","isPartOf":{"@id":"https:\/\/periodicocentroccidente.com\/#website"},"primaryImageOfPage":{"@id":"https:\/\/periodicocentroccidente.com\/?p=9793#primaryimage"},"image":{"@id":"https:\/\/periodicocentroccidente.com\/?p=9793#primaryimage"},"thumbnailUrl":"https:\/\/periodicocentroccidente.com\/wp-content\/uploads\/2026\/09\/208010.jpg","datePublished":"2026-09-01T16:21:42+00:00","author":{"@id":"https:\/\/periodicocentroccidente.com\/#\/schema\/person\/f4e4a651098f3db198244657b7130e7e"},"breadcrumb":{"@id":"https:\/\/periodicocentroccidente.com\/?p=9793#breadcrumb"},"inLanguage":"es","potentialAction":[{"@type":"ReadAction","target":["https:\/\/periodicocentroccidente.com\/?p=9793"]}]},{"@type":"ImageObject","inLanguage":"es","@id":"https:\/\/periodicocentroccidente.com\/?p=9793#primaryimage","url":"https:\/\/periodicocentroccidente.com\/wp-content\/uploads\/2026\/09\/208010.jpg","contentUrl":"https:\/\/periodicocentroccidente.com\/wp-content\/uploads\/2026\/09\/208010.jpg","width":1153,"height":861},{"@type":"BreadcrumbList","@id":"https:\/\/periodicocentroccidente.com\/?p=9793#breadcrumb","itemListElement":[{"@type":"ListItem","position":1,"name":"Portada","item":"https:\/\/periodicocentroccidente.com\/"},{"@type":"ListItem","position":2,"name":"Nueva jornada quir\u00fargica beneficio a ni\u00f1as y ni\u00f1os de Guanare y Santa Rosal\u00eda"}]},{"@type":"WebSite","@id":"https:\/\/periodicocentroccidente.com\/#website","url":"https:\/\/periodicocentroccidente.com\/","name":"","description":"Periodismo serio y responsable","potentialAction":[{"@type":"SearchAction","target":{"@type":"EntryPoint","urlTemplate":"https:\/\/periodicocentroccidente.com\/?s={search_term_string}"},"query-input":{"@type":"PropertyValueSpecification","valueRequired":true,"valueName":"search_term_string"}}],"inLanguage":"es"},{"@type":"Person","@id":"https:\/\/periodicocentroccidente.com\/#\/schema\/person\/f4e4a651098f3db198244657b7130e7e","name":"Ricardo","image":{"@type":"ImageObject","inLanguage":"es","@id":"https:\/\/periodicocentroccidente.com\/#\/schema\/person\/image\/","url":"https:\/\/secure.gravatar.com\/avatar\/402e6137108ec0fdaa7809184382fb1dd2f8b00264c1d945d341f2b8f90db429?s=96&d=mm&r=g","contentUrl":"https:\/\/secure.gravatar.com\/avatar\/402e6137108ec0fdaa7809184382fb1dd2f8b00264c1d945d341f2b8f90db429?s=96&d=mm&r=g","caption":"Ricardo"},"url":"https:\/\/periodicocentroccidente.com\/?author=2"}]}},"jetpack_featured_media_url":"https:\/\/periodicocentroccidente.com\/wp-content\/uploads\/2026\/09\/208010.jpg","jetpack_sharing_enabled":true,"jetpack-related-posts":[],"_links":{"self":[{"href":"https:\/\/periodicocentroccidente.com\/index.php?rest_route=\/wp\/v2\/posts\/9793","targetHints":{"allow":["GET"]}}],"collection":[{"href":"https:\/\/periodicocentroccidente.com\/index.php?rest_route=\/wp\/v2\/posts"}],"about":[{"href":"https:\/\/periodicocentroccidente.com\/index.php?rest_route=\/wp\/v2\/types\/post"}],"author":[{"embeddable":true,"href":"https:\/\/periodicocentroccidente.com\/index.php?rest_route=\/wp\/v2\/users\/2"}],"replies":[{"embeddable":true,"href":"https:\/\/periodicocentroccidente.com\/index.php?rest_route=%2Fwp%2Fv2%2Fcomments&post=9793"}],"version-history":[{"count":1,"href":"https:\/\/periodicocentroccidente.com\/index.php?rest_route=\/wp\/v2\/posts\/9793\/revisions"}],"predecessor-version":[{"id":9795,"href":"https:\/\/periodicocentroccidente.com\/index.php?rest_route=\/wp\/v2\/posts\/9793\/revisions\/9795"}],"wp:featuredmedia":[{"embeddable":true,"href":"https:\/\/periodicocentroccidente.com\/index.php?rest_route=\/wp\/v2\/media\/9794"}],"wp:attachment":[{"href":"https:\/\/periodicocentroccidente.com\/index.php?rest_route=%2Fwp%2Fv2%2Fmedia&parent=9793"}],"wp:term":[{"taxonomy":"category","embeddable":true,"href":"https:\/\/periodicocentroccidente.com\/index.php?rest_route=%2Fwp%2Fv2%2Fcategories&post=9793"},{"taxonomy":"post_tag","embeddable":true,"href":"https:\/\/periodicocentroccidente.com\/index.php?rest_route=%2Fwp%2Fv2%2Ftags&post=9793"}],"curies":[{"name":"wp","href":"https:\/\/api.w.org\/{rel}","templated":true}]}}