{"id":9788,"date":"2026-09-01T15:01:31","date_gmt":"2026-09-01T15:01:31","guid":{"rendered":"https:\/\/periodicocentroccidente.com\/?p=9788"},"modified":"2026-09-01T15:01:31","modified_gmt":"2026-09-01T15:01:31","slug":"maiquetia-activa-terminales-temporales-con-ocho-vuelos-diarios-en-su-arranque","status":"publish","type":"post","link":"https:\/\/periodicocentroccidente.com\/?p=9788","title":{"rendered":"Maiquet\u00eda activa terminales temporales con ocho vuelos diarios en su arranque"},"content":{"rendered":"<p><strong>Especial.-<\/strong><\/p>\n<p class=\"wp-block-paragraph\">El Aeropuerto Internacional Sim\u00f3n Bol\u00edvar de Maiquet\u00eda se prepara para recuperar progresivamente su conectividad a\u00e9rea tras el doble terremoto del 24 de junio, con un esquema provisional que contempla, en su fase inicial, ocho vuelos diarios: cuatro nacionales y cuatro internacionales.<\/p>\n<p class=\"wp-block-paragraph\">La reactivaci\u00f3n ser\u00e1 respaldada por al menos seis aerol\u00edneas, entre ellas Laser, Estelar, Conviasa, Venezolana, Turkish Airlines y American Airlines, quienes participan en los preparativos para la puesta en funcionamiento de los terminales temporales habilitados tras las afectaciones provocadas por el terremoto del pasado 24 de junio.<\/p>\n<p class=\"wp-block-paragraph\">Durante las \u00faltimas dos semanas se han realizado al menos cuatro simulacros de operaciones con resultados satisfactorios, dirigidos a evaluar los procedimientos de atenci\u00f3n, circulaci\u00f3n y embarque de pasajeros antes de la activaci\u00f3n formal del nuevo esquema.<\/p>\n<p class=\"wp-block-paragraph\">Cuatro \u00e1reas para separar llegadas y salidas<\/p>\n<p class=\"wp-block-paragraph\">Los terminales temporales fueron instalados en las \u00e1reas externas del aeropuerto y estar\u00e1n distribuidos en cuatro espacios independientes: dos para salidas y dos para llegadas, con una diferenciaci\u00f3n entre las operaciones nacionales e internacionales.<\/p>\n<p class=\"wp-block-paragraph\">El \u00e1rea de salidas nacionales cuenta con unos 3.300 metros cuadrados, tres puertas de embarque y capacidad para atender simult\u00e1neamente a unos 480 pasajeros.<\/p>\n<p class=\"wp-block-paragraph\">En el caso de las salidas internacionales, el espacio supera los 4.300 metros cuadrados, dispone de cuatro puertas de embarque y puede albergar hasta 780 pasajeros en las salas de espera.<\/p>\n<p class=\"wp-block-paragraph\">De esta manera, los espacios destinados a las salidas tienen capacidad para recibir simult\u00e1neamente a unos 1.260 viajeros.<\/p>\n<p class=\"wp-block-paragraph\">Para las llegadas fue habilitado un m\u00f3dulo de aproximadamente 2.550 metros cuadrados, subdividido para atender los flujos nacionales e internacionales, adem\u00e1s de un \u00e1rea adicional de unos 1.000 metros cuadrados destinada a la espera de los pasajeros.<\/p>\n<h2 id=\"servicios-para-los-viajeros\" class=\"wp-block-heading\">Servicios para los viajeros<\/h2>\n<p class=\"wp-block-paragraph\">Aunque se trata de una infraestructura de contingencia, los terminales fueron acondicionados para garantizar las condiciones b\u00e1sicas de atenci\u00f3n durante el proceso de recuperaci\u00f3n del aeropuerto.<\/p>\n<p class=\"wp-block-paragraph\">Las instalaciones cuentan con climatizaci\u00f3n, \u00e1reas de espera, servicios sanitarios, conexi\u00f3n Wi-Fi, puntos de carga para dispositivos, servicio m\u00e9dico y facilidades para personas con movilidad reducida.<\/p>\n<p class=\"wp-block-paragraph\">El dise\u00f1o tambi\u00e9n contempla el manejo diferenciado de los flujos de pasajeros para evitar cruces entre quienes llegan y quienes se disponen a abordar sus vuelos.<\/p>\n<p class=\"wp-block-paragraph\">El abordaje se efectuar\u00e1 mediante un sistema de puertas remotas. Una vez completados los procesos dentro de las instalaciones temporales, los pasajeros ser\u00e1n trasladados en autobuses hasta las aeronaves ubicadas en plataforma.<\/p>\n<p class=\"wp-block-paragraph\"><strong>Laser retoma Madrid, Miami y Santo Domingo<\/strong><\/p>\n<p class=\"wp-block-paragraph\">Entre las aerol\u00edneas que ya anunciaron su programaci\u00f3n desde Maiquet\u00eda se encuentra Laser Airlines, que inform\u00f3 que a partir del primero de septiembre sus rutas hacia Madrid, Miami y Santo Domingo volver\u00e1n a operar desde los nuevos terminales temporales.<\/p>\n<p class=\"wp-block-paragraph\">La conexi\u00f3n con Madrid tendr\u00e1 vuelos de lunes a s\u00e1bado, mientras que Miami contar\u00e1 con operaciones diarias. Santo Domingo ser\u00e1 atendido los mi\u00e9rcoles y domingos.<\/p>\n<p class=\"wp-block-paragraph\">La aerol\u00ednea mantendr\u00e1 adem\u00e1s la ruta Barcelona-Bogot\u00e1, que continuar\u00e1 oper\u00e1ndose desde el Aeropuerto Internacional General Jos\u00e9 Antonio Anzo\u00e1tegui, en Barcelona, estado Anzo\u00e1tegui, con vuelos los martes y jueves.<\/p>\n<p class=\"wp-block-paragraph\">Laser Airlines recomienda a sus pasajeros presentarse con tres horas de anticipaci\u00f3n a la salida del vuelo para completar los procesos correspondientes.<\/p>\n<p class=\"wp-block-paragraph\">La reactivaci\u00f3n de estas rutas representa uno de los primeros pasos para recuperar desde Maiquet\u00eda conexiones internacionales que durante la contingencia fueron trasladadas a otros aeropuertos del pa\u00eds.<\/p>\n<h2 id=\"recuperaci-oacute-n-progresiva-de-la-capacidad\" class=\"wp-block-heading\">Recuperaci\u00f3n progresiva de la capacidad<\/h2>\n<p class=\"wp-block-paragraph\">El Instituto Aeropuerto Internacional de Maiquet\u00eda (IAIM) inform\u00f3 que los terminales temporales comenzar\u00e1n formalmente sus operaciones el martes primero de septiembre.<\/p>\n<p class=\"wp-block-paragraph\">La infraestructura provisional funcionar\u00e1 mientras contin\u00faan las labores de rehabilitaci\u00f3n de los terminales principales Nacional e Internacional, por lo que el sistema de carpas y puertas remotas se mantendr\u00e1 como eje operativo durante varios meses.<\/p>\n<p class=\"wp-block-paragraph\">Las autoridades y voceros del sector aeron\u00e1utico proyectan que la recuperaci\u00f3n de la capacidad ser\u00e1 gradual y estiman alcanzar aproximadamente 85% de la capacidad operativa para octubre, dentro de una ventana de cuatro meses posteriores a la apertura provisional.<\/p>\n<p class=\"wp-block-paragraph\">Fuentes aeron\u00e1uticas prev\u00e9n que el retorno progresivo de las operaciones a los terminales principales actualmente en rehabilitaci\u00f3n pueda concretarse hacia finales de 2026, sujeto a la culminaci\u00f3n de las obras y a las condiciones t\u00e9cnicas y operativas.<\/p>\n<h2 id=\"recomendaciones-a-los-pasajeros\" class=\"wp-block-heading\">Recomendaciones a los pasajeros<\/h2>\n<p class=\"wp-block-paragraph\">Ante la transici\u00f3n hacia el esquema temporal, el IAIM exhort\u00f3 a los viajeros a comunicarse directamente con sus respectivas aerol\u00edneas para verificar la reprogramaci\u00f3n de sus vuelos, horarios y terminales asignados.<\/p>\n<p class=\"wp-block-paragraph\">Asimismo, recomend\u00f3 mantenerse atentos a los canales oficiales del aeropuerto para conocer las actualizaciones sobre el funcionamiento de las instalaciones y las operaciones a\u00e9reas.<\/p>\n<p class=\"wp-block-paragraph\">El nuevo esquema permitir\u00e1 mantener activa la conectividad nacional e internacional de Maiquet\u00eda mientras avanza la recuperaci\u00f3n integral del principal aeropuerto del pa\u00eds.<\/p>\n<p><strong>VIA UltimasNoticias<\/strong><\/p>\n","protected":false},"excerpt":{"rendered":"<p>Especial.- El Aeropuerto Internacional Sim&oacute;n Bol&iacute;var de Maiquet&iacute;a se prepara para recuperar progresivamente su conectividad a&eacute;rea tras el doble terremoto del 24 de junio, con un esquema provisional que contempla, en su fase inicial, ocho vuelos diarios: cuatro nacionales y cuatro internacionales. La reactivaci&oacute;n ser&aacute; respaldada por al menos seis aerol&iacute;neas, entre ellas Laser, Estelar, &hellip;<\/p>\n","protected":false},"author":2,"featured_media":9789,"comment_status":"open","ping_status":"open","sticky":false,"template":"","format":"standard","meta":{"_jetpack_memberships_contains_paid_content":false,"footnotes":""},"categories":[131],"tags":[],"class_list":["post-9788","post","type-post","status-publish","format-standard","has-post-thumbnail","hentry","category-nacionales"],"yoast_head":"<!-- This site is optimized with the Yoast SEO plugin v24.8.1 - https:\/\/yoast.com\/wordpress\/plugins\/seo\/ -->\n<title>Maiquet\u00eda activa terminales temporales con ocho vuelos diarios en su arranque -<\/title>\n<meta name=\"robots\" content=\"index, follow, max-snippet:-1, max-image-preview:large, max-video-preview:-1\" \/>\n<link rel=\"canonical\" href=\"https:\/\/periodicocentroccidente.com\/?p=9788\" \/>\n<meta property=\"og:locale\" content=\"es_ES\" \/>\n<meta property=\"og:type\" content=\"article\" \/>\n<meta property=\"og:title\" content=\"Maiquet\u00eda activa terminales temporales con ocho vuelos diarios en su arranque -\" \/>\n<meta property=\"og:description\" content=\"Especial.- El Aeropuerto Internacional Sim&oacute;n Bol&iacute;var de Maiquet&iacute;a se prepara para recuperar progresivamente su conectividad a&eacute;rea tras el doble terremoto del 24 de junio, con un esquema provisional que contempla, en su fase inicial, ocho vuelos diarios: cuatro nacionales y cuatro internacionales. La reactivaci&oacute;n ser&aacute; respaldada por al menos seis aerol&iacute;neas, entre ellas Laser, Estelar, &hellip;\" \/>\n<meta property=\"og:url\" content=\"https:\/\/periodicocentroccidente.com\/?p=9788\" \/>\n<meta property=\"article:published_time\" content=\"2026-09-01T15:01:31+00:00\" \/>\n<meta property=\"og:image\" content=\"https:\/\/periodicocentroccidente.com\/wp-content\/uploads\/2026\/09\/829728-1-768x337-1.jpg\" \/>\n\t<meta property=\"og:image:width\" content=\"768\" \/>\n\t<meta property=\"og:image:height\" content=\"337\" \/>\n\t<meta property=\"og:image:type\" content=\"image\/jpeg\" \/>\n<meta name=\"author\" content=\"Ricardo\" \/>\n<meta name=\"twitter:card\" content=\"summary_large_image\" \/>\n<meta name=\"twitter:label1\" content=\"Escrito por\" \/>\n\t<meta name=\"twitter:data1\" content=\"Ricardo\" \/>\n\t<meta name=\"twitter:label2\" content=\"Tiempo de lectura\" \/>\n\t<meta name=\"twitter:data2\" content=\"4 minutos\" \/>\n<script type=\"application\/ld+json\" class=\"yoast-schema-graph\">{\"@context\":\"https:\/\/schema.org\",\"@graph\":[{\"@type\":\"WebPage\",\"@id\":\"https:\/\/periodicocentroccidente.com\/?p=9788\",\"url\":\"https:\/\/periodicocentroccidente.com\/?p=9788\",\"name\":\"Maiquet\u00eda activa terminales temporales con ocho vuelos diarios en su arranque -\",\"isPartOf\":{\"@id\":\"https:\/\/periodicocentroccidente.com\/#website\"},\"primaryImageOfPage\":{\"@id\":\"https:\/\/periodicocentroccidente.com\/?p=9788#primaryimage\"},\"image\":{\"@id\":\"https:\/\/periodicocentroccidente.com\/?p=9788#primaryimage\"},\"thumbnailUrl\":\"https:\/\/periodicocentroccidente.com\/wp-content\/uploads\/2026\/09\/829728-1-768x337-1.jpg\",\"datePublished\":\"2026-09-01T15:01:31+00:00\",\"author\":{\"@id\":\"https:\/\/periodicocentroccidente.com\/#\/schema\/person\/f4e4a651098f3db198244657b7130e7e\"},\"breadcrumb\":{\"@id\":\"https:\/\/periodicocentroccidente.com\/?p=9788#breadcrumb\"},\"inLanguage\":\"es\",\"potentialAction\":[{\"@type\":\"ReadAction\",\"target\":[\"https:\/\/periodicocentroccidente.com\/?p=9788\"]}]},{\"@type\":\"ImageObject\",\"inLanguage\":\"es\",\"@id\":\"https:\/\/periodicocentroccidente.com\/?p=9788#primaryimage\",\"url\":\"https:\/\/periodicocentroccidente.com\/wp-content\/uploads\/2026\/09\/829728-1-768x337-1.jpg\",\"contentUrl\":\"https:\/\/periodicocentroccidente.com\/wp-content\/uploads\/2026\/09\/829728-1-768x337-1.jpg\",\"width\":768,\"height\":337},{\"@type\":\"BreadcrumbList\",\"@id\":\"https:\/\/periodicocentroccidente.com\/?p=9788#breadcrumb\",\"itemListElement\":[{\"@type\":\"ListItem\",\"position\":1,\"name\":\"Portada\",\"item\":\"https:\/\/periodicocentroccidente.com\/\"},{\"@type\":\"ListItem\",\"position\":2,\"name\":\"Maiquet\u00eda activa terminales temporales con ocho vuelos diarios en su arranque\"}]},{\"@type\":\"WebSite\",\"@id\":\"https:\/\/periodicocentroccidente.com\/#website\",\"url\":\"https:\/\/periodicocentroccidente.com\/\",\"name\":\"\",\"description\":\"Periodismo serio y responsable\",\"potentialAction\":[{\"@type\":\"SearchAction\",\"target\":{\"@type\":\"EntryPoint\",\"urlTemplate\":\"https:\/\/periodicocentroccidente.com\/?s={search_term_string}\"},\"query-input\":{\"@type\":\"PropertyValueSpecification\",\"valueRequired\":true,\"valueName\":\"search_term_string\"}}],\"inLanguage\":\"es\"},{\"@type\":\"Person\",\"@id\":\"https:\/\/periodicocentroccidente.com\/#\/schema\/person\/f4e4a651098f3db198244657b7130e7e\",\"name\":\"Ricardo\",\"image\":{\"@type\":\"ImageObject\",\"inLanguage\":\"es\",\"@id\":\"https:\/\/periodicocentroccidente.com\/#\/schema\/person\/image\/\",\"url\":\"https:\/\/secure.gravatar.com\/avatar\/402e6137108ec0fdaa7809184382fb1dd2f8b00264c1d945d341f2b8f90db429?s=96&d=mm&r=g\",\"contentUrl\":\"https:\/\/secure.gravatar.com\/avatar\/402e6137108ec0fdaa7809184382fb1dd2f8b00264c1d945d341f2b8f90db429?s=96&d=mm&r=g\",\"caption\":\"Ricardo\"},\"url\":\"https:\/\/periodicocentroccidente.com\/?author=2\"}]}<\/script>\n<!-- \/ Yoast SEO plugin. -->","yoast_head_json":{"title":"Maiquet\u00eda activa terminales temporales con ocho vuelos diarios en su arranque -","robots":{"index":"index","follow":"follow","max-snippet":"max-snippet:-1","max-image-preview":"max-image-preview:large","max-video-preview":"max-video-preview:-1"},"canonical":"https:\/\/periodicocentroccidente.com\/?p=9788","og_locale":"es_ES","og_type":"article","og_title":"Maiquet\u00eda activa terminales temporales con ocho vuelos diarios en su arranque -","og_description":"Especial.- El Aeropuerto Internacional Sim&oacute;n Bol&iacute;var de Maiquet&iacute;a se prepara para recuperar progresivamente su conectividad a&eacute;rea tras el doble terremoto del 24 de junio, con un esquema provisional que contempla, en su fase inicial, ocho vuelos diarios: cuatro nacionales y cuatro internacionales. La reactivaci&oacute;n ser&aacute; respaldada por al menos seis aerol&iacute;neas, entre ellas Laser, Estelar, &hellip;","og_url":"https:\/\/periodicocentroccidente.com\/?p=9788","article_published_time":"2026-09-01T15:01:31+00:00","og_image":[{"width":768,"height":337,"url":"https:\/\/periodicocentroccidente.com\/wp-content\/uploads\/2026\/09\/829728-1-768x337-1.jpg","type":"image\/jpeg"}],"author":"Ricardo","twitter_card":"summary_large_image","twitter_misc":{"Escrito por":"Ricardo","Tiempo de lectura":"4 minutos"},"schema":{"@context":"https:\/\/schema.org","@graph":[{"@type":"WebPage","@id":"https:\/\/periodicocentroccidente.com\/?p=9788","url":"https:\/\/periodicocentroccidente.com\/?p=9788","name":"Maiquet\u00eda activa terminales temporales con ocho vuelos diarios en su arranque -","isPartOf":{"@id":"https:\/\/periodicocentroccidente.com\/#website"},"primaryImageOfPage":{"@id":"https:\/\/periodicocentroccidente.com\/?p=9788#primaryimage"},"image":{"@id":"https:\/\/periodicocentroccidente.com\/?p=9788#primaryimage"},"thumbnailUrl":"https:\/\/periodicocentroccidente.com\/wp-content\/uploads\/2026\/09\/829728-1-768x337-1.jpg","datePublished":"2026-09-01T15:01:31+00:00","author":{"@id":"https:\/\/periodicocentroccidente.com\/#\/schema\/person\/f4e4a651098f3db198244657b7130e7e"},"breadcrumb":{"@id":"https:\/\/periodicocentroccidente.com\/?p=9788#breadcrumb"},"inLanguage":"es","potentialAction":[{"@type":"ReadAction","target":["https:\/\/periodicocentroccidente.com\/?p=9788"]}]},{"@type":"ImageObject","inLanguage":"es","@id":"https:\/\/periodicocentroccidente.com\/?p=9788#primaryimage","url":"https:\/\/periodicocentroccidente.com\/wp-content\/uploads\/2026\/09\/829728-1-768x337-1.jpg","contentUrl":"https:\/\/periodicocentroccidente.com\/wp-content\/uploads\/2026\/09\/829728-1-768x337-1.jpg","width":768,"height":337},{"@type":"BreadcrumbList","@id":"https:\/\/periodicocentroccidente.com\/?p=9788#breadcrumb","itemListElement":[{"@type":"ListItem","position":1,"name":"Portada","item":"https:\/\/periodicocentroccidente.com\/"},{"@type":"ListItem","position":2,"name":"Maiquet\u00eda activa terminales temporales con ocho vuelos diarios en su arranque"}]},{"@type":"WebSite","@id":"https:\/\/periodicocentroccidente.com\/#website","url":"https:\/\/periodicocentroccidente.com\/","name":"","description":"Periodismo serio y responsable","potentialAction":[{"@type":"SearchAction","target":{"@type":"EntryPoint","urlTemplate":"https:\/\/periodicocentroccidente.com\/?s={search_term_string}"},"query-input":{"@type":"PropertyValueSpecification","valueRequired":true,"valueName":"search_term_string"}}],"inLanguage":"es"},{"@type":"Person","@id":"https:\/\/periodicocentroccidente.com\/#\/schema\/person\/f4e4a651098f3db198244657b7130e7e","name":"Ricardo","image":{"@type":"ImageObject","inLanguage":"es","@id":"https:\/\/periodicocentroccidente.com\/#\/schema\/person\/image\/","url":"https:\/\/secure.gravatar.com\/avatar\/402e6137108ec0fdaa7809184382fb1dd2f8b00264c1d945d341f2b8f90db429?s=96&d=mm&r=g","contentUrl":"https:\/\/secure.gravatar.com\/avatar\/402e6137108ec0fdaa7809184382fb1dd2f8b00264c1d945d341f2b8f90db429?s=96&d=mm&r=g","caption":"Ricardo"},"url":"https:\/\/periodicocentroccidente.com\/?author=2"}]}},"jetpack_featured_media_url":"https:\/\/periodicocentroccidente.com\/wp-content\/uploads\/2026\/09\/829728-1-768x337-1.jpg","jetpack_sharing_enabled":true,"jetpack-related-posts":[],"_links":{"self":[{"href":"https:\/\/periodicocentroccidente.com\/index.php?rest_route=\/wp\/v2\/posts\/9788","targetHints":{"allow":["GET"]}}],"collection":[{"href":"https:\/\/periodicocentroccidente.com\/index.php?rest_route=\/wp\/v2\/posts"}],"about":[{"href":"https:\/\/periodicocentroccidente.com\/index.php?rest_route=\/wp\/v2\/types\/post"}],"author":[{"embeddable":true,"href":"https:\/\/periodicocentroccidente.com\/index.php?rest_route=\/wp\/v2\/users\/2"}],"replies":[{"embeddable":true,"href":"https:\/\/periodicocentroccidente.com\/index.php?rest_route=%2Fwp%2Fv2%2Fcomments&post=9788"}],"version-history":[{"count":1,"href":"https:\/\/periodicocentroccidente.com\/index.php?rest_route=\/wp\/v2\/posts\/9788\/revisions"}],"predecessor-version":[{"id":9790,"href":"https:\/\/periodicocentroccidente.com\/index.php?rest_route=\/wp\/v2\/posts\/9788\/revisions\/9790"}],"wp:featuredmedia":[{"embeddable":true,"href":"https:\/\/periodicocentroccidente.com\/index.php?rest_route=\/wp\/v2\/media\/9789"}],"wp:attachment":[{"href":"https:\/\/periodicocentroccidente.com\/index.php?rest_route=%2Fwp%2Fv2%2Fmedia&parent=9788"}],"wp:term":[{"taxonomy":"category","embeddable":true,"href":"https:\/\/periodicocentroccidente.com\/index.php?rest_route=%2Fwp%2Fv2%2Fcategories&post=9788"},{"taxonomy":"post_tag","embeddable":true,"href":"https:\/\/periodicocentroccidente.com\/index.php?rest_route=%2Fwp%2Fv2%2Ftags&post=9788"}],"curies":[{"name":"wp","href":"https:\/\/api.w.org\/{rel}","templated":true}]}}