{"id":9780,"date":"2026-08-31T20:55:12","date_gmt":"2026-08-31T20:55:12","guid":{"rendered":"https:\/\/periodicocentroccidente.com\/?p=9780"},"modified":"2026-08-31T20:55:12","modified_gmt":"2026-08-31T20:55:12","slug":"mpv-y-cdv-fortalecen-estructuras-en-zona-alta-del-estado-portuguesa","status":"publish","type":"post","link":"https:\/\/periodicocentroccidente.com\/?p=9780","title":{"rendered":"MPV y CDV fortalecen estructuras en zona alta del estado Portuguesa"},"content":{"rendered":"<p><strong>Especial.-<\/strong><\/p>\n<p class=\"wp-block-paragraph\">\u00a0Para encarar con garant\u00eda de \u00e9xitos los retos que se avizoran en materia pol\u00edtica-electoral y social, los dirigentes regionales del\u00a0<strong>Movimiento Por Venezuela (MPV) Miguel Vargas y del Centro Democr\u00e1tico por Venezuela (CDV) Jos\u00e9 Rafael Ter\u00e1n,<\/strong>\u00a0han venido desarrollando contactos directos con l\u00edderes pol\u00edticos y luchadores sociales de la zona alta del estado Portuguesa, en esta ocasi\u00f3n en el municipio Sucre, entre quienes se\u00a0<strong>encuentran el licenciado Borio M\u00e1rquez y el exconcejal Francisco Colina<\/strong>.<\/p>\n<p class=\"wp-block-paragraph\"><strong>\u00a0\u00a0\u00a0 \u201cLa poblaci\u00f3n venezolana en los actuales momentos nos necesita m\u00e1s unidos y fortalecidos que nunca, porque se est\u00e1 avanzando hacia un proceso de relegitimaci\u00f3n instituci\u00f3n y reinstitucionalizaci\u00f3n del pa\u00eds, luego de casi treinta a\u00f1os de desmoronamiento democr\u00e1tico nacional, por lo que es nuestro deber ayudar a construir una plataforma de inclusi\u00f3n y abierta participaci\u00f3n de la ciudadan\u00eda en aras de garantizar la cristalizaci\u00f3n de una nueva Venezuela y en ello estamos enfocados\u201d,<\/strong>\u00a0expuso de manera precisa Jos\u00e9 Rafael Ter\u00e1n, coordinador en Portuguesa del CDV.<\/p>\n<p class=\"wp-block-paragraph\">\u00a0\u00a0\u00a0 Ambos dirigentes pol\u00edticos destacaron que est\u00e1n organizando un amplio conversatorio donde tengan cabida los hombres y las mujeres que deseen aportar lo mejor de s\u00ed en todos los sectores de la sociedad, porque tanto en el\u00a0<strong>MPV como en el CDV<\/strong>\u00a0predican y practican la inclusi\u00f3n y participaci\u00f3n sin desigualdad, conscientes de que el proyecto nacional de\u00a0<strong>rescate democr\u00e1tico y de una Nueva Venezuela liderado por<\/strong>\u00a0<strong>Mar\u00eda Corina Machado<\/strong>\u00a0debe contar con la mayor suma de voluntades.<\/p>\n<p class=\"wp-block-paragraph\"><strong>\u00a0\u00a0\u00a0 \u201cHemos acordado con Borio M\u00e1rquez y con Francisco Colina fortalecer un proceso que le d\u00e9 tambi\u00e9n al municipio Sucre y a sus parroquias la oportunidad de un futuro mejor, donde lo pol\u00edtico se fusione con lo social y trabajo colectivo sin mezquindades ni exclusiones, porque todos somos necesarios en esta etapa de reinstitucionalizaci\u00f3n nacional\u201d,<\/strong>\u00a0expresaron.-<\/p>\n<p><strong>VIA <a href=\"mailto:eliasdiaz20019@gmail.com\">eliasdiaz20019@gmail.com<\/a><\/strong><\/p>\n<p><img loading=\"lazy\" decoding=\"async\" class=\"alignnone size-medium wp-image-9782\" src=\"https:\/\/periodicocentroccidente.com\/wp-content\/uploads\/2026\/08\/IMG-20260826-WA0009-300x256.jpg\" alt=\"\" width=\"300\" height=\"256\" srcset=\"https:\/\/periodicocentroccidente.com\/wp-content\/uploads\/2026\/08\/IMG-20260826-WA0009-300x256.jpg 300w, https:\/\/periodicocentroccidente.com\/wp-content\/uploads\/2026\/08\/IMG-20260826-WA0009-768x654.jpg 768w, https:\/\/periodicocentroccidente.com\/wp-content\/uploads\/2026\/08\/IMG-20260826-WA0009.jpg 960w\" sizes=\"auto, (max-width: 300px) 100vw, 300px\" \/><\/p>\n","protected":false},"excerpt":{"rendered":"<p>Especial.- &nbsp;Para encarar con garant&iacute;a de &eacute;xitos los retos que se avizoran en materia pol&iacute;tica-electoral y social, los dirigentes regionales del&nbsp;Movimiento Por Venezuela (MPV) Miguel Vargas y del Centro Democr&aacute;tico por Venezuela (CDV) Jos&eacute; Rafael Ter&aacute;n,&nbsp;han venido desarrollando contactos directos con l&iacute;deres pol&iacute;ticos y luchadores sociales de la zona alta del estado Portuguesa, en esta &hellip;<\/p>\n","protected":false},"author":2,"featured_media":9781,"comment_status":"open","ping_status":"open","sticky":false,"template":"","format":"standard","meta":{"_jetpack_memberships_contains_paid_content":false,"footnotes":""},"categories":[127],"tags":[],"class_list":["post-9780","post","type-post","status-publish","format-standard","has-post-thumbnail","hentry","category-noticias-recientes"],"yoast_head":"<!-- This site is optimized with the Yoast SEO plugin v24.8.1 - https:\/\/yoast.com\/wordpress\/plugins\/seo\/ -->\n<title>MPV y CDV fortalecen estructuras en zona alta del estado Portuguesa -<\/title>\n<meta name=\"robots\" content=\"index, follow, max-snippet:-1, max-image-preview:large, max-video-preview:-1\" \/>\n<link rel=\"canonical\" href=\"https:\/\/periodicocentroccidente.com\/?p=9780\" \/>\n<meta property=\"og:locale\" content=\"es_ES\" \/>\n<meta property=\"og:type\" content=\"article\" \/>\n<meta property=\"og:title\" content=\"MPV y CDV fortalecen estructuras en zona alta del estado Portuguesa -\" \/>\n<meta property=\"og:description\" content=\"Especial.- &nbsp;Para encarar con garant&iacute;a de &eacute;xitos los retos que se avizoran en materia pol&iacute;tica-electoral y social, los dirigentes regionales del&nbsp;Movimiento Por Venezuela (MPV) Miguel Vargas y del Centro Democr&aacute;tico por Venezuela (CDV) Jos&eacute; Rafael Ter&aacute;n,&nbsp;han venido desarrollando contactos directos con l&iacute;deres pol&iacute;ticos y luchadores sociales de la zona alta del estado Portuguesa, en esta &hellip;\" \/>\n<meta property=\"og:url\" content=\"https:\/\/periodicocentroccidente.com\/?p=9780\" \/>\n<meta property=\"article:published_time\" content=\"2026-08-31T20:55:12+00:00\" \/>\n<meta property=\"og:image\" content=\"https:\/\/periodicocentroccidente.com\/wp-content\/uploads\/2026\/08\/1000484081.jpg\" \/>\n\t<meta property=\"og:image:width\" content=\"580\" \/>\n\t<meta property=\"og:image:height\" content=\"356\" \/>\n\t<meta property=\"og:image:type\" content=\"image\/jpeg\" \/>\n<meta name=\"author\" content=\"Ricardo\" \/>\n<meta name=\"twitter:card\" content=\"summary_large_image\" \/>\n<meta name=\"twitter:label1\" content=\"Escrito por\" \/>\n\t<meta name=\"twitter:data1\" content=\"Ricardo\" \/>\n\t<meta name=\"twitter:label2\" content=\"Tiempo de lectura\" \/>\n\t<meta name=\"twitter:data2\" content=\"2 minutos\" \/>\n<script type=\"application\/ld+json\" class=\"yoast-schema-graph\">{\"@context\":\"https:\/\/schema.org\",\"@graph\":[{\"@type\":\"WebPage\",\"@id\":\"https:\/\/periodicocentroccidente.com\/?p=9780\",\"url\":\"https:\/\/periodicocentroccidente.com\/?p=9780\",\"name\":\"MPV y CDV fortalecen estructuras en zona alta del estado Portuguesa -\",\"isPartOf\":{\"@id\":\"https:\/\/periodicocentroccidente.com\/#website\"},\"primaryImageOfPage\":{\"@id\":\"https:\/\/periodicocentroccidente.com\/?p=9780#primaryimage\"},\"image\":{\"@id\":\"https:\/\/periodicocentroccidente.com\/?p=9780#primaryimage\"},\"thumbnailUrl\":\"https:\/\/periodicocentroccidente.com\/wp-content\/uploads\/2026\/08\/1000484081.jpg\",\"datePublished\":\"2026-08-31T20:55:12+00:00\",\"author\":{\"@id\":\"https:\/\/periodicocentroccidente.com\/#\/schema\/person\/f4e4a651098f3db198244657b7130e7e\"},\"breadcrumb\":{\"@id\":\"https:\/\/periodicocentroccidente.com\/?p=9780#breadcrumb\"},\"inLanguage\":\"es\",\"potentialAction\":[{\"@type\":\"ReadAction\",\"target\":[\"https:\/\/periodicocentroccidente.com\/?p=9780\"]}]},{\"@type\":\"ImageObject\",\"inLanguage\":\"es\",\"@id\":\"https:\/\/periodicocentroccidente.com\/?p=9780#primaryimage\",\"url\":\"https:\/\/periodicocentroccidente.com\/wp-content\/uploads\/2026\/08\/1000484081.jpg\",\"contentUrl\":\"https:\/\/periodicocentroccidente.com\/wp-content\/uploads\/2026\/08\/1000484081.jpg\",\"width\":580,\"height\":356},{\"@type\":\"BreadcrumbList\",\"@id\":\"https:\/\/periodicocentroccidente.com\/?p=9780#breadcrumb\",\"itemListElement\":[{\"@type\":\"ListItem\",\"position\":1,\"name\":\"Portada\",\"item\":\"https:\/\/periodicocentroccidente.com\/\"},{\"@type\":\"ListItem\",\"position\":2,\"name\":\"MPV y CDV fortalecen estructuras en zona alta del estado Portuguesa\"}]},{\"@type\":\"WebSite\",\"@id\":\"https:\/\/periodicocentroccidente.com\/#website\",\"url\":\"https:\/\/periodicocentroccidente.com\/\",\"name\":\"\",\"description\":\"Periodismo serio y responsable\",\"potentialAction\":[{\"@type\":\"SearchAction\",\"target\":{\"@type\":\"EntryPoint\",\"urlTemplate\":\"https:\/\/periodicocentroccidente.com\/?s={search_term_string}\"},\"query-input\":{\"@type\":\"PropertyValueSpecification\",\"valueRequired\":true,\"valueName\":\"search_term_string\"}}],\"inLanguage\":\"es\"},{\"@type\":\"Person\",\"@id\":\"https:\/\/periodicocentroccidente.com\/#\/schema\/person\/f4e4a651098f3db198244657b7130e7e\",\"name\":\"Ricardo\",\"image\":{\"@type\":\"ImageObject\",\"inLanguage\":\"es\",\"@id\":\"https:\/\/periodicocentroccidente.com\/#\/schema\/person\/image\/\",\"url\":\"https:\/\/secure.gravatar.com\/avatar\/402e6137108ec0fdaa7809184382fb1dd2f8b00264c1d945d341f2b8f90db429?s=96&d=mm&r=g\",\"contentUrl\":\"https:\/\/secure.gravatar.com\/avatar\/402e6137108ec0fdaa7809184382fb1dd2f8b00264c1d945d341f2b8f90db429?s=96&d=mm&r=g\",\"caption\":\"Ricardo\"},\"url\":\"https:\/\/periodicocentroccidente.com\/?author=2\"}]}<\/script>\n<!-- \/ Yoast SEO plugin. -->","yoast_head_json":{"title":"MPV y CDV fortalecen estructuras en zona alta del estado Portuguesa -","robots":{"index":"index","follow":"follow","max-snippet":"max-snippet:-1","max-image-preview":"max-image-preview:large","max-video-preview":"max-video-preview:-1"},"canonical":"https:\/\/periodicocentroccidente.com\/?p=9780","og_locale":"es_ES","og_type":"article","og_title":"MPV y CDV fortalecen estructuras en zona alta del estado Portuguesa -","og_description":"Especial.- &nbsp;Para encarar con garant&iacute;a de &eacute;xitos los retos que se avizoran en materia pol&iacute;tica-electoral y social, los dirigentes regionales del&nbsp;Movimiento Por Venezuela (MPV) Miguel Vargas y del Centro Democr&aacute;tico por Venezuela (CDV) Jos&eacute; Rafael Ter&aacute;n,&nbsp;han venido desarrollando contactos directos con l&iacute;deres pol&iacute;ticos y luchadores sociales de la zona alta del estado Portuguesa, en esta &hellip;","og_url":"https:\/\/periodicocentroccidente.com\/?p=9780","article_published_time":"2026-08-31T20:55:12+00:00","og_image":[{"width":580,"height":356,"url":"https:\/\/periodicocentroccidente.com\/wp-content\/uploads\/2026\/08\/1000484081.jpg","type":"image\/jpeg"}],"author":"Ricardo","twitter_card":"summary_large_image","twitter_misc":{"Escrito por":"Ricardo","Tiempo de lectura":"2 minutos"},"schema":{"@context":"https:\/\/schema.org","@graph":[{"@type":"WebPage","@id":"https:\/\/periodicocentroccidente.com\/?p=9780","url":"https:\/\/periodicocentroccidente.com\/?p=9780","name":"MPV y CDV fortalecen estructuras en zona alta del estado Portuguesa -","isPartOf":{"@id":"https:\/\/periodicocentroccidente.com\/#website"},"primaryImageOfPage":{"@id":"https:\/\/periodicocentroccidente.com\/?p=9780#primaryimage"},"image":{"@id":"https:\/\/periodicocentroccidente.com\/?p=9780#primaryimage"},"thumbnailUrl":"https:\/\/periodicocentroccidente.com\/wp-content\/uploads\/2026\/08\/1000484081.jpg","datePublished":"2026-08-31T20:55:12+00:00","author":{"@id":"https:\/\/periodicocentroccidente.com\/#\/schema\/person\/f4e4a651098f3db198244657b7130e7e"},"breadcrumb":{"@id":"https:\/\/periodicocentroccidente.com\/?p=9780#breadcrumb"},"inLanguage":"es","potentialAction":[{"@type":"ReadAction","target":["https:\/\/periodicocentroccidente.com\/?p=9780"]}]},{"@type":"ImageObject","inLanguage":"es","@id":"https:\/\/periodicocentroccidente.com\/?p=9780#primaryimage","url":"https:\/\/periodicocentroccidente.com\/wp-content\/uploads\/2026\/08\/1000484081.jpg","contentUrl":"https:\/\/periodicocentroccidente.com\/wp-content\/uploads\/2026\/08\/1000484081.jpg","width":580,"height":356},{"@type":"BreadcrumbList","@id":"https:\/\/periodicocentroccidente.com\/?p=9780#breadcrumb","itemListElement":[{"@type":"ListItem","position":1,"name":"Portada","item":"https:\/\/periodicocentroccidente.com\/"},{"@type":"ListItem","position":2,"name":"MPV y CDV fortalecen estructuras en zona alta del estado Portuguesa"}]},{"@type":"WebSite","@id":"https:\/\/periodicocentroccidente.com\/#website","url":"https:\/\/periodicocentroccidente.com\/","name":"","description":"Periodismo serio y responsable","potentialAction":[{"@type":"SearchAction","target":{"@type":"EntryPoint","urlTemplate":"https:\/\/periodicocentroccidente.com\/?s={search_term_string}"},"query-input":{"@type":"PropertyValueSpecification","valueRequired":true,"valueName":"search_term_string"}}],"inLanguage":"es"},{"@type":"Person","@id":"https:\/\/periodicocentroccidente.com\/#\/schema\/person\/f4e4a651098f3db198244657b7130e7e","name":"Ricardo","image":{"@type":"ImageObject","inLanguage":"es","@id":"https:\/\/periodicocentroccidente.com\/#\/schema\/person\/image\/","url":"https:\/\/secure.gravatar.com\/avatar\/402e6137108ec0fdaa7809184382fb1dd2f8b00264c1d945d341f2b8f90db429?s=96&d=mm&r=g","contentUrl":"https:\/\/secure.gravatar.com\/avatar\/402e6137108ec0fdaa7809184382fb1dd2f8b00264c1d945d341f2b8f90db429?s=96&d=mm&r=g","caption":"Ricardo"},"url":"https:\/\/periodicocentroccidente.com\/?author=2"}]}},"jetpack_featured_media_url":"https:\/\/periodicocentroccidente.com\/wp-content\/uploads\/2026\/08\/1000484081.jpg","jetpack_sharing_enabled":true,"jetpack-related-posts":[],"_links":{"self":[{"href":"https:\/\/periodicocentroccidente.com\/index.php?rest_route=\/wp\/v2\/posts\/9780","targetHints":{"allow":["GET"]}}],"collection":[{"href":"https:\/\/periodicocentroccidente.com\/index.php?rest_route=\/wp\/v2\/posts"}],"about":[{"href":"https:\/\/periodicocentroccidente.com\/index.php?rest_route=\/wp\/v2\/types\/post"}],"author":[{"embeddable":true,"href":"https:\/\/periodicocentroccidente.com\/index.php?rest_route=\/wp\/v2\/users\/2"}],"replies":[{"embeddable":true,"href":"https:\/\/periodicocentroccidente.com\/index.php?rest_route=%2Fwp%2Fv2%2Fcomments&post=9780"}],"version-history":[{"count":1,"href":"https:\/\/periodicocentroccidente.com\/index.php?rest_route=\/wp\/v2\/posts\/9780\/revisions"}],"predecessor-version":[{"id":9783,"href":"https:\/\/periodicocentroccidente.com\/index.php?rest_route=\/wp\/v2\/posts\/9780\/revisions\/9783"}],"wp:featuredmedia":[{"embeddable":true,"href":"https:\/\/periodicocentroccidente.com\/index.php?rest_route=\/wp\/v2\/media\/9781"}],"wp:attachment":[{"href":"https:\/\/periodicocentroccidente.com\/index.php?rest_route=%2Fwp%2Fv2%2Fmedia&parent=9780"}],"wp:term":[{"taxonomy":"category","embeddable":true,"href":"https:\/\/periodicocentroccidente.com\/index.php?rest_route=%2Fwp%2Fv2%2Fcategories&post=9780"},{"taxonomy":"post_tag","embeddable":true,"href":"https:\/\/periodicocentroccidente.com\/index.php?rest_route=%2Fwp%2Fv2%2Ftags&post=9780"}],"curies":[{"name":"wp","href":"https:\/\/api.w.org\/{rel}","templated":true}]}}