{"id":9778,"date":"2026-08-31T20:50:01","date_gmt":"2026-08-31T20:50:01","guid":{"rendered":"https:\/\/periodicocentroccidente.com\/?p=9778"},"modified":"2026-08-31T20:50:01","modified_gmt":"2026-08-31T20:50:01","slug":"la-antena-del-cono-sur-39","status":"publish","type":"post","link":"https:\/\/periodicocentroccidente.com\/?p=9778","title":{"rendered":"La Antena del Cono Sur"},"content":{"rendered":"<p><strong>\u00a0\u00a0 JUAN 14\/6.. \u00a0\u00abYO SOY EL CAMINO, LA VERDAD Y LA VIDA\u00bb\u00a0.. ESTA\u00a0 ES UNA AFIRMACI\u00d3N DE JES\u00daS EN EL\u00a0EVANGELIO DE JUAN\u00a0QUE\u00a0<\/strong><strong>SIGNIFICA QUE\u00a0\u00c9L ES LA \u00daNICA V\u00cdA PARA LLEGAR A DIOS PADRE<\/strong>,<strong> LA REVELACI\u00d3N ABSOLUTA DE DIOS Y LA FUENTE DE LA VIDA ETERNA.<\/strong><\/p>\n<p><strong>\u00a0\u00a0\u00a0\u00a0\u00a0\u00a0\u00a0\u00a0 SON MUCHAS <\/strong>las oportunidades en las\u00a0 que en mis \u00faltimas publicaciones me he referido a las vicisitudes que enfrenta la oposici\u00f3n democr\u00e1tica en Portuguesa, pues si bien es cierto que todos giran alrededor del liderazgo de Mar\u00eda Corina Machado, los dirigentes locales tienen su forma particular de enfocar ese tema, y por ello creo oportuno llamar a la sensatez y pensar en el bien mayor y ponerse al lado de JUAN 14\/6.<\/p>\n<p><strong>\u00a0\u00a0\u00a0 LA SEMANA PASADA <\/strong>rese\u00f1\u00e9 la organizaci\u00f3n de una caminata, prevista para hoy 30 de agosto en Biscucuy, bajo el lema de VOLUNTARIADO CON MARIA CORINA, liderada por el exalcalde sucrense, J\u00f3bito Villegas, quien gentilmente me llam\u00f3 para reafirmar la realizaci\u00f3n de ese acto, pero aclarando que en ning\u00fan momento el mismo es para promocionar su aspiraci\u00f3n a ser nuevamente alcalde o aspiraci\u00f3n alguna para la Gobernaci\u00f3n. Sigan leyendo.<\/p>\n<p><strong>ME EXPLICA JOBITO <\/strong>que este acto es simplemente \u201cpara juramentar a los Voluntarios con Mar\u00eda Corina\u201d en Biscucuy y que ya eso lo ha hecho en el resto de las parroquias, con gente de todos los sectores, conformando y juramentando los equipos electorales, para que no los agarre el catarro sin pa\u00f1uelo, ante lo cual le dije que si era con TODOS LOS SECTORES, \u00a0entonces cuales son las razones por las cuales no invita a Mar\u00eda Oropeza y a los militantes de Vente en Sucre, o por qu\u00e9 este grupo no se suma al acto, y presuroso, baj\u00f3 la voz y en susurro me precis\u00f3 que esta es una buena oportunidad para aclarar su relaci\u00f3n con Mar\u00eda Oropeza y sus seguidores. Les invito a que sigan leyendo.<\/p>\n<p><strong>ME PEGUE EL AURICULAR AL OIDO <\/strong>dada la importancia de lo que el l\u00edder me iba a confesar sobre Mar\u00eda Oropeza, pero de pronto alz\u00f3 la voz y me dijo, casi gritando: \u201cCo\u00f1o, Grossman, hubo un baj\u00f3 de luz en este momento y perd\u00ed la se\u00f1al\u201d. Trat\u00e9 de retomar la conversaci\u00f3n, pero fue in\u00fatil.<\/p>\n<p><strong>ESTA SEMANA, <\/strong>bajo la sombra de un frondoso \u00e1rbol en la plaza Bol\u00edvar de Guanare., convers\u00e9 largamente con mi amigo Jos\u00e9 Delgado, secretario general de Copei sin tarjeta (ODCA) en Guanare, y, entre otras cosas, le inquir\u00ed sobre el proceso de inscripci\u00f3n y recenso de la militancia, que inici\u00f3 esta organizaci\u00f3n pol\u00edtica, dada la cercan\u00eda de la reinstitucionalizaci\u00f3n de los Partidos (regreso de la tarjeta que actualmente tienen los llamados alacranes), pues dicho proceso se hace de manera tecnol\u00f3gica, lo cual sin lugar a dudas se hace dif\u00edcil para los interesados en las zonas rurales, Me dio detalles sobre la soluci\u00f3n de ese problema, que realmente no es tal, y me dispens\u00f3 otras explicaciones, ante lo cual qued\u00e9 satisfecho, pero luego de retirarnos, me record\u00e9 de algo importante sobre mi persona, y si quieren saber de qu\u00e9 se trata, entonces sigan leyendo.<\/p>\n<p><strong>Y ES QUE RESULTA Y ACONTECE <\/strong>que en mis tiempos de concejal copeyano en Guanare, y cuando el partido verde era dirigido por el entonces alcalde Jos\u00e9 Clemente P\u00e9rez Ora\u00e1, y por el diputado Rafael Octavio Rivero, fui expulsado de la organizaci\u00f3n en cinco oportunidades por mi fuertes cr\u00edticas al manejo de la alcald\u00eda, pese a ser yo el jefe de la fracci\u00f3n edilicia de Copei, y por mi desacuerdo por la forma en que el diputado Rivero\u00a0 manejaba las riendas de Copei en Portuguesa.\u00a0 No he podido localizar a Jos\u00e9 Delgado ni al presidente estadal de la organizaci\u00f3n, Juan Ernesto Gonz\u00e1lez, para conocer si pese a ese historial negro que tengo en Copei, me dar\u00e1n \u00a0la oportunidad de recensarme o inscribirme de nuevo. Creo que mi paisano Valmore Betancourt est\u00e1 en las mismas condiciones que yo, e incluso ambos estamos en los libros de Copei en Guanarito, aunque desconozco si Valmore tiene intenciones de volver a la organizaci\u00f3n verde. \u00a0Como los dos somos socialcristianos, si nos niegan la inscripci\u00f3n, buscaremos la forma de hacerlo, aunque sea por tok, o si no llamamos a Emerio Brice\u00f1o o a Carlos Barrios para que nos inscriban en Biscucuy o en Ospino.<\/p>\n<p><strong>ESTE JUEVES, <\/strong>saliendo de la otrora ilustre Asamblea Legislativa, hoy Consejo Legislativo Estadal, me increpa un amigo y me pregunta las razones por las cuales no he mencionado m\u00e1s a los becados, perd\u00f3n, legisladores, y le respond\u00ed que todo se debe a que estos becados no han recibido en las \u00faltimas semanas alg\u00fan cr\u00e9dito adicional para aprob\u00e1rselo al Gobernador, pues es lo \u00fanico que hacen, y mi interlocutor me coment\u00f3 algo que todo el mundo sabe y es que estos ilustres becados no han aprobado hasta ahora, ni siquiera presentado, alg\u00fan proyecto de ley. \u201cQue mantequilla! Millonaria dieta, jugosos vi\u00e1ticos y lujosas camionetas asignadas con los dineros del pueblo.<\/p>\n<p><strong>\u00a0 A ULTIMA HORA <\/strong>me llega la informaci\u00f3n de que AVE (Alianza por Venezuela),\u00a0 grupo opositor paralelo a la Plataforma Unitaria (Antes MUD) design\u00f3 a Noel \u00c1lvarez, ex presidente de Fedecamaras y presidente nacional de GENTE (Generaci\u00f3n Independientes, que en Portuguesa lidera Edgar Miranda), como vocero Principal, lo que deja abierta la posibilidad de que el bajar ese lineamiento a niveles estadales, en Portuguesa ese vocero sea el ex alcalde de San Rafael de Onoto, lo que pondr\u00eda entre la espada y la pared a quienes forman parte de AVE en este estado y quienes adversan las aspiraciones de Miranda, o al rev\u00e9s, o sea que coloquen en esa vocer\u00eda a alguien contrario a Edgar Miranda y este tenga que ponerse a las \u00f3rdenes de ese vocero. Todo eso est\u00e1 en el tapete y no\u00a0 vayan a decir que \u201cesas son vainas de Grossman\u201d, pero por ahora voy a dejar esta Antena hasta aqu\u00ed para ir a averiguar si en definitiva al acto de J\u00f3bito Villegas hoy en Biscucuy se asomar\u00e1 Mar\u00eda Oropeza o algunos de sus seguidores.<\/p>\n<p><img loading=\"lazy\" decoding=\"async\" class=\"alignnone size-medium wp-image-9720\" src=\"https:\/\/periodicocentroccidente.com\/wp-content\/uploads\/2026\/08\/EMERIO-BRICEO-FOTO-UNO.-LA-ANTENA-300x225.jpg\" alt=\"\" width=\"300\" height=\"225\" srcset=\"https:\/\/periodicocentroccidente.com\/wp-content\/uploads\/2026\/08\/EMERIO-BRICEO-FOTO-UNO.-LA-ANTENA-300x225.jpg 300w, https:\/\/periodicocentroccidente.com\/wp-content\/uploads\/2026\/08\/EMERIO-BRICEO-FOTO-UNO.-LA-ANTENA-768x576.jpg 768w, https:\/\/periodicocentroccidente.com\/wp-content\/uploads\/2026\/08\/EMERIO-BRICEO-FOTO-UNO.-LA-ANTENA.jpg 922w\" sizes=\"auto, (max-width: 300px) 100vw, 300px\" \/><\/p>\n<p><em><strong>Emerio Brice\u00f1o puede ser la figura clave<\/strong><\/em><\/p>\n<p><img loading=\"lazy\" decoding=\"async\" class=\"alignnone size-medium wp-image-9719\" src=\"https:\/\/periodicocentroccidente.com\/wp-content\/uploads\/2026\/08\/Alcalde-de-SRO-EDGAR-MIRANDA-.-FOTO-DOS-LA-ANTENA-300x261.jpg\" alt=\"\" width=\"300\" height=\"261\" srcset=\"https:\/\/periodicocentroccidente.com\/wp-content\/uploads\/2026\/08\/Alcalde-de-SRO-EDGAR-MIRANDA-.-FOTO-DOS-LA-ANTENA-300x261.jpg 300w, https:\/\/periodicocentroccidente.com\/wp-content\/uploads\/2026\/08\/Alcalde-de-SRO-EDGAR-MIRANDA-.-FOTO-DOS-LA-ANTENA-768x668.jpg 768w, https:\/\/periodicocentroccidente.com\/wp-content\/uploads\/2026\/08\/Alcalde-de-SRO-EDGAR-MIRANDA-.-FOTO-DOS-LA-ANTENA.jpg 774w\" sizes=\"auto, (max-width: 300px) 100vw, 300px\" \/><\/p>\n<p><em><strong>Una designaci\u00f3n de Edgar Miranda en AVE podr\u00eda mover el piso pol\u00edtico de la oposici\u00f3n portuguese\u00f1a.<\/strong><\/em><\/p>\n","protected":false},"excerpt":{"rendered":"<p>&nbsp;&nbsp; JUAN 14\/6.. &nbsp;&laquo;YO SOY EL CAMINO, LA VERDAD Y LA VIDA&raquo;&nbsp;.. ESTA&nbsp; ES UNA AFIRMACI&Oacute;N DE JES&Uacute;S EN EL&nbsp;EVANGELIO DE JUAN&nbsp;QUE&nbsp;SIGNIFICA QUE&nbsp;&Eacute;L ES LA &Uacute;NICA V&Iacute;A PARA LLEGAR A DIOS PADRE, LA REVELACI&Oacute;N ABSOLUTA DE DIOS Y LA FUENTE DE LA VIDA ETERNA. &nbsp;&nbsp;&nbsp;&nbsp;&nbsp;&nbsp;&nbsp;&nbsp; SON MUCHAS las oportunidades en las&nbsp; que en mis &uacute;ltimas &hellip;<\/p>\n","protected":false},"author":2,"featured_media":3229,"comment_status":"open","ping_status":"open","sticky":false,"template":"","format":"standard","meta":{"_jetpack_memberships_contains_paid_content":false,"footnotes":""},"categories":[127],"tags":[],"class_list":["post-9778","post","type-post","status-publish","format-standard","has-post-thumbnail","hentry","category-noticias-recientes"],"yoast_head":"<!-- This site is optimized with the Yoast SEO plugin v24.8.1 - https:\/\/yoast.com\/wordpress\/plugins\/seo\/ -->\n<title>La Antena del Cono Sur -<\/title>\n<meta name=\"robots\" content=\"index, follow, max-snippet:-1, max-image-preview:large, max-video-preview:-1\" \/>\n<link rel=\"canonical\" href=\"https:\/\/periodicocentroccidente.com\/?p=9778\" \/>\n<meta property=\"og:locale\" content=\"es_ES\" \/>\n<meta property=\"og:type\" content=\"article\" \/>\n<meta property=\"og:title\" content=\"La Antena del Cono Sur -\" \/>\n<meta property=\"og:description\" content=\"&nbsp;&nbsp; JUAN 14\/6.. &nbsp;&laquo;YO SOY EL CAMINO, LA VERDAD Y LA VIDA&raquo;&nbsp;.. ESTA&nbsp; ES UNA AFIRMACI&Oacute;N DE JES&Uacute;S EN EL&nbsp;EVANGELIO DE JUAN&nbsp;QUE&nbsp;SIGNIFICA QUE&nbsp;&Eacute;L ES LA &Uacute;NICA V&Iacute;A PARA LLEGAR A DIOS PADRE, LA REVELACI&Oacute;N ABSOLUTA DE DIOS Y LA FUENTE DE LA VIDA ETERNA. &nbsp;&nbsp;&nbsp;&nbsp;&nbsp;&nbsp;&nbsp;&nbsp; SON MUCHAS las oportunidades en las&nbsp; que en mis &uacute;ltimas &hellip;\" \/>\n<meta property=\"og:url\" content=\"https:\/\/periodicocentroccidente.com\/?p=9778\" \/>\n<meta property=\"article:published_time\" content=\"2026-08-31T20:50:01+00:00\" \/>\n<meta property=\"og:image\" content=\"https:\/\/periodicocentroccidente.com\/wp-content\/uploads\/2025\/08\/cono-sur.jpg\" \/>\n\t<meta property=\"og:image:width\" content=\"601\" \/>\n\t<meta property=\"og:image:height\" content=\"258\" \/>\n\t<meta property=\"og:image:type\" content=\"image\/jpeg\" \/>\n<meta name=\"author\" content=\"Ricardo\" \/>\n<meta name=\"twitter:card\" content=\"summary_large_image\" \/>\n<meta name=\"twitter:label1\" content=\"Escrito por\" \/>\n\t<meta name=\"twitter:data1\" content=\"Ricardo\" \/>\n\t<meta name=\"twitter:label2\" content=\"Tiempo de lectura\" \/>\n\t<meta name=\"twitter:data2\" content=\"6 minutos\" \/>\n<script type=\"application\/ld+json\" class=\"yoast-schema-graph\">{\"@context\":\"https:\/\/schema.org\",\"@graph\":[{\"@type\":\"WebPage\",\"@id\":\"https:\/\/periodicocentroccidente.com\/?p=9778\",\"url\":\"https:\/\/periodicocentroccidente.com\/?p=9778\",\"name\":\"La Antena del Cono Sur -\",\"isPartOf\":{\"@id\":\"https:\/\/periodicocentroccidente.com\/#website\"},\"primaryImageOfPage\":{\"@id\":\"https:\/\/periodicocentroccidente.com\/?p=9778#primaryimage\"},\"image\":{\"@id\":\"https:\/\/periodicocentroccidente.com\/?p=9778#primaryimage\"},\"thumbnailUrl\":\"https:\/\/periodicocentroccidente.com\/wp-content\/uploads\/2025\/08\/cono-sur.jpg\",\"datePublished\":\"2026-08-31T20:50:01+00:00\",\"author\":{\"@id\":\"https:\/\/periodicocentroccidente.com\/#\/schema\/person\/f4e4a651098f3db198244657b7130e7e\"},\"breadcrumb\":{\"@id\":\"https:\/\/periodicocentroccidente.com\/?p=9778#breadcrumb\"},\"inLanguage\":\"es\",\"potentialAction\":[{\"@type\":\"ReadAction\",\"target\":[\"https:\/\/periodicocentroccidente.com\/?p=9778\"]}]},{\"@type\":\"ImageObject\",\"inLanguage\":\"es\",\"@id\":\"https:\/\/periodicocentroccidente.com\/?p=9778#primaryimage\",\"url\":\"https:\/\/periodicocentroccidente.com\/wp-content\/uploads\/2025\/08\/cono-sur.jpg\",\"contentUrl\":\"https:\/\/periodicocentroccidente.com\/wp-content\/uploads\/2025\/08\/cono-sur.jpg\",\"width\":601,\"height\":258},{\"@type\":\"BreadcrumbList\",\"@id\":\"https:\/\/periodicocentroccidente.com\/?p=9778#breadcrumb\",\"itemListElement\":[{\"@type\":\"ListItem\",\"position\":1,\"name\":\"Portada\",\"item\":\"https:\/\/periodicocentroccidente.com\/\"},{\"@type\":\"ListItem\",\"position\":2,\"name\":\"La Antena del Cono Sur\"}]},{\"@type\":\"WebSite\",\"@id\":\"https:\/\/periodicocentroccidente.com\/#website\",\"url\":\"https:\/\/periodicocentroccidente.com\/\",\"name\":\"\",\"description\":\"Periodismo serio y responsable\",\"potentialAction\":[{\"@type\":\"SearchAction\",\"target\":{\"@type\":\"EntryPoint\",\"urlTemplate\":\"https:\/\/periodicocentroccidente.com\/?s={search_term_string}\"},\"query-input\":{\"@type\":\"PropertyValueSpecification\",\"valueRequired\":true,\"valueName\":\"search_term_string\"}}],\"inLanguage\":\"es\"},{\"@type\":\"Person\",\"@id\":\"https:\/\/periodicocentroccidente.com\/#\/schema\/person\/f4e4a651098f3db198244657b7130e7e\",\"name\":\"Ricardo\",\"image\":{\"@type\":\"ImageObject\",\"inLanguage\":\"es\",\"@id\":\"https:\/\/periodicocentroccidente.com\/#\/schema\/person\/image\/\",\"url\":\"https:\/\/secure.gravatar.com\/avatar\/402e6137108ec0fdaa7809184382fb1dd2f8b00264c1d945d341f2b8f90db429?s=96&d=mm&r=g\",\"contentUrl\":\"https:\/\/secure.gravatar.com\/avatar\/402e6137108ec0fdaa7809184382fb1dd2f8b00264c1d945d341f2b8f90db429?s=96&d=mm&r=g\",\"caption\":\"Ricardo\"},\"url\":\"https:\/\/periodicocentroccidente.com\/?author=2\"}]}<\/script>\n<!-- \/ Yoast SEO plugin. -->","yoast_head_json":{"title":"La Antena del Cono Sur -","robots":{"index":"index","follow":"follow","max-snippet":"max-snippet:-1","max-image-preview":"max-image-preview:large","max-video-preview":"max-video-preview:-1"},"canonical":"https:\/\/periodicocentroccidente.com\/?p=9778","og_locale":"es_ES","og_type":"article","og_title":"La Antena del Cono Sur -","og_description":"&nbsp;&nbsp; JUAN 14\/6.. &nbsp;&laquo;YO SOY EL CAMINO, LA VERDAD Y LA VIDA&raquo;&nbsp;.. ESTA&nbsp; ES UNA AFIRMACI&Oacute;N DE JES&Uacute;S EN EL&nbsp;EVANGELIO DE JUAN&nbsp;QUE&nbsp;SIGNIFICA QUE&nbsp;&Eacute;L ES LA &Uacute;NICA V&Iacute;A PARA LLEGAR A DIOS PADRE, LA REVELACI&Oacute;N ABSOLUTA DE DIOS Y LA FUENTE DE LA VIDA ETERNA. &nbsp;&nbsp;&nbsp;&nbsp;&nbsp;&nbsp;&nbsp;&nbsp; SON MUCHAS las oportunidades en las&nbsp; que en mis &uacute;ltimas &hellip;","og_url":"https:\/\/periodicocentroccidente.com\/?p=9778","article_published_time":"2026-08-31T20:50:01+00:00","og_image":[{"width":601,"height":258,"url":"https:\/\/periodicocentroccidente.com\/wp-content\/uploads\/2025\/08\/cono-sur.jpg","type":"image\/jpeg"}],"author":"Ricardo","twitter_card":"summary_large_image","twitter_misc":{"Escrito por":"Ricardo","Tiempo de lectura":"6 minutos"},"schema":{"@context":"https:\/\/schema.org","@graph":[{"@type":"WebPage","@id":"https:\/\/periodicocentroccidente.com\/?p=9778","url":"https:\/\/periodicocentroccidente.com\/?p=9778","name":"La Antena del Cono Sur -","isPartOf":{"@id":"https:\/\/periodicocentroccidente.com\/#website"},"primaryImageOfPage":{"@id":"https:\/\/periodicocentroccidente.com\/?p=9778#primaryimage"},"image":{"@id":"https:\/\/periodicocentroccidente.com\/?p=9778#primaryimage"},"thumbnailUrl":"https:\/\/periodicocentroccidente.com\/wp-content\/uploads\/2025\/08\/cono-sur.jpg","datePublished":"2026-08-31T20:50:01+00:00","author":{"@id":"https:\/\/periodicocentroccidente.com\/#\/schema\/person\/f4e4a651098f3db198244657b7130e7e"},"breadcrumb":{"@id":"https:\/\/periodicocentroccidente.com\/?p=9778#breadcrumb"},"inLanguage":"es","potentialAction":[{"@type":"ReadAction","target":["https:\/\/periodicocentroccidente.com\/?p=9778"]}]},{"@type":"ImageObject","inLanguage":"es","@id":"https:\/\/periodicocentroccidente.com\/?p=9778#primaryimage","url":"https:\/\/periodicocentroccidente.com\/wp-content\/uploads\/2025\/08\/cono-sur.jpg","contentUrl":"https:\/\/periodicocentroccidente.com\/wp-content\/uploads\/2025\/08\/cono-sur.jpg","width":601,"height":258},{"@type":"BreadcrumbList","@id":"https:\/\/periodicocentroccidente.com\/?p=9778#breadcrumb","itemListElement":[{"@type":"ListItem","position":1,"name":"Portada","item":"https:\/\/periodicocentroccidente.com\/"},{"@type":"ListItem","position":2,"name":"La Antena del Cono Sur"}]},{"@type":"WebSite","@id":"https:\/\/periodicocentroccidente.com\/#website","url":"https:\/\/periodicocentroccidente.com\/","name":"","description":"Periodismo serio y responsable","potentialAction":[{"@type":"SearchAction","target":{"@type":"EntryPoint","urlTemplate":"https:\/\/periodicocentroccidente.com\/?s={search_term_string}"},"query-input":{"@type":"PropertyValueSpecification","valueRequired":true,"valueName":"search_term_string"}}],"inLanguage":"es"},{"@type":"Person","@id":"https:\/\/periodicocentroccidente.com\/#\/schema\/person\/f4e4a651098f3db198244657b7130e7e","name":"Ricardo","image":{"@type":"ImageObject","inLanguage":"es","@id":"https:\/\/periodicocentroccidente.com\/#\/schema\/person\/image\/","url":"https:\/\/secure.gravatar.com\/avatar\/402e6137108ec0fdaa7809184382fb1dd2f8b00264c1d945d341f2b8f90db429?s=96&d=mm&r=g","contentUrl":"https:\/\/secure.gravatar.com\/avatar\/402e6137108ec0fdaa7809184382fb1dd2f8b00264c1d945d341f2b8f90db429?s=96&d=mm&r=g","caption":"Ricardo"},"url":"https:\/\/periodicocentroccidente.com\/?author=2"}]}},"jetpack_featured_media_url":"https:\/\/periodicocentroccidente.com\/wp-content\/uploads\/2025\/08\/cono-sur.jpg","jetpack_sharing_enabled":true,"jetpack-related-posts":[],"_links":{"self":[{"href":"https:\/\/periodicocentroccidente.com\/index.php?rest_route=\/wp\/v2\/posts\/9778","targetHints":{"allow":["GET"]}}],"collection":[{"href":"https:\/\/periodicocentroccidente.com\/index.php?rest_route=\/wp\/v2\/posts"}],"about":[{"href":"https:\/\/periodicocentroccidente.com\/index.php?rest_route=\/wp\/v2\/types\/post"}],"author":[{"embeddable":true,"href":"https:\/\/periodicocentroccidente.com\/index.php?rest_route=\/wp\/v2\/users\/2"}],"replies":[{"embeddable":true,"href":"https:\/\/periodicocentroccidente.com\/index.php?rest_route=%2Fwp%2Fv2%2Fcomments&post=9778"}],"version-history":[{"count":1,"href":"https:\/\/periodicocentroccidente.com\/index.php?rest_route=\/wp\/v2\/posts\/9778\/revisions"}],"predecessor-version":[{"id":9779,"href":"https:\/\/periodicocentroccidente.com\/index.php?rest_route=\/wp\/v2\/posts\/9778\/revisions\/9779"}],"wp:featuredmedia":[{"embeddable":true,"href":"https:\/\/periodicocentroccidente.com\/index.php?rest_route=\/wp\/v2\/media\/3229"}],"wp:attachment":[{"href":"https:\/\/periodicocentroccidente.com\/index.php?rest_route=%2Fwp%2Fv2%2Fmedia&parent=9778"}],"wp:term":[{"taxonomy":"category","embeddable":true,"href":"https:\/\/periodicocentroccidente.com\/index.php?rest_route=%2Fwp%2Fv2%2Fcategories&post=9778"},{"taxonomy":"post_tag","embeddable":true,"href":"https:\/\/periodicocentroccidente.com\/index.php?rest_route=%2Fwp%2Fv2%2Ftags&post=9778"}],"curies":[{"name":"wp","href":"https:\/\/api.w.org\/{rel}","templated":true}]}}