{"id":9775,"date":"2026-08-31T20:43:59","date_gmt":"2026-08-31T20:43:59","guid":{"rendered":"https:\/\/periodicocentroccidente.com\/?p=9775"},"modified":"2026-08-31T20:43:59","modified_gmt":"2026-08-31T20:43:59","slug":"caida-de-un-arbol-deja-a-la-lucia-sin-servicio-electrico","status":"publish","type":"post","link":"https:\/\/periodicocentroccidente.com\/?p=9775","title":{"rendered":"Ca\u00edda de un \u00e1rbol deja a La Luc\u00eda sin servicio el\u00e9ctrico"},"content":{"rendered":"<p><strong>Especial.-<\/strong><\/p>\n<p><strong>\u00a0La ca\u00edda de un \u00e1rbol de cedro sobre un poste dej\u00f3 sin servicio el\u00e9ctrico a habitantes de la poblaci\u00f3n de La Luc\u00eda,<\/strong>\u00a0municipio Araure, durante la ma\u00f1ana de este domingo 30 de agosto.<\/p>\n<p>Mariangel Camacaro, vecina de la comunidad, se\u00f1al\u00f3 que el hecho ocurri\u00f3 aproximadamente a las 11:00 a. m., cuando el \u00e1rbol, ubicado en una parada diagonal al puesto de la Guardia Nacional Bolivariana, se desplom\u00f3 parcialmente sobre el poste del tendido el\u00e9ctrico.<\/p>\n<p><em><strong>\u201cEl \u00e1rbol de cedro que se encuentra en la parada se derrumb\u00f3 parcialmente y cay\u00f3 sobre el poste, lo que produjo que el tendido el\u00e9ctrico se viniera abajo\u201d, explic\u00f3.<\/strong><\/em><\/p>\n<p>La vocera indic\u00f3 que toda la comunidad permanece sin electricidad desde el momento del incidente. Adem\u00e1s, advirti\u00f3 que los cables quedaron tendidos sobre la carretera, por lo que los habitantes solicitan atenci\u00f3n inmediata ante el riesgo que representa para quienes transitan por la zona.<\/p>\n<p>A esta situaci\u00f3n se suman las constantes fallas el\u00e9ctricas y los cortes programados que, seg\u00fan los vecinos, afectan de manera recurrente a m\u00e1s de un centenar de familias de La Luc\u00eda y comunidades cercanas.<\/p>\n<p>Residentes de la zona que son propietarios de bodegas, reposteros y peque\u00f1os comerciantes aseguran que las interrupciones del servicio les generan p\u00e9rdidas econ\u00f3micas, debido a la imposibilidad de mantener operativos sus negocios y conservar adecuadamente sus productos.<\/p>\n<p>Los habitantes esperan que Corpoelec atienda la aver\u00eda y restablezca el servicio el\u00e9ctrico, adem\u00e1s de retirar los cables que permanecen sobre la v\u00eda para evitar accidentes.<\/p>\n<p><strong>Nota de prensa, Katharine Andrade Escalona<\/strong><br \/>\n<strong>CNP 16.903<\/strong><\/p>\n","protected":false},"excerpt":{"rendered":"<p>Especial.- &nbsp;La ca&iacute;da de un &aacute;rbol de cedro sobre un poste dej&oacute; sin servicio el&eacute;ctrico a habitantes de la poblaci&oacute;n de La Luc&iacute;a,&nbsp;municipio Araure, durante la ma&ntilde;ana de este domingo 30 de agosto. Mariangel Camacaro, vecina de la comunidad, se&ntilde;al&oacute; que el hecho ocurri&oacute; aproximadamente a las 11:00 a. m., cuando el &aacute;rbol, ubicado en &hellip;<\/p>\n","protected":false},"author":2,"featured_media":9776,"comment_status":"open","ping_status":"open","sticky":false,"template":"","format":"standard","meta":{"_jetpack_memberships_contains_paid_content":false,"footnotes":""},"categories":[128],"tags":[],"class_list":["post-9775","post","type-post","status-publish","format-standard","has-post-thumbnail","hentry","category-noticias-del-cono-norte"],"yoast_head":"<!-- This site is optimized with the Yoast SEO plugin v24.8.1 - https:\/\/yoast.com\/wordpress\/plugins\/seo\/ -->\n<title>Ca\u00edda de un \u00e1rbol deja a La Luc\u00eda sin servicio el\u00e9ctrico -<\/title>\n<meta name=\"robots\" content=\"index, follow, max-snippet:-1, max-image-preview:large, max-video-preview:-1\" \/>\n<link rel=\"canonical\" href=\"https:\/\/periodicocentroccidente.com\/?p=9775\" \/>\n<meta property=\"og:locale\" content=\"es_ES\" \/>\n<meta property=\"og:type\" content=\"article\" \/>\n<meta property=\"og:title\" content=\"Ca\u00edda de un \u00e1rbol deja a La Luc\u00eda sin servicio el\u00e9ctrico -\" \/>\n<meta property=\"og:description\" content=\"Especial.- &nbsp;La ca&iacute;da de un &aacute;rbol de cedro sobre un poste dej&oacute; sin servicio el&eacute;ctrico a habitantes de la poblaci&oacute;n de La Luc&iacute;a,&nbsp;municipio Araure, durante la ma&ntilde;ana de este domingo 30 de agosto. Mariangel Camacaro, vecina de la comunidad, se&ntilde;al&oacute; que el hecho ocurri&oacute; aproximadamente a las 11:00 a. m., cuando el &aacute;rbol, ubicado en &hellip;\" \/>\n<meta property=\"og:url\" content=\"https:\/\/periodicocentroccidente.com\/?p=9775\" \/>\n<meta property=\"article:published_time\" content=\"2026-08-31T20:43:59+00:00\" \/>\n<meta property=\"og:image\" content=\"https:\/\/periodicocentroccidente.com\/wp-content\/uploads\/2026\/08\/1008658905-e1788127191213.jpg\" \/>\n\t<meta property=\"og:image:width\" content=\"810\" \/>\n\t<meta property=\"og:image:height\" content=\"616\" \/>\n\t<meta property=\"og:image:type\" content=\"image\/jpeg\" \/>\n<meta name=\"author\" content=\"Ricardo\" \/>\n<meta name=\"twitter:card\" content=\"summary_large_image\" \/>\n<meta name=\"twitter:label1\" content=\"Escrito por\" \/>\n\t<meta name=\"twitter:data1\" content=\"Ricardo\" \/>\n\t<meta name=\"twitter:label2\" content=\"Tiempo de lectura\" \/>\n\t<meta name=\"twitter:data2\" content=\"2 minutos\" \/>\n<script type=\"application\/ld+json\" class=\"yoast-schema-graph\">{\"@context\":\"https:\/\/schema.org\",\"@graph\":[{\"@type\":\"WebPage\",\"@id\":\"https:\/\/periodicocentroccidente.com\/?p=9775\",\"url\":\"https:\/\/periodicocentroccidente.com\/?p=9775\",\"name\":\"Ca\u00edda de un \u00e1rbol deja a La Luc\u00eda sin servicio el\u00e9ctrico -\",\"isPartOf\":{\"@id\":\"https:\/\/periodicocentroccidente.com\/#website\"},\"primaryImageOfPage\":{\"@id\":\"https:\/\/periodicocentroccidente.com\/?p=9775#primaryimage\"},\"image\":{\"@id\":\"https:\/\/periodicocentroccidente.com\/?p=9775#primaryimage\"},\"thumbnailUrl\":\"https:\/\/periodicocentroccidente.com\/wp-content\/uploads\/2026\/08\/1008658905-e1788127191213.jpg\",\"datePublished\":\"2026-08-31T20:43:59+00:00\",\"author\":{\"@id\":\"https:\/\/periodicocentroccidente.com\/#\/schema\/person\/f4e4a651098f3db198244657b7130e7e\"},\"breadcrumb\":{\"@id\":\"https:\/\/periodicocentroccidente.com\/?p=9775#breadcrumb\"},\"inLanguage\":\"es\",\"potentialAction\":[{\"@type\":\"ReadAction\",\"target\":[\"https:\/\/periodicocentroccidente.com\/?p=9775\"]}]},{\"@type\":\"ImageObject\",\"inLanguage\":\"es\",\"@id\":\"https:\/\/periodicocentroccidente.com\/?p=9775#primaryimage\",\"url\":\"https:\/\/periodicocentroccidente.com\/wp-content\/uploads\/2026\/08\/1008658905-e1788127191213.jpg\",\"contentUrl\":\"https:\/\/periodicocentroccidente.com\/wp-content\/uploads\/2026\/08\/1008658905-e1788127191213.jpg\",\"width\":810,\"height\":616},{\"@type\":\"BreadcrumbList\",\"@id\":\"https:\/\/periodicocentroccidente.com\/?p=9775#breadcrumb\",\"itemListElement\":[{\"@type\":\"ListItem\",\"position\":1,\"name\":\"Portada\",\"item\":\"https:\/\/periodicocentroccidente.com\/\"},{\"@type\":\"ListItem\",\"position\":2,\"name\":\"Ca\u00edda de un \u00e1rbol deja a La Luc\u00eda sin servicio el\u00e9ctrico\"}]},{\"@type\":\"WebSite\",\"@id\":\"https:\/\/periodicocentroccidente.com\/#website\",\"url\":\"https:\/\/periodicocentroccidente.com\/\",\"name\":\"\",\"description\":\"Periodismo serio y responsable\",\"potentialAction\":[{\"@type\":\"SearchAction\",\"target\":{\"@type\":\"EntryPoint\",\"urlTemplate\":\"https:\/\/periodicocentroccidente.com\/?s={search_term_string}\"},\"query-input\":{\"@type\":\"PropertyValueSpecification\",\"valueRequired\":true,\"valueName\":\"search_term_string\"}}],\"inLanguage\":\"es\"},{\"@type\":\"Person\",\"@id\":\"https:\/\/periodicocentroccidente.com\/#\/schema\/person\/f4e4a651098f3db198244657b7130e7e\",\"name\":\"Ricardo\",\"image\":{\"@type\":\"ImageObject\",\"inLanguage\":\"es\",\"@id\":\"https:\/\/periodicocentroccidente.com\/#\/schema\/person\/image\/\",\"url\":\"https:\/\/secure.gravatar.com\/avatar\/402e6137108ec0fdaa7809184382fb1dd2f8b00264c1d945d341f2b8f90db429?s=96&d=mm&r=g\",\"contentUrl\":\"https:\/\/secure.gravatar.com\/avatar\/402e6137108ec0fdaa7809184382fb1dd2f8b00264c1d945d341f2b8f90db429?s=96&d=mm&r=g\",\"caption\":\"Ricardo\"},\"url\":\"https:\/\/periodicocentroccidente.com\/?author=2\"}]}<\/script>\n<!-- \/ Yoast SEO plugin. -->","yoast_head_json":{"title":"Ca\u00edda de un \u00e1rbol deja a La Luc\u00eda sin servicio el\u00e9ctrico -","robots":{"index":"index","follow":"follow","max-snippet":"max-snippet:-1","max-image-preview":"max-image-preview:large","max-video-preview":"max-video-preview:-1"},"canonical":"https:\/\/periodicocentroccidente.com\/?p=9775","og_locale":"es_ES","og_type":"article","og_title":"Ca\u00edda de un \u00e1rbol deja a La Luc\u00eda sin servicio el\u00e9ctrico -","og_description":"Especial.- &nbsp;La ca&iacute;da de un &aacute;rbol de cedro sobre un poste dej&oacute; sin servicio el&eacute;ctrico a habitantes de la poblaci&oacute;n de La Luc&iacute;a,&nbsp;municipio Araure, durante la ma&ntilde;ana de este domingo 30 de agosto. Mariangel Camacaro, vecina de la comunidad, se&ntilde;al&oacute; que el hecho ocurri&oacute; aproximadamente a las 11:00 a. m., cuando el &aacute;rbol, ubicado en &hellip;","og_url":"https:\/\/periodicocentroccidente.com\/?p=9775","article_published_time":"2026-08-31T20:43:59+00:00","og_image":[{"width":810,"height":616,"url":"https:\/\/periodicocentroccidente.com\/wp-content\/uploads\/2026\/08\/1008658905-e1788127191213.jpg","type":"image\/jpeg"}],"author":"Ricardo","twitter_card":"summary_large_image","twitter_misc":{"Escrito por":"Ricardo","Tiempo de lectura":"2 minutos"},"schema":{"@context":"https:\/\/schema.org","@graph":[{"@type":"WebPage","@id":"https:\/\/periodicocentroccidente.com\/?p=9775","url":"https:\/\/periodicocentroccidente.com\/?p=9775","name":"Ca\u00edda de un \u00e1rbol deja a La Luc\u00eda sin servicio el\u00e9ctrico -","isPartOf":{"@id":"https:\/\/periodicocentroccidente.com\/#website"},"primaryImageOfPage":{"@id":"https:\/\/periodicocentroccidente.com\/?p=9775#primaryimage"},"image":{"@id":"https:\/\/periodicocentroccidente.com\/?p=9775#primaryimage"},"thumbnailUrl":"https:\/\/periodicocentroccidente.com\/wp-content\/uploads\/2026\/08\/1008658905-e1788127191213.jpg","datePublished":"2026-08-31T20:43:59+00:00","author":{"@id":"https:\/\/periodicocentroccidente.com\/#\/schema\/person\/f4e4a651098f3db198244657b7130e7e"},"breadcrumb":{"@id":"https:\/\/periodicocentroccidente.com\/?p=9775#breadcrumb"},"inLanguage":"es","potentialAction":[{"@type":"ReadAction","target":["https:\/\/periodicocentroccidente.com\/?p=9775"]}]},{"@type":"ImageObject","inLanguage":"es","@id":"https:\/\/periodicocentroccidente.com\/?p=9775#primaryimage","url":"https:\/\/periodicocentroccidente.com\/wp-content\/uploads\/2026\/08\/1008658905-e1788127191213.jpg","contentUrl":"https:\/\/periodicocentroccidente.com\/wp-content\/uploads\/2026\/08\/1008658905-e1788127191213.jpg","width":810,"height":616},{"@type":"BreadcrumbList","@id":"https:\/\/periodicocentroccidente.com\/?p=9775#breadcrumb","itemListElement":[{"@type":"ListItem","position":1,"name":"Portada","item":"https:\/\/periodicocentroccidente.com\/"},{"@type":"ListItem","position":2,"name":"Ca\u00edda de un \u00e1rbol deja a La Luc\u00eda sin servicio el\u00e9ctrico"}]},{"@type":"WebSite","@id":"https:\/\/periodicocentroccidente.com\/#website","url":"https:\/\/periodicocentroccidente.com\/","name":"","description":"Periodismo serio y responsable","potentialAction":[{"@type":"SearchAction","target":{"@type":"EntryPoint","urlTemplate":"https:\/\/periodicocentroccidente.com\/?s={search_term_string}"},"query-input":{"@type":"PropertyValueSpecification","valueRequired":true,"valueName":"search_term_string"}}],"inLanguage":"es"},{"@type":"Person","@id":"https:\/\/periodicocentroccidente.com\/#\/schema\/person\/f4e4a651098f3db198244657b7130e7e","name":"Ricardo","image":{"@type":"ImageObject","inLanguage":"es","@id":"https:\/\/periodicocentroccidente.com\/#\/schema\/person\/image\/","url":"https:\/\/secure.gravatar.com\/avatar\/402e6137108ec0fdaa7809184382fb1dd2f8b00264c1d945d341f2b8f90db429?s=96&d=mm&r=g","contentUrl":"https:\/\/secure.gravatar.com\/avatar\/402e6137108ec0fdaa7809184382fb1dd2f8b00264c1d945d341f2b8f90db429?s=96&d=mm&r=g","caption":"Ricardo"},"url":"https:\/\/periodicocentroccidente.com\/?author=2"}]}},"jetpack_featured_media_url":"https:\/\/periodicocentroccidente.com\/wp-content\/uploads\/2026\/08\/1008658905-e1788127191213.jpg","jetpack_sharing_enabled":true,"jetpack-related-posts":[],"_links":{"self":[{"href":"https:\/\/periodicocentroccidente.com\/index.php?rest_route=\/wp\/v2\/posts\/9775","targetHints":{"allow":["GET"]}}],"collection":[{"href":"https:\/\/periodicocentroccidente.com\/index.php?rest_route=\/wp\/v2\/posts"}],"about":[{"href":"https:\/\/periodicocentroccidente.com\/index.php?rest_route=\/wp\/v2\/types\/post"}],"author":[{"embeddable":true,"href":"https:\/\/periodicocentroccidente.com\/index.php?rest_route=\/wp\/v2\/users\/2"}],"replies":[{"embeddable":true,"href":"https:\/\/periodicocentroccidente.com\/index.php?rest_route=%2Fwp%2Fv2%2Fcomments&post=9775"}],"version-history":[{"count":1,"href":"https:\/\/periodicocentroccidente.com\/index.php?rest_route=\/wp\/v2\/posts\/9775\/revisions"}],"predecessor-version":[{"id":9777,"href":"https:\/\/periodicocentroccidente.com\/index.php?rest_route=\/wp\/v2\/posts\/9775\/revisions\/9777"}],"wp:featuredmedia":[{"embeddable":true,"href":"https:\/\/periodicocentroccidente.com\/index.php?rest_route=\/wp\/v2\/media\/9776"}],"wp:attachment":[{"href":"https:\/\/periodicocentroccidente.com\/index.php?rest_route=%2Fwp%2Fv2%2Fmedia&parent=9775"}],"wp:term":[{"taxonomy":"category","embeddable":true,"href":"https:\/\/periodicocentroccidente.com\/index.php?rest_route=%2Fwp%2Fv2%2Fcategories&post=9775"},{"taxonomy":"post_tag","embeddable":true,"href":"https:\/\/periodicocentroccidente.com\/index.php?rest_route=%2Fwp%2Fv2%2Ftags&post=9775"}],"curies":[{"name":"wp","href":"https:\/\/api.w.org\/{rel}","templated":true}]}}