{"id":9768,"date":"2026-08-31T20:38:09","date_gmt":"2026-08-31T20:38:09","guid":{"rendered":"https:\/\/periodicocentroccidente.com\/?p=9768"},"modified":"2026-08-31T20:38:09","modified_gmt":"2026-08-31T20:38:09","slug":"apagones-de-mas-de-10-horas-afectan-el-suministro-de-agua-y-ponen-en-riesgo-electrodomesticos","status":"publish","type":"post","link":"https:\/\/periodicocentroccidente.com\/?p=9768","title":{"rendered":"Apagones de m\u00e1s de 10 horas afectan el suministro de agua y ponen en riesgo electrodom\u00e9sticos"},"content":{"rendered":"<p><strong>Especial.-<\/strong><\/p>\n<p>Familias del municipio Papel\u00f3n enfrentan cortes prolongados del servicio el\u00e9ctrico que superan las 10 horas, adem\u00e1s de constantes fluctuaciones y bajos niveles de voltaje que, seg\u00fan denuncian, ponen en riesgo los electrodom\u00e9sticos y equipos de sus hogares.<\/p>\n<p>La denuncia fue realizada por Ada M\u00e9ndez, coordinadora municipal de Vente Venezuela en Papel\u00f3n, quien se\u00f1al\u00f3 que las fallas representan un golpe adicional para los habitantes, debido a que deben asumir el costo de reparar o sustituir los equipos que resultan afectados por los apagones y las variaciones de voltaje.<\/p>\n<p><em><strong>\u201cCon un sueldo de 130 bol\u00edvares es imposible reponer los electrodom\u00e9sticos que se da\u00f1an\u201d, afirm\u00f3 M\u00e9ndez, en una reporte compartido por la organizaci\u00f3n, quien adem\u00e1s cuestion\u00f3 que ni hay nadie que responda por las p\u00e9rdidas econ\u00f3micas que ocasionan las interrupciones y fluctuaciones del servicio.<\/strong><\/em><\/p>\n<p>La dirigente tambi\u00e9n alert\u00f3 que los bajos niveles de voltaje impiden el funcionamiento adecuado de algunos equipos y aumentan el riesgo de aver\u00edas.<\/p>\n<p>A las fallas el\u00e9ctricas se suma, seg\u00fan la denuncia, la irregularidad en el suministro de agua potable, debido a que los cortes de electricidad afectan el funcionamiento de los principales motores utilizados para abastecer de agua a las comunidades del municipio.<\/p>\n<p><em><strong>\u201cEs inhumano vivir en estas condiciones. Los papelonenses tambi\u00e9n merecen servicios p\u00fablicos de calidad. \u00bfQui\u00e9n responde por lo que se da\u00f1a? \u00bfQui\u00e9n responde por las familias que pasan horas sin electricidad y sin agua?\u201d, cuestion\u00f3 M\u00e9ndez.<\/strong><\/em><\/p>\n<p>Ante esta situaci\u00f3n, exigi\u00f3 respuestas a las autoridades y soluciones que permitan garantizar la prestaci\u00f3n estable de los servicios p\u00fablicos en las comunidades del municipio.<\/p>\n<p>\u201cSabemos que podemos vivir mejor y que esto lo vamos a lograr en libertad, con instituciones que funcionen y servicios p\u00fablicos que est\u00e9n al servicio de los ciudadanos\u201d, concluy\u00f3 M\u00e9ndez.<\/p>\n<p><strong>Con informaci\u00f3n de Vente Portuguesa<\/strong><\/p>\n","protected":false},"excerpt":{"rendered":"<p>Especial.- Familias del municipio Papel&oacute;n enfrentan cortes prolongados del servicio el&eacute;ctrico que superan las 10 horas, adem&aacute;s de constantes fluctuaciones y bajos niveles de voltaje que, seg&uacute;n denuncian, ponen en riesgo los electrodom&eacute;sticos y equipos de sus hogares. La denuncia fue realizada por Ada M&eacute;ndez, coordinadora municipal de Vente Venezuela en Papel&oacute;n, quien se&ntilde;al&oacute; que &hellip;<\/p>\n","protected":false},"author":2,"featured_media":9769,"comment_status":"open","ping_status":"open","sticky":false,"template":"","format":"standard","meta":{"_jetpack_memberships_contains_paid_content":false,"footnotes":""},"categories":[130],"tags":[],"class_list":["post-9768","post","type-post","status-publish","format-standard","has-post-thumbnail","hentry","category-regionales"],"yoast_head":"<!-- This site is optimized with the Yoast SEO plugin v24.8.1 - https:\/\/yoast.com\/wordpress\/plugins\/seo\/ -->\n<title>Apagones de m\u00e1s de 10 horas afectan el suministro de agua y ponen en riesgo electrodom\u00e9sticos -<\/title>\n<meta name=\"robots\" content=\"index, follow, max-snippet:-1, max-image-preview:large, max-video-preview:-1\" \/>\n<link rel=\"canonical\" href=\"https:\/\/periodicocentroccidente.com\/?p=9768\" \/>\n<meta property=\"og:locale\" content=\"es_ES\" \/>\n<meta property=\"og:type\" content=\"article\" \/>\n<meta property=\"og:title\" content=\"Apagones de m\u00e1s de 10 horas afectan el suministro de agua y ponen en riesgo electrodom\u00e9sticos -\" \/>\n<meta property=\"og:description\" content=\"Especial.- Familias del municipio Papel&oacute;n enfrentan cortes prolongados del servicio el&eacute;ctrico que superan las 10 horas, adem&aacute;s de constantes fluctuaciones y bajos niveles de voltaje que, seg&uacute;n denuncian, ponen en riesgo los electrodom&eacute;sticos y equipos de sus hogares. La denuncia fue realizada por Ada M&eacute;ndez, coordinadora municipal de Vente Venezuela en Papel&oacute;n, quien se&ntilde;al&oacute; que &hellip;\" \/>\n<meta property=\"og:url\" content=\"https:\/\/periodicocentroccidente.com\/?p=9768\" \/>\n<meta property=\"article:published_time\" content=\"2026-08-31T20:38:09+00:00\" \/>\n<meta property=\"og:image\" content=\"https:\/\/periodicocentroccidente.com\/wp-content\/uploads\/2026\/08\/IMG-20260831-WA0008-1024x768-1.jpg\" \/>\n\t<meta property=\"og:image:width\" content=\"1024\" \/>\n\t<meta property=\"og:image:height\" content=\"768\" \/>\n\t<meta property=\"og:image:type\" content=\"image\/jpeg\" \/>\n<meta name=\"author\" content=\"Ricardo\" \/>\n<meta name=\"twitter:card\" content=\"summary_large_image\" \/>\n<meta name=\"twitter:label1\" content=\"Escrito por\" \/>\n\t<meta name=\"twitter:data1\" content=\"Ricardo\" \/>\n\t<meta name=\"twitter:label2\" content=\"Tiempo de lectura\" \/>\n\t<meta name=\"twitter:data2\" content=\"2 minutos\" \/>\n<script type=\"application\/ld+json\" class=\"yoast-schema-graph\">{\"@context\":\"https:\/\/schema.org\",\"@graph\":[{\"@type\":\"WebPage\",\"@id\":\"https:\/\/periodicocentroccidente.com\/?p=9768\",\"url\":\"https:\/\/periodicocentroccidente.com\/?p=9768\",\"name\":\"Apagones de m\u00e1s de 10 horas afectan el suministro de agua y ponen en riesgo electrodom\u00e9sticos -\",\"isPartOf\":{\"@id\":\"https:\/\/periodicocentroccidente.com\/#website\"},\"primaryImageOfPage\":{\"@id\":\"https:\/\/periodicocentroccidente.com\/?p=9768#primaryimage\"},\"image\":{\"@id\":\"https:\/\/periodicocentroccidente.com\/?p=9768#primaryimage\"},\"thumbnailUrl\":\"https:\/\/periodicocentroccidente.com\/wp-content\/uploads\/2026\/08\/IMG-20260831-WA0008-1024x768-1.jpg\",\"datePublished\":\"2026-08-31T20:38:09+00:00\",\"author\":{\"@id\":\"https:\/\/periodicocentroccidente.com\/#\/schema\/person\/f4e4a651098f3db198244657b7130e7e\"},\"breadcrumb\":{\"@id\":\"https:\/\/periodicocentroccidente.com\/?p=9768#breadcrumb\"},\"inLanguage\":\"es\",\"potentialAction\":[{\"@type\":\"ReadAction\",\"target\":[\"https:\/\/periodicocentroccidente.com\/?p=9768\"]}]},{\"@type\":\"ImageObject\",\"inLanguage\":\"es\",\"@id\":\"https:\/\/periodicocentroccidente.com\/?p=9768#primaryimage\",\"url\":\"https:\/\/periodicocentroccidente.com\/wp-content\/uploads\/2026\/08\/IMG-20260831-WA0008-1024x768-1.jpg\",\"contentUrl\":\"https:\/\/periodicocentroccidente.com\/wp-content\/uploads\/2026\/08\/IMG-20260831-WA0008-1024x768-1.jpg\",\"width\":1024,\"height\":768},{\"@type\":\"BreadcrumbList\",\"@id\":\"https:\/\/periodicocentroccidente.com\/?p=9768#breadcrumb\",\"itemListElement\":[{\"@type\":\"ListItem\",\"position\":1,\"name\":\"Portada\",\"item\":\"https:\/\/periodicocentroccidente.com\/\"},{\"@type\":\"ListItem\",\"position\":2,\"name\":\"Apagones de m\u00e1s de 10 horas afectan el suministro de agua y ponen en riesgo electrodom\u00e9sticos\"}]},{\"@type\":\"WebSite\",\"@id\":\"https:\/\/periodicocentroccidente.com\/#website\",\"url\":\"https:\/\/periodicocentroccidente.com\/\",\"name\":\"\",\"description\":\"Periodismo serio y responsable\",\"potentialAction\":[{\"@type\":\"SearchAction\",\"target\":{\"@type\":\"EntryPoint\",\"urlTemplate\":\"https:\/\/periodicocentroccidente.com\/?s={search_term_string}\"},\"query-input\":{\"@type\":\"PropertyValueSpecification\",\"valueRequired\":true,\"valueName\":\"search_term_string\"}}],\"inLanguage\":\"es\"},{\"@type\":\"Person\",\"@id\":\"https:\/\/periodicocentroccidente.com\/#\/schema\/person\/f4e4a651098f3db198244657b7130e7e\",\"name\":\"Ricardo\",\"image\":{\"@type\":\"ImageObject\",\"inLanguage\":\"es\",\"@id\":\"https:\/\/periodicocentroccidente.com\/#\/schema\/person\/image\/\",\"url\":\"https:\/\/secure.gravatar.com\/avatar\/402e6137108ec0fdaa7809184382fb1dd2f8b00264c1d945d341f2b8f90db429?s=96&d=mm&r=g\",\"contentUrl\":\"https:\/\/secure.gravatar.com\/avatar\/402e6137108ec0fdaa7809184382fb1dd2f8b00264c1d945d341f2b8f90db429?s=96&d=mm&r=g\",\"caption\":\"Ricardo\"},\"url\":\"https:\/\/periodicocentroccidente.com\/?author=2\"}]}<\/script>\n<!-- \/ Yoast SEO plugin. -->","yoast_head_json":{"title":"Apagones de m\u00e1s de 10 horas afectan el suministro de agua y ponen en riesgo electrodom\u00e9sticos -","robots":{"index":"index","follow":"follow","max-snippet":"max-snippet:-1","max-image-preview":"max-image-preview:large","max-video-preview":"max-video-preview:-1"},"canonical":"https:\/\/periodicocentroccidente.com\/?p=9768","og_locale":"es_ES","og_type":"article","og_title":"Apagones de m\u00e1s de 10 horas afectan el suministro de agua y ponen en riesgo electrodom\u00e9sticos -","og_description":"Especial.- Familias del municipio Papel&oacute;n enfrentan cortes prolongados del servicio el&eacute;ctrico que superan las 10 horas, adem&aacute;s de constantes fluctuaciones y bajos niveles de voltaje que, seg&uacute;n denuncian, ponen en riesgo los electrodom&eacute;sticos y equipos de sus hogares. La denuncia fue realizada por Ada M&eacute;ndez, coordinadora municipal de Vente Venezuela en Papel&oacute;n, quien se&ntilde;al&oacute; que &hellip;","og_url":"https:\/\/periodicocentroccidente.com\/?p=9768","article_published_time":"2026-08-31T20:38:09+00:00","og_image":[{"width":1024,"height":768,"url":"https:\/\/periodicocentroccidente.com\/wp-content\/uploads\/2026\/08\/IMG-20260831-WA0008-1024x768-1.jpg","type":"image\/jpeg"}],"author":"Ricardo","twitter_card":"summary_large_image","twitter_misc":{"Escrito por":"Ricardo","Tiempo de lectura":"2 minutos"},"schema":{"@context":"https:\/\/schema.org","@graph":[{"@type":"WebPage","@id":"https:\/\/periodicocentroccidente.com\/?p=9768","url":"https:\/\/periodicocentroccidente.com\/?p=9768","name":"Apagones de m\u00e1s de 10 horas afectan el suministro de agua y ponen en riesgo electrodom\u00e9sticos -","isPartOf":{"@id":"https:\/\/periodicocentroccidente.com\/#website"},"primaryImageOfPage":{"@id":"https:\/\/periodicocentroccidente.com\/?p=9768#primaryimage"},"image":{"@id":"https:\/\/periodicocentroccidente.com\/?p=9768#primaryimage"},"thumbnailUrl":"https:\/\/periodicocentroccidente.com\/wp-content\/uploads\/2026\/08\/IMG-20260831-WA0008-1024x768-1.jpg","datePublished":"2026-08-31T20:38:09+00:00","author":{"@id":"https:\/\/periodicocentroccidente.com\/#\/schema\/person\/f4e4a651098f3db198244657b7130e7e"},"breadcrumb":{"@id":"https:\/\/periodicocentroccidente.com\/?p=9768#breadcrumb"},"inLanguage":"es","potentialAction":[{"@type":"ReadAction","target":["https:\/\/periodicocentroccidente.com\/?p=9768"]}]},{"@type":"ImageObject","inLanguage":"es","@id":"https:\/\/periodicocentroccidente.com\/?p=9768#primaryimage","url":"https:\/\/periodicocentroccidente.com\/wp-content\/uploads\/2026\/08\/IMG-20260831-WA0008-1024x768-1.jpg","contentUrl":"https:\/\/periodicocentroccidente.com\/wp-content\/uploads\/2026\/08\/IMG-20260831-WA0008-1024x768-1.jpg","width":1024,"height":768},{"@type":"BreadcrumbList","@id":"https:\/\/periodicocentroccidente.com\/?p=9768#breadcrumb","itemListElement":[{"@type":"ListItem","position":1,"name":"Portada","item":"https:\/\/periodicocentroccidente.com\/"},{"@type":"ListItem","position":2,"name":"Apagones de m\u00e1s de 10 horas afectan el suministro de agua y ponen en riesgo electrodom\u00e9sticos"}]},{"@type":"WebSite","@id":"https:\/\/periodicocentroccidente.com\/#website","url":"https:\/\/periodicocentroccidente.com\/","name":"","description":"Periodismo serio y responsable","potentialAction":[{"@type":"SearchAction","target":{"@type":"EntryPoint","urlTemplate":"https:\/\/periodicocentroccidente.com\/?s={search_term_string}"},"query-input":{"@type":"PropertyValueSpecification","valueRequired":true,"valueName":"search_term_string"}}],"inLanguage":"es"},{"@type":"Person","@id":"https:\/\/periodicocentroccidente.com\/#\/schema\/person\/f4e4a651098f3db198244657b7130e7e","name":"Ricardo","image":{"@type":"ImageObject","inLanguage":"es","@id":"https:\/\/periodicocentroccidente.com\/#\/schema\/person\/image\/","url":"https:\/\/secure.gravatar.com\/avatar\/402e6137108ec0fdaa7809184382fb1dd2f8b00264c1d945d341f2b8f90db429?s=96&d=mm&r=g","contentUrl":"https:\/\/secure.gravatar.com\/avatar\/402e6137108ec0fdaa7809184382fb1dd2f8b00264c1d945d341f2b8f90db429?s=96&d=mm&r=g","caption":"Ricardo"},"url":"https:\/\/periodicocentroccidente.com\/?author=2"}]}},"jetpack_featured_media_url":"https:\/\/periodicocentroccidente.com\/wp-content\/uploads\/2026\/08\/IMG-20260831-WA0008-1024x768-1.jpg","jetpack_sharing_enabled":true,"jetpack-related-posts":[],"_links":{"self":[{"href":"https:\/\/periodicocentroccidente.com\/index.php?rest_route=\/wp\/v2\/posts\/9768","targetHints":{"allow":["GET"]}}],"collection":[{"href":"https:\/\/periodicocentroccidente.com\/index.php?rest_route=\/wp\/v2\/posts"}],"about":[{"href":"https:\/\/periodicocentroccidente.com\/index.php?rest_route=\/wp\/v2\/types\/post"}],"author":[{"embeddable":true,"href":"https:\/\/periodicocentroccidente.com\/index.php?rest_route=\/wp\/v2\/users\/2"}],"replies":[{"embeddable":true,"href":"https:\/\/periodicocentroccidente.com\/index.php?rest_route=%2Fwp%2Fv2%2Fcomments&post=9768"}],"version-history":[{"count":1,"href":"https:\/\/periodicocentroccidente.com\/index.php?rest_route=\/wp\/v2\/posts\/9768\/revisions"}],"predecessor-version":[{"id":9770,"href":"https:\/\/periodicocentroccidente.com\/index.php?rest_route=\/wp\/v2\/posts\/9768\/revisions\/9770"}],"wp:featuredmedia":[{"embeddable":true,"href":"https:\/\/periodicocentroccidente.com\/index.php?rest_route=\/wp\/v2\/media\/9769"}],"wp:attachment":[{"href":"https:\/\/periodicocentroccidente.com\/index.php?rest_route=%2Fwp%2Fv2%2Fmedia&parent=9768"}],"wp:term":[{"taxonomy":"category","embeddable":true,"href":"https:\/\/periodicocentroccidente.com\/index.php?rest_route=%2Fwp%2Fv2%2Fcategories&post=9768"},{"taxonomy":"post_tag","embeddable":true,"href":"https:\/\/periodicocentroccidente.com\/index.php?rest_route=%2Fwp%2Fv2%2Ftags&post=9768"}],"curies":[{"name":"wp","href":"https:\/\/api.w.org\/{rel}","templated":true}]}}