{"id":9764,"date":"2026-08-31T20:33:02","date_gmt":"2026-08-31T20:33:02","guid":{"rendered":"https:\/\/periodicocentroccidente.com\/?p=9764"},"modified":"2026-08-31T20:33:02","modified_gmt":"2026-08-31T20:33:02","slug":"profesor-pablo-rangel-advierte-sobre-inicio-irregular-de-nuevo-ano-escolar","status":"publish","type":"post","link":"https:\/\/periodicocentroccidente.com\/?p=9764","title":{"rendered":"Profesor Pablo Rangel advierte sobre inicio irregular de nuevo a\u00f1o escolar"},"content":{"rendered":"<p><strong>Especial.-<\/strong><\/p>\n<p class=\"wp-block-paragraph\">Unos nubarrones se ciernen sobre el inicio del nuevo a\u00f1o escolar 2026\/2027 debido a que el r\u00e9gimen interino y los miembros de la junta de transici\u00f3n no han logrado dar respuestas a las aspiraciones de los trabajadores del sector p\u00fablico educativo, de acuerdo a lo manifestado por el profesor y abogado\u00a0<strong>Pablo Rangel, secretario general de la Federaci\u00f3n Venezolana de Maestros (FVM) en el estado Portuguesa.<\/strong><\/p>\n<p class=\"wp-block-paragraph\">\u00a0\u00a0\u00a0\u00a0 Expresa que pese a que los trabajadores activos, jubilados y pensionados han hecho sus correspondientes peticiones ante los funcionarios de los organismos competentes en la materia, hasta ahora no han recibido respuesta alguna, y lo que se ha visto es una inmensa indiferencia gubernamental que cada d\u00eda los condena a la miseria y postraci\u00f3n.<\/p>\n<p class=\"wp-block-paragraph\"><strong>\u00a0\u00a0\u00a0 \u201cLos trabajadores activos y jubilados vemos con profunda preocupaci\u00f3n la falta de inter\u00e9s tanto del gobierno interno como los de la junta de transici\u00f3n de otorgarnos en forma inmediata un aumento\u00a0\u00a0 de salarios\u00a0 y pensiones para poder satisfacer las necesidades de alimentaci\u00f3n, salud, calzado y vestidos, que son fundamentales para una existencia digna y decorosa, tal como lo expresa el art\u00edculo 91 de la Constituci\u00f3n Nacional de Venezuela, en cuanto la dignificaci\u00f3n laboral y salarial\u201d,<\/strong>\u00a0fundament\u00f3 sus criterios el dirigente gremial.<\/p>\n<p class=\"wp-block-paragraph\"><strong>\u00a0\u00a0\u00a0\u00a0\u00a0 \u201cEl trato degradante que recibimos todos los venezolanos en este momento puede visualizarse en el reciente pago de miserable e indigno que recibieron los trabajadores jubilados, en el mejor de los casos una liquidaci\u00f3n de prestaciones sociales por 25 a\u00f1os de servicio no llega a los 40 d\u00f3lares. La carrera docente sigue pisoteada al no convocarse los concursos de m\u00e9ritos y oposici\u00f3n para designar a los directivos de los planteles, y lo que se aplica es el servilismo y el borreguismo pol\u00edtico\u201d,<\/strong>\u00a0adicion\u00f3<\/p>\n<p class=\"wp-block-paragraph\">\u00a0\u00a0\u00a0\u00a0 El profesor y abogado Pablo Rangel refiere igualmente que\u00a0<strong>\u201clos educadores estamos desprotegidos en asistencia m\u00e9dica social pues el chavismo, madurismo y delcisno destruyeron el Ipasme, cuya instituci\u00f3n represent\u00f3 en el pasado para el magisterio una cl\u00ednica con todas las especialidades m\u00e9dico-odontol\u00f3gicas,<\/strong>\u00a0una agencia bancaria, una agencia de veh\u00edculos, con grandes beneficios para los afiliados\u201d.<\/p>\n<p class=\"wp-block-paragraph\">\u00a0\u00a0\u00a0 Al cerrar sus declaraciones expuso que \u201cpara el reinicio del nuevo a\u00f1o escolar esperamos una amnist\u00eda laboral que permita el reingreso a sus puestos de trabajo de todos los trabajadores que fueron suspendidos arbitraria e injustamente\u00a0 de sus cargos\u201d.-<\/p>\n<p><strong>VIA eliasdiaz20019@gmail.com<\/strong><\/p>\n<p><img loading=\"lazy\" decoding=\"async\" class=\"alignnone size-medium wp-image-9765\" src=\"https:\/\/periodicocentroccidente.com\/wp-content\/uploads\/2026\/08\/1-2-6-300x200.jpg\" alt=\"\" width=\"300\" height=\"200\" srcset=\"https:\/\/periodicocentroccidente.com\/wp-content\/uploads\/2026\/08\/1-2-6-300x200.jpg 300w, https:\/\/periodicocentroccidente.com\/wp-content\/uploads\/2026\/08\/1-2-6.jpg 678w\" sizes=\"auto, (max-width: 300px) 100vw, 300px\" \/><\/p>\n","protected":false},"excerpt":{"rendered":"<p>Especial.- Unos nubarrones se ciernen sobre el inicio del nuevo a&ntilde;o escolar 2026\/2027 debido a que el r&eacute;gimen interino y los miembros de la junta de transici&oacute;n no han logrado dar respuestas a las aspiraciones de los trabajadores del sector p&uacute;blico educativo, de acuerdo a lo manifestado por el profesor y abogado&nbsp;Pablo Rangel, secretario general &hellip;<\/p>\n","protected":false},"author":2,"featured_media":9766,"comment_status":"open","ping_status":"open","sticky":false,"template":"","format":"standard","meta":{"_jetpack_memberships_contains_paid_content":false,"footnotes":""},"categories":[130],"tags":[],"class_list":["post-9764","post","type-post","status-publish","format-standard","has-post-thumbnail","hentry","category-regionales"],"yoast_head":"<!-- This site is optimized with the Yoast SEO plugin v24.8.1 - https:\/\/yoast.com\/wordpress\/plugins\/seo\/ -->\n<title>Profesor Pablo Rangel advierte sobre inicio irregular de nuevo a\u00f1o escolar -<\/title>\n<meta name=\"robots\" content=\"index, follow, max-snippet:-1, max-image-preview:large, max-video-preview:-1\" \/>\n<link rel=\"canonical\" href=\"https:\/\/periodicocentroccidente.com\/?p=9764\" \/>\n<meta property=\"og:locale\" content=\"es_ES\" \/>\n<meta property=\"og:type\" content=\"article\" \/>\n<meta property=\"og:title\" content=\"Profesor Pablo Rangel advierte sobre inicio irregular de nuevo a\u00f1o escolar -\" \/>\n<meta property=\"og:description\" content=\"Especial.- Unos nubarrones se ciernen sobre el inicio del nuevo a&ntilde;o escolar 2026\/2027 debido a que el r&eacute;gimen interino y los miembros de la junta de transici&oacute;n no han logrado dar respuestas a las aspiraciones de los trabajadores del sector p&uacute;blico educativo, de acuerdo a lo manifestado por el profesor y abogado&nbsp;Pablo Rangel, secretario general &hellip;\" \/>\n<meta property=\"og:url\" content=\"https:\/\/periodicocentroccidente.com\/?p=9764\" \/>\n<meta property=\"article:published_time\" content=\"2026-08-31T20:33:02+00:00\" \/>\n<meta property=\"og:image\" content=\"https:\/\/periodicocentroccidente.com\/wp-content\/uploads\/2026\/08\/PABLO-RANGEL-copia.jpeg\" \/>\n\t<meta property=\"og:image:width\" content=\"615\" \/>\n\t<meta property=\"og:image:height\" content=\"482\" \/>\n\t<meta property=\"og:image:type\" content=\"image\/jpeg\" \/>\n<meta name=\"author\" content=\"Ricardo\" \/>\n<meta name=\"twitter:card\" content=\"summary_large_image\" \/>\n<meta name=\"twitter:label1\" content=\"Escrito por\" \/>\n\t<meta name=\"twitter:data1\" content=\"Ricardo\" \/>\n\t<meta name=\"twitter:label2\" content=\"Tiempo de lectura\" \/>\n\t<meta name=\"twitter:data2\" content=\"3 minutos\" \/>\n<script type=\"application\/ld+json\" class=\"yoast-schema-graph\">{\"@context\":\"https:\/\/schema.org\",\"@graph\":[{\"@type\":\"WebPage\",\"@id\":\"https:\/\/periodicocentroccidente.com\/?p=9764\",\"url\":\"https:\/\/periodicocentroccidente.com\/?p=9764\",\"name\":\"Profesor Pablo Rangel advierte sobre inicio irregular de nuevo a\u00f1o escolar -\",\"isPartOf\":{\"@id\":\"https:\/\/periodicocentroccidente.com\/#website\"},\"primaryImageOfPage\":{\"@id\":\"https:\/\/periodicocentroccidente.com\/?p=9764#primaryimage\"},\"image\":{\"@id\":\"https:\/\/periodicocentroccidente.com\/?p=9764#primaryimage\"},\"thumbnailUrl\":\"https:\/\/periodicocentroccidente.com\/wp-content\/uploads\/2026\/08\/PABLO-RANGEL-copia.jpeg\",\"datePublished\":\"2026-08-31T20:33:02+00:00\",\"author\":{\"@id\":\"https:\/\/periodicocentroccidente.com\/#\/schema\/person\/f4e4a651098f3db198244657b7130e7e\"},\"breadcrumb\":{\"@id\":\"https:\/\/periodicocentroccidente.com\/?p=9764#breadcrumb\"},\"inLanguage\":\"es\",\"potentialAction\":[{\"@type\":\"ReadAction\",\"target\":[\"https:\/\/periodicocentroccidente.com\/?p=9764\"]}]},{\"@type\":\"ImageObject\",\"inLanguage\":\"es\",\"@id\":\"https:\/\/periodicocentroccidente.com\/?p=9764#primaryimage\",\"url\":\"https:\/\/periodicocentroccidente.com\/wp-content\/uploads\/2026\/08\/PABLO-RANGEL-copia.jpeg\",\"contentUrl\":\"https:\/\/periodicocentroccidente.com\/wp-content\/uploads\/2026\/08\/PABLO-RANGEL-copia.jpeg\",\"width\":615,\"height\":482},{\"@type\":\"BreadcrumbList\",\"@id\":\"https:\/\/periodicocentroccidente.com\/?p=9764#breadcrumb\",\"itemListElement\":[{\"@type\":\"ListItem\",\"position\":1,\"name\":\"Portada\",\"item\":\"https:\/\/periodicocentroccidente.com\/\"},{\"@type\":\"ListItem\",\"position\":2,\"name\":\"Profesor Pablo Rangel advierte sobre inicio irregular de nuevo a\u00f1o escolar\"}]},{\"@type\":\"WebSite\",\"@id\":\"https:\/\/periodicocentroccidente.com\/#website\",\"url\":\"https:\/\/periodicocentroccidente.com\/\",\"name\":\"\",\"description\":\"Periodismo serio y responsable\",\"potentialAction\":[{\"@type\":\"SearchAction\",\"target\":{\"@type\":\"EntryPoint\",\"urlTemplate\":\"https:\/\/periodicocentroccidente.com\/?s={search_term_string}\"},\"query-input\":{\"@type\":\"PropertyValueSpecification\",\"valueRequired\":true,\"valueName\":\"search_term_string\"}}],\"inLanguage\":\"es\"},{\"@type\":\"Person\",\"@id\":\"https:\/\/periodicocentroccidente.com\/#\/schema\/person\/f4e4a651098f3db198244657b7130e7e\",\"name\":\"Ricardo\",\"image\":{\"@type\":\"ImageObject\",\"inLanguage\":\"es\",\"@id\":\"https:\/\/periodicocentroccidente.com\/#\/schema\/person\/image\/\",\"url\":\"https:\/\/secure.gravatar.com\/avatar\/402e6137108ec0fdaa7809184382fb1dd2f8b00264c1d945d341f2b8f90db429?s=96&d=mm&r=g\",\"contentUrl\":\"https:\/\/secure.gravatar.com\/avatar\/402e6137108ec0fdaa7809184382fb1dd2f8b00264c1d945d341f2b8f90db429?s=96&d=mm&r=g\",\"caption\":\"Ricardo\"},\"url\":\"https:\/\/periodicocentroccidente.com\/?author=2\"}]}<\/script>\n<!-- \/ Yoast SEO plugin. -->","yoast_head_json":{"title":"Profesor Pablo Rangel advierte sobre inicio irregular de nuevo a\u00f1o escolar -","robots":{"index":"index","follow":"follow","max-snippet":"max-snippet:-1","max-image-preview":"max-image-preview:large","max-video-preview":"max-video-preview:-1"},"canonical":"https:\/\/periodicocentroccidente.com\/?p=9764","og_locale":"es_ES","og_type":"article","og_title":"Profesor Pablo Rangel advierte sobre inicio irregular de nuevo a\u00f1o escolar -","og_description":"Especial.- Unos nubarrones se ciernen sobre el inicio del nuevo a&ntilde;o escolar 2026\/2027 debido a que el r&eacute;gimen interino y los miembros de la junta de transici&oacute;n no han logrado dar respuestas a las aspiraciones de los trabajadores del sector p&uacute;blico educativo, de acuerdo a lo manifestado por el profesor y abogado&nbsp;Pablo Rangel, secretario general &hellip;","og_url":"https:\/\/periodicocentroccidente.com\/?p=9764","article_published_time":"2026-08-31T20:33:02+00:00","og_image":[{"width":615,"height":482,"url":"https:\/\/periodicocentroccidente.com\/wp-content\/uploads\/2026\/08\/PABLO-RANGEL-copia.jpeg","type":"image\/jpeg"}],"author":"Ricardo","twitter_card":"summary_large_image","twitter_misc":{"Escrito por":"Ricardo","Tiempo de lectura":"3 minutos"},"schema":{"@context":"https:\/\/schema.org","@graph":[{"@type":"WebPage","@id":"https:\/\/periodicocentroccidente.com\/?p=9764","url":"https:\/\/periodicocentroccidente.com\/?p=9764","name":"Profesor Pablo Rangel advierte sobre inicio irregular de nuevo a\u00f1o escolar -","isPartOf":{"@id":"https:\/\/periodicocentroccidente.com\/#website"},"primaryImageOfPage":{"@id":"https:\/\/periodicocentroccidente.com\/?p=9764#primaryimage"},"image":{"@id":"https:\/\/periodicocentroccidente.com\/?p=9764#primaryimage"},"thumbnailUrl":"https:\/\/periodicocentroccidente.com\/wp-content\/uploads\/2026\/08\/PABLO-RANGEL-copia.jpeg","datePublished":"2026-08-31T20:33:02+00:00","author":{"@id":"https:\/\/periodicocentroccidente.com\/#\/schema\/person\/f4e4a651098f3db198244657b7130e7e"},"breadcrumb":{"@id":"https:\/\/periodicocentroccidente.com\/?p=9764#breadcrumb"},"inLanguage":"es","potentialAction":[{"@type":"ReadAction","target":["https:\/\/periodicocentroccidente.com\/?p=9764"]}]},{"@type":"ImageObject","inLanguage":"es","@id":"https:\/\/periodicocentroccidente.com\/?p=9764#primaryimage","url":"https:\/\/periodicocentroccidente.com\/wp-content\/uploads\/2026\/08\/PABLO-RANGEL-copia.jpeg","contentUrl":"https:\/\/periodicocentroccidente.com\/wp-content\/uploads\/2026\/08\/PABLO-RANGEL-copia.jpeg","width":615,"height":482},{"@type":"BreadcrumbList","@id":"https:\/\/periodicocentroccidente.com\/?p=9764#breadcrumb","itemListElement":[{"@type":"ListItem","position":1,"name":"Portada","item":"https:\/\/periodicocentroccidente.com\/"},{"@type":"ListItem","position":2,"name":"Profesor Pablo Rangel advierte sobre inicio irregular de nuevo a\u00f1o escolar"}]},{"@type":"WebSite","@id":"https:\/\/periodicocentroccidente.com\/#website","url":"https:\/\/periodicocentroccidente.com\/","name":"","description":"Periodismo serio y responsable","potentialAction":[{"@type":"SearchAction","target":{"@type":"EntryPoint","urlTemplate":"https:\/\/periodicocentroccidente.com\/?s={search_term_string}"},"query-input":{"@type":"PropertyValueSpecification","valueRequired":true,"valueName":"search_term_string"}}],"inLanguage":"es"},{"@type":"Person","@id":"https:\/\/periodicocentroccidente.com\/#\/schema\/person\/f4e4a651098f3db198244657b7130e7e","name":"Ricardo","image":{"@type":"ImageObject","inLanguage":"es","@id":"https:\/\/periodicocentroccidente.com\/#\/schema\/person\/image\/","url":"https:\/\/secure.gravatar.com\/avatar\/402e6137108ec0fdaa7809184382fb1dd2f8b00264c1d945d341f2b8f90db429?s=96&d=mm&r=g","contentUrl":"https:\/\/secure.gravatar.com\/avatar\/402e6137108ec0fdaa7809184382fb1dd2f8b00264c1d945d341f2b8f90db429?s=96&d=mm&r=g","caption":"Ricardo"},"url":"https:\/\/periodicocentroccidente.com\/?author=2"}]}},"jetpack_featured_media_url":"https:\/\/periodicocentroccidente.com\/wp-content\/uploads\/2026\/08\/PABLO-RANGEL-copia.jpeg","jetpack_sharing_enabled":true,"jetpack-related-posts":[],"_links":{"self":[{"href":"https:\/\/periodicocentroccidente.com\/index.php?rest_route=\/wp\/v2\/posts\/9764","targetHints":{"allow":["GET"]}}],"collection":[{"href":"https:\/\/periodicocentroccidente.com\/index.php?rest_route=\/wp\/v2\/posts"}],"about":[{"href":"https:\/\/periodicocentroccidente.com\/index.php?rest_route=\/wp\/v2\/types\/post"}],"author":[{"embeddable":true,"href":"https:\/\/periodicocentroccidente.com\/index.php?rest_route=\/wp\/v2\/users\/2"}],"replies":[{"embeddable":true,"href":"https:\/\/periodicocentroccidente.com\/index.php?rest_route=%2Fwp%2Fv2%2Fcomments&post=9764"}],"version-history":[{"count":1,"href":"https:\/\/periodicocentroccidente.com\/index.php?rest_route=\/wp\/v2\/posts\/9764\/revisions"}],"predecessor-version":[{"id":9767,"href":"https:\/\/periodicocentroccidente.com\/index.php?rest_route=\/wp\/v2\/posts\/9764\/revisions\/9767"}],"wp:featuredmedia":[{"embeddable":true,"href":"https:\/\/periodicocentroccidente.com\/index.php?rest_route=\/wp\/v2\/media\/9766"}],"wp:attachment":[{"href":"https:\/\/periodicocentroccidente.com\/index.php?rest_route=%2Fwp%2Fv2%2Fmedia&parent=9764"}],"wp:term":[{"taxonomy":"category","embeddable":true,"href":"https:\/\/periodicocentroccidente.com\/index.php?rest_route=%2Fwp%2Fv2%2Fcategories&post=9764"},{"taxonomy":"post_tag","embeddable":true,"href":"https:\/\/periodicocentroccidente.com\/index.php?rest_route=%2Fwp%2Fv2%2Ftags&post=9764"}],"curies":[{"name":"wp","href":"https:\/\/api.w.org\/{rel}","templated":true}]}}