{"id":9752,"date":"2026-08-31T20:18:15","date_gmt":"2026-08-31T20:18:15","guid":{"rendered":"https:\/\/periodicocentroccidente.com\/?p=9752"},"modified":"2026-08-31T20:18:15","modified_gmt":"2026-08-31T20:18:15","slug":"presidente-de-colombia-firma-resoluciones-para-poner-fin-oficialmente-a-politica-de-paz-total-de-petro","status":"publish","type":"post","link":"https:\/\/periodicocentroccidente.com\/?p=9752","title":{"rendered":"Presidente de Colombia firma resoluciones para poner fin oficialmente a pol\u00edtica de Paz Total de Petro"},"content":{"rendered":"<p><strong>BOGOT\u00c1.-<\/strong><\/p>\n<p>El presidente de Colombia, Abelardo de la Espriella, firm\u00f3 en las \u00faltimas horas nueve resoluciones para ponerle fin oficialmente a la pol\u00edtica de Paz Total, impulsada por el expresidente Gustavo Petro (2022-2026).<\/p>\n<p>Los primeros procesos que fueron cancelados tras la publicaci\u00f3n de las resoluciones fueron el de la facci\u00f3n de las disidencias de las FARC liderado por alias \u00abCalarc\u00e1\u00bb y el de las Autodefensas Conquistadores de la Sierra Nevada (ACSN).<\/p>\n<p>De igual forma, De la Espriella revoc\u00f3 a Armando Noboa, en su calidad de jefe negociador del Gobierno nacional en Mesa de Di\u00e1logos de Paz con la coordinadora Nal.-EB.<\/p>\n<p>El mandatario colombiano tambi\u00e9n elimin\u00f3 la autorizaci\u00f3n para participar en di\u00e1logos de paz a l\u00edderes de grupos armados como Willington Henao Guti\u00e9rrez, alias \u2018Mocho Olmedo\u2019, y Geovanny Andr\u00e9s Rojas, alias \u2018Ara\u00f1a\u2019, cuyas extradiciones a Estados Unidos fueron ordenadas d\u00edas atr\u00e1s.<\/p>\n<p>En la \u00faltima semana, durante el acto de reconocimiento a la nueva c\u00fapula militar, De la Espriella advirti\u00f3 que no mantendr\u00eda ning\u00fan di\u00e1logo de paz con grupos armados ilegales que no han mostrado ning\u00fan gesto de paz en los \u00faltimos a\u00f1os.<\/p>\n<p>Entre otras acciones, el presidente colombiano ha ordenado el refuerzo de las operaciones en contra de los grupos armados con bombardeos y su Gobierno sell\u00f3 esta semana una alianza militar con Estados Unidos para combatir a los grupos criminales en territorio colombiano.<\/p>\n<p><strong>\/Agencia Xinhua<\/strong><\/p>\n","protected":false},"excerpt":{"rendered":"<p>BOGOT&Aacute;.- El presidente de Colombia, Abelardo de la Espriella, firm&oacute; en las &uacute;ltimas horas nueve resoluciones para ponerle fin oficialmente a la pol&iacute;tica de Paz Total, impulsada por el expresidente Gustavo Petro (2022-2026). Los primeros procesos que fueron cancelados tras la publicaci&oacute;n de las resoluciones fueron el de la facci&oacute;n de las disidencias de las &hellip;<\/p>\n","protected":false},"author":2,"featured_media":9753,"comment_status":"open","ping_status":"open","sticky":false,"template":"","format":"standard","meta":{"_jetpack_memberships_contains_paid_content":false,"footnotes":""},"categories":[132],"tags":[],"class_list":["post-9752","post","type-post","status-publish","format-standard","has-post-thumbnail","hentry","category-internacionales"],"yoast_head":"<!-- This site is optimized with the Yoast SEO plugin v24.8.1 - https:\/\/yoast.com\/wordpress\/plugins\/seo\/ -->\n<title>Presidente de Colombia firma resoluciones para poner fin oficialmente a pol\u00edtica de Paz Total de Petro -<\/title>\n<meta name=\"robots\" content=\"index, follow, max-snippet:-1, max-image-preview:large, max-video-preview:-1\" \/>\n<link rel=\"canonical\" href=\"https:\/\/periodicocentroccidente.com\/?p=9752\" \/>\n<meta property=\"og:locale\" content=\"es_ES\" \/>\n<meta property=\"og:type\" content=\"article\" \/>\n<meta property=\"og:title\" content=\"Presidente de Colombia firma resoluciones para poner fin oficialmente a pol\u00edtica de Paz Total de Petro -\" \/>\n<meta property=\"og:description\" content=\"BOGOT&Aacute;.- El presidente de Colombia, Abelardo de la Espriella, firm&oacute; en las &uacute;ltimas horas nueve resoluciones para ponerle fin oficialmente a la pol&iacute;tica de Paz Total, impulsada por el expresidente Gustavo Petro (2022-2026). Los primeros procesos que fueron cancelados tras la publicaci&oacute;n de las resoluciones fueron el de la facci&oacute;n de las disidencias de las &hellip;\" \/>\n<meta property=\"og:url\" content=\"https:\/\/periodicocentroccidente.com\/?p=9752\" \/>\n<meta property=\"article:published_time\" content=\"2026-08-31T20:18:15+00:00\" \/>\n<meta property=\"og:image\" content=\"https:\/\/periodicocentroccidente.com\/wp-content\/uploads\/2026\/08\/delaespriella-1200x640-1.webp\" \/>\n\t<meta property=\"og:image:width\" content=\"1200\" \/>\n\t<meta property=\"og:image:height\" content=\"640\" \/>\n\t<meta property=\"og:image:type\" content=\"image\/webp\" \/>\n<meta name=\"author\" content=\"Ricardo\" \/>\n<meta name=\"twitter:card\" content=\"summary_large_image\" \/>\n<meta name=\"twitter:label1\" content=\"Escrito por\" \/>\n\t<meta name=\"twitter:data1\" content=\"Ricardo\" \/>\n\t<meta name=\"twitter:label2\" content=\"Tiempo de lectura\" \/>\n\t<meta name=\"twitter:data2\" content=\"2 minutos\" \/>\n<script type=\"application\/ld+json\" class=\"yoast-schema-graph\">{\"@context\":\"https:\/\/schema.org\",\"@graph\":[{\"@type\":\"WebPage\",\"@id\":\"https:\/\/periodicocentroccidente.com\/?p=9752\",\"url\":\"https:\/\/periodicocentroccidente.com\/?p=9752\",\"name\":\"Presidente de Colombia firma resoluciones para poner fin oficialmente a pol\u00edtica de Paz Total de Petro -\",\"isPartOf\":{\"@id\":\"https:\/\/periodicocentroccidente.com\/#website\"},\"primaryImageOfPage\":{\"@id\":\"https:\/\/periodicocentroccidente.com\/?p=9752#primaryimage\"},\"image\":{\"@id\":\"https:\/\/periodicocentroccidente.com\/?p=9752#primaryimage\"},\"thumbnailUrl\":\"https:\/\/periodicocentroccidente.com\/wp-content\/uploads\/2026\/08\/delaespriella-1200x640-1.webp\",\"datePublished\":\"2026-08-31T20:18:15+00:00\",\"author\":{\"@id\":\"https:\/\/periodicocentroccidente.com\/#\/schema\/person\/f4e4a651098f3db198244657b7130e7e\"},\"breadcrumb\":{\"@id\":\"https:\/\/periodicocentroccidente.com\/?p=9752#breadcrumb\"},\"inLanguage\":\"es\",\"potentialAction\":[{\"@type\":\"ReadAction\",\"target\":[\"https:\/\/periodicocentroccidente.com\/?p=9752\"]}]},{\"@type\":\"ImageObject\",\"inLanguage\":\"es\",\"@id\":\"https:\/\/periodicocentroccidente.com\/?p=9752#primaryimage\",\"url\":\"https:\/\/periodicocentroccidente.com\/wp-content\/uploads\/2026\/08\/delaespriella-1200x640-1.webp\",\"contentUrl\":\"https:\/\/periodicocentroccidente.com\/wp-content\/uploads\/2026\/08\/delaespriella-1200x640-1.webp\",\"width\":1200,\"height\":640},{\"@type\":\"BreadcrumbList\",\"@id\":\"https:\/\/periodicocentroccidente.com\/?p=9752#breadcrumb\",\"itemListElement\":[{\"@type\":\"ListItem\",\"position\":1,\"name\":\"Portada\",\"item\":\"https:\/\/periodicocentroccidente.com\/\"},{\"@type\":\"ListItem\",\"position\":2,\"name\":\"Presidente de Colombia firma resoluciones para poner fin oficialmente a pol\u00edtica de Paz Total de Petro\"}]},{\"@type\":\"WebSite\",\"@id\":\"https:\/\/periodicocentroccidente.com\/#website\",\"url\":\"https:\/\/periodicocentroccidente.com\/\",\"name\":\"\",\"description\":\"Periodismo serio y responsable\",\"potentialAction\":[{\"@type\":\"SearchAction\",\"target\":{\"@type\":\"EntryPoint\",\"urlTemplate\":\"https:\/\/periodicocentroccidente.com\/?s={search_term_string}\"},\"query-input\":{\"@type\":\"PropertyValueSpecification\",\"valueRequired\":true,\"valueName\":\"search_term_string\"}}],\"inLanguage\":\"es\"},{\"@type\":\"Person\",\"@id\":\"https:\/\/periodicocentroccidente.com\/#\/schema\/person\/f4e4a651098f3db198244657b7130e7e\",\"name\":\"Ricardo\",\"image\":{\"@type\":\"ImageObject\",\"inLanguage\":\"es\",\"@id\":\"https:\/\/periodicocentroccidente.com\/#\/schema\/person\/image\/\",\"url\":\"https:\/\/secure.gravatar.com\/avatar\/402e6137108ec0fdaa7809184382fb1dd2f8b00264c1d945d341f2b8f90db429?s=96&d=mm&r=g\",\"contentUrl\":\"https:\/\/secure.gravatar.com\/avatar\/402e6137108ec0fdaa7809184382fb1dd2f8b00264c1d945d341f2b8f90db429?s=96&d=mm&r=g\",\"caption\":\"Ricardo\"},\"url\":\"https:\/\/periodicocentroccidente.com\/?author=2\"}]}<\/script>\n<!-- \/ Yoast SEO plugin. -->","yoast_head_json":{"title":"Presidente de Colombia firma resoluciones para poner fin oficialmente a pol\u00edtica de Paz Total de Petro -","robots":{"index":"index","follow":"follow","max-snippet":"max-snippet:-1","max-image-preview":"max-image-preview:large","max-video-preview":"max-video-preview:-1"},"canonical":"https:\/\/periodicocentroccidente.com\/?p=9752","og_locale":"es_ES","og_type":"article","og_title":"Presidente de Colombia firma resoluciones para poner fin oficialmente a pol\u00edtica de Paz Total de Petro -","og_description":"BOGOT&Aacute;.- El presidente de Colombia, Abelardo de la Espriella, firm&oacute; en las &uacute;ltimas horas nueve resoluciones para ponerle fin oficialmente a la pol&iacute;tica de Paz Total, impulsada por el expresidente Gustavo Petro (2022-2026). Los primeros procesos que fueron cancelados tras la publicaci&oacute;n de las resoluciones fueron el de la facci&oacute;n de las disidencias de las &hellip;","og_url":"https:\/\/periodicocentroccidente.com\/?p=9752","article_published_time":"2026-08-31T20:18:15+00:00","og_image":[{"width":1200,"height":640,"url":"https:\/\/periodicocentroccidente.com\/wp-content\/uploads\/2026\/08\/delaespriella-1200x640-1.webp","type":"image\/webp"}],"author":"Ricardo","twitter_card":"summary_large_image","twitter_misc":{"Escrito por":"Ricardo","Tiempo de lectura":"2 minutos"},"schema":{"@context":"https:\/\/schema.org","@graph":[{"@type":"WebPage","@id":"https:\/\/periodicocentroccidente.com\/?p=9752","url":"https:\/\/periodicocentroccidente.com\/?p=9752","name":"Presidente de Colombia firma resoluciones para poner fin oficialmente a pol\u00edtica de Paz Total de Petro -","isPartOf":{"@id":"https:\/\/periodicocentroccidente.com\/#website"},"primaryImageOfPage":{"@id":"https:\/\/periodicocentroccidente.com\/?p=9752#primaryimage"},"image":{"@id":"https:\/\/periodicocentroccidente.com\/?p=9752#primaryimage"},"thumbnailUrl":"https:\/\/periodicocentroccidente.com\/wp-content\/uploads\/2026\/08\/delaespriella-1200x640-1.webp","datePublished":"2026-08-31T20:18:15+00:00","author":{"@id":"https:\/\/periodicocentroccidente.com\/#\/schema\/person\/f4e4a651098f3db198244657b7130e7e"},"breadcrumb":{"@id":"https:\/\/periodicocentroccidente.com\/?p=9752#breadcrumb"},"inLanguage":"es","potentialAction":[{"@type":"ReadAction","target":["https:\/\/periodicocentroccidente.com\/?p=9752"]}]},{"@type":"ImageObject","inLanguage":"es","@id":"https:\/\/periodicocentroccidente.com\/?p=9752#primaryimage","url":"https:\/\/periodicocentroccidente.com\/wp-content\/uploads\/2026\/08\/delaespriella-1200x640-1.webp","contentUrl":"https:\/\/periodicocentroccidente.com\/wp-content\/uploads\/2026\/08\/delaespriella-1200x640-1.webp","width":1200,"height":640},{"@type":"BreadcrumbList","@id":"https:\/\/periodicocentroccidente.com\/?p=9752#breadcrumb","itemListElement":[{"@type":"ListItem","position":1,"name":"Portada","item":"https:\/\/periodicocentroccidente.com\/"},{"@type":"ListItem","position":2,"name":"Presidente de Colombia firma resoluciones para poner fin oficialmente a pol\u00edtica de Paz Total de Petro"}]},{"@type":"WebSite","@id":"https:\/\/periodicocentroccidente.com\/#website","url":"https:\/\/periodicocentroccidente.com\/","name":"","description":"Periodismo serio y responsable","potentialAction":[{"@type":"SearchAction","target":{"@type":"EntryPoint","urlTemplate":"https:\/\/periodicocentroccidente.com\/?s={search_term_string}"},"query-input":{"@type":"PropertyValueSpecification","valueRequired":true,"valueName":"search_term_string"}}],"inLanguage":"es"},{"@type":"Person","@id":"https:\/\/periodicocentroccidente.com\/#\/schema\/person\/f4e4a651098f3db198244657b7130e7e","name":"Ricardo","image":{"@type":"ImageObject","inLanguage":"es","@id":"https:\/\/periodicocentroccidente.com\/#\/schema\/person\/image\/","url":"https:\/\/secure.gravatar.com\/avatar\/402e6137108ec0fdaa7809184382fb1dd2f8b00264c1d945d341f2b8f90db429?s=96&d=mm&r=g","contentUrl":"https:\/\/secure.gravatar.com\/avatar\/402e6137108ec0fdaa7809184382fb1dd2f8b00264c1d945d341f2b8f90db429?s=96&d=mm&r=g","caption":"Ricardo"},"url":"https:\/\/periodicocentroccidente.com\/?author=2"}]}},"jetpack_featured_media_url":"https:\/\/periodicocentroccidente.com\/wp-content\/uploads\/2026\/08\/delaespriella-1200x640-1.webp","jetpack_sharing_enabled":true,"jetpack-related-posts":[],"_links":{"self":[{"href":"https:\/\/periodicocentroccidente.com\/index.php?rest_route=\/wp\/v2\/posts\/9752","targetHints":{"allow":["GET"]}}],"collection":[{"href":"https:\/\/periodicocentroccidente.com\/index.php?rest_route=\/wp\/v2\/posts"}],"about":[{"href":"https:\/\/periodicocentroccidente.com\/index.php?rest_route=\/wp\/v2\/types\/post"}],"author":[{"embeddable":true,"href":"https:\/\/periodicocentroccidente.com\/index.php?rest_route=\/wp\/v2\/users\/2"}],"replies":[{"embeddable":true,"href":"https:\/\/periodicocentroccidente.com\/index.php?rest_route=%2Fwp%2Fv2%2Fcomments&post=9752"}],"version-history":[{"count":1,"href":"https:\/\/periodicocentroccidente.com\/index.php?rest_route=\/wp\/v2\/posts\/9752\/revisions"}],"predecessor-version":[{"id":9754,"href":"https:\/\/periodicocentroccidente.com\/index.php?rest_route=\/wp\/v2\/posts\/9752\/revisions\/9754"}],"wp:featuredmedia":[{"embeddable":true,"href":"https:\/\/periodicocentroccidente.com\/index.php?rest_route=\/wp\/v2\/media\/9753"}],"wp:attachment":[{"href":"https:\/\/periodicocentroccidente.com\/index.php?rest_route=%2Fwp%2Fv2%2Fmedia&parent=9752"}],"wp:term":[{"taxonomy":"category","embeddable":true,"href":"https:\/\/periodicocentroccidente.com\/index.php?rest_route=%2Fwp%2Fv2%2Fcategories&post=9752"},{"taxonomy":"post_tag","embeddable":true,"href":"https:\/\/periodicocentroccidente.com\/index.php?rest_route=%2Fwp%2Fv2%2Ftags&post=9752"}],"curies":[{"name":"wp","href":"https:\/\/api.w.org\/{rel}","templated":true}]}}