{"id":9748,"date":"2026-08-31T20:13:57","date_gmt":"2026-08-31T20:13:57","guid":{"rendered":"https:\/\/periodicocentroccidente.com\/?p=9748"},"modified":"2026-08-31T20:13:57","modified_gmt":"2026-08-31T20:13:57","slug":"alejandra-alvarez-es-nominada-a-los-premios-icono-del-periodismo-como-mejor-jefe-de-prensa","status":"publish","type":"post","link":"https:\/\/periodicocentroccidente.com\/?p=9748","title":{"rendered":"Alejandra \u00c1lvarez es nominada a los Premios \u00cdcono del Periodismo como Mejor Jefe de Prensa"},"content":{"rendered":"<p>Especial.-<\/p>\n<p style=\"font-weight: 400;\">Hay reconocimientos que no llegan como un punto de llegada, sino como la confirmaci\u00f3n de un camino recorrido con convicci\u00f3n. La nominaci\u00f3n de Alejandra \u00c1lvarez a los Premios \u00cdcono del Periodismo, en la categor\u00eda Mejor Jefe de Prensa, pertenece a esa clase de distinciones que celebran mucho m\u00e1s que una profesi\u00f3n: honran una vida dedicada a hacer visibles las historias de los dem\u00e1s.<\/p>\n<p style=\"font-weight: 400;\">Detr\u00e1s de cada titular, de cada escenario lleno, de cada artista que encontr\u00f3 un espacio en la conversaci\u00f3n p\u00fablica y de cada proyecto que logr\u00f3 abrirse camino en los medios, existe un trabajo silencioso que pocas veces ocupa los reflectores. Ese ha sido, durante m\u00e1s de diecinueve a\u00f1os, el oficio de Alejandra \u00c1lvarez: construir puentes donde antes hab\u00eda distancias y convertir la comunicaci\u00f3n en una herramienta capaz de acercar personas, ideas y sue\u00f1os.<\/p>\n<p style=\"font-weight: 400;\">Comunicadora social y periodista de la Universidad Jorge Tadeo Lozano de Bogot\u00e1, comenz\u00f3 su recorrido impulsada por una certeza que nunca ha cambiado: las grandes historias merecen ser contadas. Sus primeros pasos junto a Belky Arizala y el primer Reinado Afrodescendiente despertaron una vocaci\u00f3n que terminar\u00eda definiendo toda una carrera, enamor\u00e1ndose del poder que tienen los medios para transformar realidades, impulsar causas y abrir oportunidades.<\/p>\n<p style=\"font-weight: 400;\">Desde entonces, su nombre ha acompa\u00f1ado algunos de los proyectos m\u00e1s importantes del entretenimiento, la cultura y los eventos en Colombia y Latinoam\u00e9rica. Artistas, festivales, campa\u00f1as sociales, espect\u00e1culos internacionales y grandes producciones han encontrado en su trabajo una voz estrat\u00e9gica para conectar con el p\u00fablico y con los medios de comunicaci\u00f3n.<\/p>\n<p style=\"font-weight: 400;\">Pero toda trayectoria tambi\u00e9n est\u00e1 escrita con desaf\u00edos. En una industria donde la inmediatez suele imponerse sobre la paciencia, Alejandra ha construido su lugar desde la disciplina, la constancia y la confianza. Un recorrido que ya ha sido reconocido con distinciones como Mejor Jefe de Prensa de la Industria de la M\u00fasica Electr\u00f3nica, Mejor Jefe de Prensa del Pa\u00eds y Mejor Relacionista P\u00fablica de Nuevos Artistas, reconocimientos que hoy encuentran continuidad en esta nueva nominaci\u00f3n.<\/p>\n<p style=\"font-weight: 400;\">Esta nominaci\u00f3n no solo reconoce una carrera. Tambi\u00e9n pone en primer plano una profesi\u00f3n que rara vez ocupa el centro de la escena. La del jefe de prensa que trabaja entre bastidores, que convierte la estrategia en confianza, la noticia en oportunidad y la comunicaci\u00f3n en un puente permanente entre quienes crean y quienes informan.<\/p>\n<p style=\"font-weight: 400;\">\u201cMe encanta la gente, me gusta conocer personas todos los d\u00edas y aprender de los mejores. Es un camino muy duro, dif\u00edcil y de mucha paciencia, pero del cual estoy enamorada desde hace varios a\u00f1os. Cada d\u00eda amo m\u00e1s lo que hago\u201d, expresa Alejandra \u00c1lvarez.<\/p>\n<p style=\"font-weight: 400;\">Los Premios \u00cdcono del Periodismo escriben ahora un nuevo cap\u00edtulo en una historia construida con dedicaci\u00f3n, sensibilidad y perseverancia. Una historia que demuestra que detr\u00e1s de cada gran acontecimiento siempre existe alguien que, con discreci\u00f3n y convicci\u00f3n, hace posible que las historias lleguen al lugar donde realmente pertenecen: la memoria colectiva.<\/p>\n<p style=\"font-weight: 400;\">Link Oficial :\u00a0\u00a0<a href=\"https:\/\/www.instagram.com\/p\/DZ9_8wBvrJu\/\" data-saferedirecturl=\"https:\/\/www.google.com\/url?q=https:\/\/www.instagram.com\/p\/DZ9_8wBvrJu\/&amp;source=gmail&amp;ust=1788291841251000&amp;usg=AOvVaw298p0LuQZaX4O1shIUv-mv\">https:\/\/www.instagram.com\/p\/DZ9_8wBvrJu\/<\/a><\/p>\n<figure id=\"attachment_9749\" aria-describedby=\"caption-attachment-9749\" style=\"width: 200px\" class=\"wp-caption alignnone\"><img loading=\"lazy\" decoding=\"async\" class=\"size-medium wp-image-9749\" src=\"https:\/\/periodicocentroccidente.com\/wp-content\/uploads\/2026\/08\/Alejandra-Alvarez-recibe-nominacion-como-Mejor-Jefe-de-Prensa-en-los-Premios-Icono-del-Periodismo-200x300.jpg\" alt=\"\" width=\"200\" height=\"300\" srcset=\"https:\/\/periodicocentroccidente.com\/wp-content\/uploads\/2026\/08\/Alejandra-Alvarez-recibe-nominacion-como-Mejor-Jefe-de-Prensa-en-los-Premios-Icono-del-Periodismo-200x300.jpg 200w, https:\/\/periodicocentroccidente.com\/wp-content\/uploads\/2026\/08\/Alejandra-Alvarez-recibe-nominacion-como-Mejor-Jefe-de-Prensa-en-los-Premios-Icono-del-Periodismo-683x1024.jpg 683w, https:\/\/periodicocentroccidente.com\/wp-content\/uploads\/2026\/08\/Alejandra-Alvarez-recibe-nominacion-como-Mejor-Jefe-de-Prensa-en-los-Premios-Icono-del-Periodismo-768x1152.jpg 768w, https:\/\/periodicocentroccidente.com\/wp-content\/uploads\/2026\/08\/Alejandra-Alvarez-recibe-nominacion-como-Mejor-Jefe-de-Prensa-en-los-Premios-Icono-del-Periodismo-1024x1536.jpg 1024w, https:\/\/periodicocentroccidente.com\/wp-content\/uploads\/2026\/08\/Alejandra-Alvarez-recibe-nominacion-como-Mejor-Jefe-de-Prensa-en-los-Premios-Icono-del-Periodismo-1365x2048.jpg 1365w, https:\/\/periodicocentroccidente.com\/wp-content\/uploads\/2026\/08\/Alejandra-Alvarez-recibe-nominacion-como-Mejor-Jefe-de-Prensa-en-los-Premios-Icono-del-Periodismo.jpg 1400w\" sizes=\"auto, (max-width: 200px) 100vw, 200px\" \/><figcaption id=\"caption-attachment-9749\" class=\"wp-caption-text\">Alejandra \u00c1lvarez recibe nominaci\u00f3n como Mejor Jefe de Prensa en los Premios \u00cdcono del Periodismo<\/figcaption><\/figure>\n","protected":false},"excerpt":{"rendered":"<p>Especial.- Hay reconocimientos que no llegan como un punto de llegada, sino como la confirmaci&oacute;n de un camino recorrido con convicci&oacute;n. La nominaci&oacute;n de Alejandra &Aacute;lvarez a los Premios &Iacute;cono del Periodismo, en la categor&iacute;a Mejor Jefe de Prensa, pertenece a esa clase de distinciones que celebran mucho m&aacute;s que una profesi&oacute;n: honran una vida &hellip;<\/p>\n","protected":false},"author":2,"featured_media":9750,"comment_status":"open","ping_status":"open","sticky":false,"template":"","format":"standard","meta":{"_jetpack_memberships_contains_paid_content":false,"footnotes":""},"categories":[129],"tags":[],"class_list":["post-9748","post","type-post","status-publish","format-standard","has-post-thumbnail","hentry","category-farandula"],"yoast_head":"<!-- This site is optimized with the Yoast SEO plugin v24.8.1 - https:\/\/yoast.com\/wordpress\/plugins\/seo\/ -->\n<title>Alejandra \u00c1lvarez es nominada a los Premios \u00cdcono del Periodismo como Mejor Jefe de Prensa -<\/title>\n<meta name=\"robots\" content=\"index, follow, max-snippet:-1, max-image-preview:large, max-video-preview:-1\" \/>\n<link rel=\"canonical\" href=\"https:\/\/periodicocentroccidente.com\/?p=9748\" \/>\n<meta property=\"og:locale\" content=\"es_ES\" \/>\n<meta property=\"og:type\" content=\"article\" \/>\n<meta property=\"og:title\" content=\"Alejandra \u00c1lvarez es nominada a los Premios \u00cdcono del Periodismo como Mejor Jefe de Prensa -\" \/>\n<meta property=\"og:description\" content=\"Especial.- Hay reconocimientos que no llegan como un punto de llegada, sino como la confirmaci&oacute;n de un camino recorrido con convicci&oacute;n. La nominaci&oacute;n de Alejandra &Aacute;lvarez a los Premios &Iacute;cono del Periodismo, en la categor&iacute;a Mejor Jefe de Prensa, pertenece a esa clase de distinciones que celebran mucho m&aacute;s que una profesi&oacute;n: honran una vida &hellip;\" \/>\n<meta property=\"og:url\" content=\"https:\/\/periodicocentroccidente.com\/?p=9748\" \/>\n<meta property=\"article:published_time\" content=\"2026-08-31T20:13:57+00:00\" \/>\n<meta property=\"og:image\" content=\"https:\/\/periodicocentroccidente.com\/wp-content\/uploads\/2026\/08\/Mas-de-19-anos-de-trayectoria-Alejandra-Alvarez-nominada-a-los-Premios-Icono-del-Periodismo.jpg\" \/>\n\t<meta property=\"og:image:width\" content=\"1357\" \/>\n\t<meta property=\"og:image:height\" content=\"687\" \/>\n\t<meta property=\"og:image:type\" content=\"image\/jpeg\" \/>\n<meta name=\"author\" content=\"Ricardo\" \/>\n<meta name=\"twitter:card\" content=\"summary_large_image\" \/>\n<meta name=\"twitter:label1\" content=\"Escrito por\" \/>\n\t<meta name=\"twitter:data1\" content=\"Ricardo\" \/>\n\t<meta name=\"twitter:label2\" content=\"Tiempo de lectura\" \/>\n\t<meta name=\"twitter:data2\" content=\"3 minutos\" \/>\n<script type=\"application\/ld+json\" class=\"yoast-schema-graph\">{\"@context\":\"https:\/\/schema.org\",\"@graph\":[{\"@type\":\"WebPage\",\"@id\":\"https:\/\/periodicocentroccidente.com\/?p=9748\",\"url\":\"https:\/\/periodicocentroccidente.com\/?p=9748\",\"name\":\"Alejandra \u00c1lvarez es nominada a los Premios \u00cdcono del Periodismo como Mejor Jefe de Prensa -\",\"isPartOf\":{\"@id\":\"https:\/\/periodicocentroccidente.com\/#website\"},\"primaryImageOfPage\":{\"@id\":\"https:\/\/periodicocentroccidente.com\/?p=9748#primaryimage\"},\"image\":{\"@id\":\"https:\/\/periodicocentroccidente.com\/?p=9748#primaryimage\"},\"thumbnailUrl\":\"https:\/\/periodicocentroccidente.com\/wp-content\/uploads\/2026\/08\/Mas-de-19-anos-de-trayectoria-Alejandra-Alvarez-nominada-a-los-Premios-Icono-del-Periodismo.jpg\",\"datePublished\":\"2026-08-31T20:13:57+00:00\",\"author\":{\"@id\":\"https:\/\/periodicocentroccidente.com\/#\/schema\/person\/f4e4a651098f3db198244657b7130e7e\"},\"breadcrumb\":{\"@id\":\"https:\/\/periodicocentroccidente.com\/?p=9748#breadcrumb\"},\"inLanguage\":\"es\",\"potentialAction\":[{\"@type\":\"ReadAction\",\"target\":[\"https:\/\/periodicocentroccidente.com\/?p=9748\"]}]},{\"@type\":\"ImageObject\",\"inLanguage\":\"es\",\"@id\":\"https:\/\/periodicocentroccidente.com\/?p=9748#primaryimage\",\"url\":\"https:\/\/periodicocentroccidente.com\/wp-content\/uploads\/2026\/08\/Mas-de-19-anos-de-trayectoria-Alejandra-Alvarez-nominada-a-los-Premios-Icono-del-Periodismo.jpg\",\"contentUrl\":\"https:\/\/periodicocentroccidente.com\/wp-content\/uploads\/2026\/08\/Mas-de-19-anos-de-trayectoria-Alejandra-Alvarez-nominada-a-los-Premios-Icono-del-Periodismo.jpg\",\"width\":1357,\"height\":687,\"caption\":\"M\u00e1s de 19 a\u00f1os de trayectoria Alejandra \u00c1lvarez, nominada a los Premios \u00cdcono del Periodismo\"},{\"@type\":\"BreadcrumbList\",\"@id\":\"https:\/\/periodicocentroccidente.com\/?p=9748#breadcrumb\",\"itemListElement\":[{\"@type\":\"ListItem\",\"position\":1,\"name\":\"Portada\",\"item\":\"https:\/\/periodicocentroccidente.com\/\"},{\"@type\":\"ListItem\",\"position\":2,\"name\":\"Alejandra \u00c1lvarez es nominada a los Premios \u00cdcono del Periodismo como Mejor Jefe de Prensa\"}]},{\"@type\":\"WebSite\",\"@id\":\"https:\/\/periodicocentroccidente.com\/#website\",\"url\":\"https:\/\/periodicocentroccidente.com\/\",\"name\":\"\",\"description\":\"Periodismo serio y responsable\",\"potentialAction\":[{\"@type\":\"SearchAction\",\"target\":{\"@type\":\"EntryPoint\",\"urlTemplate\":\"https:\/\/periodicocentroccidente.com\/?s={search_term_string}\"},\"query-input\":{\"@type\":\"PropertyValueSpecification\",\"valueRequired\":true,\"valueName\":\"search_term_string\"}}],\"inLanguage\":\"es\"},{\"@type\":\"Person\",\"@id\":\"https:\/\/periodicocentroccidente.com\/#\/schema\/person\/f4e4a651098f3db198244657b7130e7e\",\"name\":\"Ricardo\",\"image\":{\"@type\":\"ImageObject\",\"inLanguage\":\"es\",\"@id\":\"https:\/\/periodicocentroccidente.com\/#\/schema\/person\/image\/\",\"url\":\"https:\/\/secure.gravatar.com\/avatar\/402e6137108ec0fdaa7809184382fb1dd2f8b00264c1d945d341f2b8f90db429?s=96&d=mm&r=g\",\"contentUrl\":\"https:\/\/secure.gravatar.com\/avatar\/402e6137108ec0fdaa7809184382fb1dd2f8b00264c1d945d341f2b8f90db429?s=96&d=mm&r=g\",\"caption\":\"Ricardo\"},\"url\":\"https:\/\/periodicocentroccidente.com\/?author=2\"}]}<\/script>\n<!-- \/ Yoast SEO plugin. -->","yoast_head_json":{"title":"Alejandra \u00c1lvarez es nominada a los Premios \u00cdcono del Periodismo como Mejor Jefe de Prensa -","robots":{"index":"index","follow":"follow","max-snippet":"max-snippet:-1","max-image-preview":"max-image-preview:large","max-video-preview":"max-video-preview:-1"},"canonical":"https:\/\/periodicocentroccidente.com\/?p=9748","og_locale":"es_ES","og_type":"article","og_title":"Alejandra \u00c1lvarez es nominada a los Premios \u00cdcono del Periodismo como Mejor Jefe de Prensa -","og_description":"Especial.- Hay reconocimientos que no llegan como un punto de llegada, sino como la confirmaci&oacute;n de un camino recorrido con convicci&oacute;n. La nominaci&oacute;n de Alejandra &Aacute;lvarez a los Premios &Iacute;cono del Periodismo, en la categor&iacute;a Mejor Jefe de Prensa, pertenece a esa clase de distinciones que celebran mucho m&aacute;s que una profesi&oacute;n: honran una vida &hellip;","og_url":"https:\/\/periodicocentroccidente.com\/?p=9748","article_published_time":"2026-08-31T20:13:57+00:00","og_image":[{"width":1357,"height":687,"url":"https:\/\/periodicocentroccidente.com\/wp-content\/uploads\/2026\/08\/Mas-de-19-anos-de-trayectoria-Alejandra-Alvarez-nominada-a-los-Premios-Icono-del-Periodismo.jpg","type":"image\/jpeg"}],"author":"Ricardo","twitter_card":"summary_large_image","twitter_misc":{"Escrito por":"Ricardo","Tiempo de lectura":"3 minutos"},"schema":{"@context":"https:\/\/schema.org","@graph":[{"@type":"WebPage","@id":"https:\/\/periodicocentroccidente.com\/?p=9748","url":"https:\/\/periodicocentroccidente.com\/?p=9748","name":"Alejandra \u00c1lvarez es nominada a los Premios \u00cdcono del Periodismo como Mejor Jefe de Prensa -","isPartOf":{"@id":"https:\/\/periodicocentroccidente.com\/#website"},"primaryImageOfPage":{"@id":"https:\/\/periodicocentroccidente.com\/?p=9748#primaryimage"},"image":{"@id":"https:\/\/periodicocentroccidente.com\/?p=9748#primaryimage"},"thumbnailUrl":"https:\/\/periodicocentroccidente.com\/wp-content\/uploads\/2026\/08\/Mas-de-19-anos-de-trayectoria-Alejandra-Alvarez-nominada-a-los-Premios-Icono-del-Periodismo.jpg","datePublished":"2026-08-31T20:13:57+00:00","author":{"@id":"https:\/\/periodicocentroccidente.com\/#\/schema\/person\/f4e4a651098f3db198244657b7130e7e"},"breadcrumb":{"@id":"https:\/\/periodicocentroccidente.com\/?p=9748#breadcrumb"},"inLanguage":"es","potentialAction":[{"@type":"ReadAction","target":["https:\/\/periodicocentroccidente.com\/?p=9748"]}]},{"@type":"ImageObject","inLanguage":"es","@id":"https:\/\/periodicocentroccidente.com\/?p=9748#primaryimage","url":"https:\/\/periodicocentroccidente.com\/wp-content\/uploads\/2026\/08\/Mas-de-19-anos-de-trayectoria-Alejandra-Alvarez-nominada-a-los-Premios-Icono-del-Periodismo.jpg","contentUrl":"https:\/\/periodicocentroccidente.com\/wp-content\/uploads\/2026\/08\/Mas-de-19-anos-de-trayectoria-Alejandra-Alvarez-nominada-a-los-Premios-Icono-del-Periodismo.jpg","width":1357,"height":687,"caption":"M\u00e1s de 19 a\u00f1os de trayectoria Alejandra \u00c1lvarez, nominada a los Premios \u00cdcono del Periodismo"},{"@type":"BreadcrumbList","@id":"https:\/\/periodicocentroccidente.com\/?p=9748#breadcrumb","itemListElement":[{"@type":"ListItem","position":1,"name":"Portada","item":"https:\/\/periodicocentroccidente.com\/"},{"@type":"ListItem","position":2,"name":"Alejandra \u00c1lvarez es nominada a los Premios \u00cdcono del Periodismo como Mejor Jefe de Prensa"}]},{"@type":"WebSite","@id":"https:\/\/periodicocentroccidente.com\/#website","url":"https:\/\/periodicocentroccidente.com\/","name":"","description":"Periodismo serio y responsable","potentialAction":[{"@type":"SearchAction","target":{"@type":"EntryPoint","urlTemplate":"https:\/\/periodicocentroccidente.com\/?s={search_term_string}"},"query-input":{"@type":"PropertyValueSpecification","valueRequired":true,"valueName":"search_term_string"}}],"inLanguage":"es"},{"@type":"Person","@id":"https:\/\/periodicocentroccidente.com\/#\/schema\/person\/f4e4a651098f3db198244657b7130e7e","name":"Ricardo","image":{"@type":"ImageObject","inLanguage":"es","@id":"https:\/\/periodicocentroccidente.com\/#\/schema\/person\/image\/","url":"https:\/\/secure.gravatar.com\/avatar\/402e6137108ec0fdaa7809184382fb1dd2f8b00264c1d945d341f2b8f90db429?s=96&d=mm&r=g","contentUrl":"https:\/\/secure.gravatar.com\/avatar\/402e6137108ec0fdaa7809184382fb1dd2f8b00264c1d945d341f2b8f90db429?s=96&d=mm&r=g","caption":"Ricardo"},"url":"https:\/\/periodicocentroccidente.com\/?author=2"}]}},"jetpack_featured_media_url":"https:\/\/periodicocentroccidente.com\/wp-content\/uploads\/2026\/08\/Mas-de-19-anos-de-trayectoria-Alejandra-Alvarez-nominada-a-los-Premios-Icono-del-Periodismo.jpg","jetpack_sharing_enabled":true,"jetpack-related-posts":[],"_links":{"self":[{"href":"https:\/\/periodicocentroccidente.com\/index.php?rest_route=\/wp\/v2\/posts\/9748","targetHints":{"allow":["GET"]}}],"collection":[{"href":"https:\/\/periodicocentroccidente.com\/index.php?rest_route=\/wp\/v2\/posts"}],"about":[{"href":"https:\/\/periodicocentroccidente.com\/index.php?rest_route=\/wp\/v2\/types\/post"}],"author":[{"embeddable":true,"href":"https:\/\/periodicocentroccidente.com\/index.php?rest_route=\/wp\/v2\/users\/2"}],"replies":[{"embeddable":true,"href":"https:\/\/periodicocentroccidente.com\/index.php?rest_route=%2Fwp%2Fv2%2Fcomments&post=9748"}],"version-history":[{"count":1,"href":"https:\/\/periodicocentroccidente.com\/index.php?rest_route=\/wp\/v2\/posts\/9748\/revisions"}],"predecessor-version":[{"id":9751,"href":"https:\/\/periodicocentroccidente.com\/index.php?rest_route=\/wp\/v2\/posts\/9748\/revisions\/9751"}],"wp:featuredmedia":[{"embeddable":true,"href":"https:\/\/periodicocentroccidente.com\/index.php?rest_route=\/wp\/v2\/media\/9750"}],"wp:attachment":[{"href":"https:\/\/periodicocentroccidente.com\/index.php?rest_route=%2Fwp%2Fv2%2Fmedia&parent=9748"}],"wp:term":[{"taxonomy":"category","embeddable":true,"href":"https:\/\/periodicocentroccidente.com\/index.php?rest_route=%2Fwp%2Fv2%2Fcategories&post=9748"},{"taxonomy":"post_tag","embeddable":true,"href":"https:\/\/periodicocentroccidente.com\/index.php?rest_route=%2Fwp%2Fv2%2Ftags&post=9748"}],"curies":[{"name":"wp","href":"https:\/\/api.w.org\/{rel}","templated":true}]}}