{"id":9725,"date":"2026-08-31T19:58:02","date_gmt":"2026-08-31T19:58:02","guid":{"rendered":"https:\/\/periodicocentroccidente.com\/?p=9725"},"modified":"2026-08-31T19:58:02","modified_gmt":"2026-08-31T19:58:02","slug":"mas-de-7-000-habitantes-beneficiados-gobernador-primitivo-cedeno-consolida-plan-de-aguas-servidas-en-el-municipio-paez","status":"publish","type":"post","link":"https:\/\/periodicocentroccidente.com\/?p=9725","title":{"rendered":"M\u00e1s de 7.000 habitantes beneficiados: Gobernador Primitivo Cede\u00f1o consolida Plan de Aguas Servidas en el municipio P\u00e1ez"},"content":{"rendered":"<p><strong>Especial.-<\/strong><\/p>\n<div dir=\"auto\">Dando respuesta directa a las comunidades y enmarcado en las pol\u00edticas de optimizaci\u00f3n de los servicios p\u00fablicos orientadas por el gobernador Primitivo Cede\u00f1o, en un trabajo articulado con el alcalde Jos\u00e9 \u00c1ngel L\u00f3pez, el Gobierno Regional y municipal viene consolidando importantes obras de reconstrucci\u00f3n de colectores principales y secundarios (tramos ca\u00eddos) en el municipio P\u00e1ez, garantizando bienestar y salud a miles de familias.<\/div>\n<div dir=\"auto\"><\/div>\n<div dir=\"auto\">\u200bActualmente est\u00e1 en ejecuci\u00f3n en la populosa comunidad de Villa Pastora 1, que abarca la calle 41 con las avenidas 22, 23, 24, 25 y 26. En este sector se\u00a0 rehabilitaran m\u00e1s de 300 metros lineales de redes de aguas servidas, lo que se traduce en una mejora sustancial en la calidad de vida de m\u00e1s de 3.000 habitantes que sufr\u00edan las consecuencias del colapso del sistema.<\/div>\n<div dir=\"auto\"><\/div>\n<div dir=\"auto\">\u200bAsimismo, como parte de este mismo despliegue integral del Plan de Aguas Servidas impulsado por la gesti\u00f3n regional y municipal en P\u00e1ez, se restituyeron 335 metros lineales adicionales de colectores ca\u00eddos en la comunidad de Barrio Ajuro, zonas que de manera incre\u00edble ten\u00edan hasta 45 a\u00f1os sin el servicio operativo.<\/div>\n<div dir=\"auto\"><\/div>\n<div dir=\"auto\">\u00a0Esta obra hist\u00f3rica salda una vieja deuda social con las familias del sector, beneficiando de manera directa a 4.000 habitantes adicionales.<\/div>\n<div dir=\"auto\">\u200b<\/div>\n<div dir=\"auto\">Con estas acciones concretas, el Gobierno nacional, la gesti\u00f3n del gobernador Primitivo Cede\u00f1o y del alcalde Jos\u00e9 \u00c1ngel L\u00f3pez reafirman su compromiso con el pueblo del municipio P\u00e1ez, transformando los servicios b\u00e1sicos y demostrando que, con trabajo constante y un solo equipo de gobierno, se avanza hacia la consolidaci\u00f3n de la Portuguesa potencia.<\/div>\n<div dir=\"auto\"><\/div>\n<div dir=\"auto\"><img loading=\"lazy\" decoding=\"async\" class=\"alignnone size-medium wp-image-9728\" src=\"https:\/\/periodicocentroccidente.com\/wp-content\/uploads\/2026\/08\/1009802234-169x300.jpg\" alt=\"\" width=\"169\" height=\"300\" srcset=\"https:\/\/periodicocentroccidente.com\/wp-content\/uploads\/2026\/08\/1009802234-169x300.jpg 169w, https:\/\/periodicocentroccidente.com\/wp-content\/uploads\/2026\/08\/1009802234-576x1024.jpg 576w, https:\/\/periodicocentroccidente.com\/wp-content\/uploads\/2026\/08\/1009802234.jpg 720w\" sizes=\"auto, (max-width: 169px) 100vw, 169px\" \/>\u00a0 \u00a0 \u00a0 <img loading=\"lazy\" decoding=\"async\" class=\"alignnone size-medium wp-image-9726\" src=\"https:\/\/periodicocentroccidente.com\/wp-content\/uploads\/2026\/08\/1009802228-169x300.jpg\" alt=\"\" width=\"169\" height=\"300\" srcset=\"https:\/\/periodicocentroccidente.com\/wp-content\/uploads\/2026\/08\/1009802228-169x300.jpg 169w, https:\/\/periodicocentroccidente.com\/wp-content\/uploads\/2026\/08\/1009802228-576x1024.jpg 576w, https:\/\/periodicocentroccidente.com\/wp-content\/uploads\/2026\/08\/1009802228.jpg 720w\" sizes=\"auto, (max-width: 169px) 100vw, 169px\" \/><\/div>\n","protected":false},"excerpt":{"rendered":"<p>Especial.- Dando respuesta directa a las comunidades y enmarcado en las pol&iacute;ticas de optimizaci&oacute;n de los servicios p&uacute;blicos orientadas por el gobernador Primitivo Cede&ntilde;o, en un trabajo articulado con el alcalde Jos&eacute; &Aacute;ngel L&oacute;pez, el Gobierno Regional y municipal viene consolidando importantes obras de reconstrucci&oacute;n de colectores principales y secundarios (tramos ca&iacute;dos) en el municipio &hellip;<\/p>\n","protected":false},"author":2,"featured_media":9727,"comment_status":"open","ping_status":"open","sticky":false,"template":"","format":"standard","meta":{"_jetpack_memberships_contains_paid_content":false,"footnotes":""},"categories":[128],"tags":[],"class_list":["post-9725","post","type-post","status-publish","format-standard","has-post-thumbnail","hentry","category-noticias-del-cono-norte"],"yoast_head":"<!-- This site is optimized with the Yoast SEO plugin v24.8.1 - https:\/\/yoast.com\/wordpress\/plugins\/seo\/ -->\n<title>M\u00e1s de 7.000 habitantes beneficiados: Gobernador Primitivo Cede\u00f1o consolida Plan de Aguas Servidas en el municipio P\u00e1ez -<\/title>\n<meta name=\"robots\" content=\"index, follow, max-snippet:-1, max-image-preview:large, max-video-preview:-1\" \/>\n<link rel=\"canonical\" href=\"https:\/\/periodicocentroccidente.com\/?p=9725\" \/>\n<meta property=\"og:locale\" content=\"es_ES\" \/>\n<meta property=\"og:type\" content=\"article\" \/>\n<meta property=\"og:title\" content=\"M\u00e1s de 7.000 habitantes beneficiados: Gobernador Primitivo Cede\u00f1o consolida Plan de Aguas Servidas en el municipio P\u00e1ez -\" \/>\n<meta property=\"og:description\" content=\"Especial.- Dando respuesta directa a las comunidades y enmarcado en las pol&iacute;ticas de optimizaci&oacute;n de los servicios p&uacute;blicos orientadas por el gobernador Primitivo Cede&ntilde;o, en un trabajo articulado con el alcalde Jos&eacute; &Aacute;ngel L&oacute;pez, el Gobierno Regional y municipal viene consolidando importantes obras de reconstrucci&oacute;n de colectores principales y secundarios (tramos ca&iacute;dos) en el municipio &hellip;\" \/>\n<meta property=\"og:url\" content=\"https:\/\/periodicocentroccidente.com\/?p=9725\" \/>\n<meta property=\"article:published_time\" content=\"2026-08-31T19:58:02+00:00\" \/>\n<meta property=\"og:image\" content=\"https:\/\/periodicocentroccidente.com\/wp-content\/uploads\/2026\/08\/1009802229.jpg\" \/>\n\t<meta property=\"og:image:width\" content=\"1280\" \/>\n\t<meta property=\"og:image:height\" content=\"721\" \/>\n\t<meta property=\"og:image:type\" content=\"image\/jpeg\" \/>\n<meta name=\"author\" content=\"Ricardo\" \/>\n<meta name=\"twitter:card\" content=\"summary_large_image\" \/>\n<meta name=\"twitter:label1\" content=\"Escrito por\" \/>\n\t<meta name=\"twitter:data1\" content=\"Ricardo\" \/>\n\t<meta name=\"twitter:label2\" content=\"Tiempo de lectura\" \/>\n\t<meta name=\"twitter:data2\" content=\"2 minutos\" \/>\n<script type=\"application\/ld+json\" class=\"yoast-schema-graph\">{\"@context\":\"https:\/\/schema.org\",\"@graph\":[{\"@type\":\"WebPage\",\"@id\":\"https:\/\/periodicocentroccidente.com\/?p=9725\",\"url\":\"https:\/\/periodicocentroccidente.com\/?p=9725\",\"name\":\"M\u00e1s de 7.000 habitantes beneficiados: Gobernador Primitivo Cede\u00f1o consolida Plan de Aguas Servidas en el municipio P\u00e1ez -\",\"isPartOf\":{\"@id\":\"https:\/\/periodicocentroccidente.com\/#website\"},\"primaryImageOfPage\":{\"@id\":\"https:\/\/periodicocentroccidente.com\/?p=9725#primaryimage\"},\"image\":{\"@id\":\"https:\/\/periodicocentroccidente.com\/?p=9725#primaryimage\"},\"thumbnailUrl\":\"https:\/\/periodicocentroccidente.com\/wp-content\/uploads\/2026\/08\/1009802229.jpg\",\"datePublished\":\"2026-08-31T19:58:02+00:00\",\"author\":{\"@id\":\"https:\/\/periodicocentroccidente.com\/#\/schema\/person\/f4e4a651098f3db198244657b7130e7e\"},\"breadcrumb\":{\"@id\":\"https:\/\/periodicocentroccidente.com\/?p=9725#breadcrumb\"},\"inLanguage\":\"es\",\"potentialAction\":[{\"@type\":\"ReadAction\",\"target\":[\"https:\/\/periodicocentroccidente.com\/?p=9725\"]}]},{\"@type\":\"ImageObject\",\"inLanguage\":\"es\",\"@id\":\"https:\/\/periodicocentroccidente.com\/?p=9725#primaryimage\",\"url\":\"https:\/\/periodicocentroccidente.com\/wp-content\/uploads\/2026\/08\/1009802229.jpg\",\"contentUrl\":\"https:\/\/periodicocentroccidente.com\/wp-content\/uploads\/2026\/08\/1009802229.jpg\",\"width\":1280,\"height\":721},{\"@type\":\"BreadcrumbList\",\"@id\":\"https:\/\/periodicocentroccidente.com\/?p=9725#breadcrumb\",\"itemListElement\":[{\"@type\":\"ListItem\",\"position\":1,\"name\":\"Portada\",\"item\":\"https:\/\/periodicocentroccidente.com\/\"},{\"@type\":\"ListItem\",\"position\":2,\"name\":\"M\u00e1s de 7.000 habitantes beneficiados: Gobernador Primitivo Cede\u00f1o consolida Plan de Aguas Servidas en el municipio P\u00e1ez\"}]},{\"@type\":\"WebSite\",\"@id\":\"https:\/\/periodicocentroccidente.com\/#website\",\"url\":\"https:\/\/periodicocentroccidente.com\/\",\"name\":\"\",\"description\":\"Periodismo serio y responsable\",\"potentialAction\":[{\"@type\":\"SearchAction\",\"target\":{\"@type\":\"EntryPoint\",\"urlTemplate\":\"https:\/\/periodicocentroccidente.com\/?s={search_term_string}\"},\"query-input\":{\"@type\":\"PropertyValueSpecification\",\"valueRequired\":true,\"valueName\":\"search_term_string\"}}],\"inLanguage\":\"es\"},{\"@type\":\"Person\",\"@id\":\"https:\/\/periodicocentroccidente.com\/#\/schema\/person\/f4e4a651098f3db198244657b7130e7e\",\"name\":\"Ricardo\",\"image\":{\"@type\":\"ImageObject\",\"inLanguage\":\"es\",\"@id\":\"https:\/\/periodicocentroccidente.com\/#\/schema\/person\/image\/\",\"url\":\"https:\/\/secure.gravatar.com\/avatar\/402e6137108ec0fdaa7809184382fb1dd2f8b00264c1d945d341f2b8f90db429?s=96&d=mm&r=g\",\"contentUrl\":\"https:\/\/secure.gravatar.com\/avatar\/402e6137108ec0fdaa7809184382fb1dd2f8b00264c1d945d341f2b8f90db429?s=96&d=mm&r=g\",\"caption\":\"Ricardo\"},\"url\":\"https:\/\/periodicocentroccidente.com\/?author=2\"}]}<\/script>\n<!-- \/ Yoast SEO plugin. -->","yoast_head_json":{"title":"M\u00e1s de 7.000 habitantes beneficiados: Gobernador Primitivo Cede\u00f1o consolida Plan de Aguas Servidas en el municipio P\u00e1ez -","robots":{"index":"index","follow":"follow","max-snippet":"max-snippet:-1","max-image-preview":"max-image-preview:large","max-video-preview":"max-video-preview:-1"},"canonical":"https:\/\/periodicocentroccidente.com\/?p=9725","og_locale":"es_ES","og_type":"article","og_title":"M\u00e1s de 7.000 habitantes beneficiados: Gobernador Primitivo Cede\u00f1o consolida Plan de Aguas Servidas en el municipio P\u00e1ez -","og_description":"Especial.- Dando respuesta directa a las comunidades y enmarcado en las pol&iacute;ticas de optimizaci&oacute;n de los servicios p&uacute;blicos orientadas por el gobernador Primitivo Cede&ntilde;o, en un trabajo articulado con el alcalde Jos&eacute; &Aacute;ngel L&oacute;pez, el Gobierno Regional y municipal viene consolidando importantes obras de reconstrucci&oacute;n de colectores principales y secundarios (tramos ca&iacute;dos) en el municipio &hellip;","og_url":"https:\/\/periodicocentroccidente.com\/?p=9725","article_published_time":"2026-08-31T19:58:02+00:00","og_image":[{"width":1280,"height":721,"url":"https:\/\/periodicocentroccidente.com\/wp-content\/uploads\/2026\/08\/1009802229.jpg","type":"image\/jpeg"}],"author":"Ricardo","twitter_card":"summary_large_image","twitter_misc":{"Escrito por":"Ricardo","Tiempo de lectura":"2 minutos"},"schema":{"@context":"https:\/\/schema.org","@graph":[{"@type":"WebPage","@id":"https:\/\/periodicocentroccidente.com\/?p=9725","url":"https:\/\/periodicocentroccidente.com\/?p=9725","name":"M\u00e1s de 7.000 habitantes beneficiados: Gobernador Primitivo Cede\u00f1o consolida Plan de Aguas Servidas en el municipio P\u00e1ez -","isPartOf":{"@id":"https:\/\/periodicocentroccidente.com\/#website"},"primaryImageOfPage":{"@id":"https:\/\/periodicocentroccidente.com\/?p=9725#primaryimage"},"image":{"@id":"https:\/\/periodicocentroccidente.com\/?p=9725#primaryimage"},"thumbnailUrl":"https:\/\/periodicocentroccidente.com\/wp-content\/uploads\/2026\/08\/1009802229.jpg","datePublished":"2026-08-31T19:58:02+00:00","author":{"@id":"https:\/\/periodicocentroccidente.com\/#\/schema\/person\/f4e4a651098f3db198244657b7130e7e"},"breadcrumb":{"@id":"https:\/\/periodicocentroccidente.com\/?p=9725#breadcrumb"},"inLanguage":"es","potentialAction":[{"@type":"ReadAction","target":["https:\/\/periodicocentroccidente.com\/?p=9725"]}]},{"@type":"ImageObject","inLanguage":"es","@id":"https:\/\/periodicocentroccidente.com\/?p=9725#primaryimage","url":"https:\/\/periodicocentroccidente.com\/wp-content\/uploads\/2026\/08\/1009802229.jpg","contentUrl":"https:\/\/periodicocentroccidente.com\/wp-content\/uploads\/2026\/08\/1009802229.jpg","width":1280,"height":721},{"@type":"BreadcrumbList","@id":"https:\/\/periodicocentroccidente.com\/?p=9725#breadcrumb","itemListElement":[{"@type":"ListItem","position":1,"name":"Portada","item":"https:\/\/periodicocentroccidente.com\/"},{"@type":"ListItem","position":2,"name":"M\u00e1s de 7.000 habitantes beneficiados: Gobernador Primitivo Cede\u00f1o consolida Plan de Aguas Servidas en el municipio P\u00e1ez"}]},{"@type":"WebSite","@id":"https:\/\/periodicocentroccidente.com\/#website","url":"https:\/\/periodicocentroccidente.com\/","name":"","description":"Periodismo serio y responsable","potentialAction":[{"@type":"SearchAction","target":{"@type":"EntryPoint","urlTemplate":"https:\/\/periodicocentroccidente.com\/?s={search_term_string}"},"query-input":{"@type":"PropertyValueSpecification","valueRequired":true,"valueName":"search_term_string"}}],"inLanguage":"es"},{"@type":"Person","@id":"https:\/\/periodicocentroccidente.com\/#\/schema\/person\/f4e4a651098f3db198244657b7130e7e","name":"Ricardo","image":{"@type":"ImageObject","inLanguage":"es","@id":"https:\/\/periodicocentroccidente.com\/#\/schema\/person\/image\/","url":"https:\/\/secure.gravatar.com\/avatar\/402e6137108ec0fdaa7809184382fb1dd2f8b00264c1d945d341f2b8f90db429?s=96&d=mm&r=g","contentUrl":"https:\/\/secure.gravatar.com\/avatar\/402e6137108ec0fdaa7809184382fb1dd2f8b00264c1d945d341f2b8f90db429?s=96&d=mm&r=g","caption":"Ricardo"},"url":"https:\/\/periodicocentroccidente.com\/?author=2"}]}},"jetpack_featured_media_url":"https:\/\/periodicocentroccidente.com\/wp-content\/uploads\/2026\/08\/1009802229.jpg","jetpack_sharing_enabled":true,"jetpack-related-posts":[],"_links":{"self":[{"href":"https:\/\/periodicocentroccidente.com\/index.php?rest_route=\/wp\/v2\/posts\/9725","targetHints":{"allow":["GET"]}}],"collection":[{"href":"https:\/\/periodicocentroccidente.com\/index.php?rest_route=\/wp\/v2\/posts"}],"about":[{"href":"https:\/\/periodicocentroccidente.com\/index.php?rest_route=\/wp\/v2\/types\/post"}],"author":[{"embeddable":true,"href":"https:\/\/periodicocentroccidente.com\/index.php?rest_route=\/wp\/v2\/users\/2"}],"replies":[{"embeddable":true,"href":"https:\/\/periodicocentroccidente.com\/index.php?rest_route=%2Fwp%2Fv2%2Fcomments&post=9725"}],"version-history":[{"count":1,"href":"https:\/\/periodicocentroccidente.com\/index.php?rest_route=\/wp\/v2\/posts\/9725\/revisions"}],"predecessor-version":[{"id":9729,"href":"https:\/\/periodicocentroccidente.com\/index.php?rest_route=\/wp\/v2\/posts\/9725\/revisions\/9729"}],"wp:featuredmedia":[{"embeddable":true,"href":"https:\/\/periodicocentroccidente.com\/index.php?rest_route=\/wp\/v2\/media\/9727"}],"wp:attachment":[{"href":"https:\/\/periodicocentroccidente.com\/index.php?rest_route=%2Fwp%2Fv2%2Fmedia&parent=9725"}],"wp:term":[{"taxonomy":"category","embeddable":true,"href":"https:\/\/periodicocentroccidente.com\/index.php?rest_route=%2Fwp%2Fv2%2Fcategories&post=9725"},{"taxonomy":"post_tag","embeddable":true,"href":"https:\/\/periodicocentroccidente.com\/index.php?rest_route=%2Fwp%2Fv2%2Ftags&post=9725"}],"curies":[{"name":"wp","href":"https:\/\/api.w.org\/{rel}","templated":true}]}}