{"id":9722,"date":"2026-08-31T19:55:28","date_gmt":"2026-08-31T19:55:28","guid":{"rendered":"https:\/\/periodicocentroccidente.com\/?p=9722"},"modified":"2026-08-31T19:55:28","modified_gmt":"2026-08-31T19:55:28","slug":"la-voz-de-los-pueblos-abre-sus-microfonos-deisy-velez-impulsa-desde-colombia-y-rd-el-talento-emergente-hacia-el-mundo","status":"publish","type":"post","link":"https:\/\/periodicocentroccidente.com\/?p=9722","title":{"rendered":"\u201dLa Voz de los Pueblos\u201d abre sus micr\u00f3fonos: Deisy V\u00e9lez impulsa desde Colombia y RD el talento emergente hacia el mundo"},"content":{"rendered":"<p><strong>lapuracrema.net<\/strong><\/p>\n<div dir=\"auto\">\u00a0La comunicadora, productora y promotora art\u00edstica *Deisy V\u00e9lez \u00abLa Voz del Pueblo\u00bb*, con una s\u00f3lida trayectoria en Colombia y Rep\u00fablica Dominicana, lidera el programa _La Voz de los Pueblos_ que se transmite por *TELE RADIO NORTE*.<\/div>\n<div dir=\"auto\"><\/div>\n<div dir=\"auto\">Deisy se distingue en escenarios, medios y espacios p\u00fablicos por su *autenticidad, elegancia y profundidad*. Conecta con las personas, transmite mensajes con intenci\u00f3n y representa marcas y proyectos con identidad. Desde Colombia para la Rep\u00fablica Dominicana, el proyecto nace para dar un espacio real a los artistas emergentes que est\u00e1n surgiendo y necesitan proyecci\u00f3n.<\/div>\n<div dir=\"auto\"><\/div>\n<div dir=\"auto\">Como representante del sello discogr\u00e1fico *DTO MUSIC* en Rep\u00fablica Dominicana, Deisy V\u00e9lez est\u00e1 proyectando su labor a nivel internacional. Su misi\u00f3n es colaborar con talentos nuevos, ofreci\u00e9ndoles el apoyo para crecer y darse a conocer m\u00e1s all\u00e1 de fronteras.<\/div>\n<div dir=\"auto\"><\/div>\n<div dir=\"auto\">\u201c*No se trata solo de hablar frente a una c\u00e1mara&#8230; se trata de conectar, representar y dejar huella*. Estamos para servir y ayudar. Como promotora y gestora estaremos respaldando con nota de prensa, rueda de prensa y media tour en diferentes medios de comunicaci\u00f3n de Colombia y en algunos pa\u00edses con los que estaremos trabajando en colaboraci\u00f3n. Queremos que el talento se escuche y se vea a nivel internacional\u201d, expres\u00f3 V\u00e9lez.<\/div>\n<div dir=\"auto\"><\/div>\n<div dir=\"auto\"><strong>Trayectoria Profesional<\/strong><\/div>\n<div dir=\"auto\">Deisy V\u00e9lez cuenta con experiencia en:<\/div>\n<div dir=\"auto\">&#8211; *Promoci\u00f3n de artista*: Estrategias de visibilidad, relaciones p\u00fablicas y posicionamiento para talentos en la industria musical y del entretenimiento.<\/div>\n<div dir=\"auto\">&#8211; *Gira de medios*: Coordinaci\u00f3n y realizaci\u00f3n en emisoras, programas radiales y canales de televisi\u00f3n.<\/div>\n<div dir=\"auto\">&#8211; *Ruedas de prensa*: Organizaci\u00f3n, moderaci\u00f3n y relacionamiento con medios para anunciar proyectos, lanzamientos y eventos especiales.<\/div>\n<div dir=\"auto\">&#8211; *Presentaci\u00f3n en tarima y eventos*: Conducci\u00f3n de eventos corporativos, culturales y de entretenimiento con elegancia, seguridad y profesionalismo.<\/div>\n<div dir=\"auto\">&#8211; *Entrevistas*: A artistas, actores, estilistas e \u00edconos del medio con contenidos que informan, inspiran y generan conexi\u00f3n.<\/div>\n<div dir=\"auto\">&#8211; *Comunicaci\u00f3n social*: Estrategia de mensajes que conectan e impactan en diferentes audiencias.<\/div>\n<div dir=\"auto\">&#8211; *Liderazgo social*: Comprometida con causas que transforman comunidades.<\/div>\n<div dir=\"auto\">&#8211; *Investigaci\u00f3n judicial*: Experiencia en an\u00e1lisis, comunicaci\u00f3n estrat\u00e9gica y b\u00fasqueda de la verdad.<\/div>\n<div dir=\"auto\"><\/div>\n<div dir=\"auto\">_La Voz de los Pueblos_ ofrece *cobertura total 360\u00b0* que incluye:<\/div>\n<div dir=\"auto\">&#8211; Relaciones P\u00fablicas estrat\u00e9gicas<\/div>\n<div dir=\"auto\">&#8211; Notas de prensa en medios nacionales e internacionales<\/div>\n<div dir=\"auto\">&#8211; Ruedas de prensa para lanzamiento de proyectos<\/div>\n<div dir=\"auto\">&#8211; Media Tour: radio, TV, prensa digital y podcasts<\/div>\n<div dir=\"auto\">&#8211; Promoci\u00f3n integral para impulsar la carrera art\u00edstica<\/div>\n<div dir=\"auto\"><\/div>\n<div dir=\"auto\">El programa invita a cantantes, compositores y agrupaciones emergentes a formar parte de esta plataforma que conecta Colombia, Rep\u00fablica Dominicana y otros pa\u00edses aliados.<\/div>\n<div dir=\"auto\"><\/div>\n<div dir=\"auto\">Deisy V\u00e9lez cuenta adem\u00e1s con participaci\u00f3n en medios culturales y musicales, y presencia en premios y eventos como _Energy Award_.<\/div>\n<div dir=\"auto\"><\/div>\n<div dir=\"auto\"><strong>Contacto de Prensa:<\/strong><\/div>\n<div dir=\"auto\"><strong>Tel\/WhatsApp:\u00a0<a href=\"tel:(304)%20453-9992\" target=\"_blank\" rel=\"noopener\">+1 304 453 9992<\/a>\u00a0\u00a0<\/strong><\/div>\n<div dir=\"auto\"><strong>Instagram: @deisyvelezoficial \/ @DeisyVelezLaVozDeLosPueblos\u00a0\u00a0<\/strong><\/div>\n<div dir=\"auto\"><strong>Email:\u00a0<a href=\"mailto:deisyvelez@gmail.com\" target=\"_blank\" rel=\"noopener\">deisyvelez@gmail.com<\/a>\u00a0\u00a0<\/strong><\/div>\n<div dir=\"auto\"><strong>Canal: TELE RADIO NORTE<\/strong><\/div>\n<div dir=\"auto\"><\/div>\n","protected":false},"excerpt":{"rendered":"<p>lapuracrema.net &nbsp;La comunicadora, productora y promotora art&iacute;stica *Deisy V&eacute;lez &laquo;La Voz del Pueblo&raquo;*, con una s&oacute;lida trayectoria en Colombia y Rep&uacute;blica Dominicana, lidera el programa _La Voz de los Pueblos_ que se transmite por *TELE RADIO NORTE*. Deisy se distingue en escenarios, medios y espacios p&uacute;blicos por su *autenticidad, elegancia y profundidad*. Conecta con las &hellip;<\/p>\n","protected":false},"author":2,"featured_media":9723,"comment_status":"open","ping_status":"open","sticky":false,"template":"","format":"standard","meta":{"_jetpack_memberships_contains_paid_content":false,"footnotes":""},"categories":[129],"tags":[],"class_list":["post-9722","post","type-post","status-publish","format-standard","has-post-thumbnail","hentry","category-farandula"],"yoast_head":"<!-- This site is optimized with the Yoast SEO plugin v24.8.1 - https:\/\/yoast.com\/wordpress\/plugins\/seo\/ -->\n<title>\u201dLa Voz de los Pueblos\u201d abre sus micr\u00f3fonos: Deisy V\u00e9lez impulsa desde Colombia y RD el talento emergente hacia el mundo -<\/title>\n<meta name=\"robots\" content=\"index, follow, max-snippet:-1, max-image-preview:large, max-video-preview:-1\" \/>\n<link rel=\"canonical\" href=\"https:\/\/periodicocentroccidente.com\/?p=9722\" \/>\n<meta property=\"og:locale\" content=\"es_ES\" \/>\n<meta property=\"og:type\" content=\"article\" \/>\n<meta property=\"og:title\" content=\"\u201dLa Voz de los Pueblos\u201d abre sus micr\u00f3fonos: Deisy V\u00e9lez impulsa desde Colombia y RD el talento emergente hacia el mundo -\" \/>\n<meta property=\"og:description\" content=\"lapuracrema.net &nbsp;La comunicadora, productora y promotora art&iacute;stica *Deisy V&eacute;lez &laquo;La Voz del Pueblo&raquo;*, con una s&oacute;lida trayectoria en Colombia y Rep&uacute;blica Dominicana, lidera el programa _La Voz de los Pueblos_ que se transmite por *TELE RADIO NORTE*. Deisy se distingue en escenarios, medios y espacios p&uacute;blicos por su *autenticidad, elegancia y profundidad*. Conecta con las &hellip;\" \/>\n<meta property=\"og:url\" content=\"https:\/\/periodicocentroccidente.com\/?p=9722\" \/>\n<meta property=\"article:published_time\" content=\"2026-08-31T19:55:28+00:00\" \/>\n<meta property=\"og:image\" content=\"https:\/\/periodicocentroccidente.com\/wp-content\/uploads\/2026\/08\/1009806332.jpg\" \/>\n\t<meta property=\"og:image:width\" content=\"502\" \/>\n\t<meta property=\"og:image:height\" content=\"437\" \/>\n\t<meta property=\"og:image:type\" content=\"image\/jpeg\" \/>\n<meta name=\"author\" content=\"Ricardo\" \/>\n<meta name=\"twitter:card\" content=\"summary_large_image\" \/>\n<meta name=\"twitter:label1\" content=\"Escrito por\" \/>\n\t<meta name=\"twitter:data1\" content=\"Ricardo\" \/>\n\t<meta name=\"twitter:label2\" content=\"Tiempo de lectura\" \/>\n\t<meta name=\"twitter:data2\" content=\"3 minutos\" \/>\n<script type=\"application\/ld+json\" class=\"yoast-schema-graph\">{\"@context\":\"https:\/\/schema.org\",\"@graph\":[{\"@type\":\"WebPage\",\"@id\":\"https:\/\/periodicocentroccidente.com\/?p=9722\",\"url\":\"https:\/\/periodicocentroccidente.com\/?p=9722\",\"name\":\"\u201dLa Voz de los Pueblos\u201d abre sus micr\u00f3fonos: Deisy V\u00e9lez impulsa desde Colombia y RD el talento emergente hacia el mundo -\",\"isPartOf\":{\"@id\":\"https:\/\/periodicocentroccidente.com\/#website\"},\"primaryImageOfPage\":{\"@id\":\"https:\/\/periodicocentroccidente.com\/?p=9722#primaryimage\"},\"image\":{\"@id\":\"https:\/\/periodicocentroccidente.com\/?p=9722#primaryimage\"},\"thumbnailUrl\":\"https:\/\/periodicocentroccidente.com\/wp-content\/uploads\/2026\/08\/1009806332.jpg\",\"datePublished\":\"2026-08-31T19:55:28+00:00\",\"author\":{\"@id\":\"https:\/\/periodicocentroccidente.com\/#\/schema\/person\/f4e4a651098f3db198244657b7130e7e\"},\"breadcrumb\":{\"@id\":\"https:\/\/periodicocentroccidente.com\/?p=9722#breadcrumb\"},\"inLanguage\":\"es\",\"potentialAction\":[{\"@type\":\"ReadAction\",\"target\":[\"https:\/\/periodicocentroccidente.com\/?p=9722\"]}]},{\"@type\":\"ImageObject\",\"inLanguage\":\"es\",\"@id\":\"https:\/\/periodicocentroccidente.com\/?p=9722#primaryimage\",\"url\":\"https:\/\/periodicocentroccidente.com\/wp-content\/uploads\/2026\/08\/1009806332.jpg\",\"contentUrl\":\"https:\/\/periodicocentroccidente.com\/wp-content\/uploads\/2026\/08\/1009806332.jpg\",\"width\":502,\"height\":437},{\"@type\":\"BreadcrumbList\",\"@id\":\"https:\/\/periodicocentroccidente.com\/?p=9722#breadcrumb\",\"itemListElement\":[{\"@type\":\"ListItem\",\"position\":1,\"name\":\"Portada\",\"item\":\"https:\/\/periodicocentroccidente.com\/\"},{\"@type\":\"ListItem\",\"position\":2,\"name\":\"\u201dLa Voz de los Pueblos\u201d abre sus micr\u00f3fonos: Deisy V\u00e9lez impulsa desde Colombia y RD el talento emergente hacia el mundo\"}]},{\"@type\":\"WebSite\",\"@id\":\"https:\/\/periodicocentroccidente.com\/#website\",\"url\":\"https:\/\/periodicocentroccidente.com\/\",\"name\":\"\",\"description\":\"Periodismo serio y responsable\",\"potentialAction\":[{\"@type\":\"SearchAction\",\"target\":{\"@type\":\"EntryPoint\",\"urlTemplate\":\"https:\/\/periodicocentroccidente.com\/?s={search_term_string}\"},\"query-input\":{\"@type\":\"PropertyValueSpecification\",\"valueRequired\":true,\"valueName\":\"search_term_string\"}}],\"inLanguage\":\"es\"},{\"@type\":\"Person\",\"@id\":\"https:\/\/periodicocentroccidente.com\/#\/schema\/person\/f4e4a651098f3db198244657b7130e7e\",\"name\":\"Ricardo\",\"image\":{\"@type\":\"ImageObject\",\"inLanguage\":\"es\",\"@id\":\"https:\/\/periodicocentroccidente.com\/#\/schema\/person\/image\/\",\"url\":\"https:\/\/secure.gravatar.com\/avatar\/402e6137108ec0fdaa7809184382fb1dd2f8b00264c1d945d341f2b8f90db429?s=96&d=mm&r=g\",\"contentUrl\":\"https:\/\/secure.gravatar.com\/avatar\/402e6137108ec0fdaa7809184382fb1dd2f8b00264c1d945d341f2b8f90db429?s=96&d=mm&r=g\",\"caption\":\"Ricardo\"},\"url\":\"https:\/\/periodicocentroccidente.com\/?author=2\"}]}<\/script>\n<!-- \/ Yoast SEO plugin. -->","yoast_head_json":{"title":"\u201dLa Voz de los Pueblos\u201d abre sus micr\u00f3fonos: Deisy V\u00e9lez impulsa desde Colombia y RD el talento emergente hacia el mundo -","robots":{"index":"index","follow":"follow","max-snippet":"max-snippet:-1","max-image-preview":"max-image-preview:large","max-video-preview":"max-video-preview:-1"},"canonical":"https:\/\/periodicocentroccidente.com\/?p=9722","og_locale":"es_ES","og_type":"article","og_title":"\u201dLa Voz de los Pueblos\u201d abre sus micr\u00f3fonos: Deisy V\u00e9lez impulsa desde Colombia y RD el talento emergente hacia el mundo -","og_description":"lapuracrema.net &nbsp;La comunicadora, productora y promotora art&iacute;stica *Deisy V&eacute;lez &laquo;La Voz del Pueblo&raquo;*, con una s&oacute;lida trayectoria en Colombia y Rep&uacute;blica Dominicana, lidera el programa _La Voz de los Pueblos_ que se transmite por *TELE RADIO NORTE*. Deisy se distingue en escenarios, medios y espacios p&uacute;blicos por su *autenticidad, elegancia y profundidad*. Conecta con las &hellip;","og_url":"https:\/\/periodicocentroccidente.com\/?p=9722","article_published_time":"2026-08-31T19:55:28+00:00","og_image":[{"width":502,"height":437,"url":"https:\/\/periodicocentroccidente.com\/wp-content\/uploads\/2026\/08\/1009806332.jpg","type":"image\/jpeg"}],"author":"Ricardo","twitter_card":"summary_large_image","twitter_misc":{"Escrito por":"Ricardo","Tiempo de lectura":"3 minutos"},"schema":{"@context":"https:\/\/schema.org","@graph":[{"@type":"WebPage","@id":"https:\/\/periodicocentroccidente.com\/?p=9722","url":"https:\/\/periodicocentroccidente.com\/?p=9722","name":"\u201dLa Voz de los Pueblos\u201d abre sus micr\u00f3fonos: Deisy V\u00e9lez impulsa desde Colombia y RD el talento emergente hacia el mundo -","isPartOf":{"@id":"https:\/\/periodicocentroccidente.com\/#website"},"primaryImageOfPage":{"@id":"https:\/\/periodicocentroccidente.com\/?p=9722#primaryimage"},"image":{"@id":"https:\/\/periodicocentroccidente.com\/?p=9722#primaryimage"},"thumbnailUrl":"https:\/\/periodicocentroccidente.com\/wp-content\/uploads\/2026\/08\/1009806332.jpg","datePublished":"2026-08-31T19:55:28+00:00","author":{"@id":"https:\/\/periodicocentroccidente.com\/#\/schema\/person\/f4e4a651098f3db198244657b7130e7e"},"breadcrumb":{"@id":"https:\/\/periodicocentroccidente.com\/?p=9722#breadcrumb"},"inLanguage":"es","potentialAction":[{"@type":"ReadAction","target":["https:\/\/periodicocentroccidente.com\/?p=9722"]}]},{"@type":"ImageObject","inLanguage":"es","@id":"https:\/\/periodicocentroccidente.com\/?p=9722#primaryimage","url":"https:\/\/periodicocentroccidente.com\/wp-content\/uploads\/2026\/08\/1009806332.jpg","contentUrl":"https:\/\/periodicocentroccidente.com\/wp-content\/uploads\/2026\/08\/1009806332.jpg","width":502,"height":437},{"@type":"BreadcrumbList","@id":"https:\/\/periodicocentroccidente.com\/?p=9722#breadcrumb","itemListElement":[{"@type":"ListItem","position":1,"name":"Portada","item":"https:\/\/periodicocentroccidente.com\/"},{"@type":"ListItem","position":2,"name":"\u201dLa Voz de los Pueblos\u201d abre sus micr\u00f3fonos: Deisy V\u00e9lez impulsa desde Colombia y RD el talento emergente hacia el mundo"}]},{"@type":"WebSite","@id":"https:\/\/periodicocentroccidente.com\/#website","url":"https:\/\/periodicocentroccidente.com\/","name":"","description":"Periodismo serio y responsable","potentialAction":[{"@type":"SearchAction","target":{"@type":"EntryPoint","urlTemplate":"https:\/\/periodicocentroccidente.com\/?s={search_term_string}"},"query-input":{"@type":"PropertyValueSpecification","valueRequired":true,"valueName":"search_term_string"}}],"inLanguage":"es"},{"@type":"Person","@id":"https:\/\/periodicocentroccidente.com\/#\/schema\/person\/f4e4a651098f3db198244657b7130e7e","name":"Ricardo","image":{"@type":"ImageObject","inLanguage":"es","@id":"https:\/\/periodicocentroccidente.com\/#\/schema\/person\/image\/","url":"https:\/\/secure.gravatar.com\/avatar\/402e6137108ec0fdaa7809184382fb1dd2f8b00264c1d945d341f2b8f90db429?s=96&d=mm&r=g","contentUrl":"https:\/\/secure.gravatar.com\/avatar\/402e6137108ec0fdaa7809184382fb1dd2f8b00264c1d945d341f2b8f90db429?s=96&d=mm&r=g","caption":"Ricardo"},"url":"https:\/\/periodicocentroccidente.com\/?author=2"}]}},"jetpack_featured_media_url":"https:\/\/periodicocentroccidente.com\/wp-content\/uploads\/2026\/08\/1009806332.jpg","jetpack_sharing_enabled":true,"jetpack-related-posts":[],"_links":{"self":[{"href":"https:\/\/periodicocentroccidente.com\/index.php?rest_route=\/wp\/v2\/posts\/9722","targetHints":{"allow":["GET"]}}],"collection":[{"href":"https:\/\/periodicocentroccidente.com\/index.php?rest_route=\/wp\/v2\/posts"}],"about":[{"href":"https:\/\/periodicocentroccidente.com\/index.php?rest_route=\/wp\/v2\/types\/post"}],"author":[{"embeddable":true,"href":"https:\/\/periodicocentroccidente.com\/index.php?rest_route=\/wp\/v2\/users\/2"}],"replies":[{"embeddable":true,"href":"https:\/\/periodicocentroccidente.com\/index.php?rest_route=%2Fwp%2Fv2%2Fcomments&post=9722"}],"version-history":[{"count":1,"href":"https:\/\/periodicocentroccidente.com\/index.php?rest_route=\/wp\/v2\/posts\/9722\/revisions"}],"predecessor-version":[{"id":9724,"href":"https:\/\/periodicocentroccidente.com\/index.php?rest_route=\/wp\/v2\/posts\/9722\/revisions\/9724"}],"wp:featuredmedia":[{"embeddable":true,"href":"https:\/\/periodicocentroccidente.com\/index.php?rest_route=\/wp\/v2\/media\/9723"}],"wp:attachment":[{"href":"https:\/\/periodicocentroccidente.com\/index.php?rest_route=%2Fwp%2Fv2%2Fmedia&parent=9722"}],"wp:term":[{"taxonomy":"category","embeddable":true,"href":"https:\/\/periodicocentroccidente.com\/index.php?rest_route=%2Fwp%2Fv2%2Fcategories&post=9722"},{"taxonomy":"post_tag","embeddable":true,"href":"https:\/\/periodicocentroccidente.com\/index.php?rest_route=%2Fwp%2Fv2%2Ftags&post=9722"}],"curies":[{"name":"wp","href":"https:\/\/api.w.org\/{rel}","templated":true}]}}