{"id":9714,"date":"2026-08-31T19:52:50","date_gmt":"2026-08-31T19:52:50","guid":{"rendered":"https:\/\/periodicocentroccidente.com\/?p=9714"},"modified":"2026-08-31T19:52:50","modified_gmt":"2026-08-31T19:52:50","slug":"arranca-con-fuerza-el-plan-de-humanizacion-y-rescate-de-parques-y-plazas-del-municipio-paez","status":"publish","type":"post","link":"https:\/\/periodicocentroccidente.com\/?p=9714","title":{"rendered":"Arranca con fuerza el plan de humanizaci\u00f3n y rescate de parques y plazas del Municipio P\u00e1ez"},"content":{"rendered":"<p><strong>Especial.-<\/strong><\/p>\n<div dir=\"auto\">. La Gobernaci\u00f3n de Portuguesa y la Alcald\u00eda de P\u00e1ez, dan inicio a una profunda transformaci\u00f3n urbana para devolverle a los ciudadanos espacios de encuentro, recreaci\u00f3n y sano esparcimiento.<\/div>\n<div dir=\"auto\"><\/div>\n<div dir=\"auto\">Con el firme prop\u00f3sito de consolidar una ciudad m\u00e1s humana, verde y vibrante, esta\u00a0 en marcha el Plan de Recuperaci\u00f3n de Parques y Plazas del municipio P\u00e1ez, una iniciativa orientada a fortalecer la uni\u00f3n familiar y el bienestar colectivo a trav\u00e9s del rescate de los espacios p\u00fablicos.<\/div>\n<div dir=\"auto\"><\/div>\n<div dir=\"auto\">\u200bEste importante despliegue de trabajo se ejecuta siguiendo las directrices de la presidenta Delcy Rodr\u00edguez, el gobernador Primitivo Cede\u00f1o y el alcalde Jos\u00e9 \u00c1ngel L\u00f3pez, quienes reafirman su compromiso con la optimizaci\u00f3n de la calidad de vida de los acarig\u00fce\u00f1os.<\/div>\n<div dir=\"auto\"><\/div>\n<div dir=\"auto\">\u200bEl plan contempla la intervenci\u00f3n integral de emblem\u00e1ticos puntos de encuentro para el disfrute de grandes y chicos, abarcando la rehabilitaci\u00f3n de:<\/div>\n<div dir=\"auto\"><strong>Parque Mano Nerio,\u00a0<\/strong><\/div>\n<div dir=\"auto\"><strong>\u200bPlaza Ana Susana de Ousset, \u200bPlaza El Indio, \u200bPaseo Ecol\u00f3gico de Acarigua Oswaldo Barbera,\u00a0<\/strong><\/div>\n<div dir=\"auto\"><strong>\u200bPlaza Andr\u00e9s Eloy Blanco, \u200bParque Colmenares Gil y el<\/strong><\/div>\n<div dir=\"auto\"><strong>\u200bParque Jacinto Lara, \u200bespacios vivos para el reencuentro.\u00a0<\/strong><\/div>\n<div dir=\"auto\"><\/div>\n<div dir=\"auto\">\u200bLa transformaci\u00f3n de estos espacios no solo comprende mejoras en su infraestructura \u2014tales como la recuperaci\u00f3n de caminer\u00edas, embellecimiento de \u00e1reas verdes, pintura general y modernizaci\u00f3n del sistema de iluminaci\u00f3n\u2014, sino que est\u00e1 concebida para convertirlos en verdaderos epicentros de la vida comunitaria.<\/div>\n<div dir=\"auto\"><\/div>\n<div dir=\"auto\">\u200bCon estos trabajos, las familias del municipio P\u00e1ez, contar\u00e1n nuevamente con \u00e1reas seguras, agradables y dotadas para la pr\u00e1ctica de actividades recreativas, deportivas, culturales y de sano esparcimiento al aire libre, promoviendo los valores de convivencia ciudadana y el amor por lo nuestro.<\/div>\n<div dir=\"auto\"><\/div>\n<div dir=\"auto\">\u200bCon gesti\u00f3n, constancia y trabajo en equipo, el Gobierno Bolivariano sigue transformando el municipio P\u00e1ez, en una ciudad para la vida y la familia.<\/div>\n<div dir=\"auto\"><\/div>\n<div dir=\"auto\"><img loading=\"lazy\" decoding=\"async\" class=\"alignnone size-medium wp-image-9718\" src=\"https:\/\/periodicocentroccidente.com\/wp-content\/uploads\/2026\/08\/1009806365-169x300.jpg\" alt=\"\" width=\"169\" height=\"300\" srcset=\"https:\/\/periodicocentroccidente.com\/wp-content\/uploads\/2026\/08\/1009806365-169x300.jpg 169w, https:\/\/periodicocentroccidente.com\/wp-content\/uploads\/2026\/08\/1009806365-577x1024.jpg 577w, https:\/\/periodicocentroccidente.com\/wp-content\/uploads\/2026\/08\/1009806365.jpg 721w\" sizes=\"auto, (max-width: 169px) 100vw, 169px\" \/>\u00a0 \u00a0 \u00a0 <img loading=\"lazy\" decoding=\"async\" class=\"alignnone size-medium wp-image-9717\" src=\"https:\/\/periodicocentroccidente.com\/wp-content\/uploads\/2026\/08\/1009806364-169x300.jpg\" alt=\"\" width=\"169\" height=\"300\" srcset=\"https:\/\/periodicocentroccidente.com\/wp-content\/uploads\/2026\/08\/1009806364-169x300.jpg 169w, https:\/\/periodicocentroccidente.com\/wp-content\/uploads\/2026\/08\/1009806364-577x1024.jpg 577w, https:\/\/periodicocentroccidente.com\/wp-content\/uploads\/2026\/08\/1009806364.jpg 721w\" sizes=\"auto, (max-width: 169px) 100vw, 169px\" \/>\u00a0 \u00a0 \u00a0 <img loading=\"lazy\" decoding=\"async\" class=\"alignnone size-medium wp-image-9716\" src=\"https:\/\/periodicocentroccidente.com\/wp-content\/uploads\/2026\/08\/1009806363-169x300.jpg\" alt=\"\" width=\"169\" height=\"300\" srcset=\"https:\/\/periodicocentroccidente.com\/wp-content\/uploads\/2026\/08\/1009806363-169x300.jpg 169w, https:\/\/periodicocentroccidente.com\/wp-content\/uploads\/2026\/08\/1009806363-577x1024.jpg 577w, https:\/\/periodicocentroccidente.com\/wp-content\/uploads\/2026\/08\/1009806363.jpg 721w\" sizes=\"auto, (max-width: 169px) 100vw, 169px\" \/><\/div>\n<div class=\"yj6qo\"><\/div>\n<div class=\"adL\" dir=\"auto\"><\/div>\n","protected":false},"excerpt":{"rendered":"<p>Especial.- . La Gobernaci&oacute;n de Portuguesa y la Alcald&iacute;a de P&aacute;ez, dan inicio a una profunda transformaci&oacute;n urbana para devolverle a los ciudadanos espacios de encuentro, recreaci&oacute;n y sano esparcimiento. Con el firme prop&oacute;sito de consolidar una ciudad m&aacute;s humana, verde y vibrante, esta&nbsp; en marcha el Plan de Recuperaci&oacute;n de Parques y Plazas del &hellip;<\/p>\n","protected":false},"author":2,"featured_media":9715,"comment_status":"open","ping_status":"open","sticky":false,"template":"","format":"standard","meta":{"_jetpack_memberships_contains_paid_content":false,"footnotes":""},"categories":[128],"tags":[],"class_list":["post-9714","post","type-post","status-publish","format-standard","has-post-thumbnail","hentry","category-noticias-del-cono-norte"],"yoast_head":"<!-- This site is optimized with the Yoast SEO plugin v24.8.1 - https:\/\/yoast.com\/wordpress\/plugins\/seo\/ -->\n<title>Arranca con fuerza el plan de humanizaci\u00f3n y rescate de parques y plazas del Municipio P\u00e1ez -<\/title>\n<meta name=\"robots\" content=\"index, follow, max-snippet:-1, max-image-preview:large, max-video-preview:-1\" \/>\n<link rel=\"canonical\" href=\"https:\/\/periodicocentroccidente.com\/?p=9714\" \/>\n<meta property=\"og:locale\" content=\"es_ES\" \/>\n<meta property=\"og:type\" content=\"article\" \/>\n<meta property=\"og:title\" content=\"Arranca con fuerza el plan de humanizaci\u00f3n y rescate de parques y plazas del Municipio P\u00e1ez -\" \/>\n<meta property=\"og:description\" content=\"Especial.- . La Gobernaci&oacute;n de Portuguesa y la Alcald&iacute;a de P&aacute;ez, dan inicio a una profunda transformaci&oacute;n urbana para devolverle a los ciudadanos espacios de encuentro, recreaci&oacute;n y sano esparcimiento. Con el firme prop&oacute;sito de consolidar una ciudad m&aacute;s humana, verde y vibrante, esta&nbsp; en marcha el Plan de Recuperaci&oacute;n de Parques y Plazas del &hellip;\" \/>\n<meta property=\"og:url\" content=\"https:\/\/periodicocentroccidente.com\/?p=9714\" \/>\n<meta property=\"article:published_time\" content=\"2026-08-31T19:52:50+00:00\" \/>\n<meta property=\"og:image\" content=\"https:\/\/periodicocentroccidente.com\/wp-content\/uploads\/2026\/08\/1009806362.jpg\" \/>\n\t<meta property=\"og:image:width\" content=\"1280\" \/>\n\t<meta property=\"og:image:height\" content=\"721\" \/>\n\t<meta property=\"og:image:type\" content=\"image\/jpeg\" \/>\n<meta name=\"author\" content=\"Ricardo\" \/>\n<meta name=\"twitter:card\" content=\"summary_large_image\" \/>\n<meta name=\"twitter:label1\" content=\"Escrito por\" \/>\n\t<meta name=\"twitter:data1\" content=\"Ricardo\" \/>\n\t<meta name=\"twitter:label2\" content=\"Tiempo de lectura\" \/>\n\t<meta name=\"twitter:data2\" content=\"3 minutos\" \/>\n<script type=\"application\/ld+json\" class=\"yoast-schema-graph\">{\"@context\":\"https:\/\/schema.org\",\"@graph\":[{\"@type\":\"WebPage\",\"@id\":\"https:\/\/periodicocentroccidente.com\/?p=9714\",\"url\":\"https:\/\/periodicocentroccidente.com\/?p=9714\",\"name\":\"Arranca con fuerza el plan de humanizaci\u00f3n y rescate de parques y plazas del Municipio P\u00e1ez -\",\"isPartOf\":{\"@id\":\"https:\/\/periodicocentroccidente.com\/#website\"},\"primaryImageOfPage\":{\"@id\":\"https:\/\/periodicocentroccidente.com\/?p=9714#primaryimage\"},\"image\":{\"@id\":\"https:\/\/periodicocentroccidente.com\/?p=9714#primaryimage\"},\"thumbnailUrl\":\"https:\/\/periodicocentroccidente.com\/wp-content\/uploads\/2026\/08\/1009806362.jpg\",\"datePublished\":\"2026-08-31T19:52:50+00:00\",\"author\":{\"@id\":\"https:\/\/periodicocentroccidente.com\/#\/schema\/person\/f4e4a651098f3db198244657b7130e7e\"},\"breadcrumb\":{\"@id\":\"https:\/\/periodicocentroccidente.com\/?p=9714#breadcrumb\"},\"inLanguage\":\"es\",\"potentialAction\":[{\"@type\":\"ReadAction\",\"target\":[\"https:\/\/periodicocentroccidente.com\/?p=9714\"]}]},{\"@type\":\"ImageObject\",\"inLanguage\":\"es\",\"@id\":\"https:\/\/periodicocentroccidente.com\/?p=9714#primaryimage\",\"url\":\"https:\/\/periodicocentroccidente.com\/wp-content\/uploads\/2026\/08\/1009806362.jpg\",\"contentUrl\":\"https:\/\/periodicocentroccidente.com\/wp-content\/uploads\/2026\/08\/1009806362.jpg\",\"width\":1280,\"height\":721},{\"@type\":\"BreadcrumbList\",\"@id\":\"https:\/\/periodicocentroccidente.com\/?p=9714#breadcrumb\",\"itemListElement\":[{\"@type\":\"ListItem\",\"position\":1,\"name\":\"Portada\",\"item\":\"https:\/\/periodicocentroccidente.com\/\"},{\"@type\":\"ListItem\",\"position\":2,\"name\":\"Arranca con fuerza el plan de humanizaci\u00f3n y rescate de parques y plazas del Municipio P\u00e1ez\"}]},{\"@type\":\"WebSite\",\"@id\":\"https:\/\/periodicocentroccidente.com\/#website\",\"url\":\"https:\/\/periodicocentroccidente.com\/\",\"name\":\"\",\"description\":\"Periodismo serio y responsable\",\"potentialAction\":[{\"@type\":\"SearchAction\",\"target\":{\"@type\":\"EntryPoint\",\"urlTemplate\":\"https:\/\/periodicocentroccidente.com\/?s={search_term_string}\"},\"query-input\":{\"@type\":\"PropertyValueSpecification\",\"valueRequired\":true,\"valueName\":\"search_term_string\"}}],\"inLanguage\":\"es\"},{\"@type\":\"Person\",\"@id\":\"https:\/\/periodicocentroccidente.com\/#\/schema\/person\/f4e4a651098f3db198244657b7130e7e\",\"name\":\"Ricardo\",\"image\":{\"@type\":\"ImageObject\",\"inLanguage\":\"es\",\"@id\":\"https:\/\/periodicocentroccidente.com\/#\/schema\/person\/image\/\",\"url\":\"https:\/\/secure.gravatar.com\/avatar\/402e6137108ec0fdaa7809184382fb1dd2f8b00264c1d945d341f2b8f90db429?s=96&d=mm&r=g\",\"contentUrl\":\"https:\/\/secure.gravatar.com\/avatar\/402e6137108ec0fdaa7809184382fb1dd2f8b00264c1d945d341f2b8f90db429?s=96&d=mm&r=g\",\"caption\":\"Ricardo\"},\"url\":\"https:\/\/periodicocentroccidente.com\/?author=2\"}]}<\/script>\n<!-- \/ Yoast SEO plugin. -->","yoast_head_json":{"title":"Arranca con fuerza el plan de humanizaci\u00f3n y rescate de parques y plazas del Municipio P\u00e1ez -","robots":{"index":"index","follow":"follow","max-snippet":"max-snippet:-1","max-image-preview":"max-image-preview:large","max-video-preview":"max-video-preview:-1"},"canonical":"https:\/\/periodicocentroccidente.com\/?p=9714","og_locale":"es_ES","og_type":"article","og_title":"Arranca con fuerza el plan de humanizaci\u00f3n y rescate de parques y plazas del Municipio P\u00e1ez -","og_description":"Especial.- . La Gobernaci&oacute;n de Portuguesa y la Alcald&iacute;a de P&aacute;ez, dan inicio a una profunda transformaci&oacute;n urbana para devolverle a los ciudadanos espacios de encuentro, recreaci&oacute;n y sano esparcimiento. Con el firme prop&oacute;sito de consolidar una ciudad m&aacute;s humana, verde y vibrante, esta&nbsp; en marcha el Plan de Recuperaci&oacute;n de Parques y Plazas del &hellip;","og_url":"https:\/\/periodicocentroccidente.com\/?p=9714","article_published_time":"2026-08-31T19:52:50+00:00","og_image":[{"width":1280,"height":721,"url":"https:\/\/periodicocentroccidente.com\/wp-content\/uploads\/2026\/08\/1009806362.jpg","type":"image\/jpeg"}],"author":"Ricardo","twitter_card":"summary_large_image","twitter_misc":{"Escrito por":"Ricardo","Tiempo de lectura":"3 minutos"},"schema":{"@context":"https:\/\/schema.org","@graph":[{"@type":"WebPage","@id":"https:\/\/periodicocentroccidente.com\/?p=9714","url":"https:\/\/periodicocentroccidente.com\/?p=9714","name":"Arranca con fuerza el plan de humanizaci\u00f3n y rescate de parques y plazas del Municipio P\u00e1ez -","isPartOf":{"@id":"https:\/\/periodicocentroccidente.com\/#website"},"primaryImageOfPage":{"@id":"https:\/\/periodicocentroccidente.com\/?p=9714#primaryimage"},"image":{"@id":"https:\/\/periodicocentroccidente.com\/?p=9714#primaryimage"},"thumbnailUrl":"https:\/\/periodicocentroccidente.com\/wp-content\/uploads\/2026\/08\/1009806362.jpg","datePublished":"2026-08-31T19:52:50+00:00","author":{"@id":"https:\/\/periodicocentroccidente.com\/#\/schema\/person\/f4e4a651098f3db198244657b7130e7e"},"breadcrumb":{"@id":"https:\/\/periodicocentroccidente.com\/?p=9714#breadcrumb"},"inLanguage":"es","potentialAction":[{"@type":"ReadAction","target":["https:\/\/periodicocentroccidente.com\/?p=9714"]}]},{"@type":"ImageObject","inLanguage":"es","@id":"https:\/\/periodicocentroccidente.com\/?p=9714#primaryimage","url":"https:\/\/periodicocentroccidente.com\/wp-content\/uploads\/2026\/08\/1009806362.jpg","contentUrl":"https:\/\/periodicocentroccidente.com\/wp-content\/uploads\/2026\/08\/1009806362.jpg","width":1280,"height":721},{"@type":"BreadcrumbList","@id":"https:\/\/periodicocentroccidente.com\/?p=9714#breadcrumb","itemListElement":[{"@type":"ListItem","position":1,"name":"Portada","item":"https:\/\/periodicocentroccidente.com\/"},{"@type":"ListItem","position":2,"name":"Arranca con fuerza el plan de humanizaci\u00f3n y rescate de parques y plazas del Municipio P\u00e1ez"}]},{"@type":"WebSite","@id":"https:\/\/periodicocentroccidente.com\/#website","url":"https:\/\/periodicocentroccidente.com\/","name":"","description":"Periodismo serio y responsable","potentialAction":[{"@type":"SearchAction","target":{"@type":"EntryPoint","urlTemplate":"https:\/\/periodicocentroccidente.com\/?s={search_term_string}"},"query-input":{"@type":"PropertyValueSpecification","valueRequired":true,"valueName":"search_term_string"}}],"inLanguage":"es"},{"@type":"Person","@id":"https:\/\/periodicocentroccidente.com\/#\/schema\/person\/f4e4a651098f3db198244657b7130e7e","name":"Ricardo","image":{"@type":"ImageObject","inLanguage":"es","@id":"https:\/\/periodicocentroccidente.com\/#\/schema\/person\/image\/","url":"https:\/\/secure.gravatar.com\/avatar\/402e6137108ec0fdaa7809184382fb1dd2f8b00264c1d945d341f2b8f90db429?s=96&d=mm&r=g","contentUrl":"https:\/\/secure.gravatar.com\/avatar\/402e6137108ec0fdaa7809184382fb1dd2f8b00264c1d945d341f2b8f90db429?s=96&d=mm&r=g","caption":"Ricardo"},"url":"https:\/\/periodicocentroccidente.com\/?author=2"}]}},"jetpack_featured_media_url":"https:\/\/periodicocentroccidente.com\/wp-content\/uploads\/2026\/08\/1009806362.jpg","jetpack_sharing_enabled":true,"jetpack-related-posts":[],"_links":{"self":[{"href":"https:\/\/periodicocentroccidente.com\/index.php?rest_route=\/wp\/v2\/posts\/9714","targetHints":{"allow":["GET"]}}],"collection":[{"href":"https:\/\/periodicocentroccidente.com\/index.php?rest_route=\/wp\/v2\/posts"}],"about":[{"href":"https:\/\/periodicocentroccidente.com\/index.php?rest_route=\/wp\/v2\/types\/post"}],"author":[{"embeddable":true,"href":"https:\/\/periodicocentroccidente.com\/index.php?rest_route=\/wp\/v2\/users\/2"}],"replies":[{"embeddable":true,"href":"https:\/\/periodicocentroccidente.com\/index.php?rest_route=%2Fwp%2Fv2%2Fcomments&post=9714"}],"version-history":[{"count":1,"href":"https:\/\/periodicocentroccidente.com\/index.php?rest_route=\/wp\/v2\/posts\/9714\/revisions"}],"predecessor-version":[{"id":9721,"href":"https:\/\/periodicocentroccidente.com\/index.php?rest_route=\/wp\/v2\/posts\/9714\/revisions\/9721"}],"wp:featuredmedia":[{"embeddable":true,"href":"https:\/\/periodicocentroccidente.com\/index.php?rest_route=\/wp\/v2\/media\/9715"}],"wp:attachment":[{"href":"https:\/\/periodicocentroccidente.com\/index.php?rest_route=%2Fwp%2Fv2%2Fmedia&parent=9714"}],"wp:term":[{"taxonomy":"category","embeddable":true,"href":"https:\/\/periodicocentroccidente.com\/index.php?rest_route=%2Fwp%2Fv2%2Fcategories&post=9714"},{"taxonomy":"post_tag","embeddable":true,"href":"https:\/\/periodicocentroccidente.com\/index.php?rest_route=%2Fwp%2Fv2%2Ftags&post=9714"}],"curies":[{"name":"wp","href":"https:\/\/api.w.org\/{rel}","templated":true}]}}