{"id":9678,"date":"2026-08-28T18:33:04","date_gmt":"2026-08-28T18:33:04","guid":{"rendered":"https:\/\/periodicocentroccidente.com\/?p=9678"},"modified":"2026-08-28T18:33:04","modified_gmt":"2026-08-28T18:33:04","slug":"sintesis-deportiva-44","status":"publish","type":"post","link":"https:\/\/periodicocentroccidente.com\/?p=9678","title":{"rendered":"Sintesis Deportiva"},"content":{"rendered":"<p><strong>LA MEJOR LINEA DEFENSIVA<\/strong> en Copas del Mundo la conformaron los italianos Giuseppe Bergomi, Alessandro Costacurta, Franco Baresi y Paolo Maldini. Era dif\u00edcil pasar a estas murallas, pilares fundamentales de la azurra entre 1.980 y 1.990\u2026El pasado 22 de junio se cumplieron cuatro d\u00e9cadas del mejor gol en la historia de los mundiales, cuando en el estadio Azteca de M\u00e9xico, el astro argentino Diego Armando Maradona lograra eludir a seis rivales ingleses desde la media cancha. Fue una acci\u00f3n espectacular del siempre recordado \u201cPelusa\u201d\u2026Concentraci\u00f3n a fondo y gran despliegue permitieron a Metropolitanos detener el gran ritmo que tra\u00eda el Deportivo T\u00e1chira\u2026El paname\u00f1o Ovidio L\u00f3pez ya empieza a mostrar su jerarqu\u00eda con la tropa del Portuguesa FC. Un extremo inteligente y desequilibrante. \u201cHe venido a triunfar con este equipo\u201d, indic\u00f3 optimista\u2026Santos Torrealba, Jos\u00e9 Flores, Yonaiber P\u00e9rez, \u00c1ngel Le\u00f3n, Elis Rito, Robert y Julio Pati\u00f1o entre las grandes promesas del Zamora. El conjunto federal gan\u00f3 de manera convincente a UCV. Estupendo regalo para la hinchada de la furia llanera en la celebraci\u00f3n de su 24 aniversario. El soberbio golazo de Arles Flores entre los mejores de la campa\u00f1a\u2026Un semestre positivo para el joven delantero Jehov\u00e1 Osorio en Segunda Divisi\u00f3n, quien lleva 18 anotaciones con el Atl\u00e9tico Barinas&#8230;<strong>GREIVIS VASQUEZ <\/strong>anda en campa\u00f1a. \u201cTengo muchas ganas de dirigir el baloncesto venezolano y con altos conocimientos para llevar este deporte a otro nivel\u201d, apunt\u00f3 el ex \u2013NBA caraque\u00f1o, quien se desempe\u00f1aba como piloto y escolta\u202632 a\u00f1os de fruct\u00edfera labor la escuela de b\u00e1squet menor Ram\u00f3n \u201cTulo\u201d Rivero ubicada en Tinaquillo estado Cojedes\u2026<strong>ALEXIS MENDEZ<\/strong> ha sido uno de los mejores ciclistas nativos de la historia. Naci\u00f3 un 23 de octubre de 1.969 en Tariba y defendi\u00f3 con mucho orgullo la camiseta de la selecci\u00f3n nacional. Actualmente se desempe\u00f1a como entrenador \u2026<strong>UNA DUPLA SENSACIONAL<\/strong> la que conformaron el puertorrique\u00f1o Roberto Alomar y el criollo Omar Vizquel como segunda base y campocorto en las filas de los Indios de Cleveland, donde jugaron entre 1.999 y 2.001, ejecutando 501 dobles plays, con un impresionante porcentaje de fildeo de 988. Ambos se entend\u00edan a la perfecci\u00f3n como ganadores del Guante de Oro. El boricua ingreso en 2.011 al Sal\u00f3n de la Fama, mientras que el shortstop sigue a la espera\u2026Por cierto que el c\u00e1tcher larense Gabriel Moreno sigue brillando con Arizona y es uno de los bateadores m\u00e1s calientes de las \u00faltimas dos semanas junto a Alex Bregman (Cachorros) y Pete Alonzo (Orioles)<strong> \u2026Se termin\u00f3 el espacio\u2026Mis respetos para todo el pa\u00eds.<\/strong><\/p>\n<p><img loading=\"lazy\" decoding=\"async\" class=\"alignnone size-medium wp-image-9679\" src=\"https:\/\/periodicocentroccidente.com\/wp-content\/uploads\/2026\/08\/PAOLO-MALDINI-300x200.jpg\" alt=\"\" width=\"300\" height=\"200\" srcset=\"https:\/\/periodicocentroccidente.com\/wp-content\/uploads\/2026\/08\/PAOLO-MALDINI-300x200.jpg 300w, https:\/\/periodicocentroccidente.com\/wp-content\/uploads\/2026\/08\/PAOLO-MALDINI-768x512.jpg 768w, https:\/\/periodicocentroccidente.com\/wp-content\/uploads\/2026\/08\/PAOLO-MALDINI.jpg 1024w\" sizes=\"auto, (max-width: 300px) 100vw, 300px\" \/><\/p>\n","protected":false},"excerpt":{"rendered":"<p>LA MEJOR LINEA DEFENSIVA en Copas del Mundo la conformaron los italianos Giuseppe Bergomi, Alessandro Costacurta, Franco Baresi y Paolo Maldini. Era dif&iacute;cil pasar a estas murallas, pilares fundamentales de la azurra entre 1.980 y 1.990&hellip;El pasado 22 de junio se cumplieron cuatro d&eacute;cadas del mejor gol en la historia de los mundiales, cuando en &hellip;<\/p>\n","protected":false},"author":2,"featured_media":7885,"comment_status":"open","ping_status":"open","sticky":false,"template":"","format":"standard","meta":{"_jetpack_memberships_contains_paid_content":false,"footnotes":""},"categories":[127],"tags":[],"class_list":["post-9678","post","type-post","status-publish","format-standard","has-post-thumbnail","hentry","category-noticias-recientes"],"yoast_head":"<!-- This site is optimized with the Yoast SEO plugin v24.8.1 - https:\/\/yoast.com\/wordpress\/plugins\/seo\/ -->\n<title>Sintesis Deportiva -<\/title>\n<meta name=\"robots\" content=\"index, follow, max-snippet:-1, max-image-preview:large, max-video-preview:-1\" \/>\n<link rel=\"canonical\" href=\"https:\/\/periodicocentroccidente.com\/?p=9678\" \/>\n<meta property=\"og:locale\" content=\"es_ES\" \/>\n<meta property=\"og:type\" content=\"article\" \/>\n<meta property=\"og:title\" content=\"Sintesis Deportiva -\" \/>\n<meta property=\"og:description\" content=\"LA MEJOR LINEA DEFENSIVA en Copas del Mundo la conformaron los italianos Giuseppe Bergomi, Alessandro Costacurta, Franco Baresi y Paolo Maldini. Era dif&iacute;cil pasar a estas murallas, pilares fundamentales de la azurra entre 1.980 y 1.990&hellip;El pasado 22 de junio se cumplieron cuatro d&eacute;cadas del mejor gol en la historia de los mundiales, cuando en &hellip;\" \/>\n<meta property=\"og:url\" content=\"https:\/\/periodicocentroccidente.com\/?p=9678\" \/>\n<meta property=\"article:published_time\" content=\"2026-08-28T18:33:04+00:00\" \/>\n<meta property=\"og:image\" content=\"https:\/\/periodicocentroccidente.com\/wp-content\/uploads\/2026\/05\/IMG-20260524-WA0052.jpg\" \/>\n\t<meta property=\"og:image:width\" content=\"1280\" \/>\n\t<meta property=\"og:image:height\" content=\"540\" \/>\n\t<meta property=\"og:image:type\" content=\"image\/jpeg\" \/>\n<meta name=\"author\" content=\"Ricardo\" \/>\n<meta name=\"twitter:card\" content=\"summary_large_image\" \/>\n<meta name=\"twitter:label1\" content=\"Escrito por\" \/>\n\t<meta name=\"twitter:data1\" content=\"Ricardo\" \/>\n\t<meta name=\"twitter:label2\" content=\"Tiempo de lectura\" \/>\n\t<meta name=\"twitter:data2\" content=\"3 minutos\" \/>\n<script type=\"application\/ld+json\" class=\"yoast-schema-graph\">{\"@context\":\"https:\/\/schema.org\",\"@graph\":[{\"@type\":\"WebPage\",\"@id\":\"https:\/\/periodicocentroccidente.com\/?p=9678\",\"url\":\"https:\/\/periodicocentroccidente.com\/?p=9678\",\"name\":\"Sintesis Deportiva -\",\"isPartOf\":{\"@id\":\"https:\/\/periodicocentroccidente.com\/#website\"},\"primaryImageOfPage\":{\"@id\":\"https:\/\/periodicocentroccidente.com\/?p=9678#primaryimage\"},\"image\":{\"@id\":\"https:\/\/periodicocentroccidente.com\/?p=9678#primaryimage\"},\"thumbnailUrl\":\"https:\/\/periodicocentroccidente.com\/wp-content\/uploads\/2026\/05\/IMG-20260524-WA0052.jpg\",\"datePublished\":\"2026-08-28T18:33:04+00:00\",\"author\":{\"@id\":\"https:\/\/periodicocentroccidente.com\/#\/schema\/person\/f4e4a651098f3db198244657b7130e7e\"},\"breadcrumb\":{\"@id\":\"https:\/\/periodicocentroccidente.com\/?p=9678#breadcrumb\"},\"inLanguage\":\"es\",\"potentialAction\":[{\"@type\":\"ReadAction\",\"target\":[\"https:\/\/periodicocentroccidente.com\/?p=9678\"]}]},{\"@type\":\"ImageObject\",\"inLanguage\":\"es\",\"@id\":\"https:\/\/periodicocentroccidente.com\/?p=9678#primaryimage\",\"url\":\"https:\/\/periodicocentroccidente.com\/wp-content\/uploads\/2026\/05\/IMG-20260524-WA0052.jpg\",\"contentUrl\":\"https:\/\/periodicocentroccidente.com\/wp-content\/uploads\/2026\/05\/IMG-20260524-WA0052.jpg\",\"width\":1280,\"height\":540},{\"@type\":\"BreadcrumbList\",\"@id\":\"https:\/\/periodicocentroccidente.com\/?p=9678#breadcrumb\",\"itemListElement\":[{\"@type\":\"ListItem\",\"position\":1,\"name\":\"Portada\",\"item\":\"https:\/\/periodicocentroccidente.com\/\"},{\"@type\":\"ListItem\",\"position\":2,\"name\":\"Sintesis Deportiva\"}]},{\"@type\":\"WebSite\",\"@id\":\"https:\/\/periodicocentroccidente.com\/#website\",\"url\":\"https:\/\/periodicocentroccidente.com\/\",\"name\":\"\",\"description\":\"Periodismo serio y responsable\",\"potentialAction\":[{\"@type\":\"SearchAction\",\"target\":{\"@type\":\"EntryPoint\",\"urlTemplate\":\"https:\/\/periodicocentroccidente.com\/?s={search_term_string}\"},\"query-input\":{\"@type\":\"PropertyValueSpecification\",\"valueRequired\":true,\"valueName\":\"search_term_string\"}}],\"inLanguage\":\"es\"},{\"@type\":\"Person\",\"@id\":\"https:\/\/periodicocentroccidente.com\/#\/schema\/person\/f4e4a651098f3db198244657b7130e7e\",\"name\":\"Ricardo\",\"image\":{\"@type\":\"ImageObject\",\"inLanguage\":\"es\",\"@id\":\"https:\/\/periodicocentroccidente.com\/#\/schema\/person\/image\/\",\"url\":\"https:\/\/secure.gravatar.com\/avatar\/402e6137108ec0fdaa7809184382fb1dd2f8b00264c1d945d341f2b8f90db429?s=96&d=mm&r=g\",\"contentUrl\":\"https:\/\/secure.gravatar.com\/avatar\/402e6137108ec0fdaa7809184382fb1dd2f8b00264c1d945d341f2b8f90db429?s=96&d=mm&r=g\",\"caption\":\"Ricardo\"},\"url\":\"https:\/\/periodicocentroccidente.com\/?author=2\"}]}<\/script>\n<!-- \/ Yoast SEO plugin. -->","yoast_head_json":{"title":"Sintesis Deportiva -","robots":{"index":"index","follow":"follow","max-snippet":"max-snippet:-1","max-image-preview":"max-image-preview:large","max-video-preview":"max-video-preview:-1"},"canonical":"https:\/\/periodicocentroccidente.com\/?p=9678","og_locale":"es_ES","og_type":"article","og_title":"Sintesis Deportiva -","og_description":"LA MEJOR LINEA DEFENSIVA en Copas del Mundo la conformaron los italianos Giuseppe Bergomi, Alessandro Costacurta, Franco Baresi y Paolo Maldini. Era dif&iacute;cil pasar a estas murallas, pilares fundamentales de la azurra entre 1.980 y 1.990&hellip;El pasado 22 de junio se cumplieron cuatro d&eacute;cadas del mejor gol en la historia de los mundiales, cuando en &hellip;","og_url":"https:\/\/periodicocentroccidente.com\/?p=9678","article_published_time":"2026-08-28T18:33:04+00:00","og_image":[{"width":1280,"height":540,"url":"https:\/\/periodicocentroccidente.com\/wp-content\/uploads\/2026\/05\/IMG-20260524-WA0052.jpg","type":"image\/jpeg"}],"author":"Ricardo","twitter_card":"summary_large_image","twitter_misc":{"Escrito por":"Ricardo","Tiempo de lectura":"3 minutos"},"schema":{"@context":"https:\/\/schema.org","@graph":[{"@type":"WebPage","@id":"https:\/\/periodicocentroccidente.com\/?p=9678","url":"https:\/\/periodicocentroccidente.com\/?p=9678","name":"Sintesis Deportiva -","isPartOf":{"@id":"https:\/\/periodicocentroccidente.com\/#website"},"primaryImageOfPage":{"@id":"https:\/\/periodicocentroccidente.com\/?p=9678#primaryimage"},"image":{"@id":"https:\/\/periodicocentroccidente.com\/?p=9678#primaryimage"},"thumbnailUrl":"https:\/\/periodicocentroccidente.com\/wp-content\/uploads\/2026\/05\/IMG-20260524-WA0052.jpg","datePublished":"2026-08-28T18:33:04+00:00","author":{"@id":"https:\/\/periodicocentroccidente.com\/#\/schema\/person\/f4e4a651098f3db198244657b7130e7e"},"breadcrumb":{"@id":"https:\/\/periodicocentroccidente.com\/?p=9678#breadcrumb"},"inLanguage":"es","potentialAction":[{"@type":"ReadAction","target":["https:\/\/periodicocentroccidente.com\/?p=9678"]}]},{"@type":"ImageObject","inLanguage":"es","@id":"https:\/\/periodicocentroccidente.com\/?p=9678#primaryimage","url":"https:\/\/periodicocentroccidente.com\/wp-content\/uploads\/2026\/05\/IMG-20260524-WA0052.jpg","contentUrl":"https:\/\/periodicocentroccidente.com\/wp-content\/uploads\/2026\/05\/IMG-20260524-WA0052.jpg","width":1280,"height":540},{"@type":"BreadcrumbList","@id":"https:\/\/periodicocentroccidente.com\/?p=9678#breadcrumb","itemListElement":[{"@type":"ListItem","position":1,"name":"Portada","item":"https:\/\/periodicocentroccidente.com\/"},{"@type":"ListItem","position":2,"name":"Sintesis Deportiva"}]},{"@type":"WebSite","@id":"https:\/\/periodicocentroccidente.com\/#website","url":"https:\/\/periodicocentroccidente.com\/","name":"","description":"Periodismo serio y responsable","potentialAction":[{"@type":"SearchAction","target":{"@type":"EntryPoint","urlTemplate":"https:\/\/periodicocentroccidente.com\/?s={search_term_string}"},"query-input":{"@type":"PropertyValueSpecification","valueRequired":true,"valueName":"search_term_string"}}],"inLanguage":"es"},{"@type":"Person","@id":"https:\/\/periodicocentroccidente.com\/#\/schema\/person\/f4e4a651098f3db198244657b7130e7e","name":"Ricardo","image":{"@type":"ImageObject","inLanguage":"es","@id":"https:\/\/periodicocentroccidente.com\/#\/schema\/person\/image\/","url":"https:\/\/secure.gravatar.com\/avatar\/402e6137108ec0fdaa7809184382fb1dd2f8b00264c1d945d341f2b8f90db429?s=96&d=mm&r=g","contentUrl":"https:\/\/secure.gravatar.com\/avatar\/402e6137108ec0fdaa7809184382fb1dd2f8b00264c1d945d341f2b8f90db429?s=96&d=mm&r=g","caption":"Ricardo"},"url":"https:\/\/periodicocentroccidente.com\/?author=2"}]}},"jetpack_featured_media_url":"https:\/\/periodicocentroccidente.com\/wp-content\/uploads\/2026\/05\/IMG-20260524-WA0052.jpg","jetpack_sharing_enabled":true,"jetpack-related-posts":[],"_links":{"self":[{"href":"https:\/\/periodicocentroccidente.com\/index.php?rest_route=\/wp\/v2\/posts\/9678","targetHints":{"allow":["GET"]}}],"collection":[{"href":"https:\/\/periodicocentroccidente.com\/index.php?rest_route=\/wp\/v2\/posts"}],"about":[{"href":"https:\/\/periodicocentroccidente.com\/index.php?rest_route=\/wp\/v2\/types\/post"}],"author":[{"embeddable":true,"href":"https:\/\/periodicocentroccidente.com\/index.php?rest_route=\/wp\/v2\/users\/2"}],"replies":[{"embeddable":true,"href":"https:\/\/periodicocentroccidente.com\/index.php?rest_route=%2Fwp%2Fv2%2Fcomments&post=9678"}],"version-history":[{"count":1,"href":"https:\/\/periodicocentroccidente.com\/index.php?rest_route=\/wp\/v2\/posts\/9678\/revisions"}],"predecessor-version":[{"id":9680,"href":"https:\/\/periodicocentroccidente.com\/index.php?rest_route=\/wp\/v2\/posts\/9678\/revisions\/9680"}],"wp:featuredmedia":[{"embeddable":true,"href":"https:\/\/periodicocentroccidente.com\/index.php?rest_route=\/wp\/v2\/media\/7885"}],"wp:attachment":[{"href":"https:\/\/periodicocentroccidente.com\/index.php?rest_route=%2Fwp%2Fv2%2Fmedia&parent=9678"}],"wp:term":[{"taxonomy":"category","embeddable":true,"href":"https:\/\/periodicocentroccidente.com\/index.php?rest_route=%2Fwp%2Fv2%2Fcategories&post=9678"},{"taxonomy":"post_tag","embeddable":true,"href":"https:\/\/periodicocentroccidente.com\/index.php?rest_route=%2Fwp%2Fv2%2Ftags&post=9678"}],"curies":[{"name":"wp","href":"https:\/\/api.w.org\/{rel}","templated":true}]}}