{"id":9649,"date":"2026-08-28T16:01:58","date_gmt":"2026-08-28T16:01:58","guid":{"rendered":"https:\/\/periodicocentroccidente.com\/?p=9649"},"modified":"2026-08-28T16:02:49","modified_gmt":"2026-08-28T16:02:49","slug":"vuelven-las-grandes-emociones-de-la-copa-navidad-de-baloncesto","status":"publish","type":"post","link":"https:\/\/periodicocentroccidente.com\/?p=9649","title":{"rendered":"Vuelven las grandes emociones de la Copa Navidad de Baloncesto"},"content":{"rendered":"<p><strong>Especial.-<\/strong><\/p>\n<p>Tras dos a\u00f1os de inactividad volver\u00e1n las acciones del prestigioso campeonato de baloncesto Copa Navidad, previsto para comenzar el 9 de diciembre con la participaci\u00f3n de seis equipos en las instalaciones de la cancha techada \u201cFrancisco Serrano\u201d de la urbanizaci\u00f3n Banco Obrero de Guanare. Ser\u00e1 la edici\u00f3n n\u00famero 38 de uno de los mejores eventos deportivos que se disputan en la entidad llanera. Se jugar\u00e1n tres encuentros por cada jornada, en homenaje al fundador del evento el abogado y gloria deportiva Antonio Rodr\u00edguez.<\/p>\n<p>Durante una rueda de prensa se ofrecieron detalles de lo que se avecina. Al frente del comit\u00e9 organizador se encuentran Miguel Romero, Gabriela Chirinos, Heriberto Gonz\u00e1lez y Alexander Bechara. Un evento donde han visto acci\u00f3n figuras de gran jerarqu\u00eda nacional e internacional como David D\u00edaz, Daniel Hern\u00e1ndez, Johan Pi\u00f1ero, C\u00e9sar Musett, Pedro Pi\u00f1ero, Rafael Reyes, Henry P\u00e1ez, Juan Carlos Rodr\u00edguez, Pedro Cubill\u00e0n, Michael Flores, Juan Herrera, Rolman Toro, Vladimir Heredia, Windy Graterol, Rafael \u201cChamo\u201d P\u00e9rez, Javinger Vargas, entre otros. \u201cLos portuguese\u00f1os nos vestimos de gala nuevamente y pr\u00f3ximamente haremos otros anuncios\u201d, acotaron los informantes.<\/p>\n<p><img loading=\"lazy\" decoding=\"async\" class=\"alignnone size-medium wp-image-9652\" src=\"https:\/\/periodicocentroccidente.com\/wp-content\/uploads\/2026\/08\/202721-840x840-1-300x300.jpg\" alt=\"\" width=\"300\" height=\"300\" srcset=\"https:\/\/periodicocentroccidente.com\/wp-content\/uploads\/2026\/08\/202721-840x840-1-300x300.jpg 300w, https:\/\/periodicocentroccidente.com\/wp-content\/uploads\/2026\/08\/202721-840x840-1-150x150.jpg 150w, https:\/\/periodicocentroccidente.com\/wp-content\/uploads\/2026\/08\/202721-840x840-1-768x768.jpg 768w, https:\/\/periodicocentroccidente.com\/wp-content\/uploads\/2026\/08\/202721-840x840-1.jpg 840w\" sizes=\"auto, (max-width: 300px) 100vw, 300px\" \/><\/p>\n","protected":false},"excerpt":{"rendered":"<p>Especial.- Tras dos a&ntilde;os de inactividad volver&aacute;n las acciones del prestigioso campeonato de baloncesto Copa Navidad, previsto para comenzar el 9 de diciembre con la participaci&oacute;n de seis equipos en las instalaciones de la cancha techada &ldquo;Francisco Serrano&rdquo; de la urbanizaci&oacute;n Banco Obrero de Guanare. Ser&aacute; la edici&oacute;n n&uacute;mero 38 de uno de los mejores &hellip;<\/p>\n","protected":false},"author":2,"featured_media":9650,"comment_status":"open","ping_status":"open","sticky":false,"template":"","format":"standard","meta":{"_jetpack_memberships_contains_paid_content":false,"footnotes":""},"categories":[130],"tags":[],"class_list":["post-9649","post","type-post","status-publish","format-standard","has-post-thumbnail","hentry","category-regionales"],"yoast_head":"<!-- This site is optimized with the Yoast SEO plugin v24.8.1 - https:\/\/yoast.com\/wordpress\/plugins\/seo\/ -->\n<title>Vuelven las grandes emociones de la Copa Navidad de Baloncesto -<\/title>\n<meta name=\"robots\" content=\"index, follow, max-snippet:-1, max-image-preview:large, max-video-preview:-1\" \/>\n<link rel=\"canonical\" href=\"https:\/\/periodicocentroccidente.com\/?p=9649\" \/>\n<meta property=\"og:locale\" content=\"es_ES\" \/>\n<meta property=\"og:type\" content=\"article\" \/>\n<meta property=\"og:title\" content=\"Vuelven las grandes emociones de la Copa Navidad de Baloncesto -\" \/>\n<meta property=\"og:description\" content=\"Especial.- Tras dos a&ntilde;os de inactividad volver&aacute;n las acciones del prestigioso campeonato de baloncesto Copa Navidad, previsto para comenzar el 9 de diciembre con la participaci&oacute;n de seis equipos en las instalaciones de la cancha techada &ldquo;Francisco Serrano&rdquo; de la urbanizaci&oacute;n Banco Obrero de Guanare. Ser&aacute; la edici&oacute;n n&uacute;mero 38 de uno de los mejores &hellip;\" \/>\n<meta property=\"og:url\" content=\"https:\/\/periodicocentroccidente.com\/?p=9649\" \/>\n<meta property=\"article:published_time\" content=\"2026-08-28T16:01:58+00:00\" \/>\n<meta property=\"article:modified_time\" content=\"2026-08-28T16:02:49+00:00\" \/>\n<meta property=\"og:image\" content=\"https:\/\/periodicocentroccidente.com\/wp-content\/uploads\/2026\/08\/Screenshot_20260827_181354_Gmail.jpg\" \/>\n\t<meta property=\"og:image:width\" content=\"1073\" \/>\n\t<meta property=\"og:image:height\" content=\"650\" \/>\n\t<meta property=\"og:image:type\" content=\"image\/jpeg\" \/>\n<meta name=\"author\" content=\"Ricardo\" \/>\n<meta name=\"twitter:card\" content=\"summary_large_image\" \/>\n<meta name=\"twitter:label1\" content=\"Escrito por\" \/>\n\t<meta name=\"twitter:data1\" content=\"Ricardo\" \/>\n\t<meta name=\"twitter:label2\" content=\"Tiempo de lectura\" \/>\n\t<meta name=\"twitter:data2\" content=\"2 minutos\" \/>\n<script type=\"application\/ld+json\" class=\"yoast-schema-graph\">{\"@context\":\"https:\/\/schema.org\",\"@graph\":[{\"@type\":\"WebPage\",\"@id\":\"https:\/\/periodicocentroccidente.com\/?p=9649\",\"url\":\"https:\/\/periodicocentroccidente.com\/?p=9649\",\"name\":\"Vuelven las grandes emociones de la Copa Navidad de Baloncesto -\",\"isPartOf\":{\"@id\":\"https:\/\/periodicocentroccidente.com\/#website\"},\"primaryImageOfPage\":{\"@id\":\"https:\/\/periodicocentroccidente.com\/?p=9649#primaryimage\"},\"image\":{\"@id\":\"https:\/\/periodicocentroccidente.com\/?p=9649#primaryimage\"},\"thumbnailUrl\":\"https:\/\/periodicocentroccidente.com\/wp-content\/uploads\/2026\/08\/Screenshot_20260827_181354_Gmail.jpg\",\"datePublished\":\"2026-08-28T16:01:58+00:00\",\"dateModified\":\"2026-08-28T16:02:49+00:00\",\"author\":{\"@id\":\"https:\/\/periodicocentroccidente.com\/#\/schema\/person\/f4e4a651098f3db198244657b7130e7e\"},\"breadcrumb\":{\"@id\":\"https:\/\/periodicocentroccidente.com\/?p=9649#breadcrumb\"},\"inLanguage\":\"es\",\"potentialAction\":[{\"@type\":\"ReadAction\",\"target\":[\"https:\/\/periodicocentroccidente.com\/?p=9649\"]}]},{\"@type\":\"ImageObject\",\"inLanguage\":\"es\",\"@id\":\"https:\/\/periodicocentroccidente.com\/?p=9649#primaryimage\",\"url\":\"https:\/\/periodicocentroccidente.com\/wp-content\/uploads\/2026\/08\/Screenshot_20260827_181354_Gmail.jpg\",\"contentUrl\":\"https:\/\/periodicocentroccidente.com\/wp-content\/uploads\/2026\/08\/Screenshot_20260827_181354_Gmail.jpg\",\"width\":1073,\"height\":650},{\"@type\":\"BreadcrumbList\",\"@id\":\"https:\/\/periodicocentroccidente.com\/?p=9649#breadcrumb\",\"itemListElement\":[{\"@type\":\"ListItem\",\"position\":1,\"name\":\"Portada\",\"item\":\"https:\/\/periodicocentroccidente.com\/\"},{\"@type\":\"ListItem\",\"position\":2,\"name\":\"Vuelven las grandes emociones de la Copa Navidad de Baloncesto\"}]},{\"@type\":\"WebSite\",\"@id\":\"https:\/\/periodicocentroccidente.com\/#website\",\"url\":\"https:\/\/periodicocentroccidente.com\/\",\"name\":\"\",\"description\":\"Periodismo serio y responsable\",\"potentialAction\":[{\"@type\":\"SearchAction\",\"target\":{\"@type\":\"EntryPoint\",\"urlTemplate\":\"https:\/\/periodicocentroccidente.com\/?s={search_term_string}\"},\"query-input\":{\"@type\":\"PropertyValueSpecification\",\"valueRequired\":true,\"valueName\":\"search_term_string\"}}],\"inLanguage\":\"es\"},{\"@type\":\"Person\",\"@id\":\"https:\/\/periodicocentroccidente.com\/#\/schema\/person\/f4e4a651098f3db198244657b7130e7e\",\"name\":\"Ricardo\",\"image\":{\"@type\":\"ImageObject\",\"inLanguage\":\"es\",\"@id\":\"https:\/\/periodicocentroccidente.com\/#\/schema\/person\/image\/\",\"url\":\"https:\/\/secure.gravatar.com\/avatar\/402e6137108ec0fdaa7809184382fb1dd2f8b00264c1d945d341f2b8f90db429?s=96&d=mm&r=g\",\"contentUrl\":\"https:\/\/secure.gravatar.com\/avatar\/402e6137108ec0fdaa7809184382fb1dd2f8b00264c1d945d341f2b8f90db429?s=96&d=mm&r=g\",\"caption\":\"Ricardo\"},\"url\":\"https:\/\/periodicocentroccidente.com\/?author=2\"}]}<\/script>\n<!-- \/ Yoast SEO plugin. -->","yoast_head_json":{"title":"Vuelven las grandes emociones de la Copa Navidad de Baloncesto -","robots":{"index":"index","follow":"follow","max-snippet":"max-snippet:-1","max-image-preview":"max-image-preview:large","max-video-preview":"max-video-preview:-1"},"canonical":"https:\/\/periodicocentroccidente.com\/?p=9649","og_locale":"es_ES","og_type":"article","og_title":"Vuelven las grandes emociones de la Copa Navidad de Baloncesto -","og_description":"Especial.- Tras dos a&ntilde;os de inactividad volver&aacute;n las acciones del prestigioso campeonato de baloncesto Copa Navidad, previsto para comenzar el 9 de diciembre con la participaci&oacute;n de seis equipos en las instalaciones de la cancha techada &ldquo;Francisco Serrano&rdquo; de la urbanizaci&oacute;n Banco Obrero de Guanare. Ser&aacute; la edici&oacute;n n&uacute;mero 38 de uno de los mejores &hellip;","og_url":"https:\/\/periodicocentroccidente.com\/?p=9649","article_published_time":"2026-08-28T16:01:58+00:00","article_modified_time":"2026-08-28T16:02:49+00:00","og_image":[{"width":1073,"height":650,"url":"https:\/\/periodicocentroccidente.com\/wp-content\/uploads\/2026\/08\/Screenshot_20260827_181354_Gmail.jpg","type":"image\/jpeg"}],"author":"Ricardo","twitter_card":"summary_large_image","twitter_misc":{"Escrito por":"Ricardo","Tiempo de lectura":"2 minutos"},"schema":{"@context":"https:\/\/schema.org","@graph":[{"@type":"WebPage","@id":"https:\/\/periodicocentroccidente.com\/?p=9649","url":"https:\/\/periodicocentroccidente.com\/?p=9649","name":"Vuelven las grandes emociones de la Copa Navidad de Baloncesto -","isPartOf":{"@id":"https:\/\/periodicocentroccidente.com\/#website"},"primaryImageOfPage":{"@id":"https:\/\/periodicocentroccidente.com\/?p=9649#primaryimage"},"image":{"@id":"https:\/\/periodicocentroccidente.com\/?p=9649#primaryimage"},"thumbnailUrl":"https:\/\/periodicocentroccidente.com\/wp-content\/uploads\/2026\/08\/Screenshot_20260827_181354_Gmail.jpg","datePublished":"2026-08-28T16:01:58+00:00","dateModified":"2026-08-28T16:02:49+00:00","author":{"@id":"https:\/\/periodicocentroccidente.com\/#\/schema\/person\/f4e4a651098f3db198244657b7130e7e"},"breadcrumb":{"@id":"https:\/\/periodicocentroccidente.com\/?p=9649#breadcrumb"},"inLanguage":"es","potentialAction":[{"@type":"ReadAction","target":["https:\/\/periodicocentroccidente.com\/?p=9649"]}]},{"@type":"ImageObject","inLanguage":"es","@id":"https:\/\/periodicocentroccidente.com\/?p=9649#primaryimage","url":"https:\/\/periodicocentroccidente.com\/wp-content\/uploads\/2026\/08\/Screenshot_20260827_181354_Gmail.jpg","contentUrl":"https:\/\/periodicocentroccidente.com\/wp-content\/uploads\/2026\/08\/Screenshot_20260827_181354_Gmail.jpg","width":1073,"height":650},{"@type":"BreadcrumbList","@id":"https:\/\/periodicocentroccidente.com\/?p=9649#breadcrumb","itemListElement":[{"@type":"ListItem","position":1,"name":"Portada","item":"https:\/\/periodicocentroccidente.com\/"},{"@type":"ListItem","position":2,"name":"Vuelven las grandes emociones de la Copa Navidad de Baloncesto"}]},{"@type":"WebSite","@id":"https:\/\/periodicocentroccidente.com\/#website","url":"https:\/\/periodicocentroccidente.com\/","name":"","description":"Periodismo serio y responsable","potentialAction":[{"@type":"SearchAction","target":{"@type":"EntryPoint","urlTemplate":"https:\/\/periodicocentroccidente.com\/?s={search_term_string}"},"query-input":{"@type":"PropertyValueSpecification","valueRequired":true,"valueName":"search_term_string"}}],"inLanguage":"es"},{"@type":"Person","@id":"https:\/\/periodicocentroccidente.com\/#\/schema\/person\/f4e4a651098f3db198244657b7130e7e","name":"Ricardo","image":{"@type":"ImageObject","inLanguage":"es","@id":"https:\/\/periodicocentroccidente.com\/#\/schema\/person\/image\/","url":"https:\/\/secure.gravatar.com\/avatar\/402e6137108ec0fdaa7809184382fb1dd2f8b00264c1d945d341f2b8f90db429?s=96&d=mm&r=g","contentUrl":"https:\/\/secure.gravatar.com\/avatar\/402e6137108ec0fdaa7809184382fb1dd2f8b00264c1d945d341f2b8f90db429?s=96&d=mm&r=g","caption":"Ricardo"},"url":"https:\/\/periodicocentroccidente.com\/?author=2"}]}},"jetpack_featured_media_url":"https:\/\/periodicocentroccidente.com\/wp-content\/uploads\/2026\/08\/Screenshot_20260827_181354_Gmail.jpg","jetpack_sharing_enabled":true,"jetpack-related-posts":[],"_links":{"self":[{"href":"https:\/\/periodicocentroccidente.com\/index.php?rest_route=\/wp\/v2\/posts\/9649","targetHints":{"allow":["GET"]}}],"collection":[{"href":"https:\/\/periodicocentroccidente.com\/index.php?rest_route=\/wp\/v2\/posts"}],"about":[{"href":"https:\/\/periodicocentroccidente.com\/index.php?rest_route=\/wp\/v2\/types\/post"}],"author":[{"embeddable":true,"href":"https:\/\/periodicocentroccidente.com\/index.php?rest_route=\/wp\/v2\/users\/2"}],"replies":[{"embeddable":true,"href":"https:\/\/periodicocentroccidente.com\/index.php?rest_route=%2Fwp%2Fv2%2Fcomments&post=9649"}],"version-history":[{"count":2,"href":"https:\/\/periodicocentroccidente.com\/index.php?rest_route=\/wp\/v2\/posts\/9649\/revisions"}],"predecessor-version":[{"id":9653,"href":"https:\/\/periodicocentroccidente.com\/index.php?rest_route=\/wp\/v2\/posts\/9649\/revisions\/9653"}],"wp:featuredmedia":[{"embeddable":true,"href":"https:\/\/periodicocentroccidente.com\/index.php?rest_route=\/wp\/v2\/media\/9650"}],"wp:attachment":[{"href":"https:\/\/periodicocentroccidente.com\/index.php?rest_route=%2Fwp%2Fv2%2Fmedia&parent=9649"}],"wp:term":[{"taxonomy":"category","embeddable":true,"href":"https:\/\/periodicocentroccidente.com\/index.php?rest_route=%2Fwp%2Fv2%2Fcategories&post=9649"},{"taxonomy":"post_tag","embeddable":true,"href":"https:\/\/periodicocentroccidente.com\/index.php?rest_route=%2Fwp%2Fv2%2Ftags&post=9649"}],"curies":[{"name":"wp","href":"https:\/\/api.w.org\/{rel}","templated":true}]}}