{"id":7428,"date":"2026-04-30T18:00:25","date_gmt":"2026-04-30T18:00:25","guid":{"rendered":"https:\/\/periodicocentroccidente.com\/?p=7428"},"modified":"2026-04-30T18:00:25","modified_gmt":"2026-04-30T18:00:25","slug":"venezuela-consolida-su-esfuerzo-permanente-en-la-semana-de-vacunacion-en-las-americas","status":"publish","type":"post","link":"https:\/\/periodicocentroccidente.com\/?p=7428","title":{"rendered":"Venezuela consolida su esfuerzo permanente en la Semana de Vacunaci\u00f3n en las Am\u00e9ricas"},"content":{"rendered":"<p><strong>Especial.-<\/strong><\/p>\n<p>Este domingo 26 de abril comienza en los pa\u00edses y territorios asociados a la Organizaci\u00f3n Panamericana de la Salud (OPS) la 24.\u00aa Semana de la Vacunaci\u00f3n en las Am\u00e9ricas y la 15.\u00aa Semana Mundial de la Inmunizaci\u00f3n. El llamado a la acci\u00f3n es: <strong>\u201cTu decisi\u00f3n marca la diferencia. Inmunizaci\u00f3n para todos\u201d<\/strong>, y Venezuela no se queda atr\u00e1s.<\/p>\n<p>En este sentido, la directora nacional de inmunizaciones del Ministerio del Poder Popular para la Salud, Eloisa Garrido, inform\u00f3 que la Semana de las Am\u00e9ricas se debe ver como \u201cuna oportunidad que se nos brinda para disminuir las brechas que hemos identificado, en este caso en nuestro pa\u00eds\u201d. Es el momento para \u201cllegar a una brecha cero y poner al d\u00eda la vacunaci\u00f3n con nuestra poblaci\u00f3n\u201d, afirm\u00f3.<\/p>\n<p>Garrido exhort\u00f3 a la poblaci\u00f3n a dirigirse a los puestos de vacunaci\u00f3n gratuita que ofrece el Estado venezolano de forma permanente en todo el territorio nacional para ayudar a \u201ccerrar estas brechas que est\u00e1n identificadas como una deuda con nuestro pueblo\u201d.<\/p>\n<p><strong>Vacunaci\u00f3n gratuita y permanente<\/strong><\/p>\n<p>La directora asegur\u00f3 que \u201clas vacunas son consideradas realmente la medida sanitaria m\u00e1s efectiva y es nuestra herramienta de prevenci\u00f3n. Entonces, de all\u00ed aseguramos que la poblaci\u00f3n venezolana cumpla y reciba de manera gratuita y permanente cada uno de sus esquemas\u201d.<\/p>\n<p>Agreg\u00f3 que la vacunaci\u00f3n a tiempo minimiza el costo econ\u00f3mico que conllevar\u00eda a la complicaci\u00f3n de una enfermedad y, posteriormente, a una atenci\u00f3n hospitalaria. \u201cSi nosotros prevenimos hoy a trav\u00e9s del Sistema de Salud P\u00fablico con las vacunas, prevenimos graves enfermedades y ma\u00f1ana vemos eso convertido en salud. A su vez evitamos entonces ese costo econ\u00f3mico que se visualiza en los hospitales\u201d, declar\u00f3.<\/p>\n<p>Garrido destac\u00f3 que esta es una de las m\u00e1s significativas razones\u00a0por las cuales se debe garantizar la vacunaci\u00f3n gratuita a la poblaci\u00f3n.<\/p>\n<p>Sobre la importancia que tiene la inmunizaci\u00f3n, se\u00f1al\u00f3 que \u201ccada una de las personas que recibe la vacunaci\u00f3n asegura su inmunidad\u201d. Adem\u00e1s de ello, cuando \u201cse vacuna a un grupo generamos una inmunizaci\u00f3n colectiva, por lo que se da una vacunaci\u00f3n de reba\u00f1o\u201d.<\/p>\n<p>La inmunizaci\u00f3n colectiva minimiza los riesgos de enfermedades prevenibles por vacuna y evita el resurgimiento de epidemias. \u201cNo hay dudas de que la vacuna es la herramienta m\u00e1s poderosa que tenemos para evitar enfermedades prevenibles, graves y contagiosas\u201d, indic\u00f3.<\/p>\n<p><strong>Esquema de vacunaci\u00f3n en Venezuela<\/strong><\/p>\n<p>El esquema incluye 11 vacunas obligatorias para prevenir la difteria, t\u00e9tanos, tosferina, polio, influenza tipo b, hepatitis, sarampi\u00f3n, paperas y rub\u00e9ola, adem\u00e1s de otras que se deben administrar desde que el ni\u00f1o nace y hasta que se hace adulto mayor. Por esta raz\u00f3n, en nuestro pa\u00eds se ofrecen todas estas inmunizaciones de manera gratuita y obligatoria; y el Ministerio del Poder Popular para la Salud invita a la colectividad a participar en esta campa\u00f1a que empieza este domingo 26 de abril hasta el pr\u00f3ximo 3 de mayo.<\/p>\n<p>Este a\u00f1o, la campa\u00f1a de la OPS se alinea con la Iniciativa para la Eliminaci\u00f3n de Enfermedades, cuyo objetivo es \u201cacelerar la eliminaci\u00f3n de m\u00e1s de 30 enfermedades transmisibles y afecciones relacionadas para 2030, de las cuales 11 son enfermedades prevenibles mediante vacunaci\u00f3n\u201d, rese\u00f1a la p\u00e1gina del ente.<\/p>\n<p>La OPS tambi\u00e9n informa que la vacunaci\u00f3n \u201ces una estrategia esencial para alcanzar las metas regionales y evitar retrocesos cr\u00edticos, como la p\u00e9rdida de la reverificaci\u00f3n de la eliminaci\u00f3n del sarampi\u00f3n en la regi\u00f3n. Esta situaci\u00f3n representa una amenaza real para la salud p\u00fablica, lo que hace urgente cerrar las brechas de inmunidad y prevenir brotes en todos los pa\u00edses\u201d.<\/p>\n<p><img loading=\"lazy\" decoding=\"async\" class=\"alignnone size-medium wp-image-7431\" src=\"https:\/\/periodicocentroccidente.com\/wp-content\/uploads\/2026\/04\/IMG-20260410-WA1363-300x169.jpg\" alt=\"\" width=\"300\" height=\"169\" srcset=\"https:\/\/periodicocentroccidente.com\/wp-content\/uploads\/2026\/04\/IMG-20260410-WA1363-300x169.jpg 300w, https:\/\/periodicocentroccidente.com\/wp-content\/uploads\/2026\/04\/IMG-20260410-WA1363-1024x576.jpg 1024w, https:\/\/periodicocentroccidente.com\/wp-content\/uploads\/2026\/04\/IMG-20260410-WA1363-768x432.jpg 768w, https:\/\/periodicocentroccidente.com\/wp-content\/uploads\/2026\/04\/IMG-20260410-WA1363-390x220.jpg 390w, https:\/\/periodicocentroccidente.com\/wp-content\/uploads\/2026\/04\/IMG-20260410-WA1363.jpg 1280w\" sizes=\"auto, (max-width: 300px) 100vw, 300px\" \/>\u00a0 \u00a0 <img loading=\"lazy\" decoding=\"async\" class=\"alignnone size-medium wp-image-7429\" src=\"https:\/\/periodicocentroccidente.com\/wp-content\/uploads\/2026\/04\/IMG-20260410-WA0755-225x300.jpg\" alt=\"\" width=\"225\" height=\"300\" srcset=\"https:\/\/periodicocentroccidente.com\/wp-content\/uploads\/2026\/04\/IMG-20260410-WA0755-225x300.jpg 225w, https:\/\/periodicocentroccidente.com\/wp-content\/uploads\/2026\/04\/IMG-20260410-WA0755-768x1024.jpg 768w, https:\/\/periodicocentroccidente.com\/wp-content\/uploads\/2026\/04\/IMG-20260410-WA0755.jpg 774w\" sizes=\"auto, (max-width: 225px) 100vw, 225px\" \/>\u00a0 \u00a0 <img loading=\"lazy\" decoding=\"async\" class=\"alignnone size-medium wp-image-7436\" src=\"https:\/\/periodicocentroccidente.com\/wp-content\/uploads\/2026\/04\/foto-nota-1536x709-1-300x138.jpg\" alt=\"\" width=\"300\" height=\"138\" srcset=\"https:\/\/periodicocentroccidente.com\/wp-content\/uploads\/2026\/04\/foto-nota-1536x709-1-300x138.jpg 300w, https:\/\/periodicocentroccidente.com\/wp-content\/uploads\/2026\/04\/foto-nota-1536x709-1-1024x473.jpg 1024w, https:\/\/periodicocentroccidente.com\/wp-content\/uploads\/2026\/04\/foto-nota-1536x709-1-768x355.jpg 768w, https:\/\/periodicocentroccidente.com\/wp-content\/uploads\/2026\/04\/foto-nota-1536x709-1.jpg 1536w\" sizes=\"auto, (max-width: 300px) 100vw, 300px\" \/><\/p>\n","protected":false},"excerpt":{"rendered":"<p>Especial.- Este domingo 26 de abril comienza en los pa&iacute;ses y territorios asociados a la Organizaci&oacute;n Panamericana de la Salud (OPS) la 24.&ordf; Semana de la Vacunaci&oacute;n en las Am&eacute;ricas y la 15.&ordf; Semana Mundial de la Inmunizaci&oacute;n. El llamado a la acci&oacute;n es: &ldquo;Tu decisi&oacute;n marca la diferencia. Inmunizaci&oacute;n para todos&rdquo;, y Venezuela no &hellip;<\/p>\n","protected":false},"author":2,"featured_media":7432,"comment_status":"open","ping_status":"open","sticky":false,"template":"","format":"standard","meta":{"_jetpack_memberships_contains_paid_content":false,"footnotes":""},"categories":[127],"tags":[],"class_list":["post-7428","post","type-post","status-publish","format-standard","has-post-thumbnail","hentry","category-noticias-recientes"],"yoast_head":"<!-- This site is optimized with the Yoast SEO plugin v24.8.1 - https:\/\/yoast.com\/wordpress\/plugins\/seo\/ -->\n<title>Venezuela consolida su esfuerzo permanente en la Semana de Vacunaci\u00f3n en las Am\u00e9ricas -<\/title>\n<meta name=\"robots\" content=\"index, follow, max-snippet:-1, max-image-preview:large, max-video-preview:-1\" \/>\n<link rel=\"canonical\" href=\"https:\/\/periodicocentroccidente.com\/?p=7428\" \/>\n<meta property=\"og:locale\" content=\"es_ES\" \/>\n<meta property=\"og:type\" content=\"article\" \/>\n<meta property=\"og:title\" content=\"Venezuela consolida su esfuerzo permanente en la Semana de Vacunaci\u00f3n en las Am\u00e9ricas -\" \/>\n<meta property=\"og:description\" content=\"Especial.- Este domingo 26 de abril comienza en los pa&iacute;ses y territorios asociados a la Organizaci&oacute;n Panamericana de la Salud (OPS) la 24.&ordf; Semana de la Vacunaci&oacute;n en las Am&eacute;ricas y la 15.&ordf; Semana Mundial de la Inmunizaci&oacute;n. El llamado a la acci&oacute;n es: &ldquo;Tu decisi&oacute;n marca la diferencia. Inmunizaci&oacute;n para todos&rdquo;, y Venezuela no &hellip;\" \/>\n<meta property=\"og:url\" content=\"https:\/\/periodicocentroccidente.com\/?p=7428\" \/>\n<meta property=\"article:published_time\" content=\"2026-04-30T18:00:25+00:00\" \/>\n<meta property=\"og:image\" content=\"https:\/\/periodicocentroccidente.com\/wp-content\/uploads\/2026\/04\/IMG-20260429-WA0790.jpg\" \/>\n\t<meta property=\"og:image:width\" content=\"810\" \/>\n\t<meta property=\"og:image:height\" content=\"1080\" \/>\n\t<meta property=\"og:image:type\" content=\"image\/jpeg\" \/>\n<meta name=\"author\" content=\"Ricardo\" \/>\n<meta name=\"twitter:card\" content=\"summary_large_image\" \/>\n<meta name=\"twitter:label1\" content=\"Escrito por\" \/>\n\t<meta name=\"twitter:data1\" content=\"Ricardo\" \/>\n\t<meta name=\"twitter:label2\" content=\"Tiempo de lectura\" \/>\n\t<meta name=\"twitter:data2\" content=\"4 minutos\" \/>\n<script type=\"application\/ld+json\" class=\"yoast-schema-graph\">{\"@context\":\"https:\/\/schema.org\",\"@graph\":[{\"@type\":\"WebPage\",\"@id\":\"https:\/\/periodicocentroccidente.com\/?p=7428\",\"url\":\"https:\/\/periodicocentroccidente.com\/?p=7428\",\"name\":\"Venezuela consolida su esfuerzo permanente en la Semana de Vacunaci\u00f3n en las Am\u00e9ricas -\",\"isPartOf\":{\"@id\":\"https:\/\/periodicocentroccidente.com\/#website\"},\"primaryImageOfPage\":{\"@id\":\"https:\/\/periodicocentroccidente.com\/?p=7428#primaryimage\"},\"image\":{\"@id\":\"https:\/\/periodicocentroccidente.com\/?p=7428#primaryimage\"},\"thumbnailUrl\":\"https:\/\/periodicocentroccidente.com\/wp-content\/uploads\/2026\/04\/IMG-20260429-WA0790.jpg\",\"datePublished\":\"2026-04-30T18:00:25+00:00\",\"author\":{\"@id\":\"https:\/\/periodicocentroccidente.com\/#\/schema\/person\/f4e4a651098f3db198244657b7130e7e\"},\"breadcrumb\":{\"@id\":\"https:\/\/periodicocentroccidente.com\/?p=7428#breadcrumb\"},\"inLanguage\":\"es\",\"potentialAction\":[{\"@type\":\"ReadAction\",\"target\":[\"https:\/\/periodicocentroccidente.com\/?p=7428\"]}]},{\"@type\":\"ImageObject\",\"inLanguage\":\"es\",\"@id\":\"https:\/\/periodicocentroccidente.com\/?p=7428#primaryimage\",\"url\":\"https:\/\/periodicocentroccidente.com\/wp-content\/uploads\/2026\/04\/IMG-20260429-WA0790.jpg\",\"contentUrl\":\"https:\/\/periodicocentroccidente.com\/wp-content\/uploads\/2026\/04\/IMG-20260429-WA0790.jpg\",\"width\":810,\"height\":1080},{\"@type\":\"BreadcrumbList\",\"@id\":\"https:\/\/periodicocentroccidente.com\/?p=7428#breadcrumb\",\"itemListElement\":[{\"@type\":\"ListItem\",\"position\":1,\"name\":\"Portada\",\"item\":\"https:\/\/periodicocentroccidente.com\/\"},{\"@type\":\"ListItem\",\"position\":2,\"name\":\"Venezuela consolida su esfuerzo permanente en la Semana de Vacunaci\u00f3n en las Am\u00e9ricas\"}]},{\"@type\":\"WebSite\",\"@id\":\"https:\/\/periodicocentroccidente.com\/#website\",\"url\":\"https:\/\/periodicocentroccidente.com\/\",\"name\":\"\",\"description\":\"Periodismo serio y responsable\",\"potentialAction\":[{\"@type\":\"SearchAction\",\"target\":{\"@type\":\"EntryPoint\",\"urlTemplate\":\"https:\/\/periodicocentroccidente.com\/?s={search_term_string}\"},\"query-input\":{\"@type\":\"PropertyValueSpecification\",\"valueRequired\":true,\"valueName\":\"search_term_string\"}}],\"inLanguage\":\"es\"},{\"@type\":\"Person\",\"@id\":\"https:\/\/periodicocentroccidente.com\/#\/schema\/person\/f4e4a651098f3db198244657b7130e7e\",\"name\":\"Ricardo\",\"image\":{\"@type\":\"ImageObject\",\"inLanguage\":\"es\",\"@id\":\"https:\/\/periodicocentroccidente.com\/#\/schema\/person\/image\/\",\"url\":\"https:\/\/secure.gravatar.com\/avatar\/402e6137108ec0fdaa7809184382fb1dd2f8b00264c1d945d341f2b8f90db429?s=96&d=mm&r=g\",\"contentUrl\":\"https:\/\/secure.gravatar.com\/avatar\/402e6137108ec0fdaa7809184382fb1dd2f8b00264c1d945d341f2b8f90db429?s=96&d=mm&r=g\",\"caption\":\"Ricardo\"},\"url\":\"https:\/\/periodicocentroccidente.com\/?author=2\"}]}<\/script>\n<!-- \/ Yoast SEO plugin. -->","yoast_head_json":{"title":"Venezuela consolida su esfuerzo permanente en la Semana de Vacunaci\u00f3n en las Am\u00e9ricas -","robots":{"index":"index","follow":"follow","max-snippet":"max-snippet:-1","max-image-preview":"max-image-preview:large","max-video-preview":"max-video-preview:-1"},"canonical":"https:\/\/periodicocentroccidente.com\/?p=7428","og_locale":"es_ES","og_type":"article","og_title":"Venezuela consolida su esfuerzo permanente en la Semana de Vacunaci\u00f3n en las Am\u00e9ricas -","og_description":"Especial.- Este domingo 26 de abril comienza en los pa&iacute;ses y territorios asociados a la Organizaci&oacute;n Panamericana de la Salud (OPS) la 24.&ordf; Semana de la Vacunaci&oacute;n en las Am&eacute;ricas y la 15.&ordf; Semana Mundial de la Inmunizaci&oacute;n. El llamado a la acci&oacute;n es: &ldquo;Tu decisi&oacute;n marca la diferencia. Inmunizaci&oacute;n para todos&rdquo;, y Venezuela no &hellip;","og_url":"https:\/\/periodicocentroccidente.com\/?p=7428","article_published_time":"2026-04-30T18:00:25+00:00","og_image":[{"width":810,"height":1080,"url":"https:\/\/periodicocentroccidente.com\/wp-content\/uploads\/2026\/04\/IMG-20260429-WA0790.jpg","type":"image\/jpeg"}],"author":"Ricardo","twitter_card":"summary_large_image","twitter_misc":{"Escrito por":"Ricardo","Tiempo de lectura":"4 minutos"},"schema":{"@context":"https:\/\/schema.org","@graph":[{"@type":"WebPage","@id":"https:\/\/periodicocentroccidente.com\/?p=7428","url":"https:\/\/periodicocentroccidente.com\/?p=7428","name":"Venezuela consolida su esfuerzo permanente en la Semana de Vacunaci\u00f3n en las Am\u00e9ricas -","isPartOf":{"@id":"https:\/\/periodicocentroccidente.com\/#website"},"primaryImageOfPage":{"@id":"https:\/\/periodicocentroccidente.com\/?p=7428#primaryimage"},"image":{"@id":"https:\/\/periodicocentroccidente.com\/?p=7428#primaryimage"},"thumbnailUrl":"https:\/\/periodicocentroccidente.com\/wp-content\/uploads\/2026\/04\/IMG-20260429-WA0790.jpg","datePublished":"2026-04-30T18:00:25+00:00","author":{"@id":"https:\/\/periodicocentroccidente.com\/#\/schema\/person\/f4e4a651098f3db198244657b7130e7e"},"breadcrumb":{"@id":"https:\/\/periodicocentroccidente.com\/?p=7428#breadcrumb"},"inLanguage":"es","potentialAction":[{"@type":"ReadAction","target":["https:\/\/periodicocentroccidente.com\/?p=7428"]}]},{"@type":"ImageObject","inLanguage":"es","@id":"https:\/\/periodicocentroccidente.com\/?p=7428#primaryimage","url":"https:\/\/periodicocentroccidente.com\/wp-content\/uploads\/2026\/04\/IMG-20260429-WA0790.jpg","contentUrl":"https:\/\/periodicocentroccidente.com\/wp-content\/uploads\/2026\/04\/IMG-20260429-WA0790.jpg","width":810,"height":1080},{"@type":"BreadcrumbList","@id":"https:\/\/periodicocentroccidente.com\/?p=7428#breadcrumb","itemListElement":[{"@type":"ListItem","position":1,"name":"Portada","item":"https:\/\/periodicocentroccidente.com\/"},{"@type":"ListItem","position":2,"name":"Venezuela consolida su esfuerzo permanente en la Semana de Vacunaci\u00f3n en las Am\u00e9ricas"}]},{"@type":"WebSite","@id":"https:\/\/periodicocentroccidente.com\/#website","url":"https:\/\/periodicocentroccidente.com\/","name":"","description":"Periodismo serio y responsable","potentialAction":[{"@type":"SearchAction","target":{"@type":"EntryPoint","urlTemplate":"https:\/\/periodicocentroccidente.com\/?s={search_term_string}"},"query-input":{"@type":"PropertyValueSpecification","valueRequired":true,"valueName":"search_term_string"}}],"inLanguage":"es"},{"@type":"Person","@id":"https:\/\/periodicocentroccidente.com\/#\/schema\/person\/f4e4a651098f3db198244657b7130e7e","name":"Ricardo","image":{"@type":"ImageObject","inLanguage":"es","@id":"https:\/\/periodicocentroccidente.com\/#\/schema\/person\/image\/","url":"https:\/\/secure.gravatar.com\/avatar\/402e6137108ec0fdaa7809184382fb1dd2f8b00264c1d945d341f2b8f90db429?s=96&d=mm&r=g","contentUrl":"https:\/\/secure.gravatar.com\/avatar\/402e6137108ec0fdaa7809184382fb1dd2f8b00264c1d945d341f2b8f90db429?s=96&d=mm&r=g","caption":"Ricardo"},"url":"https:\/\/periodicocentroccidente.com\/?author=2"}]}},"jetpack_featured_media_url":"https:\/\/periodicocentroccidente.com\/wp-content\/uploads\/2026\/04\/IMG-20260429-WA0790.jpg","jetpack_sharing_enabled":true,"jetpack-related-posts":[],"_links":{"self":[{"href":"https:\/\/periodicocentroccidente.com\/index.php?rest_route=\/wp\/v2\/posts\/7428","targetHints":{"allow":["GET"]}}],"collection":[{"href":"https:\/\/periodicocentroccidente.com\/index.php?rest_route=\/wp\/v2\/posts"}],"about":[{"href":"https:\/\/periodicocentroccidente.com\/index.php?rest_route=\/wp\/v2\/types\/post"}],"author":[{"embeddable":true,"href":"https:\/\/periodicocentroccidente.com\/index.php?rest_route=\/wp\/v2\/users\/2"}],"replies":[{"embeddable":true,"href":"https:\/\/periodicocentroccidente.com\/index.php?rest_route=%2Fwp%2Fv2%2Fcomments&post=7428"}],"version-history":[{"count":1,"href":"https:\/\/periodicocentroccidente.com\/index.php?rest_route=\/wp\/v2\/posts\/7428\/revisions"}],"predecessor-version":[{"id":7437,"href":"https:\/\/periodicocentroccidente.com\/index.php?rest_route=\/wp\/v2\/posts\/7428\/revisions\/7437"}],"wp:featuredmedia":[{"embeddable":true,"href":"https:\/\/periodicocentroccidente.com\/index.php?rest_route=\/wp\/v2\/media\/7432"}],"wp:attachment":[{"href":"https:\/\/periodicocentroccidente.com\/index.php?rest_route=%2Fwp%2Fv2%2Fmedia&parent=7428"}],"wp:term":[{"taxonomy":"category","embeddable":true,"href":"https:\/\/periodicocentroccidente.com\/index.php?rest_route=%2Fwp%2Fv2%2Fcategories&post=7428"},{"taxonomy":"post_tag","embeddable":true,"href":"https:\/\/periodicocentroccidente.com\/index.php?rest_route=%2Fwp%2Fv2%2Ftags&post=7428"}],"curies":[{"name":"wp","href":"https:\/\/api.w.org\/{rel}","templated":true}]}}