{"id":7411,"date":"2026-04-30T16:16:03","date_gmt":"2026-04-30T16:16:03","guid":{"rendered":"https:\/\/periodicocentroccidente.com\/?p=7411"},"modified":"2026-04-30T16:16:03","modified_gmt":"2026-04-30T16:16:03","slug":"representantes-de-la-plataforma-unitaria-visitaron-sede-del-gremio-de-periodistas","status":"publish","type":"post","link":"https:\/\/periodicocentroccidente.com\/?p=7411","title":{"rendered":"Representantes de la Plataforma Unitaria visitaron sede del gremio de Periodistas"},"content":{"rendered":"<p><strong>Especial.-<\/strong><\/p>\n<p>Una\u00a0representaci\u00f3n de la Plataforma Unitaria Democr\u00e1tica (PUD) a nivel regional, realiz\u00f3 recientemente una visita al\u00a0Colegio Nacional de Periodistas, Seccional Portuguesa,\u00a0esto como parte de una gira institucional que tienen previsto cumplir con diferentes organismos y gremios en esta entidad llanera.<\/p>\n<p>Gualberto Mora, secretario ejecutivo de la PUD, junto a los dirigentes Lucas Segura (AD en Resistencia), Juan Ernesto Gonz\u00e1lez (Copei Odca), Diego Veliz (Proyecto Venezuela), H\u00e9ctor Guti\u00e9rrez,\u00a0 (Convergencia), Carlos Arias (Voluntad Popular) y Carmen C\u00e1rdenas (Primero Justicia), fueron recibidos por Mariangel Mart\u00ednez, secretaria general del CNP Portuguesa.<\/p>\n<p>Durante el encuentro, los dirigentes pol\u00edticos manifestaron que su firme intenci\u00f3n es brindar su m\u00e1ximo apoyo y tambi\u00e9n solidarizarse con los profesionales de la comunicaci\u00f3n social que hacen vida activa en esta regi\u00f3n llanera.<\/p>\n<p>Adem\u00e1s conversaron sobre el ejercicio de la profesi\u00f3n, de los derechos y deberes de estar informados, as\u00ed como la situaci\u00f3n de los medios de comunicaci\u00f3n impresos, radiales y digitales del estado Portuguesa.<\/p>\n<p>De igual manera, los representantes de la\u00a0PUD Portuguesa destacaron, que la visita institucional es un reconocimiento a la labor period\u00edstica de los hombres y mujeres que, pese a las dificultades y adversidades, siguen ejerciendo esta labor y defendiendo el derecho constitucional a la libertad de expresi\u00f3n e informaci\u00f3n.<\/p>\n<p>Mora aprovech\u00f3 la ocasi\u00f3n para hacer entrega de un documento a la representante del gremio, donde exponen sus pasos para cumplir con una transici\u00f3n democr\u00e1tica y pac\u00edfica en Venezuela.<\/p>\n<p>Por su parte, Mariangel Mart\u00ednez agradeci\u00f3 la visita y se\u00f1al\u00f3 que desde la instituci\u00f3n gremial defienden la libertad de expresi\u00f3n.<\/p>\n<p>Agreg\u00f3 que en Portuguesa hay periodistas con \u00e9tica que respetan la profesi\u00f3n y siempre se mantienen en pie de lucha para ser la voz de los ciudadanos.<\/p>\n<p>\u00abNosotros siempre apostaremos a la democracia, la paz, la libertad, el respeto, el desarrollo y prosperidad para todos. Nuestro firme compromiso es con todos los sectores del pa\u00eds\u00bb,\u00a0puntualiz\u00f3 Mariangel Mart\u00ednez.<\/p>\n<p><strong>Prensa PUD<\/strong><\/p>\n<p>&nbsp;<\/p>\n","protected":false},"excerpt":{"rendered":"<p>Especial.- Una&nbsp;representaci&oacute;n de la Plataforma Unitaria Democr&aacute;tica (PUD) a nivel regional, realiz&oacute; recientemente una visita al&nbsp;Colegio Nacional de Periodistas, Seccional Portuguesa,&nbsp;esto como parte de una gira institucional que tienen previsto cumplir con diferentes organismos y gremios en esta entidad llanera. Gualberto Mora, secretario ejecutivo de la PUD, junto a los dirigentes Lucas Segura (AD en &hellip;<\/p>\n","protected":false},"author":2,"featured_media":7412,"comment_status":"open","ping_status":"open","sticky":false,"template":"","format":"standard","meta":{"_jetpack_memberships_contains_paid_content":false,"footnotes":""},"categories":[127],"tags":[],"class_list":["post-7411","post","type-post","status-publish","format-standard","has-post-thumbnail","hentry","category-noticias-recientes"],"yoast_head":"<!-- This site is optimized with the Yoast SEO plugin v24.8.1 - https:\/\/yoast.com\/wordpress\/plugins\/seo\/ -->\n<title>Representantes de la Plataforma Unitaria visitaron sede del gremio de Periodistas -<\/title>\n<meta name=\"robots\" content=\"index, follow, max-snippet:-1, max-image-preview:large, max-video-preview:-1\" \/>\n<link rel=\"canonical\" href=\"https:\/\/periodicocentroccidente.com\/?p=7411\" \/>\n<meta property=\"og:locale\" content=\"es_ES\" \/>\n<meta property=\"og:type\" content=\"article\" \/>\n<meta property=\"og:title\" content=\"Representantes de la Plataforma Unitaria visitaron sede del gremio de Periodistas -\" \/>\n<meta property=\"og:description\" content=\"Especial.- Una&nbsp;representaci&oacute;n de la Plataforma Unitaria Democr&aacute;tica (PUD) a nivel regional, realiz&oacute; recientemente una visita al&nbsp;Colegio Nacional de Periodistas, Seccional Portuguesa,&nbsp;esto como parte de una gira institucional que tienen previsto cumplir con diferentes organismos y gremios en esta entidad llanera. Gualberto Mora, secretario ejecutivo de la PUD, junto a los dirigentes Lucas Segura (AD en &hellip;\" \/>\n<meta property=\"og:url\" content=\"https:\/\/periodicocentroccidente.com\/?p=7411\" \/>\n<meta property=\"article:published_time\" content=\"2026-04-30T16:16:03+00:00\" \/>\n<meta property=\"og:image\" content=\"https:\/\/periodicocentroccidente.com\/wp-content\/uploads\/2026\/04\/periodistas.jpg\" \/>\n\t<meta property=\"og:image:width\" content=\"2560\" \/>\n\t<meta property=\"og:image:height\" content=\"1920\" \/>\n\t<meta property=\"og:image:type\" content=\"image\/jpeg\" \/>\n<meta name=\"author\" content=\"Ricardo\" \/>\n<meta name=\"twitter:card\" content=\"summary_large_image\" \/>\n<meta name=\"twitter:label1\" content=\"Escrito por\" \/>\n\t<meta name=\"twitter:data1\" content=\"Ricardo\" \/>\n\t<meta name=\"twitter:label2\" content=\"Tiempo de lectura\" \/>\n\t<meta name=\"twitter:data2\" content=\"2 minutos\" \/>\n<script type=\"application\/ld+json\" class=\"yoast-schema-graph\">{\"@context\":\"https:\/\/schema.org\",\"@graph\":[{\"@type\":\"WebPage\",\"@id\":\"https:\/\/periodicocentroccidente.com\/?p=7411\",\"url\":\"https:\/\/periodicocentroccidente.com\/?p=7411\",\"name\":\"Representantes de la Plataforma Unitaria visitaron sede del gremio de Periodistas -\",\"isPartOf\":{\"@id\":\"https:\/\/periodicocentroccidente.com\/#website\"},\"primaryImageOfPage\":{\"@id\":\"https:\/\/periodicocentroccidente.com\/?p=7411#primaryimage\"},\"image\":{\"@id\":\"https:\/\/periodicocentroccidente.com\/?p=7411#primaryimage\"},\"thumbnailUrl\":\"https:\/\/periodicocentroccidente.com\/wp-content\/uploads\/2026\/04\/periodistas.jpg\",\"datePublished\":\"2026-04-30T16:16:03+00:00\",\"author\":{\"@id\":\"https:\/\/periodicocentroccidente.com\/#\/schema\/person\/f4e4a651098f3db198244657b7130e7e\"},\"breadcrumb\":{\"@id\":\"https:\/\/periodicocentroccidente.com\/?p=7411#breadcrumb\"},\"inLanguage\":\"es\",\"potentialAction\":[{\"@type\":\"ReadAction\",\"target\":[\"https:\/\/periodicocentroccidente.com\/?p=7411\"]}]},{\"@type\":\"ImageObject\",\"inLanguage\":\"es\",\"@id\":\"https:\/\/periodicocentroccidente.com\/?p=7411#primaryimage\",\"url\":\"https:\/\/periodicocentroccidente.com\/wp-content\/uploads\/2026\/04\/periodistas.jpg\",\"contentUrl\":\"https:\/\/periodicocentroccidente.com\/wp-content\/uploads\/2026\/04\/periodistas.jpg\",\"width\":2560,\"height\":1920},{\"@type\":\"BreadcrumbList\",\"@id\":\"https:\/\/periodicocentroccidente.com\/?p=7411#breadcrumb\",\"itemListElement\":[{\"@type\":\"ListItem\",\"position\":1,\"name\":\"Portada\",\"item\":\"https:\/\/periodicocentroccidente.com\/\"},{\"@type\":\"ListItem\",\"position\":2,\"name\":\"Representantes de la Plataforma Unitaria visitaron sede del gremio de Periodistas\"}]},{\"@type\":\"WebSite\",\"@id\":\"https:\/\/periodicocentroccidente.com\/#website\",\"url\":\"https:\/\/periodicocentroccidente.com\/\",\"name\":\"\",\"description\":\"Periodismo serio y responsable\",\"potentialAction\":[{\"@type\":\"SearchAction\",\"target\":{\"@type\":\"EntryPoint\",\"urlTemplate\":\"https:\/\/periodicocentroccidente.com\/?s={search_term_string}\"},\"query-input\":{\"@type\":\"PropertyValueSpecification\",\"valueRequired\":true,\"valueName\":\"search_term_string\"}}],\"inLanguage\":\"es\"},{\"@type\":\"Person\",\"@id\":\"https:\/\/periodicocentroccidente.com\/#\/schema\/person\/f4e4a651098f3db198244657b7130e7e\",\"name\":\"Ricardo\",\"image\":{\"@type\":\"ImageObject\",\"inLanguage\":\"es\",\"@id\":\"https:\/\/periodicocentroccidente.com\/#\/schema\/person\/image\/\",\"url\":\"https:\/\/secure.gravatar.com\/avatar\/402e6137108ec0fdaa7809184382fb1dd2f8b00264c1d945d341f2b8f90db429?s=96&d=mm&r=g\",\"contentUrl\":\"https:\/\/secure.gravatar.com\/avatar\/402e6137108ec0fdaa7809184382fb1dd2f8b00264c1d945d341f2b8f90db429?s=96&d=mm&r=g\",\"caption\":\"Ricardo\"},\"url\":\"https:\/\/periodicocentroccidente.com\/?author=2\"}]}<\/script>\n<!-- \/ Yoast SEO plugin. -->","yoast_head_json":{"title":"Representantes de la Plataforma Unitaria visitaron sede del gremio de Periodistas -","robots":{"index":"index","follow":"follow","max-snippet":"max-snippet:-1","max-image-preview":"max-image-preview:large","max-video-preview":"max-video-preview:-1"},"canonical":"https:\/\/periodicocentroccidente.com\/?p=7411","og_locale":"es_ES","og_type":"article","og_title":"Representantes de la Plataforma Unitaria visitaron sede del gremio de Periodistas -","og_description":"Especial.- Una&nbsp;representaci&oacute;n de la Plataforma Unitaria Democr&aacute;tica (PUD) a nivel regional, realiz&oacute; recientemente una visita al&nbsp;Colegio Nacional de Periodistas, Seccional Portuguesa,&nbsp;esto como parte de una gira institucional que tienen previsto cumplir con diferentes organismos y gremios en esta entidad llanera. Gualberto Mora, secretario ejecutivo de la PUD, junto a los dirigentes Lucas Segura (AD en &hellip;","og_url":"https:\/\/periodicocentroccidente.com\/?p=7411","article_published_time":"2026-04-30T16:16:03+00:00","og_image":[{"width":2560,"height":1920,"url":"https:\/\/periodicocentroccidente.com\/wp-content\/uploads\/2026\/04\/periodistas.jpg","type":"image\/jpeg"}],"author":"Ricardo","twitter_card":"summary_large_image","twitter_misc":{"Escrito por":"Ricardo","Tiempo de lectura":"2 minutos"},"schema":{"@context":"https:\/\/schema.org","@graph":[{"@type":"WebPage","@id":"https:\/\/periodicocentroccidente.com\/?p=7411","url":"https:\/\/periodicocentroccidente.com\/?p=7411","name":"Representantes de la Plataforma Unitaria visitaron sede del gremio de Periodistas -","isPartOf":{"@id":"https:\/\/periodicocentroccidente.com\/#website"},"primaryImageOfPage":{"@id":"https:\/\/periodicocentroccidente.com\/?p=7411#primaryimage"},"image":{"@id":"https:\/\/periodicocentroccidente.com\/?p=7411#primaryimage"},"thumbnailUrl":"https:\/\/periodicocentroccidente.com\/wp-content\/uploads\/2026\/04\/periodistas.jpg","datePublished":"2026-04-30T16:16:03+00:00","author":{"@id":"https:\/\/periodicocentroccidente.com\/#\/schema\/person\/f4e4a651098f3db198244657b7130e7e"},"breadcrumb":{"@id":"https:\/\/periodicocentroccidente.com\/?p=7411#breadcrumb"},"inLanguage":"es","potentialAction":[{"@type":"ReadAction","target":["https:\/\/periodicocentroccidente.com\/?p=7411"]}]},{"@type":"ImageObject","inLanguage":"es","@id":"https:\/\/periodicocentroccidente.com\/?p=7411#primaryimage","url":"https:\/\/periodicocentroccidente.com\/wp-content\/uploads\/2026\/04\/periodistas.jpg","contentUrl":"https:\/\/periodicocentroccidente.com\/wp-content\/uploads\/2026\/04\/periodistas.jpg","width":2560,"height":1920},{"@type":"BreadcrumbList","@id":"https:\/\/periodicocentroccidente.com\/?p=7411#breadcrumb","itemListElement":[{"@type":"ListItem","position":1,"name":"Portada","item":"https:\/\/periodicocentroccidente.com\/"},{"@type":"ListItem","position":2,"name":"Representantes de la Plataforma Unitaria visitaron sede del gremio de Periodistas"}]},{"@type":"WebSite","@id":"https:\/\/periodicocentroccidente.com\/#website","url":"https:\/\/periodicocentroccidente.com\/","name":"","description":"Periodismo serio y responsable","potentialAction":[{"@type":"SearchAction","target":{"@type":"EntryPoint","urlTemplate":"https:\/\/periodicocentroccidente.com\/?s={search_term_string}"},"query-input":{"@type":"PropertyValueSpecification","valueRequired":true,"valueName":"search_term_string"}}],"inLanguage":"es"},{"@type":"Person","@id":"https:\/\/periodicocentroccidente.com\/#\/schema\/person\/f4e4a651098f3db198244657b7130e7e","name":"Ricardo","image":{"@type":"ImageObject","inLanguage":"es","@id":"https:\/\/periodicocentroccidente.com\/#\/schema\/person\/image\/","url":"https:\/\/secure.gravatar.com\/avatar\/402e6137108ec0fdaa7809184382fb1dd2f8b00264c1d945d341f2b8f90db429?s=96&d=mm&r=g","contentUrl":"https:\/\/secure.gravatar.com\/avatar\/402e6137108ec0fdaa7809184382fb1dd2f8b00264c1d945d341f2b8f90db429?s=96&d=mm&r=g","caption":"Ricardo"},"url":"https:\/\/periodicocentroccidente.com\/?author=2"}]}},"jetpack_featured_media_url":"https:\/\/periodicocentroccidente.com\/wp-content\/uploads\/2026\/04\/periodistas.jpg","jetpack_sharing_enabled":true,"jetpack-related-posts":[],"_links":{"self":[{"href":"https:\/\/periodicocentroccidente.com\/index.php?rest_route=\/wp\/v2\/posts\/7411","targetHints":{"allow":["GET"]}}],"collection":[{"href":"https:\/\/periodicocentroccidente.com\/index.php?rest_route=\/wp\/v2\/posts"}],"about":[{"href":"https:\/\/periodicocentroccidente.com\/index.php?rest_route=\/wp\/v2\/types\/post"}],"author":[{"embeddable":true,"href":"https:\/\/periodicocentroccidente.com\/index.php?rest_route=\/wp\/v2\/users\/2"}],"replies":[{"embeddable":true,"href":"https:\/\/periodicocentroccidente.com\/index.php?rest_route=%2Fwp%2Fv2%2Fcomments&post=7411"}],"version-history":[{"count":1,"href":"https:\/\/periodicocentroccidente.com\/index.php?rest_route=\/wp\/v2\/posts\/7411\/revisions"}],"predecessor-version":[{"id":7413,"href":"https:\/\/periodicocentroccidente.com\/index.php?rest_route=\/wp\/v2\/posts\/7411\/revisions\/7413"}],"wp:featuredmedia":[{"embeddable":true,"href":"https:\/\/periodicocentroccidente.com\/index.php?rest_route=\/wp\/v2\/media\/7412"}],"wp:attachment":[{"href":"https:\/\/periodicocentroccidente.com\/index.php?rest_route=%2Fwp%2Fv2%2Fmedia&parent=7411"}],"wp:term":[{"taxonomy":"category","embeddable":true,"href":"https:\/\/periodicocentroccidente.com\/index.php?rest_route=%2Fwp%2Fv2%2Fcategories&post=7411"},{"taxonomy":"post_tag","embeddable":true,"href":"https:\/\/periodicocentroccidente.com\/index.php?rest_route=%2Fwp%2Fv2%2Ftags&post=7411"}],"curies":[{"name":"wp","href":"https:\/\/api.w.org\/{rel}","templated":true}]}}