{"id":7408,"date":"2026-04-30T16:05:01","date_gmt":"2026-04-30T16:05:01","guid":{"rendered":"https:\/\/periodicocentroccidente.com\/?p=7408"},"modified":"2026-04-30T16:05:01","modified_gmt":"2026-04-30T16:05:01","slug":"abogado-carlos-ortega-parra-cree-en-una-transicion-definitiva","status":"publish","type":"post","link":"https:\/\/periodicocentroccidente.com\/?p=7408","title":{"rendered":"Abogado Carlos Ortega Parra cree en una transici\u00f3n definitiva"},"content":{"rendered":"<p><strong>Especial.-<\/strong><\/p>\n<p>El proceso de tres fases que se est\u00e1 llevando a cabo en Venezuela luego de los hechos del 3 de enero de 2026, impulsado por la administraci\u00f3n estadounidense en Donald Trump, b\u00e1sicamente busca la transici\u00f3n pol\u00edtica tras la salida de Nicol\u00e1s Maduro. Comprende, en primer lugar, la\u00a0estabilizaci\u00f3n o evitar estallido social incontrolable; en segundo lugar la recuperaci\u00f3n econ\u00f3mica y tercero, transici\u00f3n con elecciones libres y participaci\u00f3n de todos los actores pol\u00edticos.<\/p>\n<p>Para el abogado Carlos Ortega Parra, coordinador en el estado Portuguesa del Movimiento Concertaci\u00f3n Ciudadana, las dos primeras fases se han cumplido de manera puntual y ahora se ha entrado a la tercera para cristalizar la \u201canhelada transici\u00f3n y de esta manera poner fin al fallido Estado delincuencial que pretende mantenerse en el poder para beneficio de sus jerarcas mientras el pueblo pasa necesidades\u201d.<\/p>\n<p>\u201cLa transici\u00f3n definitiva, en la cual creo firmemente, es el proceso de pasar de un estado a otro, lo cual implica un proceso generalmente complejo y con cierto nivel de resistencia, pero el cual, en el caso de Venezuela, ya es irreversible y avanzamos hacia su cristalizaci\u00f3n para poner fin al r\u00e9gimen m\u00e1s corrupto y delincuencial que haya podido tener el pa\u00eds\u201d,\u00a0afirma en sus declaraciones el dirigente pol\u00edtico portuguse\u00f1o.<\/p>\n<p>Considera que es necesario sincerar el proceso de transici\u00f3n para evitar malos entendido o la confusi\u00f3n de la poblaci\u00f3n, ya que la misma podr\u00eda entrara a un estado de des\u00e1nimo o frustraci\u00f3n y eso ser\u00eda muy peligroso, porque, en sus criterios, cuando la sociedad de harta de algo o de alguien siempre los finales no son del todo pac\u00edficos, y es lo que se debe evitar a toda costa.<\/p>\n<p>\u201cLos tiempos de hoy exigen paciencia y entendimiento, ya que desmontar el estado de represivo y secuestrador de la institucionalidad democr\u00e1tica pasa por un proceso delicado y complejo,\u00a0pero tenemos que tener la convicci\u00f3n de que se avanza por el camino correcto y la l\u00edder opositora venezolana, Mar\u00eda Corina Machado, ha sabido mover las fichas del tablero pol\u00edtico nacional e internacional muy bien, por lo que m\u00e1s temprano que tarde la transici\u00f3n se cristalizar\u00e1\u201d, apunt\u00f3 finalmente en sus declaraciones.-<\/p>\n<p><strong>El\u00edas D\u00edaz <a href=\"mailto:eliasdiaz20019@gmail.com\">eliasdiaz20019@gmail.com<\/a><\/strong><\/p>\n","protected":false},"excerpt":{"rendered":"<p>Especial.- El proceso de tres fases que se est&aacute; llevando a cabo en Venezuela luego de los hechos del 3 de enero de 2026, impulsado por la administraci&oacute;n estadounidense en Donald Trump, b&aacute;sicamente busca la transici&oacute;n pol&iacute;tica tras la salida de Nicol&aacute;s Maduro. Comprende, en primer lugar, la&nbsp;estabilizaci&oacute;n o evitar estallido social incontrolable; en segundo &hellip;<\/p>\n","protected":false},"author":2,"featured_media":7409,"comment_status":"open","ping_status":"open","sticky":false,"template":"","format":"standard","meta":{"_jetpack_memberships_contains_paid_content":false,"footnotes":""},"categories":[127],"tags":[],"class_list":["post-7408","post","type-post","status-publish","format-standard","has-post-thumbnail","hentry","category-noticias-recientes"],"yoast_head":"<!-- This site is optimized with the Yoast SEO plugin v24.8.1 - https:\/\/yoast.com\/wordpress\/plugins\/seo\/ -->\n<title>Abogado Carlos Ortega Parra cree en una transici\u00f3n definitiva -<\/title>\n<meta name=\"robots\" content=\"index, follow, max-snippet:-1, max-image-preview:large, max-video-preview:-1\" \/>\n<link rel=\"canonical\" href=\"https:\/\/periodicocentroccidente.com\/?p=7408\" \/>\n<meta property=\"og:locale\" content=\"es_ES\" \/>\n<meta property=\"og:type\" content=\"article\" \/>\n<meta property=\"og:title\" content=\"Abogado Carlos Ortega Parra cree en una transici\u00f3n definitiva -\" \/>\n<meta property=\"og:description\" content=\"Especial.- El proceso de tres fases que se est&aacute; llevando a cabo en Venezuela luego de los hechos del 3 de enero de 2026, impulsado por la administraci&oacute;n estadounidense en Donald Trump, b&aacute;sicamente busca la transici&oacute;n pol&iacute;tica tras la salida de Nicol&aacute;s Maduro. Comprende, en primer lugar, la&nbsp;estabilizaci&oacute;n o evitar estallido social incontrolable; en segundo &hellip;\" \/>\n<meta property=\"og:url\" content=\"https:\/\/periodicocentroccidente.com\/?p=7408\" \/>\n<meta property=\"article:published_time\" content=\"2026-04-30T16:05:01+00:00\" \/>\n<meta property=\"og:image\" content=\"https:\/\/periodicocentroccidente.com\/wp-content\/uploads\/2026\/04\/CARLOS-O0.jpg\" \/>\n\t<meta property=\"og:image:width\" content=\"855\" \/>\n\t<meta property=\"og:image:height\" content=\"779\" \/>\n\t<meta property=\"og:image:type\" content=\"image\/jpeg\" \/>\n<meta name=\"author\" content=\"Ricardo\" \/>\n<meta name=\"twitter:card\" content=\"summary_large_image\" \/>\n<meta name=\"twitter:label1\" content=\"Escrito por\" \/>\n\t<meta name=\"twitter:data1\" content=\"Ricardo\" \/>\n\t<meta name=\"twitter:label2\" content=\"Tiempo de lectura\" \/>\n\t<meta name=\"twitter:data2\" content=\"2 minutos\" \/>\n<script type=\"application\/ld+json\" class=\"yoast-schema-graph\">{\"@context\":\"https:\/\/schema.org\",\"@graph\":[{\"@type\":\"WebPage\",\"@id\":\"https:\/\/periodicocentroccidente.com\/?p=7408\",\"url\":\"https:\/\/periodicocentroccidente.com\/?p=7408\",\"name\":\"Abogado Carlos Ortega Parra cree en una transici\u00f3n definitiva -\",\"isPartOf\":{\"@id\":\"https:\/\/periodicocentroccidente.com\/#website\"},\"primaryImageOfPage\":{\"@id\":\"https:\/\/periodicocentroccidente.com\/?p=7408#primaryimage\"},\"image\":{\"@id\":\"https:\/\/periodicocentroccidente.com\/?p=7408#primaryimage\"},\"thumbnailUrl\":\"https:\/\/periodicocentroccidente.com\/wp-content\/uploads\/2026\/04\/CARLOS-O0.jpg\",\"datePublished\":\"2026-04-30T16:05:01+00:00\",\"author\":{\"@id\":\"https:\/\/periodicocentroccidente.com\/#\/schema\/person\/f4e4a651098f3db198244657b7130e7e\"},\"breadcrumb\":{\"@id\":\"https:\/\/periodicocentroccidente.com\/?p=7408#breadcrumb\"},\"inLanguage\":\"es\",\"potentialAction\":[{\"@type\":\"ReadAction\",\"target\":[\"https:\/\/periodicocentroccidente.com\/?p=7408\"]}]},{\"@type\":\"ImageObject\",\"inLanguage\":\"es\",\"@id\":\"https:\/\/periodicocentroccidente.com\/?p=7408#primaryimage\",\"url\":\"https:\/\/periodicocentroccidente.com\/wp-content\/uploads\/2026\/04\/CARLOS-O0.jpg\",\"contentUrl\":\"https:\/\/periodicocentroccidente.com\/wp-content\/uploads\/2026\/04\/CARLOS-O0.jpg\",\"width\":855,\"height\":779},{\"@type\":\"BreadcrumbList\",\"@id\":\"https:\/\/periodicocentroccidente.com\/?p=7408#breadcrumb\",\"itemListElement\":[{\"@type\":\"ListItem\",\"position\":1,\"name\":\"Portada\",\"item\":\"https:\/\/periodicocentroccidente.com\/\"},{\"@type\":\"ListItem\",\"position\":2,\"name\":\"Abogado Carlos Ortega Parra cree en una transici\u00f3n definitiva\"}]},{\"@type\":\"WebSite\",\"@id\":\"https:\/\/periodicocentroccidente.com\/#website\",\"url\":\"https:\/\/periodicocentroccidente.com\/\",\"name\":\"\",\"description\":\"Periodismo serio y responsable\",\"potentialAction\":[{\"@type\":\"SearchAction\",\"target\":{\"@type\":\"EntryPoint\",\"urlTemplate\":\"https:\/\/periodicocentroccidente.com\/?s={search_term_string}\"},\"query-input\":{\"@type\":\"PropertyValueSpecification\",\"valueRequired\":true,\"valueName\":\"search_term_string\"}}],\"inLanguage\":\"es\"},{\"@type\":\"Person\",\"@id\":\"https:\/\/periodicocentroccidente.com\/#\/schema\/person\/f4e4a651098f3db198244657b7130e7e\",\"name\":\"Ricardo\",\"image\":{\"@type\":\"ImageObject\",\"inLanguage\":\"es\",\"@id\":\"https:\/\/periodicocentroccidente.com\/#\/schema\/person\/image\/\",\"url\":\"https:\/\/secure.gravatar.com\/avatar\/402e6137108ec0fdaa7809184382fb1dd2f8b00264c1d945d341f2b8f90db429?s=96&d=mm&r=g\",\"contentUrl\":\"https:\/\/secure.gravatar.com\/avatar\/402e6137108ec0fdaa7809184382fb1dd2f8b00264c1d945d341f2b8f90db429?s=96&d=mm&r=g\",\"caption\":\"Ricardo\"},\"url\":\"https:\/\/periodicocentroccidente.com\/?author=2\"}]}<\/script>\n<!-- \/ Yoast SEO plugin. -->","yoast_head_json":{"title":"Abogado Carlos Ortega Parra cree en una transici\u00f3n definitiva -","robots":{"index":"index","follow":"follow","max-snippet":"max-snippet:-1","max-image-preview":"max-image-preview:large","max-video-preview":"max-video-preview:-1"},"canonical":"https:\/\/periodicocentroccidente.com\/?p=7408","og_locale":"es_ES","og_type":"article","og_title":"Abogado Carlos Ortega Parra cree en una transici\u00f3n definitiva -","og_description":"Especial.- El proceso de tres fases que se est&aacute; llevando a cabo en Venezuela luego de los hechos del 3 de enero de 2026, impulsado por la administraci&oacute;n estadounidense en Donald Trump, b&aacute;sicamente busca la transici&oacute;n pol&iacute;tica tras la salida de Nicol&aacute;s Maduro. Comprende, en primer lugar, la&nbsp;estabilizaci&oacute;n o evitar estallido social incontrolable; en segundo &hellip;","og_url":"https:\/\/periodicocentroccidente.com\/?p=7408","article_published_time":"2026-04-30T16:05:01+00:00","og_image":[{"width":855,"height":779,"url":"https:\/\/periodicocentroccidente.com\/wp-content\/uploads\/2026\/04\/CARLOS-O0.jpg","type":"image\/jpeg"}],"author":"Ricardo","twitter_card":"summary_large_image","twitter_misc":{"Escrito por":"Ricardo","Tiempo de lectura":"2 minutos"},"schema":{"@context":"https:\/\/schema.org","@graph":[{"@type":"WebPage","@id":"https:\/\/periodicocentroccidente.com\/?p=7408","url":"https:\/\/periodicocentroccidente.com\/?p=7408","name":"Abogado Carlos Ortega Parra cree en una transici\u00f3n definitiva -","isPartOf":{"@id":"https:\/\/periodicocentroccidente.com\/#website"},"primaryImageOfPage":{"@id":"https:\/\/periodicocentroccidente.com\/?p=7408#primaryimage"},"image":{"@id":"https:\/\/periodicocentroccidente.com\/?p=7408#primaryimage"},"thumbnailUrl":"https:\/\/periodicocentroccidente.com\/wp-content\/uploads\/2026\/04\/CARLOS-O0.jpg","datePublished":"2026-04-30T16:05:01+00:00","author":{"@id":"https:\/\/periodicocentroccidente.com\/#\/schema\/person\/f4e4a651098f3db198244657b7130e7e"},"breadcrumb":{"@id":"https:\/\/periodicocentroccidente.com\/?p=7408#breadcrumb"},"inLanguage":"es","potentialAction":[{"@type":"ReadAction","target":["https:\/\/periodicocentroccidente.com\/?p=7408"]}]},{"@type":"ImageObject","inLanguage":"es","@id":"https:\/\/periodicocentroccidente.com\/?p=7408#primaryimage","url":"https:\/\/periodicocentroccidente.com\/wp-content\/uploads\/2026\/04\/CARLOS-O0.jpg","contentUrl":"https:\/\/periodicocentroccidente.com\/wp-content\/uploads\/2026\/04\/CARLOS-O0.jpg","width":855,"height":779},{"@type":"BreadcrumbList","@id":"https:\/\/periodicocentroccidente.com\/?p=7408#breadcrumb","itemListElement":[{"@type":"ListItem","position":1,"name":"Portada","item":"https:\/\/periodicocentroccidente.com\/"},{"@type":"ListItem","position":2,"name":"Abogado Carlos Ortega Parra cree en una transici\u00f3n definitiva"}]},{"@type":"WebSite","@id":"https:\/\/periodicocentroccidente.com\/#website","url":"https:\/\/periodicocentroccidente.com\/","name":"","description":"Periodismo serio y responsable","potentialAction":[{"@type":"SearchAction","target":{"@type":"EntryPoint","urlTemplate":"https:\/\/periodicocentroccidente.com\/?s={search_term_string}"},"query-input":{"@type":"PropertyValueSpecification","valueRequired":true,"valueName":"search_term_string"}}],"inLanguage":"es"},{"@type":"Person","@id":"https:\/\/periodicocentroccidente.com\/#\/schema\/person\/f4e4a651098f3db198244657b7130e7e","name":"Ricardo","image":{"@type":"ImageObject","inLanguage":"es","@id":"https:\/\/periodicocentroccidente.com\/#\/schema\/person\/image\/","url":"https:\/\/secure.gravatar.com\/avatar\/402e6137108ec0fdaa7809184382fb1dd2f8b00264c1d945d341f2b8f90db429?s=96&d=mm&r=g","contentUrl":"https:\/\/secure.gravatar.com\/avatar\/402e6137108ec0fdaa7809184382fb1dd2f8b00264c1d945d341f2b8f90db429?s=96&d=mm&r=g","caption":"Ricardo"},"url":"https:\/\/periodicocentroccidente.com\/?author=2"}]}},"jetpack_featured_media_url":"https:\/\/periodicocentroccidente.com\/wp-content\/uploads\/2026\/04\/CARLOS-O0.jpg","jetpack_sharing_enabled":true,"jetpack-related-posts":[],"_links":{"self":[{"href":"https:\/\/periodicocentroccidente.com\/index.php?rest_route=\/wp\/v2\/posts\/7408","targetHints":{"allow":["GET"]}}],"collection":[{"href":"https:\/\/periodicocentroccidente.com\/index.php?rest_route=\/wp\/v2\/posts"}],"about":[{"href":"https:\/\/periodicocentroccidente.com\/index.php?rest_route=\/wp\/v2\/types\/post"}],"author":[{"embeddable":true,"href":"https:\/\/periodicocentroccidente.com\/index.php?rest_route=\/wp\/v2\/users\/2"}],"replies":[{"embeddable":true,"href":"https:\/\/periodicocentroccidente.com\/index.php?rest_route=%2Fwp%2Fv2%2Fcomments&post=7408"}],"version-history":[{"count":1,"href":"https:\/\/periodicocentroccidente.com\/index.php?rest_route=\/wp\/v2\/posts\/7408\/revisions"}],"predecessor-version":[{"id":7410,"href":"https:\/\/periodicocentroccidente.com\/index.php?rest_route=\/wp\/v2\/posts\/7408\/revisions\/7410"}],"wp:featuredmedia":[{"embeddable":true,"href":"https:\/\/periodicocentroccidente.com\/index.php?rest_route=\/wp\/v2\/media\/7409"}],"wp:attachment":[{"href":"https:\/\/periodicocentroccidente.com\/index.php?rest_route=%2Fwp%2Fv2%2Fmedia&parent=7408"}],"wp:term":[{"taxonomy":"category","embeddable":true,"href":"https:\/\/periodicocentroccidente.com\/index.php?rest_route=%2Fwp%2Fv2%2Fcategories&post=7408"},{"taxonomy":"post_tag","embeddable":true,"href":"https:\/\/periodicocentroccidente.com\/index.php?rest_route=%2Fwp%2Fv2%2Ftags&post=7408"}],"curies":[{"name":"wp","href":"https:\/\/api.w.org\/{rel}","templated":true}]}}