{"id":7395,"date":"2026-04-30T15:53:26","date_gmt":"2026-04-30T15:53:26","guid":{"rendered":"https:\/\/periodicocentroccidente.com\/?p=7395"},"modified":"2026-04-30T15:53:26","modified_gmt":"2026-04-30T15:53:26","slug":"inauguracion-de-un-nuevo-centro-de-educacion-inicial-maternal","status":"publish","type":"post","link":"https:\/\/periodicocentroccidente.com\/?p=7395","title":{"rendered":"Inauguraci\u00f3n de un nuevo centro de educaci\u00f3n inicial (Maternal)"},"content":{"rendered":"<p><strong>Especial.-<\/strong><\/p>\n<div dir=\"auto\">Inauguran nuevo Centro de Educaci\u00f3n Inicial \u00abMaternal\u00bb, para\u00a0 fortalecer la atenci\u00f3n integral a la infancia del municipio Sucre del estado Portuguesa.<\/div>\n<div dir=\"auto\">Con el objetivo de garantizar espacios dignos para el desarrollo y aprendizaje de los m\u00e1s peque\u00f1os.<\/div>\n<div dir=\"auto\">El pasado mi\u00e9rcoles 29 de abril del 2026, se llev\u00f3 a cabo la inauguraci\u00f3n formal del Centro de Educaci\u00f3n Inicial \u00abMaternal\u00bb \u00abG\u00f3tita de Amor y Mis Angeles\u00bb.<\/div>\n<div dir=\"auto\"><\/div>\n<div dir=\"auto\">El evento cont\u00f3 con la presencia de autoridades educativas municipales como tambi\u00e9n la Alcaldesa del municipio Prof. Maria Morillo, acompa\u00f1ada del personal del CDCE Sucre, la Comuna Francisco de Miranda, los 15 parlamentarios, representante del Consejo Federal de Gobierno, personal docentes, obreros, administrativos, vigilantes y cocineras de la Patria.<\/div>\n<div dir=\"auto\"><\/div>\n<div dir=\"auto\"><strong>\u200b El centro cuenta con amplias salas de actividades para recibir a los m\u00e1s peque\u00f1ines.<\/strong><\/div>\n<div dir=\"auto\">\u200b\u00bbEste no es solo un local,\u00a0 es un espacio de protecci\u00f3n y amor donde los ni\u00f1os y ni\u00f1as recibir\u00e1n las herramientas necesarias para su crecimiento cognitivo y emocional\u00bb, se\u00f1al\u00f3 la directora de la instituci\u00f3n Prof. Iris Mejias durante el corte de cinta.<\/div>\n<div dir=\"auto\"><\/div>\n<div dir=\"auto\">\u200b\u200bEl maternal tiene capacidad para atender a un aproximado de\u00a0 matr\u00edcula para 50 ni\u00f1os en edades comprendidas entre 0 y 3 a\u00f1os.<\/div>\n<div dir=\"auto\"><\/div>\n<div dir=\"auto\">Para mayor informacion dirigirse a la instituci\u00f3n del Preescolar \u00abArgimiro Gabald\u00f3n\u00bb de Biscucuy sector el Paraparo a partir de la 7:30 de la ma\u00f1ana para hacer su respectiva inscripci\u00f3n .<\/div>\n<div dir=\"auto\"><\/div>\n<div dir=\"auto\">\n<div dir=\"auto\"><strong>\u200b(Luis Pe\u00f1a Gonz\u00e1lez) <a href=\"mailto:invermariferca2000@gmail.com\" target=\"_blank\" rel=\"noopener\">invermariferca2000@gmail.com<\/a><\/strong><\/div>\n<\/div>\n<div dir=\"auto\"><\/div>\n<div class=\"yj6qo\"><img loading=\"lazy\" decoding=\"async\" class=\"alignnone size-medium wp-image-7396\" src=\"https:\/\/periodicocentroccidente.com\/wp-content\/uploads\/2026\/04\/1008810353-300x138.jpg\" alt=\"\" width=\"300\" height=\"138\" srcset=\"https:\/\/periodicocentroccidente.com\/wp-content\/uploads\/2026\/04\/1008810353-300x138.jpg 300w, https:\/\/periodicocentroccidente.com\/wp-content\/uploads\/2026\/04\/1008810353-1024x473.jpg 1024w, https:\/\/periodicocentroccidente.com\/wp-content\/uploads\/2026\/04\/1008810353-768x354.jpg 768w, https:\/\/periodicocentroccidente.com\/wp-content\/uploads\/2026\/04\/1008810353.jpg 1040w\" sizes=\"auto, (max-width: 300px) 100vw, 300px\" \/>\u00a0 \u00a0 <img loading=\"lazy\" decoding=\"async\" class=\"alignnone size-medium wp-image-7398\" src=\"https:\/\/periodicocentroccidente.com\/wp-content\/uploads\/2026\/04\/1008810359-300x138.jpg\" alt=\"\" width=\"300\" height=\"138\" srcset=\"https:\/\/periodicocentroccidente.com\/wp-content\/uploads\/2026\/04\/1008810359-300x138.jpg 300w, https:\/\/periodicocentroccidente.com\/wp-content\/uploads\/2026\/04\/1008810359-1024x473.jpg 1024w, https:\/\/periodicocentroccidente.com\/wp-content\/uploads\/2026\/04\/1008810359-768x354.jpg 768w, https:\/\/periodicocentroccidente.com\/wp-content\/uploads\/2026\/04\/1008810359.jpg 1040w\" sizes=\"auto, (max-width: 300px) 100vw, 300px\" \/><\/div>\n<div><\/div>\n<div><img loading=\"lazy\" decoding=\"async\" class=\"alignnone size-medium wp-image-7402\" src=\"https:\/\/periodicocentroccidente.com\/wp-content\/uploads\/2026\/04\/1008810371-300x138.jpg\" alt=\"\" width=\"300\" height=\"138\" srcset=\"https:\/\/periodicocentroccidente.com\/wp-content\/uploads\/2026\/04\/1008810371-300x138.jpg 300w, https:\/\/periodicocentroccidente.com\/wp-content\/uploads\/2026\/04\/1008810371-1024x473.jpg 1024w, https:\/\/periodicocentroccidente.com\/wp-content\/uploads\/2026\/04\/1008810371-768x354.jpg 768w, https:\/\/periodicocentroccidente.com\/wp-content\/uploads\/2026\/04\/1008810371.jpg 1040w\" sizes=\"auto, (max-width: 300px) 100vw, 300px\" \/>\u00a0 \u00a0 <img loading=\"lazy\" decoding=\"async\" class=\"alignnone size-medium wp-image-7401\" src=\"https:\/\/periodicocentroccidente.com\/wp-content\/uploads\/2026\/04\/1008810368-138x300.jpg\" alt=\"\" width=\"138\" height=\"300\" srcset=\"https:\/\/periodicocentroccidente.com\/wp-content\/uploads\/2026\/04\/1008810368-138x300.jpg 138w, https:\/\/periodicocentroccidente.com\/wp-content\/uploads\/2026\/04\/1008810368-473x1024.jpg 473w, https:\/\/periodicocentroccidente.com\/wp-content\/uploads\/2026\/04\/1008810368.jpg 480w\" sizes=\"auto, (max-width: 138px) 100vw, 138px\" \/>\u00a0 \u00a0 \u00a0 <img loading=\"lazy\" decoding=\"async\" class=\"alignnone size-medium wp-image-7400\" src=\"https:\/\/periodicocentroccidente.com\/wp-content\/uploads\/2026\/04\/1008810365-138x300.jpg\" alt=\"\" width=\"138\" height=\"300\" srcset=\"https:\/\/periodicocentroccidente.com\/wp-content\/uploads\/2026\/04\/1008810365-138x300.jpg 138w, https:\/\/periodicocentroccidente.com\/wp-content\/uploads\/2026\/04\/1008810365-473x1024.jpg 473w, https:\/\/periodicocentroccidente.com\/wp-content\/uploads\/2026\/04\/1008810365.jpg 480w\" sizes=\"auto, (max-width: 138px) 100vw, 138px\" \/>\u00a0 \u00a0 <img loading=\"lazy\" decoding=\"async\" class=\"alignnone size-medium wp-image-7399\" src=\"https:\/\/periodicocentroccidente.com\/wp-content\/uploads\/2026\/04\/1008810362-138x300.jpg\" alt=\"\" width=\"138\" height=\"300\" srcset=\"https:\/\/periodicocentroccidente.com\/wp-content\/uploads\/2026\/04\/1008810362-138x300.jpg 138w, https:\/\/periodicocentroccidente.com\/wp-content\/uploads\/2026\/04\/1008810362-473x1024.jpg 473w, https:\/\/periodicocentroccidente.com\/wp-content\/uploads\/2026\/04\/1008810362.jpg 480w\" sizes=\"auto, (max-width: 138px) 100vw, 138px\" \/><\/div>\n<div class=\"adL\" dir=\"auto\"><\/div>\n","protected":false},"excerpt":{"rendered":"<p>Especial.- Inauguran nuevo Centro de Educaci&oacute;n Inicial &laquo;Maternal&raquo;, para&nbsp; fortalecer la atenci&oacute;n integral a la infancia del municipio Sucre del estado Portuguesa. Con el objetivo de garantizar espacios dignos para el desarrollo y aprendizaje de los m&aacute;s peque&ntilde;os. El pasado mi&eacute;rcoles 29 de abril del 2026, se llev&oacute; a cabo la inauguraci&oacute;n formal del Centro &hellip;<\/p>\n","protected":false},"author":2,"featured_media":7397,"comment_status":"open","ping_status":"open","sticky":false,"template":"","format":"standard","meta":{"_jetpack_memberships_contains_paid_content":false,"footnotes":""},"categories":[127],"tags":[],"class_list":["post-7395","post","type-post","status-publish","format-standard","has-post-thumbnail","hentry","category-noticias-recientes"],"yoast_head":"<!-- This site is optimized with the Yoast SEO plugin v24.8.1 - https:\/\/yoast.com\/wordpress\/plugins\/seo\/ -->\n<title>Inauguraci\u00f3n de un nuevo centro de educaci\u00f3n inicial (Maternal) -<\/title>\n<meta name=\"robots\" content=\"index, follow, max-snippet:-1, max-image-preview:large, max-video-preview:-1\" \/>\n<link rel=\"canonical\" href=\"https:\/\/periodicocentroccidente.com\/?p=7395\" \/>\n<meta property=\"og:locale\" content=\"es_ES\" \/>\n<meta property=\"og:type\" content=\"article\" \/>\n<meta property=\"og:title\" content=\"Inauguraci\u00f3n de un nuevo centro de educaci\u00f3n inicial (Maternal) -\" \/>\n<meta property=\"og:description\" content=\"Especial.- Inauguran nuevo Centro de Educaci&oacute;n Inicial &laquo;Maternal&raquo;, para&nbsp; fortalecer la atenci&oacute;n integral a la infancia del municipio Sucre del estado Portuguesa. Con el objetivo de garantizar espacios dignos para el desarrollo y aprendizaje de los m&aacute;s peque&ntilde;os. El pasado mi&eacute;rcoles 29 de abril del 2026, se llev&oacute; a cabo la inauguraci&oacute;n formal del Centro &hellip;\" \/>\n<meta property=\"og:url\" content=\"https:\/\/periodicocentroccidente.com\/?p=7395\" \/>\n<meta property=\"article:published_time\" content=\"2026-04-30T15:53:26+00:00\" \/>\n<meta property=\"og:image\" content=\"https:\/\/periodicocentroccidente.com\/wp-content\/uploads\/2026\/04\/1008810356.jpg\" \/>\n\t<meta property=\"og:image:width\" content=\"1040\" \/>\n\t<meta property=\"og:image:height\" content=\"480\" \/>\n\t<meta property=\"og:image:type\" content=\"image\/jpeg\" \/>\n<meta name=\"author\" content=\"Ricardo\" \/>\n<meta name=\"twitter:card\" content=\"summary_large_image\" \/>\n<meta name=\"twitter:label1\" content=\"Escrito por\" \/>\n\t<meta name=\"twitter:data1\" content=\"Ricardo\" \/>\n\t<meta name=\"twitter:label2\" content=\"Tiempo de lectura\" \/>\n\t<meta name=\"twitter:data2\" content=\"3 minutos\" \/>\n<script type=\"application\/ld+json\" class=\"yoast-schema-graph\">{\"@context\":\"https:\/\/schema.org\",\"@graph\":[{\"@type\":\"WebPage\",\"@id\":\"https:\/\/periodicocentroccidente.com\/?p=7395\",\"url\":\"https:\/\/periodicocentroccidente.com\/?p=7395\",\"name\":\"Inauguraci\u00f3n de un nuevo centro de educaci\u00f3n inicial (Maternal) -\",\"isPartOf\":{\"@id\":\"https:\/\/periodicocentroccidente.com\/#website\"},\"primaryImageOfPage\":{\"@id\":\"https:\/\/periodicocentroccidente.com\/?p=7395#primaryimage\"},\"image\":{\"@id\":\"https:\/\/periodicocentroccidente.com\/?p=7395#primaryimage\"},\"thumbnailUrl\":\"https:\/\/periodicocentroccidente.com\/wp-content\/uploads\/2026\/04\/1008810356.jpg\",\"datePublished\":\"2026-04-30T15:53:26+00:00\",\"author\":{\"@id\":\"https:\/\/periodicocentroccidente.com\/#\/schema\/person\/f4e4a651098f3db198244657b7130e7e\"},\"breadcrumb\":{\"@id\":\"https:\/\/periodicocentroccidente.com\/?p=7395#breadcrumb\"},\"inLanguage\":\"es\",\"potentialAction\":[{\"@type\":\"ReadAction\",\"target\":[\"https:\/\/periodicocentroccidente.com\/?p=7395\"]}]},{\"@type\":\"ImageObject\",\"inLanguage\":\"es\",\"@id\":\"https:\/\/periodicocentroccidente.com\/?p=7395#primaryimage\",\"url\":\"https:\/\/periodicocentroccidente.com\/wp-content\/uploads\/2026\/04\/1008810356.jpg\",\"contentUrl\":\"https:\/\/periodicocentroccidente.com\/wp-content\/uploads\/2026\/04\/1008810356.jpg\",\"width\":1040,\"height\":480},{\"@type\":\"BreadcrumbList\",\"@id\":\"https:\/\/periodicocentroccidente.com\/?p=7395#breadcrumb\",\"itemListElement\":[{\"@type\":\"ListItem\",\"position\":1,\"name\":\"Portada\",\"item\":\"https:\/\/periodicocentroccidente.com\/\"},{\"@type\":\"ListItem\",\"position\":2,\"name\":\"Inauguraci\u00f3n de un nuevo centro de educaci\u00f3n inicial (Maternal)\"}]},{\"@type\":\"WebSite\",\"@id\":\"https:\/\/periodicocentroccidente.com\/#website\",\"url\":\"https:\/\/periodicocentroccidente.com\/\",\"name\":\"\",\"description\":\"Periodismo serio y responsable\",\"potentialAction\":[{\"@type\":\"SearchAction\",\"target\":{\"@type\":\"EntryPoint\",\"urlTemplate\":\"https:\/\/periodicocentroccidente.com\/?s={search_term_string}\"},\"query-input\":{\"@type\":\"PropertyValueSpecification\",\"valueRequired\":true,\"valueName\":\"search_term_string\"}}],\"inLanguage\":\"es\"},{\"@type\":\"Person\",\"@id\":\"https:\/\/periodicocentroccidente.com\/#\/schema\/person\/f4e4a651098f3db198244657b7130e7e\",\"name\":\"Ricardo\",\"image\":{\"@type\":\"ImageObject\",\"inLanguage\":\"es\",\"@id\":\"https:\/\/periodicocentroccidente.com\/#\/schema\/person\/image\/\",\"url\":\"https:\/\/secure.gravatar.com\/avatar\/402e6137108ec0fdaa7809184382fb1dd2f8b00264c1d945d341f2b8f90db429?s=96&d=mm&r=g\",\"contentUrl\":\"https:\/\/secure.gravatar.com\/avatar\/402e6137108ec0fdaa7809184382fb1dd2f8b00264c1d945d341f2b8f90db429?s=96&d=mm&r=g\",\"caption\":\"Ricardo\"},\"url\":\"https:\/\/periodicocentroccidente.com\/?author=2\"}]}<\/script>\n<!-- \/ Yoast SEO plugin. -->","yoast_head_json":{"title":"Inauguraci\u00f3n de un nuevo centro de educaci\u00f3n inicial (Maternal) -","robots":{"index":"index","follow":"follow","max-snippet":"max-snippet:-1","max-image-preview":"max-image-preview:large","max-video-preview":"max-video-preview:-1"},"canonical":"https:\/\/periodicocentroccidente.com\/?p=7395","og_locale":"es_ES","og_type":"article","og_title":"Inauguraci\u00f3n de un nuevo centro de educaci\u00f3n inicial (Maternal) -","og_description":"Especial.- Inauguran nuevo Centro de Educaci&oacute;n Inicial &laquo;Maternal&raquo;, para&nbsp; fortalecer la atenci&oacute;n integral a la infancia del municipio Sucre del estado Portuguesa. Con el objetivo de garantizar espacios dignos para el desarrollo y aprendizaje de los m&aacute;s peque&ntilde;os. El pasado mi&eacute;rcoles 29 de abril del 2026, se llev&oacute; a cabo la inauguraci&oacute;n formal del Centro &hellip;","og_url":"https:\/\/periodicocentroccidente.com\/?p=7395","article_published_time":"2026-04-30T15:53:26+00:00","og_image":[{"width":1040,"height":480,"url":"https:\/\/periodicocentroccidente.com\/wp-content\/uploads\/2026\/04\/1008810356.jpg","type":"image\/jpeg"}],"author":"Ricardo","twitter_card":"summary_large_image","twitter_misc":{"Escrito por":"Ricardo","Tiempo de lectura":"3 minutos"},"schema":{"@context":"https:\/\/schema.org","@graph":[{"@type":"WebPage","@id":"https:\/\/periodicocentroccidente.com\/?p=7395","url":"https:\/\/periodicocentroccidente.com\/?p=7395","name":"Inauguraci\u00f3n de un nuevo centro de educaci\u00f3n inicial (Maternal) -","isPartOf":{"@id":"https:\/\/periodicocentroccidente.com\/#website"},"primaryImageOfPage":{"@id":"https:\/\/periodicocentroccidente.com\/?p=7395#primaryimage"},"image":{"@id":"https:\/\/periodicocentroccidente.com\/?p=7395#primaryimage"},"thumbnailUrl":"https:\/\/periodicocentroccidente.com\/wp-content\/uploads\/2026\/04\/1008810356.jpg","datePublished":"2026-04-30T15:53:26+00:00","author":{"@id":"https:\/\/periodicocentroccidente.com\/#\/schema\/person\/f4e4a651098f3db198244657b7130e7e"},"breadcrumb":{"@id":"https:\/\/periodicocentroccidente.com\/?p=7395#breadcrumb"},"inLanguage":"es","potentialAction":[{"@type":"ReadAction","target":["https:\/\/periodicocentroccidente.com\/?p=7395"]}]},{"@type":"ImageObject","inLanguage":"es","@id":"https:\/\/periodicocentroccidente.com\/?p=7395#primaryimage","url":"https:\/\/periodicocentroccidente.com\/wp-content\/uploads\/2026\/04\/1008810356.jpg","contentUrl":"https:\/\/periodicocentroccidente.com\/wp-content\/uploads\/2026\/04\/1008810356.jpg","width":1040,"height":480},{"@type":"BreadcrumbList","@id":"https:\/\/periodicocentroccidente.com\/?p=7395#breadcrumb","itemListElement":[{"@type":"ListItem","position":1,"name":"Portada","item":"https:\/\/periodicocentroccidente.com\/"},{"@type":"ListItem","position":2,"name":"Inauguraci\u00f3n de un nuevo centro de educaci\u00f3n inicial (Maternal)"}]},{"@type":"WebSite","@id":"https:\/\/periodicocentroccidente.com\/#website","url":"https:\/\/periodicocentroccidente.com\/","name":"","description":"Periodismo serio y responsable","potentialAction":[{"@type":"SearchAction","target":{"@type":"EntryPoint","urlTemplate":"https:\/\/periodicocentroccidente.com\/?s={search_term_string}"},"query-input":{"@type":"PropertyValueSpecification","valueRequired":true,"valueName":"search_term_string"}}],"inLanguage":"es"},{"@type":"Person","@id":"https:\/\/periodicocentroccidente.com\/#\/schema\/person\/f4e4a651098f3db198244657b7130e7e","name":"Ricardo","image":{"@type":"ImageObject","inLanguage":"es","@id":"https:\/\/periodicocentroccidente.com\/#\/schema\/person\/image\/","url":"https:\/\/secure.gravatar.com\/avatar\/402e6137108ec0fdaa7809184382fb1dd2f8b00264c1d945d341f2b8f90db429?s=96&d=mm&r=g","contentUrl":"https:\/\/secure.gravatar.com\/avatar\/402e6137108ec0fdaa7809184382fb1dd2f8b00264c1d945d341f2b8f90db429?s=96&d=mm&r=g","caption":"Ricardo"},"url":"https:\/\/periodicocentroccidente.com\/?author=2"}]}},"jetpack_featured_media_url":"https:\/\/periodicocentroccidente.com\/wp-content\/uploads\/2026\/04\/1008810356.jpg","jetpack_sharing_enabled":true,"jetpack-related-posts":[],"_links":{"self":[{"href":"https:\/\/periodicocentroccidente.com\/index.php?rest_route=\/wp\/v2\/posts\/7395","targetHints":{"allow":["GET"]}}],"collection":[{"href":"https:\/\/periodicocentroccidente.com\/index.php?rest_route=\/wp\/v2\/posts"}],"about":[{"href":"https:\/\/periodicocentroccidente.com\/index.php?rest_route=\/wp\/v2\/types\/post"}],"author":[{"embeddable":true,"href":"https:\/\/periodicocentroccidente.com\/index.php?rest_route=\/wp\/v2\/users\/2"}],"replies":[{"embeddable":true,"href":"https:\/\/periodicocentroccidente.com\/index.php?rest_route=%2Fwp%2Fv2%2Fcomments&post=7395"}],"version-history":[{"count":1,"href":"https:\/\/periodicocentroccidente.com\/index.php?rest_route=\/wp\/v2\/posts\/7395\/revisions"}],"predecessor-version":[{"id":7403,"href":"https:\/\/periodicocentroccidente.com\/index.php?rest_route=\/wp\/v2\/posts\/7395\/revisions\/7403"}],"wp:featuredmedia":[{"embeddable":true,"href":"https:\/\/periodicocentroccidente.com\/index.php?rest_route=\/wp\/v2\/media\/7397"}],"wp:attachment":[{"href":"https:\/\/periodicocentroccidente.com\/index.php?rest_route=%2Fwp%2Fv2%2Fmedia&parent=7395"}],"wp:term":[{"taxonomy":"category","embeddable":true,"href":"https:\/\/periodicocentroccidente.com\/index.php?rest_route=%2Fwp%2Fv2%2Fcategories&post=7395"},{"taxonomy":"post_tag","embeddable":true,"href":"https:\/\/periodicocentroccidente.com\/index.php?rest_route=%2Fwp%2Fv2%2Ftags&post=7395"}],"curies":[{"name":"wp","href":"https:\/\/api.w.org\/{rel}","templated":true}]}}