{"id":7385,"date":"2026-04-30T14:21:46","date_gmt":"2026-04-30T14:21:46","guid":{"rendered":"https:\/\/periodicocentroccidente.com\/?p=7385"},"modified":"2026-04-30T14:21:46","modified_gmt":"2026-04-30T14:21:46","slug":"alcaldia-tulio-febres-cordero-impulsa-plan-estrategico-para-proyectarse-como-potencia-turistica","status":"publish","type":"post","link":"https:\/\/periodicocentroccidente.com\/?p=7385","title":{"rendered":"Alcald\u00eda Tulio Febres Cordero impulsa plan estrat\u00e9gico para proyectarse como potencia tur\u00edstica"},"content":{"rendered":"<p><strong>Especial.-<\/strong><\/p>\n<p>Con el objetivo de posicionar al municipio como un referente en la regi\u00f3n, la Alcald\u00eda de Tulio Febres Cordero, bajo la gesti\u00f3n de Henry Garc\u00eda, ha puesto en marcha una alianza estrat\u00e9gica que involucra a la Coordinaci\u00f3n de Turismo, especialistas acad\u00e9micos y destacados comunicadores de la Zona Panamericana.<br \/>\nDurante un encuentro celebrado en la Casa de la Cultura de Nueva Bolivia, se sentaron las bases para potenciar las riquezas naturales, la gastronom\u00eda y el patrimonio cultural y religioso de la localidad.<\/p>\n<p><strong>Ejes de acci\u00f3n: Educaci\u00f3n, Planificaci\u00f3n y Medios<\/strong><br \/>\nEl plan de trabajo se sustenta en tres pilares fundamentales para garantizar un crecimiento sostenido en el tiempo:<br \/>\n\u200b \u200b\u200bRescate Hist\u00f3rico: La dra. Bredys Padilla encabezar\u00e1 una iniciativa para integrar a los estudiantes en la investigaci\u00f3n y recolecci\u00f3n de la historia local, fortaleciendo la identidad municipal.<br \/>\nVisi\u00f3n a Largo Plazo: El economista Arturo Chinchilla propuso un esquema de planificaci\u00f3n a 15 a\u00f1os. El objetivo es insertar al municipio en la \u00abRuta de los 365 d\u00edas\u00bb promovida por el Gobernador Arnaldo S\u00e1nchez.<\/p>\n<p>\u200b Ofensiva Comunicacional: Bajo la gu\u00eda de Richard Bellais, se activar\u00e1 una campa\u00f1a para proyectar las bondades del municipio, contando con los locutores locales como los principales embajadores de esta marca territorial.<\/p>\n<p><strong>Preparaci\u00f3n integral<\/strong><br \/>\n\u200bBredys Padilla, directora de Turismo Municipal, enfatiz\u00f3 que la clave del \u00e9xito reside en la profesionalizaci\u00f3n. \u00abEs el momento de estar preparados. Estamos brindando las herramientas necesarias a los productores comunitarios y nacionales para que la narrativa de nuestro municipio sea s\u00f3lida y atractiva\u00bb, se\u00f1al\u00f3.<br \/>\n\u200bCon esta articulaci\u00f3n entre el sector p\u00fablico y los profesionales de la comunicaci\u00f3n, el municipio Tulio Febres Cordero inicia una nueva etapa de apertura y desarrollo tur\u00edstico.<\/p>\n","protected":false},"excerpt":{"rendered":"<p>Especial.- Con el objetivo de posicionar al municipio como un referente en la regi&oacute;n, la Alcald&iacute;a de Tulio Febres Cordero, bajo la gesti&oacute;n de Henry Garc&iacute;a, ha puesto en marcha una alianza estrat&eacute;gica que involucra a la Coordinaci&oacute;n de Turismo, especialistas acad&eacute;micos y destacados comunicadores de la Zona Panamericana. Durante un encuentro celebrado en la &hellip;<\/p>\n","protected":false},"author":2,"featured_media":7386,"comment_status":"open","ping_status":"open","sticky":false,"template":"","format":"standard","meta":{"_jetpack_memberships_contains_paid_content":false,"footnotes":""},"categories":[127],"tags":[],"class_list":["post-7385","post","type-post","status-publish","format-standard","has-post-thumbnail","hentry","category-noticias-recientes"],"yoast_head":"<!-- This site is optimized with the Yoast SEO plugin v24.8.1 - https:\/\/yoast.com\/wordpress\/plugins\/seo\/ -->\n<title>Alcald\u00eda Tulio Febres Cordero impulsa plan estrat\u00e9gico para proyectarse como potencia tur\u00edstica -<\/title>\n<meta name=\"robots\" content=\"index, follow, max-snippet:-1, max-image-preview:large, max-video-preview:-1\" \/>\n<link rel=\"canonical\" href=\"https:\/\/periodicocentroccidente.com\/?p=7385\" \/>\n<meta property=\"og:locale\" content=\"es_ES\" \/>\n<meta property=\"og:type\" content=\"article\" \/>\n<meta property=\"og:title\" content=\"Alcald\u00eda Tulio Febres Cordero impulsa plan estrat\u00e9gico para proyectarse como potencia tur\u00edstica -\" \/>\n<meta property=\"og:description\" content=\"Especial.- Con el objetivo de posicionar al municipio como un referente en la regi&oacute;n, la Alcald&iacute;a de Tulio Febres Cordero, bajo la gesti&oacute;n de Henry Garc&iacute;a, ha puesto en marcha una alianza estrat&eacute;gica que involucra a la Coordinaci&oacute;n de Turismo, especialistas acad&eacute;micos y destacados comunicadores de la Zona Panamericana. Durante un encuentro celebrado en la &hellip;\" \/>\n<meta property=\"og:url\" content=\"https:\/\/periodicocentroccidente.com\/?p=7385\" \/>\n<meta property=\"article:published_time\" content=\"2026-04-30T14:21:46+00:00\" \/>\n<meta property=\"og:image\" content=\"https:\/\/periodicocentroccidente.com\/wp-content\/uploads\/2026\/04\/zuuuliiiaaaaaa.jpg\" \/>\n\t<meta property=\"og:image:width\" content=\"1280\" \/>\n\t<meta property=\"og:image:height\" content=\"576\" \/>\n\t<meta property=\"og:image:type\" content=\"image\/jpeg\" \/>\n<meta name=\"author\" content=\"Ricardo\" \/>\n<meta name=\"twitter:card\" content=\"summary_large_image\" \/>\n<meta name=\"twitter:label1\" content=\"Escrito por\" \/>\n\t<meta name=\"twitter:data1\" content=\"Ricardo\" \/>\n\t<meta name=\"twitter:label2\" content=\"Tiempo de lectura\" \/>\n\t<meta name=\"twitter:data2\" content=\"2 minutos\" \/>\n<script type=\"application\/ld+json\" class=\"yoast-schema-graph\">{\"@context\":\"https:\/\/schema.org\",\"@graph\":[{\"@type\":\"WebPage\",\"@id\":\"https:\/\/periodicocentroccidente.com\/?p=7385\",\"url\":\"https:\/\/periodicocentroccidente.com\/?p=7385\",\"name\":\"Alcald\u00eda Tulio Febres Cordero impulsa plan estrat\u00e9gico para proyectarse como potencia tur\u00edstica -\",\"isPartOf\":{\"@id\":\"https:\/\/periodicocentroccidente.com\/#website\"},\"primaryImageOfPage\":{\"@id\":\"https:\/\/periodicocentroccidente.com\/?p=7385#primaryimage\"},\"image\":{\"@id\":\"https:\/\/periodicocentroccidente.com\/?p=7385#primaryimage\"},\"thumbnailUrl\":\"https:\/\/periodicocentroccidente.com\/wp-content\/uploads\/2026\/04\/zuuuliiiaaaaaa.jpg\",\"datePublished\":\"2026-04-30T14:21:46+00:00\",\"author\":{\"@id\":\"https:\/\/periodicocentroccidente.com\/#\/schema\/person\/f4e4a651098f3db198244657b7130e7e\"},\"breadcrumb\":{\"@id\":\"https:\/\/periodicocentroccidente.com\/?p=7385#breadcrumb\"},\"inLanguage\":\"es\",\"potentialAction\":[{\"@type\":\"ReadAction\",\"target\":[\"https:\/\/periodicocentroccidente.com\/?p=7385\"]}]},{\"@type\":\"ImageObject\",\"inLanguage\":\"es\",\"@id\":\"https:\/\/periodicocentroccidente.com\/?p=7385#primaryimage\",\"url\":\"https:\/\/periodicocentroccidente.com\/wp-content\/uploads\/2026\/04\/zuuuliiiaaaaaa.jpg\",\"contentUrl\":\"https:\/\/periodicocentroccidente.com\/wp-content\/uploads\/2026\/04\/zuuuliiiaaaaaa.jpg\",\"width\":1280,\"height\":576},{\"@type\":\"BreadcrumbList\",\"@id\":\"https:\/\/periodicocentroccidente.com\/?p=7385#breadcrumb\",\"itemListElement\":[{\"@type\":\"ListItem\",\"position\":1,\"name\":\"Portada\",\"item\":\"https:\/\/periodicocentroccidente.com\/\"},{\"@type\":\"ListItem\",\"position\":2,\"name\":\"Alcald\u00eda Tulio Febres Cordero impulsa plan estrat\u00e9gico para proyectarse como potencia tur\u00edstica\"}]},{\"@type\":\"WebSite\",\"@id\":\"https:\/\/periodicocentroccidente.com\/#website\",\"url\":\"https:\/\/periodicocentroccidente.com\/\",\"name\":\"\",\"description\":\"Periodismo serio y responsable\",\"potentialAction\":[{\"@type\":\"SearchAction\",\"target\":{\"@type\":\"EntryPoint\",\"urlTemplate\":\"https:\/\/periodicocentroccidente.com\/?s={search_term_string}\"},\"query-input\":{\"@type\":\"PropertyValueSpecification\",\"valueRequired\":true,\"valueName\":\"search_term_string\"}}],\"inLanguage\":\"es\"},{\"@type\":\"Person\",\"@id\":\"https:\/\/periodicocentroccidente.com\/#\/schema\/person\/f4e4a651098f3db198244657b7130e7e\",\"name\":\"Ricardo\",\"image\":{\"@type\":\"ImageObject\",\"inLanguage\":\"es\",\"@id\":\"https:\/\/periodicocentroccidente.com\/#\/schema\/person\/image\/\",\"url\":\"https:\/\/secure.gravatar.com\/avatar\/402e6137108ec0fdaa7809184382fb1dd2f8b00264c1d945d341f2b8f90db429?s=96&d=mm&r=g\",\"contentUrl\":\"https:\/\/secure.gravatar.com\/avatar\/402e6137108ec0fdaa7809184382fb1dd2f8b00264c1d945d341f2b8f90db429?s=96&d=mm&r=g\",\"caption\":\"Ricardo\"},\"url\":\"https:\/\/periodicocentroccidente.com\/?author=2\"}]}<\/script>\n<!-- \/ Yoast SEO plugin. -->","yoast_head_json":{"title":"Alcald\u00eda Tulio Febres Cordero impulsa plan estrat\u00e9gico para proyectarse como potencia tur\u00edstica -","robots":{"index":"index","follow":"follow","max-snippet":"max-snippet:-1","max-image-preview":"max-image-preview:large","max-video-preview":"max-video-preview:-1"},"canonical":"https:\/\/periodicocentroccidente.com\/?p=7385","og_locale":"es_ES","og_type":"article","og_title":"Alcald\u00eda Tulio Febres Cordero impulsa plan estrat\u00e9gico para proyectarse como potencia tur\u00edstica -","og_description":"Especial.- Con el objetivo de posicionar al municipio como un referente en la regi&oacute;n, la Alcald&iacute;a de Tulio Febres Cordero, bajo la gesti&oacute;n de Henry Garc&iacute;a, ha puesto en marcha una alianza estrat&eacute;gica que involucra a la Coordinaci&oacute;n de Turismo, especialistas acad&eacute;micos y destacados comunicadores de la Zona Panamericana. Durante un encuentro celebrado en la &hellip;","og_url":"https:\/\/periodicocentroccidente.com\/?p=7385","article_published_time":"2026-04-30T14:21:46+00:00","og_image":[{"width":1280,"height":576,"url":"https:\/\/periodicocentroccidente.com\/wp-content\/uploads\/2026\/04\/zuuuliiiaaaaaa.jpg","type":"image\/jpeg"}],"author":"Ricardo","twitter_card":"summary_large_image","twitter_misc":{"Escrito por":"Ricardo","Tiempo de lectura":"2 minutos"},"schema":{"@context":"https:\/\/schema.org","@graph":[{"@type":"WebPage","@id":"https:\/\/periodicocentroccidente.com\/?p=7385","url":"https:\/\/periodicocentroccidente.com\/?p=7385","name":"Alcald\u00eda Tulio Febres Cordero impulsa plan estrat\u00e9gico para proyectarse como potencia tur\u00edstica -","isPartOf":{"@id":"https:\/\/periodicocentroccidente.com\/#website"},"primaryImageOfPage":{"@id":"https:\/\/periodicocentroccidente.com\/?p=7385#primaryimage"},"image":{"@id":"https:\/\/periodicocentroccidente.com\/?p=7385#primaryimage"},"thumbnailUrl":"https:\/\/periodicocentroccidente.com\/wp-content\/uploads\/2026\/04\/zuuuliiiaaaaaa.jpg","datePublished":"2026-04-30T14:21:46+00:00","author":{"@id":"https:\/\/periodicocentroccidente.com\/#\/schema\/person\/f4e4a651098f3db198244657b7130e7e"},"breadcrumb":{"@id":"https:\/\/periodicocentroccidente.com\/?p=7385#breadcrumb"},"inLanguage":"es","potentialAction":[{"@type":"ReadAction","target":["https:\/\/periodicocentroccidente.com\/?p=7385"]}]},{"@type":"ImageObject","inLanguage":"es","@id":"https:\/\/periodicocentroccidente.com\/?p=7385#primaryimage","url":"https:\/\/periodicocentroccidente.com\/wp-content\/uploads\/2026\/04\/zuuuliiiaaaaaa.jpg","contentUrl":"https:\/\/periodicocentroccidente.com\/wp-content\/uploads\/2026\/04\/zuuuliiiaaaaaa.jpg","width":1280,"height":576},{"@type":"BreadcrumbList","@id":"https:\/\/periodicocentroccidente.com\/?p=7385#breadcrumb","itemListElement":[{"@type":"ListItem","position":1,"name":"Portada","item":"https:\/\/periodicocentroccidente.com\/"},{"@type":"ListItem","position":2,"name":"Alcald\u00eda Tulio Febres Cordero impulsa plan estrat\u00e9gico para proyectarse como potencia tur\u00edstica"}]},{"@type":"WebSite","@id":"https:\/\/periodicocentroccidente.com\/#website","url":"https:\/\/periodicocentroccidente.com\/","name":"","description":"Periodismo serio y responsable","potentialAction":[{"@type":"SearchAction","target":{"@type":"EntryPoint","urlTemplate":"https:\/\/periodicocentroccidente.com\/?s={search_term_string}"},"query-input":{"@type":"PropertyValueSpecification","valueRequired":true,"valueName":"search_term_string"}}],"inLanguage":"es"},{"@type":"Person","@id":"https:\/\/periodicocentroccidente.com\/#\/schema\/person\/f4e4a651098f3db198244657b7130e7e","name":"Ricardo","image":{"@type":"ImageObject","inLanguage":"es","@id":"https:\/\/periodicocentroccidente.com\/#\/schema\/person\/image\/","url":"https:\/\/secure.gravatar.com\/avatar\/402e6137108ec0fdaa7809184382fb1dd2f8b00264c1d945d341f2b8f90db429?s=96&d=mm&r=g","contentUrl":"https:\/\/secure.gravatar.com\/avatar\/402e6137108ec0fdaa7809184382fb1dd2f8b00264c1d945d341f2b8f90db429?s=96&d=mm&r=g","caption":"Ricardo"},"url":"https:\/\/periodicocentroccidente.com\/?author=2"}]}},"jetpack_featured_media_url":"https:\/\/periodicocentroccidente.com\/wp-content\/uploads\/2026\/04\/zuuuliiiaaaaaa.jpg","jetpack_sharing_enabled":true,"jetpack-related-posts":[],"_links":{"self":[{"href":"https:\/\/periodicocentroccidente.com\/index.php?rest_route=\/wp\/v2\/posts\/7385","targetHints":{"allow":["GET"]}}],"collection":[{"href":"https:\/\/periodicocentroccidente.com\/index.php?rest_route=\/wp\/v2\/posts"}],"about":[{"href":"https:\/\/periodicocentroccidente.com\/index.php?rest_route=\/wp\/v2\/types\/post"}],"author":[{"embeddable":true,"href":"https:\/\/periodicocentroccidente.com\/index.php?rest_route=\/wp\/v2\/users\/2"}],"replies":[{"embeddable":true,"href":"https:\/\/periodicocentroccidente.com\/index.php?rest_route=%2Fwp%2Fv2%2Fcomments&post=7385"}],"version-history":[{"count":1,"href":"https:\/\/periodicocentroccidente.com\/index.php?rest_route=\/wp\/v2\/posts\/7385\/revisions"}],"predecessor-version":[{"id":7387,"href":"https:\/\/periodicocentroccidente.com\/index.php?rest_route=\/wp\/v2\/posts\/7385\/revisions\/7387"}],"wp:featuredmedia":[{"embeddable":true,"href":"https:\/\/periodicocentroccidente.com\/index.php?rest_route=\/wp\/v2\/media\/7386"}],"wp:attachment":[{"href":"https:\/\/periodicocentroccidente.com\/index.php?rest_route=%2Fwp%2Fv2%2Fmedia&parent=7385"}],"wp:term":[{"taxonomy":"category","embeddable":true,"href":"https:\/\/periodicocentroccidente.com\/index.php?rest_route=%2Fwp%2Fv2%2Fcategories&post=7385"},{"taxonomy":"post_tag","embeddable":true,"href":"https:\/\/periodicocentroccidente.com\/index.php?rest_route=%2Fwp%2Fv2%2Ftags&post=7385"}],"curies":[{"name":"wp","href":"https:\/\/api.w.org\/{rel}","templated":true}]}}