{"id":7374,"date":"2026-04-30T14:01:57","date_gmt":"2026-04-30T14:01:57","guid":{"rendered":"https:\/\/periodicocentroccidente.com\/?p=7374"},"modified":"2026-04-30T14:01:57","modified_gmt":"2026-04-30T14:01:57","slug":"el-sistema-portuguesa-rinde-tributo-a-modesta-bor-con-el-1er-festival-del-programa-simon-bolivar-en-guanare","status":"publish","type":"post","link":"https:\/\/periodicocentroccidente.com\/?p=7374","title":{"rendered":"El Sistema Portuguesa rinde tributo a Modesta Bor con el 1er Festival del Programa Sim\u00f3n Bol\u00edvar en Guanare"},"content":{"rendered":"<p><strong>Especial.-<\/strong><\/p>\n<p>En un despliegue de talento, identidad y compromiso pedag\u00f3gico, el Sistema Nacional de Orquestas y Coros Juveniles e Infantiles de Venezuela, a trav\u00e9s de su gerencia estadal en Portuguesa, llev\u00f3 a cabo con \u00e9xito el 1er Festival del Programa Sim\u00f3n Bol\u00edvar (PSB) en Guanare. El evento tuvo como eje central el homenaje a los 100 a\u00f1os del natalicio de la maestra Modesta Bor, insigne compositora, arreglista y docente venezolana pilar de la m\u00fasica vocal venezolana.<\/p>\n<p>Esta actividad atendi\u00f3 a 21 m\u00f3dulos escolares y cont\u00f3 con la participaci\u00f3n de 1.800 estudiantes, quienes son beneficiarios directos del modelo pedag\u00f3gico de El Sistema dentro de sus instituciones educativas. Durante la jornada, las agrupaciones corales interpretaron una selecta muestra del repertorio de Bor, cuyas piezas comprenden una variedad de estilos que combinan ra\u00edces afrovenezolanas e ind\u00edgenas<\/p>\n<p>Elg\u00e9nesis Haricapa, integrante del equipo acad\u00e9mico regional del Programa Sim\u00f3n Bol\u00edvar y Alma Llanera, destac\u00f3 la relevancia de este encuentro para el desarrollo integral de la juventud portuguese\u00f1a. \u00abEste festival no solo es una vitrina para el talento que florece en nuestras aulas, sino una reafirmaci\u00f3n del compromiso que tenemos con la excelencia acad\u00e9mica\u201d, dijo.<\/p>\n<p>Destac\u00f3 que al abordar la obra de Modesta Bor, los ni\u00f1os y j\u00f3venes se conectan con la esencia de la venezolanidad, fortaleciendo lazos de compa\u00f1erismo y uni\u00f3n a trav\u00e9s del canto coral. \u201cEs el milagro musical transformando realidades en cada m\u00f3dulo escolar\u00bb, expres\u00f3 Haricapa.<\/p>\n<h3><strong>El legado de Modesta Bor<\/strong><\/h3>\n<p>El festival fue el escenario propicio para recordar la trascendencia de Modesta Bor (1926-1998), compositora, arreglista y docente cuyo trabajo es considerado un pilar de la m\u00fasica vocal venezolana. Su est\u00e9tica, de profundo corte nacionalista, logr\u00f3 amalgamar con maestr\u00eda las ra\u00edces afrovenezolanas e ind\u00edgenas con la complejidad t\u00e9cnica de la m\u00fasica acad\u00e9mica cl\u00e1sica, convirti\u00e9ndola en una referencia de consulta obligatoria a nivel mundial.<\/p>\n<p>Con esta iniciativa, el N\u00facleo Guanare y el Programa Sim\u00f3n Bol\u00edvar reafirman su misi\u00f3n de promover el intercambio cultural entre las instituciones educativas, garantizando que el legado de los grandes maestros venezolanos perdure en las nuevas generaciones de m\u00fasicos que hoy se forman bajo el emblema de El Sistema.<\/p>\n<p>Vale resaltar que estas actividades pedag\u00f3gicas musicales forman parte de la programaci\u00f3n que impulsa la Gerencia Estadal, liderada por la maestra Raquel Castillo, bajo la organizaci\u00f3n operativa del N\u00facleo Guanare, dirigido por Oscar Bejarano y coordinado por Milagro Contreras; articulado con la Coordinaci\u00f3n del PSB, a cargo de Zorely Rojas, y el equipo de Formadores Integrales Acad\u00e9micos Musicales de la capital portuguese\u00f1a. <strong>\/\/<\/strong><\/p>\n<p><strong>Jorveis Ortegano Valecillo \/\u00a0<\/strong><strong>Prensa &#8211; El Sistema Portuguesa<\/strong><\/p>\n<p><img loading=\"lazy\" decoding=\"async\" class=\"alignnone size-medium wp-image-7377\" src=\"https:\/\/periodicocentroccidente.com\/wp-content\/uploads\/2026\/04\/WhatsApp-Image-2026-04-27-at-4.06.31-PM-300x169.jpeg\" alt=\"\" width=\"300\" height=\"169\" srcset=\"https:\/\/periodicocentroccidente.com\/wp-content\/uploads\/2026\/04\/WhatsApp-Image-2026-04-27-at-4.06.31-PM-300x169.jpeg 300w, https:\/\/periodicocentroccidente.com\/wp-content\/uploads\/2026\/04\/WhatsApp-Image-2026-04-27-at-4.06.31-PM-1024x577.jpeg 1024w, https:\/\/periodicocentroccidente.com\/wp-content\/uploads\/2026\/04\/WhatsApp-Image-2026-04-27-at-4.06.31-PM-768x433.jpeg 768w, https:\/\/periodicocentroccidente.com\/wp-content\/uploads\/2026\/04\/WhatsApp-Image-2026-04-27-at-4.06.31-PM-390x220.jpeg 390w, https:\/\/periodicocentroccidente.com\/wp-content\/uploads\/2026\/04\/WhatsApp-Image-2026-04-27-at-4.06.31-PM.jpeg 1280w\" sizes=\"auto, (max-width: 300px) 100vw, 300px\" \/>\u00a0 \u00a0 <img loading=\"lazy\" decoding=\"async\" class=\"alignnone size-medium wp-image-7378\" src=\"https:\/\/periodicocentroccidente.com\/wp-content\/uploads\/2026\/04\/WhatsApp-Image-2026-04-27-at-4.06.32-PM-1-300x225.jpeg\" alt=\"\" width=\"300\" height=\"225\" srcset=\"https:\/\/periodicocentroccidente.com\/wp-content\/uploads\/2026\/04\/WhatsApp-Image-2026-04-27-at-4.06.32-PM-1-300x225.jpeg 300w, https:\/\/periodicocentroccidente.com\/wp-content\/uploads\/2026\/04\/WhatsApp-Image-2026-04-27-at-4.06.32-PM-1-768x576.jpeg 768w, https:\/\/periodicocentroccidente.com\/wp-content\/uploads\/2026\/04\/WhatsApp-Image-2026-04-27-at-4.06.32-PM-1.jpeg 1016w\" sizes=\"auto, (max-width: 300px) 100vw, 300px\" \/><\/p>\n<p><img loading=\"lazy\" decoding=\"async\" class=\"alignnone size-medium wp-image-7379\" src=\"https:\/\/periodicocentroccidente.com\/wp-content\/uploads\/2026\/04\/WhatsApp-Image-2026-04-27-at-4.06.32-PM-2-300x225.jpeg\" alt=\"\" width=\"300\" height=\"225\" srcset=\"https:\/\/periodicocentroccidente.com\/wp-content\/uploads\/2026\/04\/WhatsApp-Image-2026-04-27-at-4.06.32-PM-2-300x225.jpeg 300w, https:\/\/periodicocentroccidente.com\/wp-content\/uploads\/2026\/04\/WhatsApp-Image-2026-04-27-at-4.06.32-PM-2-1024x768.jpeg 1024w, https:\/\/periodicocentroccidente.com\/wp-content\/uploads\/2026\/04\/WhatsApp-Image-2026-04-27-at-4.06.32-PM-2-768x576.jpeg 768w, https:\/\/periodicocentroccidente.com\/wp-content\/uploads\/2026\/04\/WhatsApp-Image-2026-04-27-at-4.06.32-PM-2.jpeg 1280w\" sizes=\"auto, (max-width: 300px) 100vw, 300px\" \/>\u00a0 <img loading=\"lazy\" decoding=\"async\" class=\"alignnone size-medium wp-image-7380\" src=\"https:\/\/periodicocentroccidente.com\/wp-content\/uploads\/2026\/04\/WhatsApp-Image-2026-04-27-at-4.06.32-PM-300x182.jpeg\" alt=\"\" width=\"300\" height=\"182\" srcset=\"https:\/\/periodicocentroccidente.com\/wp-content\/uploads\/2026\/04\/WhatsApp-Image-2026-04-27-at-4.06.32-PM-300x182.jpeg 300w, https:\/\/periodicocentroccidente.com\/wp-content\/uploads\/2026\/04\/WhatsApp-Image-2026-04-27-at-4.06.32-PM-1024x622.jpeg 1024w, https:\/\/periodicocentroccidente.com\/wp-content\/uploads\/2026\/04\/WhatsApp-Image-2026-04-27-at-4.06.32-PM-768x466.jpeg 768w, https:\/\/periodicocentroccidente.com\/wp-content\/uploads\/2026\/04\/WhatsApp-Image-2026-04-27-at-4.06.32-PM-1536x932.jpeg 1536w, https:\/\/periodicocentroccidente.com\/wp-content\/uploads\/2026\/04\/WhatsApp-Image-2026-04-27-at-4.06.32-PM-2048x1243.jpeg 2048w, https:\/\/periodicocentroccidente.com\/wp-content\/uploads\/2026\/04\/WhatsApp-Image-2026-04-27-at-4.06.32-PM-780x470.jpeg 780w\" sizes=\"auto, (max-width: 300px) 100vw, 300px\" \/><\/p>\n<p>&nbsp;<\/p>\n","protected":false},"excerpt":{"rendered":"<p>Especial.- En un despliegue de talento, identidad y compromiso pedag&oacute;gico, el Sistema Nacional de Orquestas y Coros Juveniles e Infantiles de Venezuela, a trav&eacute;s de su gerencia estadal en Portuguesa, llev&oacute; a cabo con &eacute;xito el 1er Festival del Programa Sim&oacute;n Bol&iacute;var (PSB) en Guanare. El evento tuvo como eje central el homenaje a los &hellip;<\/p>\n","protected":false},"author":2,"featured_media":7376,"comment_status":"open","ping_status":"open","sticky":false,"template":"","format":"standard","meta":{"_jetpack_memberships_contains_paid_content":false,"footnotes":""},"categories":[127],"tags":[],"class_list":["post-7374","post","type-post","status-publish","format-standard","has-post-thumbnail","hentry","category-noticias-recientes"],"yoast_head":"<!-- This site is optimized with the Yoast SEO plugin v24.8.1 - https:\/\/yoast.com\/wordpress\/plugins\/seo\/ -->\n<title>El Sistema Portuguesa rinde tributo a Modesta Bor con el 1er Festival del Programa Sim\u00f3n Bol\u00edvar en Guanare -<\/title>\n<meta name=\"robots\" content=\"index, follow, max-snippet:-1, max-image-preview:large, max-video-preview:-1\" \/>\n<link rel=\"canonical\" href=\"https:\/\/periodicocentroccidente.com\/?p=7374\" \/>\n<meta property=\"og:locale\" content=\"es_ES\" \/>\n<meta property=\"og:type\" content=\"article\" \/>\n<meta property=\"og:title\" content=\"El Sistema Portuguesa rinde tributo a Modesta Bor con el 1er Festival del Programa Sim\u00f3n Bol\u00edvar en Guanare -\" \/>\n<meta property=\"og:description\" content=\"Especial.- En un despliegue de talento, identidad y compromiso pedag&oacute;gico, el Sistema Nacional de Orquestas y Coros Juveniles e Infantiles de Venezuela, a trav&eacute;s de su gerencia estadal en Portuguesa, llev&oacute; a cabo con &eacute;xito el 1er Festival del Programa Sim&oacute;n Bol&iacute;var (PSB) en Guanare. El evento tuvo como eje central el homenaje a los &hellip;\" \/>\n<meta property=\"og:url\" content=\"https:\/\/periodicocentroccidente.com\/?p=7374\" \/>\n<meta property=\"article:published_time\" content=\"2026-04-30T14:01:57+00:00\" \/>\n<meta property=\"og:image\" content=\"https:\/\/periodicocentroccidente.com\/wp-content\/uploads\/2026\/04\/WhatsApp-Image-2026-04-27-at-4.06.31-PM-2.jpeg\" \/>\n\t<meta property=\"og:image:width\" content=\"1280\" \/>\n\t<meta property=\"og:image:height\" content=\"963\" \/>\n\t<meta property=\"og:image:type\" content=\"image\/jpeg\" \/>\n<meta name=\"author\" content=\"Ricardo\" \/>\n<meta name=\"twitter:card\" content=\"summary_large_image\" \/>\n<meta name=\"twitter:label1\" content=\"Escrito por\" \/>\n\t<meta name=\"twitter:data1\" content=\"Ricardo\" \/>\n\t<meta name=\"twitter:label2\" content=\"Tiempo de lectura\" \/>\n\t<meta name=\"twitter:data2\" content=\"3 minutos\" \/>\n<script type=\"application\/ld+json\" class=\"yoast-schema-graph\">{\"@context\":\"https:\/\/schema.org\",\"@graph\":[{\"@type\":\"WebPage\",\"@id\":\"https:\/\/periodicocentroccidente.com\/?p=7374\",\"url\":\"https:\/\/periodicocentroccidente.com\/?p=7374\",\"name\":\"El Sistema Portuguesa rinde tributo a Modesta Bor con el 1er Festival del Programa Sim\u00f3n Bol\u00edvar en Guanare -\",\"isPartOf\":{\"@id\":\"https:\/\/periodicocentroccidente.com\/#website\"},\"primaryImageOfPage\":{\"@id\":\"https:\/\/periodicocentroccidente.com\/?p=7374#primaryimage\"},\"image\":{\"@id\":\"https:\/\/periodicocentroccidente.com\/?p=7374#primaryimage\"},\"thumbnailUrl\":\"https:\/\/periodicocentroccidente.com\/wp-content\/uploads\/2026\/04\/WhatsApp-Image-2026-04-27-at-4.06.31-PM-2.jpeg\",\"datePublished\":\"2026-04-30T14:01:57+00:00\",\"author\":{\"@id\":\"https:\/\/periodicocentroccidente.com\/#\/schema\/person\/f4e4a651098f3db198244657b7130e7e\"},\"breadcrumb\":{\"@id\":\"https:\/\/periodicocentroccidente.com\/?p=7374#breadcrumb\"},\"inLanguage\":\"es\",\"potentialAction\":[{\"@type\":\"ReadAction\",\"target\":[\"https:\/\/periodicocentroccidente.com\/?p=7374\"]}]},{\"@type\":\"ImageObject\",\"inLanguage\":\"es\",\"@id\":\"https:\/\/periodicocentroccidente.com\/?p=7374#primaryimage\",\"url\":\"https:\/\/periodicocentroccidente.com\/wp-content\/uploads\/2026\/04\/WhatsApp-Image-2026-04-27-at-4.06.31-PM-2.jpeg\",\"contentUrl\":\"https:\/\/periodicocentroccidente.com\/wp-content\/uploads\/2026\/04\/WhatsApp-Image-2026-04-27-at-4.06.31-PM-2.jpeg\",\"width\":1280,\"height\":963},{\"@type\":\"BreadcrumbList\",\"@id\":\"https:\/\/periodicocentroccidente.com\/?p=7374#breadcrumb\",\"itemListElement\":[{\"@type\":\"ListItem\",\"position\":1,\"name\":\"Portada\",\"item\":\"https:\/\/periodicocentroccidente.com\/\"},{\"@type\":\"ListItem\",\"position\":2,\"name\":\"El Sistema Portuguesa rinde tributo a Modesta Bor con el 1er Festival del Programa Sim\u00f3n Bol\u00edvar en Guanare\"}]},{\"@type\":\"WebSite\",\"@id\":\"https:\/\/periodicocentroccidente.com\/#website\",\"url\":\"https:\/\/periodicocentroccidente.com\/\",\"name\":\"\",\"description\":\"Periodismo serio y responsable\",\"potentialAction\":[{\"@type\":\"SearchAction\",\"target\":{\"@type\":\"EntryPoint\",\"urlTemplate\":\"https:\/\/periodicocentroccidente.com\/?s={search_term_string}\"},\"query-input\":{\"@type\":\"PropertyValueSpecification\",\"valueRequired\":true,\"valueName\":\"search_term_string\"}}],\"inLanguage\":\"es\"},{\"@type\":\"Person\",\"@id\":\"https:\/\/periodicocentroccidente.com\/#\/schema\/person\/f4e4a651098f3db198244657b7130e7e\",\"name\":\"Ricardo\",\"image\":{\"@type\":\"ImageObject\",\"inLanguage\":\"es\",\"@id\":\"https:\/\/periodicocentroccidente.com\/#\/schema\/person\/image\/\",\"url\":\"https:\/\/secure.gravatar.com\/avatar\/402e6137108ec0fdaa7809184382fb1dd2f8b00264c1d945d341f2b8f90db429?s=96&d=mm&r=g\",\"contentUrl\":\"https:\/\/secure.gravatar.com\/avatar\/402e6137108ec0fdaa7809184382fb1dd2f8b00264c1d945d341f2b8f90db429?s=96&d=mm&r=g\",\"caption\":\"Ricardo\"},\"url\":\"https:\/\/periodicocentroccidente.com\/?author=2\"}]}<\/script>\n<!-- \/ Yoast SEO plugin. -->","yoast_head_json":{"title":"El Sistema Portuguesa rinde tributo a Modesta Bor con el 1er Festival del Programa Sim\u00f3n Bol\u00edvar en Guanare -","robots":{"index":"index","follow":"follow","max-snippet":"max-snippet:-1","max-image-preview":"max-image-preview:large","max-video-preview":"max-video-preview:-1"},"canonical":"https:\/\/periodicocentroccidente.com\/?p=7374","og_locale":"es_ES","og_type":"article","og_title":"El Sistema Portuguesa rinde tributo a Modesta Bor con el 1er Festival del Programa Sim\u00f3n Bol\u00edvar en Guanare -","og_description":"Especial.- En un despliegue de talento, identidad y compromiso pedag&oacute;gico, el Sistema Nacional de Orquestas y Coros Juveniles e Infantiles de Venezuela, a trav&eacute;s de su gerencia estadal en Portuguesa, llev&oacute; a cabo con &eacute;xito el 1er Festival del Programa Sim&oacute;n Bol&iacute;var (PSB) en Guanare. El evento tuvo como eje central el homenaje a los &hellip;","og_url":"https:\/\/periodicocentroccidente.com\/?p=7374","article_published_time":"2026-04-30T14:01:57+00:00","og_image":[{"width":1280,"height":963,"url":"https:\/\/periodicocentroccidente.com\/wp-content\/uploads\/2026\/04\/WhatsApp-Image-2026-04-27-at-4.06.31-PM-2.jpeg","type":"image\/jpeg"}],"author":"Ricardo","twitter_card":"summary_large_image","twitter_misc":{"Escrito por":"Ricardo","Tiempo de lectura":"3 minutos"},"schema":{"@context":"https:\/\/schema.org","@graph":[{"@type":"WebPage","@id":"https:\/\/periodicocentroccidente.com\/?p=7374","url":"https:\/\/periodicocentroccidente.com\/?p=7374","name":"El Sistema Portuguesa rinde tributo a Modesta Bor con el 1er Festival del Programa Sim\u00f3n Bol\u00edvar en Guanare -","isPartOf":{"@id":"https:\/\/periodicocentroccidente.com\/#website"},"primaryImageOfPage":{"@id":"https:\/\/periodicocentroccidente.com\/?p=7374#primaryimage"},"image":{"@id":"https:\/\/periodicocentroccidente.com\/?p=7374#primaryimage"},"thumbnailUrl":"https:\/\/periodicocentroccidente.com\/wp-content\/uploads\/2026\/04\/WhatsApp-Image-2026-04-27-at-4.06.31-PM-2.jpeg","datePublished":"2026-04-30T14:01:57+00:00","author":{"@id":"https:\/\/periodicocentroccidente.com\/#\/schema\/person\/f4e4a651098f3db198244657b7130e7e"},"breadcrumb":{"@id":"https:\/\/periodicocentroccidente.com\/?p=7374#breadcrumb"},"inLanguage":"es","potentialAction":[{"@type":"ReadAction","target":["https:\/\/periodicocentroccidente.com\/?p=7374"]}]},{"@type":"ImageObject","inLanguage":"es","@id":"https:\/\/periodicocentroccidente.com\/?p=7374#primaryimage","url":"https:\/\/periodicocentroccidente.com\/wp-content\/uploads\/2026\/04\/WhatsApp-Image-2026-04-27-at-4.06.31-PM-2.jpeg","contentUrl":"https:\/\/periodicocentroccidente.com\/wp-content\/uploads\/2026\/04\/WhatsApp-Image-2026-04-27-at-4.06.31-PM-2.jpeg","width":1280,"height":963},{"@type":"BreadcrumbList","@id":"https:\/\/periodicocentroccidente.com\/?p=7374#breadcrumb","itemListElement":[{"@type":"ListItem","position":1,"name":"Portada","item":"https:\/\/periodicocentroccidente.com\/"},{"@type":"ListItem","position":2,"name":"El Sistema Portuguesa rinde tributo a Modesta Bor con el 1er Festival del Programa Sim\u00f3n Bol\u00edvar en Guanare"}]},{"@type":"WebSite","@id":"https:\/\/periodicocentroccidente.com\/#website","url":"https:\/\/periodicocentroccidente.com\/","name":"","description":"Periodismo serio y responsable","potentialAction":[{"@type":"SearchAction","target":{"@type":"EntryPoint","urlTemplate":"https:\/\/periodicocentroccidente.com\/?s={search_term_string}"},"query-input":{"@type":"PropertyValueSpecification","valueRequired":true,"valueName":"search_term_string"}}],"inLanguage":"es"},{"@type":"Person","@id":"https:\/\/periodicocentroccidente.com\/#\/schema\/person\/f4e4a651098f3db198244657b7130e7e","name":"Ricardo","image":{"@type":"ImageObject","inLanguage":"es","@id":"https:\/\/periodicocentroccidente.com\/#\/schema\/person\/image\/","url":"https:\/\/secure.gravatar.com\/avatar\/402e6137108ec0fdaa7809184382fb1dd2f8b00264c1d945d341f2b8f90db429?s=96&d=mm&r=g","contentUrl":"https:\/\/secure.gravatar.com\/avatar\/402e6137108ec0fdaa7809184382fb1dd2f8b00264c1d945d341f2b8f90db429?s=96&d=mm&r=g","caption":"Ricardo"},"url":"https:\/\/periodicocentroccidente.com\/?author=2"}]}},"jetpack_featured_media_url":"https:\/\/periodicocentroccidente.com\/wp-content\/uploads\/2026\/04\/WhatsApp-Image-2026-04-27-at-4.06.31-PM-2.jpeg","jetpack_sharing_enabled":true,"jetpack-related-posts":[],"_links":{"self":[{"href":"https:\/\/periodicocentroccidente.com\/index.php?rest_route=\/wp\/v2\/posts\/7374","targetHints":{"allow":["GET"]}}],"collection":[{"href":"https:\/\/periodicocentroccidente.com\/index.php?rest_route=\/wp\/v2\/posts"}],"about":[{"href":"https:\/\/periodicocentroccidente.com\/index.php?rest_route=\/wp\/v2\/types\/post"}],"author":[{"embeddable":true,"href":"https:\/\/periodicocentroccidente.com\/index.php?rest_route=\/wp\/v2\/users\/2"}],"replies":[{"embeddable":true,"href":"https:\/\/periodicocentroccidente.com\/index.php?rest_route=%2Fwp%2Fv2%2Fcomments&post=7374"}],"version-history":[{"count":1,"href":"https:\/\/periodicocentroccidente.com\/index.php?rest_route=\/wp\/v2\/posts\/7374\/revisions"}],"predecessor-version":[{"id":7381,"href":"https:\/\/periodicocentroccidente.com\/index.php?rest_route=\/wp\/v2\/posts\/7374\/revisions\/7381"}],"wp:featuredmedia":[{"embeddable":true,"href":"https:\/\/periodicocentroccidente.com\/index.php?rest_route=\/wp\/v2\/media\/7376"}],"wp:attachment":[{"href":"https:\/\/periodicocentroccidente.com\/index.php?rest_route=%2Fwp%2Fv2%2Fmedia&parent=7374"}],"wp:term":[{"taxonomy":"category","embeddable":true,"href":"https:\/\/periodicocentroccidente.com\/index.php?rest_route=%2Fwp%2Fv2%2Fcategories&post=7374"},{"taxonomy":"post_tag","embeddable":true,"href":"https:\/\/periodicocentroccidente.com\/index.php?rest_route=%2Fwp%2Fv2%2Ftags&post=7374"}],"curies":[{"name":"wp","href":"https:\/\/api.w.org\/{rel}","templated":true}]}}