{"id":7346,"date":"2026-04-29T13:43:39","date_gmt":"2026-04-29T13:43:39","guid":{"rendered":"https:\/\/periodicocentroccidente.com\/?p=7346"},"modified":"2026-04-29T13:43:39","modified_gmt":"2026-04-29T13:43:39","slug":"avanza-plan-de-canalizacion-del-rio-frio","status":"publish","type":"post","link":"https:\/\/periodicocentroccidente.com\/?p=7346","title":{"rendered":"Avanza Plan de canalizaci\u00f3n del Rio Frio"},"content":{"rendered":"<p><strong>Especial.-<\/strong><\/p>\n<div dir=\"auto\">La alcaldesa del municipio Obispo Ramos de Lora Yanetzy Urbina, en un esfuerzo conjunto entre el Poder Popular, los tres niveles de gobierno, l\u00edderes campesinos y productores de la zona, supervis\u00f3 el despliegue de maquinaria pesada que ejecuta la canalizaci\u00f3n y mantenimiento del r\u00edo en el sector Los Claros, el cual presentaba una acumulaci\u00f3n cr\u00edtica de sedimentos a lo largo de 6 kil\u00f3metros, permitiendo restablecer el cauce natural del afluente.<\/div>\n<div dir=\"auto\"><\/div>\n<div dir=\"auto\">La mandataria local, especific\u00f3 que el plan de canalizaci\u00f3n y dragado permitir\u00e1 la recuperaci\u00f3n de 6 mil hect\u00e1reas productivas que permanecieron bajo el agua durante m\u00e1s de 6 a\u00f1os, afectando la capacidad productiva de la regi\u00f3n.<\/div>\n<div dir=\"auto\"><\/div>\n<div dir=\"auto\">\u00abdebemos acotar, que aqu\u00ed todos nos dec\u00edan que si no hab\u00eda una draga no pod\u00edamos darle soluci\u00f3n a esta gran problem\u00e1tica\u201d, expres\u00f3 la alcaldesa ante el \u00e9xito de los trabajos que se ejecutaron en articulaci\u00f3n entre el Gobernador del Zulia, el Gobernador de M\u00e9rida Arnaldo S\u00e1nchez, con el respaldo de la Presidenta encargada Delcy Rodr\u00edguez.<\/div>\n<div dir=\"auto\"><\/div>\n<div dir=\"auto\">Adem\u00e1s Canalizaron el r\u00edo de la comunidad Luis Mora y cierre de 3 boquetes para salvaguardar de inundaciones a las familias de los sectores La Ceibita centro y rurales.<\/div>\n<div dir=\"auto\"><\/div>\n<div dir=\"auto\">Durante el encuentro, los productores agradecieron al gobierno bolivariano por promover pol\u00edticas en materia hidr\u00e1ulica que busca no solo mitigar el riesgo de inundaciones, sino que reactiva la econom\u00eda local, garantizando la seguridad alimentaria a trav\u00e9s del fortalecimiento del sector agr\u00edcola y campesinista en el eje panamericano del estado Bolivariano de M\u00e9rida.<\/div>\n<div dir=\"auto\"><\/div>\n<div dir=\"auto\"><strong> (Prensa ORL)<\/strong><\/div>\n<div dir=\"auto\"><\/div>\n<div dir=\"auto\"><img loading=\"lazy\" decoding=\"async\" class=\"alignnone size-medium wp-image-7348\" src=\"https:\/\/periodicocentroccidente.com\/wp-content\/uploads\/2026\/04\/1008789536-300x200.jpg\" alt=\"\" width=\"300\" height=\"200\" srcset=\"https:\/\/periodicocentroccidente.com\/wp-content\/uploads\/2026\/04\/1008789536-300x200.jpg 300w, https:\/\/periodicocentroccidente.com\/wp-content\/uploads\/2026\/04\/1008789536-1024x682.jpg 1024w, https:\/\/periodicocentroccidente.com\/wp-content\/uploads\/2026\/04\/1008789536-768x511.jpg 768w, https:\/\/periodicocentroccidente.com\/wp-content\/uploads\/2026\/04\/1008789536.jpg 1280w\" sizes=\"auto, (max-width: 300px) 100vw, 300px\" \/>\u00a0 \u00a0 <img loading=\"lazy\" decoding=\"async\" class=\"alignnone size-medium wp-image-7349\" src=\"https:\/\/periodicocentroccidente.com\/wp-content\/uploads\/2026\/04\/1008789541-300x225.jpg\" alt=\"\" width=\"300\" height=\"225\" srcset=\"https:\/\/periodicocentroccidente.com\/wp-content\/uploads\/2026\/04\/1008789541-300x225.jpg 300w, https:\/\/periodicocentroccidente.com\/wp-content\/uploads\/2026\/04\/1008789541-1024x768.jpg 1024w, https:\/\/periodicocentroccidente.com\/wp-content\/uploads\/2026\/04\/1008789541-768x576.jpg 768w, https:\/\/periodicocentroccidente.com\/wp-content\/uploads\/2026\/04\/1008789541.jpg 1280w\" sizes=\"auto, (max-width: 300px) 100vw, 300px\" \/><\/div>\n<div class=\"yj6qo\"><\/div>\n<div class=\"adL\" dir=\"auto\"><\/div>\n","protected":false},"excerpt":{"rendered":"<p>Especial.- La alcaldesa del municipio Obispo Ramos de Lora Yanetzy Urbina, en un esfuerzo conjunto entre el Poder Popular, los tres niveles de gobierno, l&iacute;deres campesinos y productores de la zona, supervis&oacute; el despliegue de maquinaria pesada que ejecuta la canalizaci&oacute;n y mantenimiento del r&iacute;o en el sector Los Claros, el cual presentaba una acumulaci&oacute;n &hellip;<\/p>\n","protected":false},"author":2,"featured_media":7347,"comment_status":"open","ping_status":"open","sticky":false,"template":"","format":"standard","meta":{"_jetpack_memberships_contains_paid_content":false,"footnotes":""},"categories":[127],"tags":[],"class_list":["post-7346","post","type-post","status-publish","format-standard","has-post-thumbnail","hentry","category-noticias-recientes"],"yoast_head":"<!-- This site is optimized with the Yoast SEO plugin v24.8.1 - https:\/\/yoast.com\/wordpress\/plugins\/seo\/ -->\n<title>Avanza Plan de canalizaci\u00f3n del Rio Frio -<\/title>\n<meta name=\"robots\" content=\"index, follow, max-snippet:-1, max-image-preview:large, max-video-preview:-1\" \/>\n<link rel=\"canonical\" href=\"https:\/\/periodicocentroccidente.com\/?p=7346\" \/>\n<meta property=\"og:locale\" content=\"es_ES\" \/>\n<meta property=\"og:type\" content=\"article\" \/>\n<meta property=\"og:title\" content=\"Avanza Plan de canalizaci\u00f3n del Rio Frio -\" \/>\n<meta property=\"og:description\" content=\"Especial.- La alcaldesa del municipio Obispo Ramos de Lora Yanetzy Urbina, en un esfuerzo conjunto entre el Poder Popular, los tres niveles de gobierno, l&iacute;deres campesinos y productores de la zona, supervis&oacute; el despliegue de maquinaria pesada que ejecuta la canalizaci&oacute;n y mantenimiento del r&iacute;o en el sector Los Claros, el cual presentaba una acumulaci&oacute;n &hellip;\" \/>\n<meta property=\"og:url\" content=\"https:\/\/periodicocentroccidente.com\/?p=7346\" \/>\n<meta property=\"article:published_time\" content=\"2026-04-29T13:43:39+00:00\" \/>\n<meta property=\"og:image\" content=\"https:\/\/periodicocentroccidente.com\/wp-content\/uploads\/2026\/04\/1008789535.jpg\" \/>\n\t<meta property=\"og:image:width\" content=\"1280\" \/>\n\t<meta property=\"og:image:height\" content=\"852\" \/>\n\t<meta property=\"og:image:type\" content=\"image\/jpeg\" \/>\n<meta name=\"author\" content=\"Ricardo\" \/>\n<meta name=\"twitter:card\" content=\"summary_large_image\" \/>\n<meta name=\"twitter:label1\" content=\"Escrito por\" \/>\n\t<meta name=\"twitter:data1\" content=\"Ricardo\" \/>\n\t<meta name=\"twitter:label2\" content=\"Tiempo de lectura\" \/>\n\t<meta name=\"twitter:data2\" content=\"2 minutos\" \/>\n<script type=\"application\/ld+json\" class=\"yoast-schema-graph\">{\"@context\":\"https:\/\/schema.org\",\"@graph\":[{\"@type\":\"WebPage\",\"@id\":\"https:\/\/periodicocentroccidente.com\/?p=7346\",\"url\":\"https:\/\/periodicocentroccidente.com\/?p=7346\",\"name\":\"Avanza Plan de canalizaci\u00f3n del Rio Frio -\",\"isPartOf\":{\"@id\":\"https:\/\/periodicocentroccidente.com\/#website\"},\"primaryImageOfPage\":{\"@id\":\"https:\/\/periodicocentroccidente.com\/?p=7346#primaryimage\"},\"image\":{\"@id\":\"https:\/\/periodicocentroccidente.com\/?p=7346#primaryimage\"},\"thumbnailUrl\":\"https:\/\/periodicocentroccidente.com\/wp-content\/uploads\/2026\/04\/1008789535.jpg\",\"datePublished\":\"2026-04-29T13:43:39+00:00\",\"author\":{\"@id\":\"https:\/\/periodicocentroccidente.com\/#\/schema\/person\/f4e4a651098f3db198244657b7130e7e\"},\"breadcrumb\":{\"@id\":\"https:\/\/periodicocentroccidente.com\/?p=7346#breadcrumb\"},\"inLanguage\":\"es\",\"potentialAction\":[{\"@type\":\"ReadAction\",\"target\":[\"https:\/\/periodicocentroccidente.com\/?p=7346\"]}]},{\"@type\":\"ImageObject\",\"inLanguage\":\"es\",\"@id\":\"https:\/\/periodicocentroccidente.com\/?p=7346#primaryimage\",\"url\":\"https:\/\/periodicocentroccidente.com\/wp-content\/uploads\/2026\/04\/1008789535.jpg\",\"contentUrl\":\"https:\/\/periodicocentroccidente.com\/wp-content\/uploads\/2026\/04\/1008789535.jpg\",\"width\":1280,\"height\":852},{\"@type\":\"BreadcrumbList\",\"@id\":\"https:\/\/periodicocentroccidente.com\/?p=7346#breadcrumb\",\"itemListElement\":[{\"@type\":\"ListItem\",\"position\":1,\"name\":\"Portada\",\"item\":\"https:\/\/periodicocentroccidente.com\/\"},{\"@type\":\"ListItem\",\"position\":2,\"name\":\"Avanza Plan de canalizaci\u00f3n del Rio Frio\"}]},{\"@type\":\"WebSite\",\"@id\":\"https:\/\/periodicocentroccidente.com\/#website\",\"url\":\"https:\/\/periodicocentroccidente.com\/\",\"name\":\"\",\"description\":\"Periodismo serio y responsable\",\"potentialAction\":[{\"@type\":\"SearchAction\",\"target\":{\"@type\":\"EntryPoint\",\"urlTemplate\":\"https:\/\/periodicocentroccidente.com\/?s={search_term_string}\"},\"query-input\":{\"@type\":\"PropertyValueSpecification\",\"valueRequired\":true,\"valueName\":\"search_term_string\"}}],\"inLanguage\":\"es\"},{\"@type\":\"Person\",\"@id\":\"https:\/\/periodicocentroccidente.com\/#\/schema\/person\/f4e4a651098f3db198244657b7130e7e\",\"name\":\"Ricardo\",\"image\":{\"@type\":\"ImageObject\",\"inLanguage\":\"es\",\"@id\":\"https:\/\/periodicocentroccidente.com\/#\/schema\/person\/image\/\",\"url\":\"https:\/\/secure.gravatar.com\/avatar\/402e6137108ec0fdaa7809184382fb1dd2f8b00264c1d945d341f2b8f90db429?s=96&d=mm&r=g\",\"contentUrl\":\"https:\/\/secure.gravatar.com\/avatar\/402e6137108ec0fdaa7809184382fb1dd2f8b00264c1d945d341f2b8f90db429?s=96&d=mm&r=g\",\"caption\":\"Ricardo\"},\"url\":\"https:\/\/periodicocentroccidente.com\/?author=2\"}]}<\/script>\n<!-- \/ Yoast SEO plugin. -->","yoast_head_json":{"title":"Avanza Plan de canalizaci\u00f3n del Rio Frio -","robots":{"index":"index","follow":"follow","max-snippet":"max-snippet:-1","max-image-preview":"max-image-preview:large","max-video-preview":"max-video-preview:-1"},"canonical":"https:\/\/periodicocentroccidente.com\/?p=7346","og_locale":"es_ES","og_type":"article","og_title":"Avanza Plan de canalizaci\u00f3n del Rio Frio -","og_description":"Especial.- La alcaldesa del municipio Obispo Ramos de Lora Yanetzy Urbina, en un esfuerzo conjunto entre el Poder Popular, los tres niveles de gobierno, l&iacute;deres campesinos y productores de la zona, supervis&oacute; el despliegue de maquinaria pesada que ejecuta la canalizaci&oacute;n y mantenimiento del r&iacute;o en el sector Los Claros, el cual presentaba una acumulaci&oacute;n &hellip;","og_url":"https:\/\/periodicocentroccidente.com\/?p=7346","article_published_time":"2026-04-29T13:43:39+00:00","og_image":[{"width":1280,"height":852,"url":"https:\/\/periodicocentroccidente.com\/wp-content\/uploads\/2026\/04\/1008789535.jpg","type":"image\/jpeg"}],"author":"Ricardo","twitter_card":"summary_large_image","twitter_misc":{"Escrito por":"Ricardo","Tiempo de lectura":"2 minutos"},"schema":{"@context":"https:\/\/schema.org","@graph":[{"@type":"WebPage","@id":"https:\/\/periodicocentroccidente.com\/?p=7346","url":"https:\/\/periodicocentroccidente.com\/?p=7346","name":"Avanza Plan de canalizaci\u00f3n del Rio Frio -","isPartOf":{"@id":"https:\/\/periodicocentroccidente.com\/#website"},"primaryImageOfPage":{"@id":"https:\/\/periodicocentroccidente.com\/?p=7346#primaryimage"},"image":{"@id":"https:\/\/periodicocentroccidente.com\/?p=7346#primaryimage"},"thumbnailUrl":"https:\/\/periodicocentroccidente.com\/wp-content\/uploads\/2026\/04\/1008789535.jpg","datePublished":"2026-04-29T13:43:39+00:00","author":{"@id":"https:\/\/periodicocentroccidente.com\/#\/schema\/person\/f4e4a651098f3db198244657b7130e7e"},"breadcrumb":{"@id":"https:\/\/periodicocentroccidente.com\/?p=7346#breadcrumb"},"inLanguage":"es","potentialAction":[{"@type":"ReadAction","target":["https:\/\/periodicocentroccidente.com\/?p=7346"]}]},{"@type":"ImageObject","inLanguage":"es","@id":"https:\/\/periodicocentroccidente.com\/?p=7346#primaryimage","url":"https:\/\/periodicocentroccidente.com\/wp-content\/uploads\/2026\/04\/1008789535.jpg","contentUrl":"https:\/\/periodicocentroccidente.com\/wp-content\/uploads\/2026\/04\/1008789535.jpg","width":1280,"height":852},{"@type":"BreadcrumbList","@id":"https:\/\/periodicocentroccidente.com\/?p=7346#breadcrumb","itemListElement":[{"@type":"ListItem","position":1,"name":"Portada","item":"https:\/\/periodicocentroccidente.com\/"},{"@type":"ListItem","position":2,"name":"Avanza Plan de canalizaci\u00f3n del Rio Frio"}]},{"@type":"WebSite","@id":"https:\/\/periodicocentroccidente.com\/#website","url":"https:\/\/periodicocentroccidente.com\/","name":"","description":"Periodismo serio y responsable","potentialAction":[{"@type":"SearchAction","target":{"@type":"EntryPoint","urlTemplate":"https:\/\/periodicocentroccidente.com\/?s={search_term_string}"},"query-input":{"@type":"PropertyValueSpecification","valueRequired":true,"valueName":"search_term_string"}}],"inLanguage":"es"},{"@type":"Person","@id":"https:\/\/periodicocentroccidente.com\/#\/schema\/person\/f4e4a651098f3db198244657b7130e7e","name":"Ricardo","image":{"@type":"ImageObject","inLanguage":"es","@id":"https:\/\/periodicocentroccidente.com\/#\/schema\/person\/image\/","url":"https:\/\/secure.gravatar.com\/avatar\/402e6137108ec0fdaa7809184382fb1dd2f8b00264c1d945d341f2b8f90db429?s=96&d=mm&r=g","contentUrl":"https:\/\/secure.gravatar.com\/avatar\/402e6137108ec0fdaa7809184382fb1dd2f8b00264c1d945d341f2b8f90db429?s=96&d=mm&r=g","caption":"Ricardo"},"url":"https:\/\/periodicocentroccidente.com\/?author=2"}]}},"jetpack_featured_media_url":"https:\/\/periodicocentroccidente.com\/wp-content\/uploads\/2026\/04\/1008789535.jpg","jetpack_sharing_enabled":true,"jetpack-related-posts":[],"_links":{"self":[{"href":"https:\/\/periodicocentroccidente.com\/index.php?rest_route=\/wp\/v2\/posts\/7346","targetHints":{"allow":["GET"]}}],"collection":[{"href":"https:\/\/periodicocentroccidente.com\/index.php?rest_route=\/wp\/v2\/posts"}],"about":[{"href":"https:\/\/periodicocentroccidente.com\/index.php?rest_route=\/wp\/v2\/types\/post"}],"author":[{"embeddable":true,"href":"https:\/\/periodicocentroccidente.com\/index.php?rest_route=\/wp\/v2\/users\/2"}],"replies":[{"embeddable":true,"href":"https:\/\/periodicocentroccidente.com\/index.php?rest_route=%2Fwp%2Fv2%2Fcomments&post=7346"}],"version-history":[{"count":1,"href":"https:\/\/periodicocentroccidente.com\/index.php?rest_route=\/wp\/v2\/posts\/7346\/revisions"}],"predecessor-version":[{"id":7350,"href":"https:\/\/periodicocentroccidente.com\/index.php?rest_route=\/wp\/v2\/posts\/7346\/revisions\/7350"}],"wp:featuredmedia":[{"embeddable":true,"href":"https:\/\/periodicocentroccidente.com\/index.php?rest_route=\/wp\/v2\/media\/7347"}],"wp:attachment":[{"href":"https:\/\/periodicocentroccidente.com\/index.php?rest_route=%2Fwp%2Fv2%2Fmedia&parent=7346"}],"wp:term":[{"taxonomy":"category","embeddable":true,"href":"https:\/\/periodicocentroccidente.com\/index.php?rest_route=%2Fwp%2Fv2%2Fcategories&post=7346"},{"taxonomy":"post_tag","embeddable":true,"href":"https:\/\/periodicocentroccidente.com\/index.php?rest_route=%2Fwp%2Fv2%2Ftags&post=7346"}],"curies":[{"name":"wp","href":"https:\/\/api.w.org\/{rel}","templated":true}]}}