{"id":7310,"date":"2026-04-28T01:17:32","date_gmt":"2026-04-28T01:17:32","guid":{"rendered":"https:\/\/periodicocentroccidente.com\/?p=7310"},"modified":"2026-04-28T01:17:32","modified_gmt":"2026-04-28T01:17:32","slug":"la-antena-del-cono-sur-23","status":"publish","type":"post","link":"https:\/\/periodicocentroccidente.com\/?p=7310","title":{"rendered":"La Antena del Cono Sur"},"content":{"rendered":"<p><strong><a href=\"https:\/\/www.google.com\/search?q=Santiago+4:14&amp;oq=&amp;aqs=chrome.2.35i39i362l8.2178367j0j15&amp;sourceid=chrome&amp;ie=UTF-8&amp;ved=2ahUKEwjvucOyz4aUAxXt78kDHbh7BV0QgK4QegYIAQgAEAM\">Santiago 4:14<\/a> \u2026<\/strong>\u00a0<strong>\u201cY ni siquiera sab\u00e9is lo que ser\u00e1 ma\u00f1ana.\u00a0Porque, \u00bfqu\u00e9 es vuestra vida?\u00a0<\/strong>Ciertamente es un vapor que aparece por un poco de tiempo y luego se desvanece\u201d. Aqu\u00ed se advierte sobre la. fragilidad y brevedad de la vida humana, compar\u00e1ndola con una niebla o vapor que aparece brevemente y luego se desvanece. El vers\u00edculo enfatiza que no conocemos el futuro, llamando a la humildad y a depender de la voluntad de Dios en nuestros planes diarios. Sigan leyendo.<\/p>\n<p><strong><u>\u00a0<\/u>MUCHOS COMENTARIOS<\/strong>, afortunadamente la mayor\u00eda apoyando mi an\u00e1lisis, surgieron a ra\u00edz de lo escrito en la Antena pasada, en relaci\u00f3n a quienes, en la oposici\u00f3n, ya se sienten gobernadores, alcaldes, legisladores, concejales y hasta con cargos administrativos en esas instancias, y\u00a0 no se apegan a Santiago 4\/14 por lo que se les olvida que \u201cla vida es un vapor que aparece brevemente y luego se desvanece\u201d.<\/p>\n<p><strong>\u00a0 LAS DECLARACIONES<\/strong> dadas esta semana por \u201cla Interina\u201d recalcan lo que he venido diciendo en \u00a0relaci\u00f3n a una inminente auditor\u00eda en las Gobernaciones, incluyendo la de Portuguesa, Delcy, vestida de azul y sin tener a su espalda retratos de Ch\u00e1vez ni Maduro, y sin mencionar a alguno de ellos, afirm\u00f3, lo siguiente: \u201cYa he girado instrucciones de que se revisen algunas instituciones de la administraci\u00f3n p\u00fablica\u201d, lo que debe incluir tambi\u00e9n a las alcald\u00edas. Lo dijo Delcy, para que no vayan a decir que \u201cesas son vainas de Grossman\u201d. No se si all\u00ed se incluyan los Consejos Legislativos, porque de ser as\u00ed, el de Portuguesa debe estar frito, ya que, seg\u00fan sus propias informaciones, en estos cuatro meses del 2026, solo han realizado nueve sesiones, seis de ellas para aprobarle cr\u00e9ditos adicionales al Gobernador y una para aprobarle su Informe de Gesti\u00f3n del a\u00f1o 2025, con lo cual justifican sus jugosos bonos, sus millonarias dietas y el uso de lujosas camionetas, con la gasolina paga, y hay quienes dicen que, pese a estar anunciada, Delcy no quiso venir al acto en Guanare esta semana, y tuvieron que recurrir a \u00faltima hora a Diosdado Cabello, y por eso el acto se realiz\u00f3 pasadas las ocho de la noche. \u00a1Amanecer\u00e1 y veremos!.<\/p>\n<p><strong>\u00a0\u00a0 POR CIERTO,<\/strong> Diosdado tambi\u00e9n estuvo en un acto en Acarigua con los empresarios de la zona, acompa\u00f1ado del diputado Wilmar Castro Soteldo, pero sobre esto \u00faltimo nadie se enter\u00f3 debido a que Primitivo prohibi\u00f3 a su equipo comunicacional rese\u00f1ar la presencia del ex gobernador y ex ministro, e incluso advirti\u00f3 a la dirigencia \u201cazul &#8211; azulita\u201d y a funcionarios del ejecutivo estadal sobre la inconveniencia de tomarse alguna foto, y publicarla, con su ac\u00e9rrimo adversario interno, mientras se abrazaba con el alacr\u00e1n Bernab\u00e9 Guti\u00e9rrez. Sigan leyendo.<\/p>\n<p><strong>\u00a0\u00a0\u00a0 ANTE ESTA SITUACION,<\/strong> le envi\u00e9 a mi amigo Wilmar Castro Soteldo los siguientes versos\u2026<\/p>\n<p style=\"text-align: center;\"><strong>\u00a0I<\/strong><\/p>\n<p style=\"text-align: center;\"><strong>Se incluy\u00f3 a Castro Soteldo<\/strong><\/p>\n<p style=\"text-align: center;\"><strong>en la gira de Diosdado<\/strong><\/p>\n<p style=\"text-align: center;\"><strong>pero Primitivo dijo<\/strong><\/p>\n<p style=\"text-align: center;\"><strong>\u201cque lo pusieran pa\u2019 un lado\u201d<\/strong><\/p>\n<p style=\"text-align: center;\"><strong>II<\/strong><\/p>\n<p style=\"text-align: center;\"><strong>A Castro no le import\u00f3<\/strong><\/p>\n<p style=\"text-align: center;\"><strong>que no le tomaran fotos<\/strong><\/p>\n<p style=\"text-align: center;\"><strong>y dijo que \u201cDelcy sabe \u00a0<\/strong><\/p>\n<p style=\"text-align: center;\"><strong>que es \u00e9l quien tiene los votos\u201d<\/strong><\/p>\n<p style=\"text-align: center;\"><strong>III<\/strong><\/p>\n<p style=\"text-align: center;\"><strong>Agreg\u00f3 que a Primitivo<\/strong><\/p>\n<p style=\"text-align: center;\"><strong>su caso se pone feo<\/strong><\/p>\n<p style=\"text-align: center;\"><strong>ya que en Miraflores tienen<\/strong><\/p>\n<p style=\"text-align: center;\"><strong>copia de cada video<\/strong><\/p>\n<p><strong>\u00a0<\/strong><\/p>\n<p><strong>\u00a0\u00a0 DE INMEDIATO<\/strong>, el ex ministro, ex gobernador y diputado, me respondi\u00f3 con TRES CARITAS TRISTES y un corto mensaje :\u201dSaludos, Grossman\u201d. Pero luego de cinco minutos, me envi\u00f3 los siguientes versos..<\/p>\n<p style=\"text-align: center;\"><strong>I<\/strong><\/p>\n<p style=\"text-align: center;\"><strong>Se form\u00f3 un gran alboroto<\/strong><\/p>\n<p style=\"text-align: center;\"><strong>cuando apareci\u00f3 Diosdado<\/strong><\/p>\n<p style=\"text-align: center;\"><strong>algunos vieron al techo,<\/strong><\/p>\n<p style=\"text-align: center;\"><strong>otros vieron \u201cpa\u2019 los lados\u201d<\/strong><\/p>\n<p style=\"text-align: center;\"><strong>ii<\/strong><\/p>\n<p style=\"text-align: center;\"><strong>Bernab\u00e9 agarr\u00f3 Tribuna<\/strong><\/p>\n<p style=\"text-align: center;\"><strong>y sin tener un motivo<\/strong><\/p>\n<p style=\"text-align: center;\"><strong>le dio con mucha malicia<\/strong><\/p>\n<p style=\"text-align: center;\"><strong>el testigo a Primitivo<\/strong><\/p>\n<p style=\"text-align: center;\"><strong>III<\/strong><\/p>\n<p style=\"text-align: center;\"><strong>Como venao\u2019 en gallera,<\/strong><\/p>\n<p style=\"text-align: center;\"><strong>como jinete sin rastro,<\/strong><\/p>\n<p style=\"text-align: center;\"><strong>sentado en un taburete,<\/strong><\/p>\n<p style=\"text-align: center;\"><strong>all\u00ed estaba Wilmar Castro<\/strong><\/p>\n<p>\u00a0<strong>\u00a0 ALGUNAS PREGUNTAS AL AZAR..<\/strong> Una.- \u00bfQuienes son los diputados por Portuguesa a la Asamblea Nacional?.- Dos.- \u00bfQue hacen por su estado? \u2019 Tres .-. \u00bfHan intervenido alguna vez en el Parlamento? Mi amigo Tito, el Patrullero del PSUV, me coment\u00f3 que la mayor\u00eda de ellos est\u00e1n arrepentidos de haber dejado los cargos que ten\u00edan en la Gobernaci\u00f3n para aspirar esas posiciones, ya que tienen problemas en sus extremidades superiores de tanto levantar la mano, sin saber para qu\u00e9. Por cierto, mi amigo Tito est\u00e1 vendiendo varias franelas rojas rojitas, numerosos gorras con la frase \u201cCon Maduro me resteo\u201d y algunas pancartas con los s\u00edmbolos del PSUV y la cara de Ch\u00e1vez. Por tres franelas, dos gorras y una pancarta de las que tiene, Tito, recibe una franela color azul que diga \u201cCon Delcy pa\u00b4lante\u201d.<\/p>\n<p><strong>\u00a0\u00a0\u00a0 NO ME PUDO CONFIRMAR<\/strong> mi amigo Tito, el Patrullero del PSUV, la\u00a0 veracidad de una informaci\u00f3n de que en Portuguesa se han\u00a0 venido reuniendo dirigentes del PSUV que pasaron a la reserva, para salir a la luz p\u00fablica en el momento adecuado, pero por ahora voy a dejar esta Antena hasta aqu\u00ed para ir a averiguar qu\u00e9 quiso decir Castro Soteldo con las tres caritas en su mensaje de texto.<\/p>\n<p><img loading=\"lazy\" decoding=\"async\" class=\"alignnone size-medium wp-image-7312\" src=\"https:\/\/periodicocentroccidente.com\/wp-content\/uploads\/2026\/04\/FOTO-UNO.WILMAR-CASTRO-SOTELDO-300x241.png\" alt=\"\" width=\"300\" height=\"241\" srcset=\"https:\/\/periodicocentroccidente.com\/wp-content\/uploads\/2026\/04\/FOTO-UNO.WILMAR-CASTRO-SOTELDO-300x241.png 300w, https:\/\/periodicocentroccidente.com\/wp-content\/uploads\/2026\/04\/FOTO-UNO.WILMAR-CASTRO-SOTELDO-1024x821.png 1024w, https:\/\/periodicocentroccidente.com\/wp-content\/uploads\/2026\/04\/FOTO-UNO.WILMAR-CASTRO-SOTELDO-768x616.png 768w, https:\/\/periodicocentroccidente.com\/wp-content\/uploads\/2026\/04\/FOTO-UNO.WILMAR-CASTRO-SOTELDO-1536x1232.png 1536w, https:\/\/periodicocentroccidente.com\/wp-content\/uploads\/2026\/04\/FOTO-UNO.WILMAR-CASTRO-SOTELDO.png 1792w\" sizes=\"auto, (max-width: 300px) 100vw, 300px\" \/><\/p>\n<p><em><strong>Ni una fotico le tomaron a Castro Soteldo<\/strong><\/em><\/p>\n","protected":false},"excerpt":{"rendered":"<p>Santiago 4:14 &hellip;&nbsp;&ldquo;Y ni siquiera sab&eacute;is lo que ser&aacute; ma&ntilde;ana.&nbsp;Porque, &iquest;qu&eacute; es vuestra vida?&nbsp;Ciertamente es un vapor que aparece por un poco de tiempo y luego se desvanece&rdquo;. Aqu&iacute; se advierte sobre la. fragilidad y brevedad de la vida humana, compar&aacute;ndola con una niebla o vapor que aparece brevemente y luego se desvanece. El vers&iacute;culo &hellip;<\/p>\n","protected":false},"author":2,"featured_media":3229,"comment_status":"open","ping_status":"open","sticky":false,"template":"","format":"standard","meta":{"_jetpack_memberships_contains_paid_content":false,"footnotes":""},"categories":[127],"tags":[],"class_list":["post-7310","post","type-post","status-publish","format-standard","has-post-thumbnail","hentry","category-noticias-recientes"],"yoast_head":"<!-- This site is optimized with the Yoast SEO plugin v24.8.1 - https:\/\/yoast.com\/wordpress\/plugins\/seo\/ -->\n<title>La Antena del Cono Sur -<\/title>\n<meta name=\"robots\" content=\"index, follow, max-snippet:-1, max-image-preview:large, max-video-preview:-1\" \/>\n<link rel=\"canonical\" href=\"https:\/\/periodicocentroccidente.com\/?p=7310\" \/>\n<meta property=\"og:locale\" content=\"es_ES\" \/>\n<meta property=\"og:type\" content=\"article\" \/>\n<meta property=\"og:title\" content=\"La Antena del Cono Sur -\" \/>\n<meta property=\"og:description\" content=\"Santiago 4:14 &hellip;&nbsp;&ldquo;Y ni siquiera sab&eacute;is lo que ser&aacute; ma&ntilde;ana.&nbsp;Porque, &iquest;qu&eacute; es vuestra vida?&nbsp;Ciertamente es un vapor que aparece por un poco de tiempo y luego se desvanece&rdquo;. Aqu&iacute; se advierte sobre la. fragilidad y brevedad de la vida humana, compar&aacute;ndola con una niebla o vapor que aparece brevemente y luego se desvanece. El vers&iacute;culo &hellip;\" \/>\n<meta property=\"og:url\" content=\"https:\/\/periodicocentroccidente.com\/?p=7310\" \/>\n<meta property=\"article:published_time\" content=\"2026-04-28T01:17:32+00:00\" \/>\n<meta property=\"og:image\" content=\"https:\/\/periodicocentroccidente.com\/wp-content\/uploads\/2025\/08\/cono-sur.jpg\" \/>\n\t<meta property=\"og:image:width\" content=\"601\" \/>\n\t<meta property=\"og:image:height\" content=\"258\" \/>\n\t<meta property=\"og:image:type\" content=\"image\/jpeg\" \/>\n<meta name=\"author\" content=\"Ricardo\" \/>\n<meta name=\"twitter:card\" content=\"summary_large_image\" \/>\n<meta name=\"twitter:label1\" content=\"Escrito por\" \/>\n\t<meta name=\"twitter:data1\" content=\"Ricardo\" \/>\n\t<meta name=\"twitter:label2\" content=\"Tiempo de lectura\" \/>\n\t<meta name=\"twitter:data2\" content=\"5 minutos\" \/>\n<script type=\"application\/ld+json\" class=\"yoast-schema-graph\">{\"@context\":\"https:\/\/schema.org\",\"@graph\":[{\"@type\":\"WebPage\",\"@id\":\"https:\/\/periodicocentroccidente.com\/?p=7310\",\"url\":\"https:\/\/periodicocentroccidente.com\/?p=7310\",\"name\":\"La Antena del Cono Sur -\",\"isPartOf\":{\"@id\":\"https:\/\/periodicocentroccidente.com\/#website\"},\"primaryImageOfPage\":{\"@id\":\"https:\/\/periodicocentroccidente.com\/?p=7310#primaryimage\"},\"image\":{\"@id\":\"https:\/\/periodicocentroccidente.com\/?p=7310#primaryimage\"},\"thumbnailUrl\":\"https:\/\/periodicocentroccidente.com\/wp-content\/uploads\/2025\/08\/cono-sur.jpg\",\"datePublished\":\"2026-04-28T01:17:32+00:00\",\"author\":{\"@id\":\"https:\/\/periodicocentroccidente.com\/#\/schema\/person\/f4e4a651098f3db198244657b7130e7e\"},\"breadcrumb\":{\"@id\":\"https:\/\/periodicocentroccidente.com\/?p=7310#breadcrumb\"},\"inLanguage\":\"es\",\"potentialAction\":[{\"@type\":\"ReadAction\",\"target\":[\"https:\/\/periodicocentroccidente.com\/?p=7310\"]}]},{\"@type\":\"ImageObject\",\"inLanguage\":\"es\",\"@id\":\"https:\/\/periodicocentroccidente.com\/?p=7310#primaryimage\",\"url\":\"https:\/\/periodicocentroccidente.com\/wp-content\/uploads\/2025\/08\/cono-sur.jpg\",\"contentUrl\":\"https:\/\/periodicocentroccidente.com\/wp-content\/uploads\/2025\/08\/cono-sur.jpg\",\"width\":601,\"height\":258},{\"@type\":\"BreadcrumbList\",\"@id\":\"https:\/\/periodicocentroccidente.com\/?p=7310#breadcrumb\",\"itemListElement\":[{\"@type\":\"ListItem\",\"position\":1,\"name\":\"Portada\",\"item\":\"https:\/\/periodicocentroccidente.com\/\"},{\"@type\":\"ListItem\",\"position\":2,\"name\":\"La Antena del Cono Sur\"}]},{\"@type\":\"WebSite\",\"@id\":\"https:\/\/periodicocentroccidente.com\/#website\",\"url\":\"https:\/\/periodicocentroccidente.com\/\",\"name\":\"\",\"description\":\"Periodismo serio y responsable\",\"potentialAction\":[{\"@type\":\"SearchAction\",\"target\":{\"@type\":\"EntryPoint\",\"urlTemplate\":\"https:\/\/periodicocentroccidente.com\/?s={search_term_string}\"},\"query-input\":{\"@type\":\"PropertyValueSpecification\",\"valueRequired\":true,\"valueName\":\"search_term_string\"}}],\"inLanguage\":\"es\"},{\"@type\":\"Person\",\"@id\":\"https:\/\/periodicocentroccidente.com\/#\/schema\/person\/f4e4a651098f3db198244657b7130e7e\",\"name\":\"Ricardo\",\"image\":{\"@type\":\"ImageObject\",\"inLanguage\":\"es\",\"@id\":\"https:\/\/periodicocentroccidente.com\/#\/schema\/person\/image\/\",\"url\":\"https:\/\/secure.gravatar.com\/avatar\/402e6137108ec0fdaa7809184382fb1dd2f8b00264c1d945d341f2b8f90db429?s=96&d=mm&r=g\",\"contentUrl\":\"https:\/\/secure.gravatar.com\/avatar\/402e6137108ec0fdaa7809184382fb1dd2f8b00264c1d945d341f2b8f90db429?s=96&d=mm&r=g\",\"caption\":\"Ricardo\"},\"url\":\"https:\/\/periodicocentroccidente.com\/?author=2\"}]}<\/script>\n<!-- \/ Yoast SEO plugin. -->","yoast_head_json":{"title":"La Antena del Cono Sur -","robots":{"index":"index","follow":"follow","max-snippet":"max-snippet:-1","max-image-preview":"max-image-preview:large","max-video-preview":"max-video-preview:-1"},"canonical":"https:\/\/periodicocentroccidente.com\/?p=7310","og_locale":"es_ES","og_type":"article","og_title":"La Antena del Cono Sur -","og_description":"Santiago 4:14 &hellip;&nbsp;&ldquo;Y ni siquiera sab&eacute;is lo que ser&aacute; ma&ntilde;ana.&nbsp;Porque, &iquest;qu&eacute; es vuestra vida?&nbsp;Ciertamente es un vapor que aparece por un poco de tiempo y luego se desvanece&rdquo;. Aqu&iacute; se advierte sobre la. fragilidad y brevedad de la vida humana, compar&aacute;ndola con una niebla o vapor que aparece brevemente y luego se desvanece. El vers&iacute;culo &hellip;","og_url":"https:\/\/periodicocentroccidente.com\/?p=7310","article_published_time":"2026-04-28T01:17:32+00:00","og_image":[{"width":601,"height":258,"url":"https:\/\/periodicocentroccidente.com\/wp-content\/uploads\/2025\/08\/cono-sur.jpg","type":"image\/jpeg"}],"author":"Ricardo","twitter_card":"summary_large_image","twitter_misc":{"Escrito por":"Ricardo","Tiempo de lectura":"5 minutos"},"schema":{"@context":"https:\/\/schema.org","@graph":[{"@type":"WebPage","@id":"https:\/\/periodicocentroccidente.com\/?p=7310","url":"https:\/\/periodicocentroccidente.com\/?p=7310","name":"La Antena del Cono Sur -","isPartOf":{"@id":"https:\/\/periodicocentroccidente.com\/#website"},"primaryImageOfPage":{"@id":"https:\/\/periodicocentroccidente.com\/?p=7310#primaryimage"},"image":{"@id":"https:\/\/periodicocentroccidente.com\/?p=7310#primaryimage"},"thumbnailUrl":"https:\/\/periodicocentroccidente.com\/wp-content\/uploads\/2025\/08\/cono-sur.jpg","datePublished":"2026-04-28T01:17:32+00:00","author":{"@id":"https:\/\/periodicocentroccidente.com\/#\/schema\/person\/f4e4a651098f3db198244657b7130e7e"},"breadcrumb":{"@id":"https:\/\/periodicocentroccidente.com\/?p=7310#breadcrumb"},"inLanguage":"es","potentialAction":[{"@type":"ReadAction","target":["https:\/\/periodicocentroccidente.com\/?p=7310"]}]},{"@type":"ImageObject","inLanguage":"es","@id":"https:\/\/periodicocentroccidente.com\/?p=7310#primaryimage","url":"https:\/\/periodicocentroccidente.com\/wp-content\/uploads\/2025\/08\/cono-sur.jpg","contentUrl":"https:\/\/periodicocentroccidente.com\/wp-content\/uploads\/2025\/08\/cono-sur.jpg","width":601,"height":258},{"@type":"BreadcrumbList","@id":"https:\/\/periodicocentroccidente.com\/?p=7310#breadcrumb","itemListElement":[{"@type":"ListItem","position":1,"name":"Portada","item":"https:\/\/periodicocentroccidente.com\/"},{"@type":"ListItem","position":2,"name":"La Antena del Cono Sur"}]},{"@type":"WebSite","@id":"https:\/\/periodicocentroccidente.com\/#website","url":"https:\/\/periodicocentroccidente.com\/","name":"","description":"Periodismo serio y responsable","potentialAction":[{"@type":"SearchAction","target":{"@type":"EntryPoint","urlTemplate":"https:\/\/periodicocentroccidente.com\/?s={search_term_string}"},"query-input":{"@type":"PropertyValueSpecification","valueRequired":true,"valueName":"search_term_string"}}],"inLanguage":"es"},{"@type":"Person","@id":"https:\/\/periodicocentroccidente.com\/#\/schema\/person\/f4e4a651098f3db198244657b7130e7e","name":"Ricardo","image":{"@type":"ImageObject","inLanguage":"es","@id":"https:\/\/periodicocentroccidente.com\/#\/schema\/person\/image\/","url":"https:\/\/secure.gravatar.com\/avatar\/402e6137108ec0fdaa7809184382fb1dd2f8b00264c1d945d341f2b8f90db429?s=96&d=mm&r=g","contentUrl":"https:\/\/secure.gravatar.com\/avatar\/402e6137108ec0fdaa7809184382fb1dd2f8b00264c1d945d341f2b8f90db429?s=96&d=mm&r=g","caption":"Ricardo"},"url":"https:\/\/periodicocentroccidente.com\/?author=2"}]}},"jetpack_featured_media_url":"https:\/\/periodicocentroccidente.com\/wp-content\/uploads\/2025\/08\/cono-sur.jpg","jetpack_sharing_enabled":true,"jetpack-related-posts":[],"_links":{"self":[{"href":"https:\/\/periodicocentroccidente.com\/index.php?rest_route=\/wp\/v2\/posts\/7310","targetHints":{"allow":["GET"]}}],"collection":[{"href":"https:\/\/periodicocentroccidente.com\/index.php?rest_route=\/wp\/v2\/posts"}],"about":[{"href":"https:\/\/periodicocentroccidente.com\/index.php?rest_route=\/wp\/v2\/types\/post"}],"author":[{"embeddable":true,"href":"https:\/\/periodicocentroccidente.com\/index.php?rest_route=\/wp\/v2\/users\/2"}],"replies":[{"embeddable":true,"href":"https:\/\/periodicocentroccidente.com\/index.php?rest_route=%2Fwp%2Fv2%2Fcomments&post=7310"}],"version-history":[{"count":1,"href":"https:\/\/periodicocentroccidente.com\/index.php?rest_route=\/wp\/v2\/posts\/7310\/revisions"}],"predecessor-version":[{"id":7313,"href":"https:\/\/periodicocentroccidente.com\/index.php?rest_route=\/wp\/v2\/posts\/7310\/revisions\/7313"}],"wp:featuredmedia":[{"embeddable":true,"href":"https:\/\/periodicocentroccidente.com\/index.php?rest_route=\/wp\/v2\/media\/3229"}],"wp:attachment":[{"href":"https:\/\/periodicocentroccidente.com\/index.php?rest_route=%2Fwp%2Fv2%2Fmedia&parent=7310"}],"wp:term":[{"taxonomy":"category","embeddable":true,"href":"https:\/\/periodicocentroccidente.com\/index.php?rest_route=%2Fwp%2Fv2%2Fcategories&post=7310"},{"taxonomy":"post_tag","embeddable":true,"href":"https:\/\/periodicocentroccidente.com\/index.php?rest_route=%2Fwp%2Fv2%2Ftags&post=7310"}],"curies":[{"name":"wp","href":"https:\/\/api.w.org\/{rel}","templated":true}]}}