{"id":7290,"date":"2026-04-27T22:41:44","date_gmt":"2026-04-27T22:41:44","guid":{"rendered":"https:\/\/periodicocentroccidente.com\/?p=7290"},"modified":"2026-04-27T22:41:44","modified_gmt":"2026-04-27T22:41:44","slug":"el-sistema-portuguesa-fortalece-la-identidad-musical-regional-con-gala-de-la-orquesta-regional-don-antonio-torrealba","status":"publish","type":"post","link":"https:\/\/periodicocentroccidente.com\/?p=7290","title":{"rendered":"El Sistema Portuguesa fortalece la identidad musical regional con gala de la Orquesta Regional \u201cDon Antonio Torrealba\u201d"},"content":{"rendered":"<p><strong>Especial.-<\/strong><\/p>\n<p>El Sistema Nacional de Orquestas y Coros Juveniles e Infantiles de Venezuela, a trav\u00e9s de su Gerencia Estadal en Portuguesa, celebr\u00f3 con \u00e9xito el reciente concierto de la Orquesta Regional Alma Llanera \u201cDon Antonio Torrealba\u201d. El evento, realizado en los espacios de la Plaza Bol\u00edvar de Guanare, fue una vitrina de los logros pedag\u00f3gicos y art\u00edsticos del Programa Alma Llanera en la entidad.<\/p>\n<p>La agrupaci\u00f3n, integrada por 61 j\u00f3venes talentos provenientes de los n\u00facleos Guanare, Ospino, Papel\u00f3n, Guanarito, San Genaro de Boconoito y Biscucuy, demostr\u00f3 el trabajo y la disciplina de los m\u00fasicos que se forman bajo la filosof\u00eda de El Sistema.<\/p>\n<p>La ejecuci\u00f3n musical estuvo marcada por una batuta compartida entre Francisco Garc\u00eda, Juan Andr\u00e9s Albarr\u00e1n, Edwen Barrios y Diego Padilla, bajo la coordinaci\u00f3n de Elg\u00e9nesis Haricapa. El programa incluy\u00f3 obras como Caf\u00e9 de Barlovento, Como llora una estrella, La negra Atilia y Gavil\u00e1n Jazznero, donde cont\u00f3 con la participaci\u00f3n solista en el canto de Zuriel Villamizar.<\/p>\n<h3><strong>Estrenos con sello llanero<\/strong><\/h3>\n<p>Uno de los pilares de la jornada fue el estreno de dos obras in\u00e9ditas con arreglos para esta orquestaci\u00f3n del maestro compositor y arreglista, Eduardo Arocha: \u201cPortuguese\u00f1a\u201d y \u201cDon Antonio Torrealba\u201d. El maestro Arocha, destac\u00f3 la importancia de integrar la memoria oral y la vivencia personal en el curr\u00edculo formativo de los j\u00f3venes.<\/p>\n<p>Durante su intervenci\u00f3n, Arocha enfatiz\u00f3 la necesidad de integrar la memoria oral y la vivencia hist\u00f3rica en el curr\u00edculo formativo de los j\u00f3venes m\u00fasicos. \u201cEs un privilegio compartir estas piezas como Portuguese\u00f1a que es un homenaje a las mujeres de esta regi\u00f3n y de Don Antonio, que es un tributo al maestro cultor cuatrista, violinista, guitarrista, bandolista, luthier y compositor guanarite\u00f1o\u201d, dijo.<\/p>\n<p>Destac\u00f3 que estas piezas no son solo m\u00fasica; \u201cson testimonios de una \u00e9poca y de una disciplina que hoy El Sistema eleva a un nivel de excelencia acad\u00e9mica\u201d, se\u00f1al\u00f3 el compositor, al tiempo que record\u00f3 la rigurosidad t\u00e9cnica que el maestro Torrealba exig\u00eda en la afinaci\u00f3n y la responsabilidad art\u00edstica.<\/p>\n<p>Vale resaltar que la gala cont\u00f3 con la presencia de los familiares de Don Antonio Torrealba. En representaci\u00f3n del linaje, Alirio Torrealba expres\u00f3 su gratitud por preservar la obra de su padre como un referente para la juventud.<\/p>\n<p>\u201cNos sentimos profundamente orgullosos. Mi padre era un hombre humilde que nunca imagin\u00f3 un homenaje de esta magnitud. Ver a j\u00f3venes de su natal Guanarito interpretando su m\u00fasica nos llena el coraz\u00f3n\u201d, manifest\u00f3 Torrealba, quien dirigi\u00f3 un mensaje especial a los m\u00fasicos del municipio Guanarito para que porten con orgullo el gentilicio del maestro.<\/p>\n<p>Por su parte, Elg\u00e9nesis Haricapa, directora de la agrupaci\u00f3n e integrante del equipo acad\u00e9mico de los Programas Alma Llanera y Sim\u00f3n Bol\u00edvar, reafirm\u00f3 la misi\u00f3n institucional al cierre del evento: \u201cEste concierto fue un acto de preservaci\u00f3n cultural. A trav\u00e9s del Programa Alma Llanera, garantizamos que nuestros j\u00f3venes conozcan sus ra\u00edces y den continuidad a la m\u00fasica de nuestra tierra con el rigor t\u00e9cnico que merece\u201d.<\/p>\n<p>Con esta presentaci\u00f3n, El Sistema Portuguesa reafirma su compromiso con la formaci\u00f3n de ciudadanos integrales, asegurando que la tradici\u00f3n musical venezolana permanezca vigente y evolucione hacia nuevos horizontes de excelencia. <strong>\/\/<\/strong><\/p>\n<p><strong>Jorveis Ortegano Valecillo \/\u00a0<\/strong><strong>Prensa &#8211; El Sistema Portuguesa<\/strong><\/p>\n<p><img loading=\"lazy\" decoding=\"async\" class=\"alignnone size-medium wp-image-7294\" src=\"https:\/\/periodicocentroccidente.com\/wp-content\/uploads\/2026\/04\/5150186059227401602-225x300.jpg\" alt=\"\" width=\"225\" height=\"300\" srcset=\"https:\/\/periodicocentroccidente.com\/wp-content\/uploads\/2026\/04\/5150186059227401602-225x300.jpg 225w, https:\/\/periodicocentroccidente.com\/wp-content\/uploads\/2026\/04\/5150186059227401602-768x1024.jpg 768w, https:\/\/periodicocentroccidente.com\/wp-content\/uploads\/2026\/04\/5150186059227401602.jpg 960w\" sizes=\"auto, (max-width: 225px) 100vw, 225px\" \/>\u00a0 \u00a0 \u00a0 <img loading=\"lazy\" decoding=\"async\" class=\"alignnone size-medium wp-image-7295\" src=\"https:\/\/periodicocentroccidente.com\/wp-content\/uploads\/2026\/04\/5150186059227401603-225x300.jpg\" alt=\"\" width=\"225\" height=\"300\" srcset=\"https:\/\/periodicocentroccidente.com\/wp-content\/uploads\/2026\/04\/5150186059227401603-225x300.jpg 225w, https:\/\/periodicocentroccidente.com\/wp-content\/uploads\/2026\/04\/5150186059227401603-768x1024.jpg 768w, https:\/\/periodicocentroccidente.com\/wp-content\/uploads\/2026\/04\/5150186059227401603.jpg 960w\" sizes=\"auto, (max-width: 225px) 100vw, 225px\" \/>\u00a0 \u00a0 <img loading=\"lazy\" decoding=\"async\" class=\"alignnone size-medium wp-image-7297\" src=\"https:\/\/periodicocentroccidente.com\/wp-content\/uploads\/2026\/04\/5152459505676258522-300x225.jpg\" alt=\"\" width=\"300\" height=\"225\" srcset=\"https:\/\/periodicocentroccidente.com\/wp-content\/uploads\/2026\/04\/5152459505676258522-300x225.jpg 300w, https:\/\/periodicocentroccidente.com\/wp-content\/uploads\/2026\/04\/5152459505676258522-1024x768.jpg 1024w, https:\/\/periodicocentroccidente.com\/wp-content\/uploads\/2026\/04\/5152459505676258522-768x576.jpg 768w, https:\/\/periodicocentroccidente.com\/wp-content\/uploads\/2026\/04\/5152459505676258522.jpg 1280w\" sizes=\"auto, (max-width: 300px) 100vw, 300px\" \/><\/p>\n<p><img loading=\"lazy\" decoding=\"async\" class=\"alignnone size-medium wp-image-7296\" src=\"https:\/\/periodicocentroccidente.com\/wp-content\/uploads\/2026\/04\/5150186059227401604-300x225.jpg\" alt=\"\" width=\"300\" height=\"225\" srcset=\"https:\/\/periodicocentroccidente.com\/wp-content\/uploads\/2026\/04\/5150186059227401604-300x225.jpg 300w, https:\/\/periodicocentroccidente.com\/wp-content\/uploads\/2026\/04\/5150186059227401604-1024x768.jpg 1024w, https:\/\/periodicocentroccidente.com\/wp-content\/uploads\/2026\/04\/5150186059227401604-768x576.jpg 768w, https:\/\/periodicocentroccidente.com\/wp-content\/uploads\/2026\/04\/5150186059227401604.jpg 1280w\" sizes=\"auto, (max-width: 300px) 100vw, 300px\" \/>\u00a0 \u00a0 <img loading=\"lazy\" decoding=\"async\" class=\"alignnone size-medium wp-image-7292\" src=\"https:\/\/periodicocentroccidente.com\/wp-content\/uploads\/2026\/04\/5150186059227401599-300x225.jpg\" alt=\"\" width=\"300\" height=\"225\" srcset=\"https:\/\/periodicocentroccidente.com\/wp-content\/uploads\/2026\/04\/5150186059227401599-300x225.jpg 300w, https:\/\/periodicocentroccidente.com\/wp-content\/uploads\/2026\/04\/5150186059227401599-1024x768.jpg 1024w, https:\/\/periodicocentroccidente.com\/wp-content\/uploads\/2026\/04\/5150186059227401599-768x576.jpg 768w, https:\/\/periodicocentroccidente.com\/wp-content\/uploads\/2026\/04\/5150186059227401599.jpg 1280w\" sizes=\"auto, (max-width: 300px) 100vw, 300px\" \/><\/p>\n","protected":false},"excerpt":{"rendered":"<p>Especial.- El Sistema Nacional de Orquestas y Coros Juveniles e Infantiles de Venezuela, a trav&eacute;s de su Gerencia Estadal en Portuguesa, celebr&oacute; con &eacute;xito el reciente concierto de la Orquesta Regional Alma Llanera &ldquo;Don Antonio Torrealba&rdquo;. El evento, realizado en los espacios de la Plaza Bol&iacute;var de Guanare, fue una vitrina de los logros pedag&oacute;gicos &hellip;<\/p>\n","protected":false},"author":2,"featured_media":7293,"comment_status":"open","ping_status":"open","sticky":false,"template":"","format":"standard","meta":{"_jetpack_memberships_contains_paid_content":false,"footnotes":""},"categories":[127],"tags":[],"class_list":["post-7290","post","type-post","status-publish","format-standard","has-post-thumbnail","hentry","category-noticias-recientes"],"yoast_head":"<!-- This site is optimized with the Yoast SEO plugin v24.8.1 - https:\/\/yoast.com\/wordpress\/plugins\/seo\/ -->\n<title>El Sistema Portuguesa fortalece la identidad musical regional con gala de la Orquesta Regional \u201cDon Antonio Torrealba\u201d -<\/title>\n<meta name=\"robots\" content=\"index, follow, max-snippet:-1, max-image-preview:large, max-video-preview:-1\" \/>\n<link rel=\"canonical\" href=\"https:\/\/periodicocentroccidente.com\/?p=7290\" \/>\n<meta property=\"og:locale\" content=\"es_ES\" \/>\n<meta property=\"og:type\" content=\"article\" \/>\n<meta property=\"og:title\" content=\"El Sistema Portuguesa fortalece la identidad musical regional con gala de la Orquesta Regional \u201cDon Antonio Torrealba\u201d -\" \/>\n<meta property=\"og:description\" content=\"Especial.- El Sistema Nacional de Orquestas y Coros Juveniles e Infantiles de Venezuela, a trav&eacute;s de su Gerencia Estadal en Portuguesa, celebr&oacute; con &eacute;xito el reciente concierto de la Orquesta Regional Alma Llanera &ldquo;Don Antonio Torrealba&rdquo;. El evento, realizado en los espacios de la Plaza Bol&iacute;var de Guanare, fue una vitrina de los logros pedag&oacute;gicos &hellip;\" \/>\n<meta property=\"og:url\" content=\"https:\/\/periodicocentroccidente.com\/?p=7290\" \/>\n<meta property=\"article:published_time\" content=\"2026-04-27T22:41:44+00:00\" \/>\n<meta property=\"og:image\" content=\"https:\/\/periodicocentroccidente.com\/wp-content\/uploads\/2026\/04\/5150186059227401601.jpg\" \/>\n\t<meta property=\"og:image:width\" content=\"1280\" \/>\n\t<meta property=\"og:image:height\" content=\"960\" \/>\n\t<meta property=\"og:image:type\" content=\"image\/jpeg\" \/>\n<meta name=\"author\" content=\"Ricardo\" \/>\n<meta name=\"twitter:card\" content=\"summary_large_image\" \/>\n<meta name=\"twitter:label1\" content=\"Escrito por\" \/>\n\t<meta name=\"twitter:data1\" content=\"Ricardo\" \/>\n\t<meta name=\"twitter:label2\" content=\"Tiempo de lectura\" \/>\n\t<meta name=\"twitter:data2\" content=\"4 minutos\" \/>\n<script type=\"application\/ld+json\" class=\"yoast-schema-graph\">{\"@context\":\"https:\/\/schema.org\",\"@graph\":[{\"@type\":\"WebPage\",\"@id\":\"https:\/\/periodicocentroccidente.com\/?p=7290\",\"url\":\"https:\/\/periodicocentroccidente.com\/?p=7290\",\"name\":\"El Sistema Portuguesa fortalece la identidad musical regional con gala de la Orquesta Regional \u201cDon Antonio Torrealba\u201d -\",\"isPartOf\":{\"@id\":\"https:\/\/periodicocentroccidente.com\/#website\"},\"primaryImageOfPage\":{\"@id\":\"https:\/\/periodicocentroccidente.com\/?p=7290#primaryimage\"},\"image\":{\"@id\":\"https:\/\/periodicocentroccidente.com\/?p=7290#primaryimage\"},\"thumbnailUrl\":\"https:\/\/periodicocentroccidente.com\/wp-content\/uploads\/2026\/04\/5150186059227401601.jpg\",\"datePublished\":\"2026-04-27T22:41:44+00:00\",\"author\":{\"@id\":\"https:\/\/periodicocentroccidente.com\/#\/schema\/person\/f4e4a651098f3db198244657b7130e7e\"},\"breadcrumb\":{\"@id\":\"https:\/\/periodicocentroccidente.com\/?p=7290#breadcrumb\"},\"inLanguage\":\"es\",\"potentialAction\":[{\"@type\":\"ReadAction\",\"target\":[\"https:\/\/periodicocentroccidente.com\/?p=7290\"]}]},{\"@type\":\"ImageObject\",\"inLanguage\":\"es\",\"@id\":\"https:\/\/periodicocentroccidente.com\/?p=7290#primaryimage\",\"url\":\"https:\/\/periodicocentroccidente.com\/wp-content\/uploads\/2026\/04\/5150186059227401601.jpg\",\"contentUrl\":\"https:\/\/periodicocentroccidente.com\/wp-content\/uploads\/2026\/04\/5150186059227401601.jpg\",\"width\":1280,\"height\":960},{\"@type\":\"BreadcrumbList\",\"@id\":\"https:\/\/periodicocentroccidente.com\/?p=7290#breadcrumb\",\"itemListElement\":[{\"@type\":\"ListItem\",\"position\":1,\"name\":\"Portada\",\"item\":\"https:\/\/periodicocentroccidente.com\/\"},{\"@type\":\"ListItem\",\"position\":2,\"name\":\"El Sistema Portuguesa fortalece la identidad musical regional con gala de la Orquesta Regional \u201cDon Antonio Torrealba\u201d\"}]},{\"@type\":\"WebSite\",\"@id\":\"https:\/\/periodicocentroccidente.com\/#website\",\"url\":\"https:\/\/periodicocentroccidente.com\/\",\"name\":\"\",\"description\":\"Periodismo serio y responsable\",\"potentialAction\":[{\"@type\":\"SearchAction\",\"target\":{\"@type\":\"EntryPoint\",\"urlTemplate\":\"https:\/\/periodicocentroccidente.com\/?s={search_term_string}\"},\"query-input\":{\"@type\":\"PropertyValueSpecification\",\"valueRequired\":true,\"valueName\":\"search_term_string\"}}],\"inLanguage\":\"es\"},{\"@type\":\"Person\",\"@id\":\"https:\/\/periodicocentroccidente.com\/#\/schema\/person\/f4e4a651098f3db198244657b7130e7e\",\"name\":\"Ricardo\",\"image\":{\"@type\":\"ImageObject\",\"inLanguage\":\"es\",\"@id\":\"https:\/\/periodicocentroccidente.com\/#\/schema\/person\/image\/\",\"url\":\"https:\/\/secure.gravatar.com\/avatar\/402e6137108ec0fdaa7809184382fb1dd2f8b00264c1d945d341f2b8f90db429?s=96&d=mm&r=g\",\"contentUrl\":\"https:\/\/secure.gravatar.com\/avatar\/402e6137108ec0fdaa7809184382fb1dd2f8b00264c1d945d341f2b8f90db429?s=96&d=mm&r=g\",\"caption\":\"Ricardo\"},\"url\":\"https:\/\/periodicocentroccidente.com\/?author=2\"}]}<\/script>\n<!-- \/ Yoast SEO plugin. -->","yoast_head_json":{"title":"El Sistema Portuguesa fortalece la identidad musical regional con gala de la Orquesta Regional \u201cDon Antonio Torrealba\u201d -","robots":{"index":"index","follow":"follow","max-snippet":"max-snippet:-1","max-image-preview":"max-image-preview:large","max-video-preview":"max-video-preview:-1"},"canonical":"https:\/\/periodicocentroccidente.com\/?p=7290","og_locale":"es_ES","og_type":"article","og_title":"El Sistema Portuguesa fortalece la identidad musical regional con gala de la Orquesta Regional \u201cDon Antonio Torrealba\u201d -","og_description":"Especial.- El Sistema Nacional de Orquestas y Coros Juveniles e Infantiles de Venezuela, a trav&eacute;s de su Gerencia Estadal en Portuguesa, celebr&oacute; con &eacute;xito el reciente concierto de la Orquesta Regional Alma Llanera &ldquo;Don Antonio Torrealba&rdquo;. El evento, realizado en los espacios de la Plaza Bol&iacute;var de Guanare, fue una vitrina de los logros pedag&oacute;gicos &hellip;","og_url":"https:\/\/periodicocentroccidente.com\/?p=7290","article_published_time":"2026-04-27T22:41:44+00:00","og_image":[{"width":1280,"height":960,"url":"https:\/\/periodicocentroccidente.com\/wp-content\/uploads\/2026\/04\/5150186059227401601.jpg","type":"image\/jpeg"}],"author":"Ricardo","twitter_card":"summary_large_image","twitter_misc":{"Escrito por":"Ricardo","Tiempo de lectura":"4 minutos"},"schema":{"@context":"https:\/\/schema.org","@graph":[{"@type":"WebPage","@id":"https:\/\/periodicocentroccidente.com\/?p=7290","url":"https:\/\/periodicocentroccidente.com\/?p=7290","name":"El Sistema Portuguesa fortalece la identidad musical regional con gala de la Orquesta Regional \u201cDon Antonio Torrealba\u201d -","isPartOf":{"@id":"https:\/\/periodicocentroccidente.com\/#website"},"primaryImageOfPage":{"@id":"https:\/\/periodicocentroccidente.com\/?p=7290#primaryimage"},"image":{"@id":"https:\/\/periodicocentroccidente.com\/?p=7290#primaryimage"},"thumbnailUrl":"https:\/\/periodicocentroccidente.com\/wp-content\/uploads\/2026\/04\/5150186059227401601.jpg","datePublished":"2026-04-27T22:41:44+00:00","author":{"@id":"https:\/\/periodicocentroccidente.com\/#\/schema\/person\/f4e4a651098f3db198244657b7130e7e"},"breadcrumb":{"@id":"https:\/\/periodicocentroccidente.com\/?p=7290#breadcrumb"},"inLanguage":"es","potentialAction":[{"@type":"ReadAction","target":["https:\/\/periodicocentroccidente.com\/?p=7290"]}]},{"@type":"ImageObject","inLanguage":"es","@id":"https:\/\/periodicocentroccidente.com\/?p=7290#primaryimage","url":"https:\/\/periodicocentroccidente.com\/wp-content\/uploads\/2026\/04\/5150186059227401601.jpg","contentUrl":"https:\/\/periodicocentroccidente.com\/wp-content\/uploads\/2026\/04\/5150186059227401601.jpg","width":1280,"height":960},{"@type":"BreadcrumbList","@id":"https:\/\/periodicocentroccidente.com\/?p=7290#breadcrumb","itemListElement":[{"@type":"ListItem","position":1,"name":"Portada","item":"https:\/\/periodicocentroccidente.com\/"},{"@type":"ListItem","position":2,"name":"El Sistema Portuguesa fortalece la identidad musical regional con gala de la Orquesta Regional \u201cDon Antonio Torrealba\u201d"}]},{"@type":"WebSite","@id":"https:\/\/periodicocentroccidente.com\/#website","url":"https:\/\/periodicocentroccidente.com\/","name":"","description":"Periodismo serio y responsable","potentialAction":[{"@type":"SearchAction","target":{"@type":"EntryPoint","urlTemplate":"https:\/\/periodicocentroccidente.com\/?s={search_term_string}"},"query-input":{"@type":"PropertyValueSpecification","valueRequired":true,"valueName":"search_term_string"}}],"inLanguage":"es"},{"@type":"Person","@id":"https:\/\/periodicocentroccidente.com\/#\/schema\/person\/f4e4a651098f3db198244657b7130e7e","name":"Ricardo","image":{"@type":"ImageObject","inLanguage":"es","@id":"https:\/\/periodicocentroccidente.com\/#\/schema\/person\/image\/","url":"https:\/\/secure.gravatar.com\/avatar\/402e6137108ec0fdaa7809184382fb1dd2f8b00264c1d945d341f2b8f90db429?s=96&d=mm&r=g","contentUrl":"https:\/\/secure.gravatar.com\/avatar\/402e6137108ec0fdaa7809184382fb1dd2f8b00264c1d945d341f2b8f90db429?s=96&d=mm&r=g","caption":"Ricardo"},"url":"https:\/\/periodicocentroccidente.com\/?author=2"}]}},"jetpack_featured_media_url":"https:\/\/periodicocentroccidente.com\/wp-content\/uploads\/2026\/04\/5150186059227401601.jpg","jetpack_sharing_enabled":true,"jetpack-related-posts":[],"_links":{"self":[{"href":"https:\/\/periodicocentroccidente.com\/index.php?rest_route=\/wp\/v2\/posts\/7290","targetHints":{"allow":["GET"]}}],"collection":[{"href":"https:\/\/periodicocentroccidente.com\/index.php?rest_route=\/wp\/v2\/posts"}],"about":[{"href":"https:\/\/periodicocentroccidente.com\/index.php?rest_route=\/wp\/v2\/types\/post"}],"author":[{"embeddable":true,"href":"https:\/\/periodicocentroccidente.com\/index.php?rest_route=\/wp\/v2\/users\/2"}],"replies":[{"embeddable":true,"href":"https:\/\/periodicocentroccidente.com\/index.php?rest_route=%2Fwp%2Fv2%2Fcomments&post=7290"}],"version-history":[{"count":1,"href":"https:\/\/periodicocentroccidente.com\/index.php?rest_route=\/wp\/v2\/posts\/7290\/revisions"}],"predecessor-version":[{"id":7298,"href":"https:\/\/periodicocentroccidente.com\/index.php?rest_route=\/wp\/v2\/posts\/7290\/revisions\/7298"}],"wp:featuredmedia":[{"embeddable":true,"href":"https:\/\/periodicocentroccidente.com\/index.php?rest_route=\/wp\/v2\/media\/7293"}],"wp:attachment":[{"href":"https:\/\/periodicocentroccidente.com\/index.php?rest_route=%2Fwp%2Fv2%2Fmedia&parent=7290"}],"wp:term":[{"taxonomy":"category","embeddable":true,"href":"https:\/\/periodicocentroccidente.com\/index.php?rest_route=%2Fwp%2Fv2%2Fcategories&post=7290"},{"taxonomy":"post_tag","embeddable":true,"href":"https:\/\/periodicocentroccidente.com\/index.php?rest_route=%2Fwp%2Fv2%2Ftags&post=7290"}],"curies":[{"name":"wp","href":"https:\/\/api.w.org\/{rel}","templated":true}]}}