{"id":7288,"date":"2026-04-27T22:33:00","date_gmt":"2026-04-27T22:33:00","guid":{"rendered":"https:\/\/periodicocentroccidente.com\/?p=7288"},"modified":"2026-04-27T22:33:00","modified_gmt":"2026-04-27T22:33:00","slug":"suelta-la-piedra","status":"publish","type":"post","link":"https:\/\/periodicocentroccidente.com\/?p=7288","title":{"rendered":"\u200eSuelta la piedra"},"content":{"rendered":"<div dir=\"auto\">\u200eHay un dicho popular que dice \u201ctira la piedra y esconde la mano\u201d, el cual se utiliza para indicar la perversidad o tambi\u00e9n la hipocres\u00eda de una persona en alg\u00fan asunto o contra alguien; igualmente se emplea, para se\u00f1alar el hecho de provocar un altercado o problema, y hacerlo de modo an\u00f3nimo, escondido o luego negando haberlo hecho.<\/div>\n<div dir=\"auto\">\u200e<\/div>\n<div dir=\"auto\">\u200eUnos dicen, que el origen de esta expresi\u00f3n popular se encuentra en una obra escrita por el fil\u00f3sofo Plat\u00f3n, la cual es titulada \u201cEl banquete\u201d y que dice: \u201cdespu\u00e9s de tirar la piedra, Arist\u00f3fanes, crees que vas a poder esconder la mano\u201d; tambi\u00e9n, en el \u201cVocabulario de refranes y frases proverbiales\u201d de Gonzalo Correas, menciona \u201ctirar la piedra con la mano ajena\u201d.<\/div>\n<div dir=\"auto\">\u200e<\/div>\n<div dir=\"auto\">\u200ePor otra parte, hay infinidad de personas que aseguran, que esta expresi\u00f3n se origin\u00f3 a ra\u00edz de un pasaje b\u00edblico; y que hoy en nuestras Reflexiones en Familia, compartiremos esa porci\u00f3n poderosa de la Palabra inspirada por Dios, y que en el cap\u00edtulo 8 de Juan, vers\u00edculo 7 de la Nueva Versi\u00f3n Internacional, dice: \u00abY como ellos lo acosaban a preguntas, Jes\u00fas se incorpor\u00f3 y les dijo: \u2014Aquel de ustedes que est\u00e9 libre de pecado, que tire la primera piedra\u00bb<\/div>\n<div dir=\"auto\">\u200e<\/div>\n<div dir=\"auto\">\u200eHoy d\u00eda, hay quienes lanzamos piedras solo porque vemos al vecino lanzar e igualmente, muchas veces sin importarnos en qu\u00e9 direcci\u00f3n lancemos esas piedras y menos, a quien le peguen; pero \u00bfqu\u00e9 tal si esas piedras rebotan hacia nosotros? Amados, no nos dejemos llevar por los fariseos y maestros de la ley de nuestros d\u00edas y no actuemos como jueces, si vamos a dar un veredicto, que este sea desde el amor de Cristo, que no sea condenatorio sino m\u00e1s bien para perdonar, para construir, para restaurar.<\/div>\n<div dir=\"auto\">\u200e<\/div>\n<div dir=\"auto\">\u200eLos que acusaban a la mujer adultera, buscaban torcer el amor de Jes\u00fas hacia sus semejantes y que \u00c9l, le diera aprobaci\u00f3n a las piedras que quer\u00edan lanzar con manos llenas de violencia; pero, existe una actitud en estos inculpadores ante la Palabra les di\u00f3 Jes\u00fas, y fue que tuvieron la humildad de reconocer el error y dar el primer paso hacia la conversi\u00f3n, y es por eso hermano y amigo, que debemos soltar tambi\u00e9n esas piedras y retirarnos uno a uno, tal como ellos, pero dando pasos hac\u00eda un cambio en la actitud que desde el amor de Cristo, restaure y edifique.<\/div>\n<div dir=\"auto\">\u200e<\/div>\n<div dir=\"auto\">\u200e\u00bfCuando lanzamos una piedra, somos capaces de sentir el dolor de qui\u00e9n golpeamos?<\/div>\n<div dir=\"auto\">\u200e<\/div>\n<div dir=\"auto\">\u200eQueridos hermanos y amigos, tengamos mucho cuidado de no ser culpables por juzgar a alguien. Jes\u00fas a\u00fan nos habla hoy sobre eso, y la instrucci\u00f3n es la misma de siempre, y no es otra que amarnos los unos a los otros. Apedrear a alguien no tiene nada que ver con el amor, porque cuando alguien falla piensas que es malo y sientes que debe ser castigado, \u00bfpero cuando t\u00fa fallas, piensas que est\u00e1 bien? La respuesta es: \u00abtodo pecado es malo, sin importar qui\u00e9n lo cometa\u00bb.<\/div>\n<div dir=\"auto\">\u200e<\/div>\n<div dir=\"auto\">\u200eJes\u00fas, hoy nos ense\u00f1a a quienes tenemos piedras en las manos, que Su camino es la mejor opci\u00f3n y que el hecho de que nuestro pecado sea diferente al del vecino, no nos hace tener raz\u00f3n y al otro estar equivocado. No debemos apurarnos en castigar al pr\u00f3jimo por su falla, sin antes revisar nuestro expediente; deteng\u00e1monos a reflexionar antes de torcer la ley. \u00a1La piedra puede rebotar y golpearnos!<\/div>\n<div dir=\"auto\">\u200e<\/div>\n<div dir=\"auto\">\u200eCuando pensemos en lanzar la primera piedra, mir\u00e9monos en el espejo de Cristo y multipliquemos el perd\u00f3n y el amor de \u00c9l; y te invito a qu\u00e9 multipliques est\u00e1 reflexi\u00f3n, ya que alguien puede estar esperando que no lo condenen.<\/div>\n<div dir=\"auto\">\u200e<\/div>\n<div dir=\"auto\">\u200e\u00abNo juzgu\u00e9is, para que no se\u00e1is juzgados. Porque con el juicio con que juzg\u00e1is, ser\u00e9is juzgados, y con la medida con que med\u00eds, os ser\u00e1 medido\u00bb<\/div>\n<div dir=\"auto\">\u200eMateo 7:1-2\u00a0 (R-V 1960)<\/div>\n<div dir=\"auto\">\u200e<\/div>\n<div dir=\"auto\"><strong>\u200e\u00a1Bendiciones para todos!<\/strong><\/div>\n","protected":false},"excerpt":{"rendered":"<p>&lrm;Hay un dicho popular que dice &ldquo;tira la piedra y esconde la mano&rdquo;, el cual se utiliza para indicar la perversidad o tambi&eacute;n la hipocres&iacute;a de una persona en alg&uacute;n asunto o contra alguien; igualmente se emplea, para se&ntilde;alar el hecho de provocar un altercado o problema, y hacerlo de modo an&oacute;nimo, escondido o luego &hellip;<\/p>\n","protected":false},"author":2,"featured_media":5999,"comment_status":"open","ping_status":"open","sticky":false,"template":"","format":"standard","meta":{"_jetpack_memberships_contains_paid_content":false,"footnotes":""},"categories":[127],"tags":[],"class_list":["post-7288","post","type-post","status-publish","format-standard","has-post-thumbnail","hentry","category-noticias-recientes"],"yoast_head":"<!-- This site is optimized with the Yoast SEO plugin v24.8.1 - https:\/\/yoast.com\/wordpress\/plugins\/seo\/ -->\n<title>\u200eSuelta la piedra -<\/title>\n<meta name=\"robots\" content=\"index, follow, max-snippet:-1, max-image-preview:large, max-video-preview:-1\" \/>\n<link rel=\"canonical\" href=\"https:\/\/periodicocentroccidente.com\/?p=7288\" \/>\n<meta property=\"og:locale\" content=\"es_ES\" \/>\n<meta property=\"og:type\" content=\"article\" \/>\n<meta property=\"og:title\" content=\"\u200eSuelta la piedra -\" \/>\n<meta property=\"og:description\" content=\"&lrm;Hay un dicho popular que dice &ldquo;tira la piedra y esconde la mano&rdquo;, el cual se utiliza para indicar la perversidad o tambi&eacute;n la hipocres&iacute;a de una persona en alg&uacute;n asunto o contra alguien; igualmente se emplea, para se&ntilde;alar el hecho de provocar un altercado o problema, y hacerlo de modo an&oacute;nimo, escondido o luego &hellip;\" \/>\n<meta property=\"og:url\" content=\"https:\/\/periodicocentroccidente.com\/?p=7288\" \/>\n<meta property=\"article:published_time\" content=\"2026-04-27T22:33:00+00:00\" \/>\n<meta property=\"og:image\" content=\"https:\/\/periodicocentroccidente.com\/wp-content\/uploads\/2026\/02\/Screenshot_20250913_234216_Gmail.jpg\" \/>\n\t<meta property=\"og:image:width\" content=\"1078\" \/>\n\t<meta property=\"og:image:height\" content=\"770\" \/>\n\t<meta property=\"og:image:type\" content=\"image\/jpeg\" \/>\n<meta name=\"author\" content=\"Ricardo\" \/>\n<meta name=\"twitter:card\" content=\"summary_large_image\" \/>\n<meta name=\"twitter:label1\" content=\"Escrito por\" \/>\n\t<meta name=\"twitter:data1\" content=\"Ricardo\" \/>\n\t<meta name=\"twitter:label2\" content=\"Tiempo de lectura\" \/>\n\t<meta name=\"twitter:data2\" content=\"4 minutos\" \/>\n<script type=\"application\/ld+json\" class=\"yoast-schema-graph\">{\"@context\":\"https:\/\/schema.org\",\"@graph\":[{\"@type\":\"WebPage\",\"@id\":\"https:\/\/periodicocentroccidente.com\/?p=7288\",\"url\":\"https:\/\/periodicocentroccidente.com\/?p=7288\",\"name\":\"\u200eSuelta la piedra -\",\"isPartOf\":{\"@id\":\"https:\/\/periodicocentroccidente.com\/#website\"},\"primaryImageOfPage\":{\"@id\":\"https:\/\/periodicocentroccidente.com\/?p=7288#primaryimage\"},\"image\":{\"@id\":\"https:\/\/periodicocentroccidente.com\/?p=7288#primaryimage\"},\"thumbnailUrl\":\"https:\/\/periodicocentroccidente.com\/wp-content\/uploads\/2026\/02\/Screenshot_20250913_234216_Gmail.jpg\",\"datePublished\":\"2026-04-27T22:33:00+00:00\",\"author\":{\"@id\":\"https:\/\/periodicocentroccidente.com\/#\/schema\/person\/f4e4a651098f3db198244657b7130e7e\"},\"breadcrumb\":{\"@id\":\"https:\/\/periodicocentroccidente.com\/?p=7288#breadcrumb\"},\"inLanguage\":\"es\",\"potentialAction\":[{\"@type\":\"ReadAction\",\"target\":[\"https:\/\/periodicocentroccidente.com\/?p=7288\"]}]},{\"@type\":\"ImageObject\",\"inLanguage\":\"es\",\"@id\":\"https:\/\/periodicocentroccidente.com\/?p=7288#primaryimage\",\"url\":\"https:\/\/periodicocentroccidente.com\/wp-content\/uploads\/2026\/02\/Screenshot_20250913_234216_Gmail.jpg\",\"contentUrl\":\"https:\/\/periodicocentroccidente.com\/wp-content\/uploads\/2026\/02\/Screenshot_20250913_234216_Gmail.jpg\",\"width\":1078,\"height\":770},{\"@type\":\"BreadcrumbList\",\"@id\":\"https:\/\/periodicocentroccidente.com\/?p=7288#breadcrumb\",\"itemListElement\":[{\"@type\":\"ListItem\",\"position\":1,\"name\":\"Portada\",\"item\":\"https:\/\/periodicocentroccidente.com\/\"},{\"@type\":\"ListItem\",\"position\":2,\"name\":\"\u200eSuelta la piedra\"}]},{\"@type\":\"WebSite\",\"@id\":\"https:\/\/periodicocentroccidente.com\/#website\",\"url\":\"https:\/\/periodicocentroccidente.com\/\",\"name\":\"\",\"description\":\"Periodismo serio y responsable\",\"potentialAction\":[{\"@type\":\"SearchAction\",\"target\":{\"@type\":\"EntryPoint\",\"urlTemplate\":\"https:\/\/periodicocentroccidente.com\/?s={search_term_string}\"},\"query-input\":{\"@type\":\"PropertyValueSpecification\",\"valueRequired\":true,\"valueName\":\"search_term_string\"}}],\"inLanguage\":\"es\"},{\"@type\":\"Person\",\"@id\":\"https:\/\/periodicocentroccidente.com\/#\/schema\/person\/f4e4a651098f3db198244657b7130e7e\",\"name\":\"Ricardo\",\"image\":{\"@type\":\"ImageObject\",\"inLanguage\":\"es\",\"@id\":\"https:\/\/periodicocentroccidente.com\/#\/schema\/person\/image\/\",\"url\":\"https:\/\/secure.gravatar.com\/avatar\/402e6137108ec0fdaa7809184382fb1dd2f8b00264c1d945d341f2b8f90db429?s=96&d=mm&r=g\",\"contentUrl\":\"https:\/\/secure.gravatar.com\/avatar\/402e6137108ec0fdaa7809184382fb1dd2f8b00264c1d945d341f2b8f90db429?s=96&d=mm&r=g\",\"caption\":\"Ricardo\"},\"url\":\"https:\/\/periodicocentroccidente.com\/?author=2\"}]}<\/script>\n<!-- \/ Yoast SEO plugin. -->","yoast_head_json":{"title":"\u200eSuelta la piedra -","robots":{"index":"index","follow":"follow","max-snippet":"max-snippet:-1","max-image-preview":"max-image-preview:large","max-video-preview":"max-video-preview:-1"},"canonical":"https:\/\/periodicocentroccidente.com\/?p=7288","og_locale":"es_ES","og_type":"article","og_title":"\u200eSuelta la piedra -","og_description":"&lrm;Hay un dicho popular que dice &ldquo;tira la piedra y esconde la mano&rdquo;, el cual se utiliza para indicar la perversidad o tambi&eacute;n la hipocres&iacute;a de una persona en alg&uacute;n asunto o contra alguien; igualmente se emplea, para se&ntilde;alar el hecho de provocar un altercado o problema, y hacerlo de modo an&oacute;nimo, escondido o luego &hellip;","og_url":"https:\/\/periodicocentroccidente.com\/?p=7288","article_published_time":"2026-04-27T22:33:00+00:00","og_image":[{"width":1078,"height":770,"url":"https:\/\/periodicocentroccidente.com\/wp-content\/uploads\/2026\/02\/Screenshot_20250913_234216_Gmail.jpg","type":"image\/jpeg"}],"author":"Ricardo","twitter_card":"summary_large_image","twitter_misc":{"Escrito por":"Ricardo","Tiempo de lectura":"4 minutos"},"schema":{"@context":"https:\/\/schema.org","@graph":[{"@type":"WebPage","@id":"https:\/\/periodicocentroccidente.com\/?p=7288","url":"https:\/\/periodicocentroccidente.com\/?p=7288","name":"\u200eSuelta la piedra -","isPartOf":{"@id":"https:\/\/periodicocentroccidente.com\/#website"},"primaryImageOfPage":{"@id":"https:\/\/periodicocentroccidente.com\/?p=7288#primaryimage"},"image":{"@id":"https:\/\/periodicocentroccidente.com\/?p=7288#primaryimage"},"thumbnailUrl":"https:\/\/periodicocentroccidente.com\/wp-content\/uploads\/2026\/02\/Screenshot_20250913_234216_Gmail.jpg","datePublished":"2026-04-27T22:33:00+00:00","author":{"@id":"https:\/\/periodicocentroccidente.com\/#\/schema\/person\/f4e4a651098f3db198244657b7130e7e"},"breadcrumb":{"@id":"https:\/\/periodicocentroccidente.com\/?p=7288#breadcrumb"},"inLanguage":"es","potentialAction":[{"@type":"ReadAction","target":["https:\/\/periodicocentroccidente.com\/?p=7288"]}]},{"@type":"ImageObject","inLanguage":"es","@id":"https:\/\/periodicocentroccidente.com\/?p=7288#primaryimage","url":"https:\/\/periodicocentroccidente.com\/wp-content\/uploads\/2026\/02\/Screenshot_20250913_234216_Gmail.jpg","contentUrl":"https:\/\/periodicocentroccidente.com\/wp-content\/uploads\/2026\/02\/Screenshot_20250913_234216_Gmail.jpg","width":1078,"height":770},{"@type":"BreadcrumbList","@id":"https:\/\/periodicocentroccidente.com\/?p=7288#breadcrumb","itemListElement":[{"@type":"ListItem","position":1,"name":"Portada","item":"https:\/\/periodicocentroccidente.com\/"},{"@type":"ListItem","position":2,"name":"\u200eSuelta la piedra"}]},{"@type":"WebSite","@id":"https:\/\/periodicocentroccidente.com\/#website","url":"https:\/\/periodicocentroccidente.com\/","name":"","description":"Periodismo serio y responsable","potentialAction":[{"@type":"SearchAction","target":{"@type":"EntryPoint","urlTemplate":"https:\/\/periodicocentroccidente.com\/?s={search_term_string}"},"query-input":{"@type":"PropertyValueSpecification","valueRequired":true,"valueName":"search_term_string"}}],"inLanguage":"es"},{"@type":"Person","@id":"https:\/\/periodicocentroccidente.com\/#\/schema\/person\/f4e4a651098f3db198244657b7130e7e","name":"Ricardo","image":{"@type":"ImageObject","inLanguage":"es","@id":"https:\/\/periodicocentroccidente.com\/#\/schema\/person\/image\/","url":"https:\/\/secure.gravatar.com\/avatar\/402e6137108ec0fdaa7809184382fb1dd2f8b00264c1d945d341f2b8f90db429?s=96&d=mm&r=g","contentUrl":"https:\/\/secure.gravatar.com\/avatar\/402e6137108ec0fdaa7809184382fb1dd2f8b00264c1d945d341f2b8f90db429?s=96&d=mm&r=g","caption":"Ricardo"},"url":"https:\/\/periodicocentroccidente.com\/?author=2"}]}},"jetpack_featured_media_url":"https:\/\/periodicocentroccidente.com\/wp-content\/uploads\/2026\/02\/Screenshot_20250913_234216_Gmail.jpg","jetpack_sharing_enabled":true,"jetpack-related-posts":[],"_links":{"self":[{"href":"https:\/\/periodicocentroccidente.com\/index.php?rest_route=\/wp\/v2\/posts\/7288","targetHints":{"allow":["GET"]}}],"collection":[{"href":"https:\/\/periodicocentroccidente.com\/index.php?rest_route=\/wp\/v2\/posts"}],"about":[{"href":"https:\/\/periodicocentroccidente.com\/index.php?rest_route=\/wp\/v2\/types\/post"}],"author":[{"embeddable":true,"href":"https:\/\/periodicocentroccidente.com\/index.php?rest_route=\/wp\/v2\/users\/2"}],"replies":[{"embeddable":true,"href":"https:\/\/periodicocentroccidente.com\/index.php?rest_route=%2Fwp%2Fv2%2Fcomments&post=7288"}],"version-history":[{"count":1,"href":"https:\/\/periodicocentroccidente.com\/index.php?rest_route=\/wp\/v2\/posts\/7288\/revisions"}],"predecessor-version":[{"id":7289,"href":"https:\/\/periodicocentroccidente.com\/index.php?rest_route=\/wp\/v2\/posts\/7288\/revisions\/7289"}],"wp:featuredmedia":[{"embeddable":true,"href":"https:\/\/periodicocentroccidente.com\/index.php?rest_route=\/wp\/v2\/media\/5999"}],"wp:attachment":[{"href":"https:\/\/periodicocentroccidente.com\/index.php?rest_route=%2Fwp%2Fv2%2Fmedia&parent=7288"}],"wp:term":[{"taxonomy":"category","embeddable":true,"href":"https:\/\/periodicocentroccidente.com\/index.php?rest_route=%2Fwp%2Fv2%2Fcategories&post=7288"},{"taxonomy":"post_tag","embeddable":true,"href":"https:\/\/periodicocentroccidente.com\/index.php?rest_route=%2Fwp%2Fv2%2Ftags&post=7288"}],"curies":[{"name":"wp","href":"https:\/\/api.w.org\/{rel}","templated":true}]}}