{"id":7284,"date":"2026-04-27T22:30:04","date_gmt":"2026-04-27T22:30:04","guid":{"rendered":"https:\/\/periodicocentroccidente.com\/?p=7284"},"modified":"2026-04-27T22:30:04","modified_gmt":"2026-04-27T22:30:04","slug":"unellez-impulsa-formacion-agricola-en-el-municipio-unda-durante-la-celebracion-del-dia-del-caficultor","status":"publish","type":"post","link":"https:\/\/periodicocentroccidente.com\/?p=7284","title":{"rendered":"Unellez impulsa formaci\u00f3n agr\u00edcola en el municipio Unda durante la celebraci\u00f3n del D\u00eda del caficultor"},"content":{"rendered":"<p><strong>Especial.-<\/strong><\/p>\n<div dir=\"auto\">\u00a0En una destacada jornada de intercambio t\u00e9cnico y acad\u00e9mico, la Universidad Nacional Experimental de los Llanos Occidentales \u201cEzequiel Zamora\u201d (Unellez) particip\u00f3 en las actividades con motivo del D\u00eda del Caficultor, celebradas en el municipio Monse\u00f1or Jos\u00e9 Vicente de Unda, estado Portuguesa.<\/div>\n<div dir=\"auto\"><\/div>\n<div dir=\"auto\">La delegaci\u00f3n universitaria, integrada por el profesor Marcos Motta y la profesora Rismary Montilla, busca fortaler la presencia de \u00abLa Universidad que Siembra\u00bb en las zonas de mayor tradici\u00f3n productiva de la regi\u00f3n.<\/div>\n<div dir=\"auto\"><\/div>\n<div dir=\"auto\">Durante el evento, el profesor Marcos Motta destac\u00f3 como conferencista principal al presentar dos ponencias t\u00e9cnicas, tituladas \u00abPortuguesa: El motor del caf\u00e9 venezolano\u00bb y \u00abCaf\u00e9 Canephora: Independencia econ\u00f3mica del productor\u00bb.<\/div>\n<div dir=\"auto\"><\/div>\n<div dir=\"auto\">Estas disertaciones ofrecieron herramientas actualizadas y conocimientos cient\u00edficos orientados a mejorar los procesos de cultivo y procesamiento del caf\u00e9, recibiendo una recepci\u00f3n positiva por parte de los asistentes.<\/div>\n<div dir=\"auto\"><\/div>\n<div dir=\"auto\">Por su parte, la profesora Rismary Montilla, jefa del Programa de Vinculaci\u00f3n Sociocomunitaria del VPA, encabez\u00f3 mesas de trabajo y conversaciones estrat\u00e9gicas con diversos actores de la producci\u00f3n local y autoridades municipales.<\/div>\n<div dir=\"auto\"><\/div>\n<div dir=\"auto\">\u00abEstamos estableciendo las bases para que, desde el Programa de Vinculaci\u00f3n Sociocomunitaria, se desarrollen propuestas formativas s\u00f3lidas dirigidas tanto a los productores como a los entes p\u00fablicos. El objetivo es brindar el acompa\u00f1amiento t\u00e9cnico y acad\u00e9mico que el municipio Unda requiere para seguir potenciando su principal motor econ\u00f3mico\u00bb, afirm\u00f3 Montilla.<\/div>\n<div dir=\"auto\"><\/div>\n<div dir=\"auto\">Dicha participaci\u00f3n pone de manifiesto la visi\u00f3n del VPA y la rector\u00eda de la Unellez. Al trascender el espacio acad\u00e9mico, las autoridades Jos\u00e9 Baudo y Kastiuska Angulo vinculan a la universidad con la realidad territorial, promoviendo el fortalecimiento integral del sector cafetalero nacional.<\/div>\n<div dir=\"auto\"><\/div>\n<p><strong>\u00a0CECAP-VPA, Mar\u00eda Carrera<\/strong><\/p>\n<p><img loading=\"lazy\" decoding=\"async\" class=\"alignnone size-medium wp-image-7286\" src=\"https:\/\/periodicocentroccidente.com\/wp-content\/uploads\/2026\/04\/1008750971-131x300.jpg\" alt=\"\" width=\"131\" height=\"300\" srcset=\"https:\/\/periodicocentroccidente.com\/wp-content\/uploads\/2026\/04\/1008750971-131x300.jpg 131w, https:\/\/periodicocentroccidente.com\/wp-content\/uploads\/2026\/04\/1008750971-449x1024.jpg 449w, https:\/\/periodicocentroccidente.com\/wp-content\/uploads\/2026\/04\/1008750971.jpg 561w\" sizes=\"auto, (max-width: 131px) 100vw, 131px\" \/><\/p>\n","protected":false},"excerpt":{"rendered":"<p>Especial.- &nbsp;En una destacada jornada de intercambio t&eacute;cnico y acad&eacute;mico, la Universidad Nacional Experimental de los Llanos Occidentales &ldquo;Ezequiel Zamora&rdquo; (Unellez) particip&oacute; en las actividades con motivo del D&iacute;a del Caficultor, celebradas en el municipio Monse&ntilde;or Jos&eacute; Vicente de Unda, estado Portuguesa. La delegaci&oacute;n universitaria, integrada por el profesor Marcos Motta y la profesora Rismary &hellip;<\/p>\n","protected":false},"author":2,"featured_media":7285,"comment_status":"open","ping_status":"open","sticky":false,"template":"","format":"standard","meta":{"_jetpack_memberships_contains_paid_content":false,"footnotes":""},"categories":[127],"tags":[],"class_list":["post-7284","post","type-post","status-publish","format-standard","has-post-thumbnail","hentry","category-noticias-recientes"],"yoast_head":"<!-- This site is optimized with the Yoast SEO plugin v24.8.1 - https:\/\/yoast.com\/wordpress\/plugins\/seo\/ -->\n<title>Unellez impulsa formaci\u00f3n agr\u00edcola en el municipio Unda durante la celebraci\u00f3n del D\u00eda del caficultor -<\/title>\n<meta name=\"robots\" content=\"index, follow, max-snippet:-1, max-image-preview:large, max-video-preview:-1\" \/>\n<link rel=\"canonical\" href=\"https:\/\/periodicocentroccidente.com\/?p=7284\" \/>\n<meta property=\"og:locale\" content=\"es_ES\" \/>\n<meta property=\"og:type\" content=\"article\" \/>\n<meta property=\"og:title\" content=\"Unellez impulsa formaci\u00f3n agr\u00edcola en el municipio Unda durante la celebraci\u00f3n del D\u00eda del caficultor -\" \/>\n<meta property=\"og:description\" content=\"Especial.- &nbsp;En una destacada jornada de intercambio t&eacute;cnico y acad&eacute;mico, la Universidad Nacional Experimental de los Llanos Occidentales &ldquo;Ezequiel Zamora&rdquo; (Unellez) particip&oacute; en las actividades con motivo del D&iacute;a del Caficultor, celebradas en el municipio Monse&ntilde;or Jos&eacute; Vicente de Unda, estado Portuguesa. La delegaci&oacute;n universitaria, integrada por el profesor Marcos Motta y la profesora Rismary &hellip;\" \/>\n<meta property=\"og:url\" content=\"https:\/\/periodicocentroccidente.com\/?p=7284\" \/>\n<meta property=\"article:published_time\" content=\"2026-04-27T22:30:04+00:00\" \/>\n<meta property=\"og:image\" content=\"https:\/\/periodicocentroccidente.com\/wp-content\/uploads\/2026\/04\/1008750970.jpg\" \/>\n\t<meta property=\"og:image:width\" content=\"1280\" \/>\n\t<meta property=\"og:image:height\" content=\"561\" \/>\n\t<meta property=\"og:image:type\" content=\"image\/jpeg\" \/>\n<meta name=\"author\" content=\"Ricardo\" \/>\n<meta name=\"twitter:card\" content=\"summary_large_image\" \/>\n<meta name=\"twitter:label1\" content=\"Escrito por\" \/>\n\t<meta name=\"twitter:data1\" content=\"Ricardo\" \/>\n\t<meta name=\"twitter:label2\" content=\"Tiempo de lectura\" \/>\n\t<meta name=\"twitter:data2\" content=\"2 minutos\" \/>\n<script type=\"application\/ld+json\" class=\"yoast-schema-graph\">{\"@context\":\"https:\/\/schema.org\",\"@graph\":[{\"@type\":\"WebPage\",\"@id\":\"https:\/\/periodicocentroccidente.com\/?p=7284\",\"url\":\"https:\/\/periodicocentroccidente.com\/?p=7284\",\"name\":\"Unellez impulsa formaci\u00f3n agr\u00edcola en el municipio Unda durante la celebraci\u00f3n del D\u00eda del caficultor -\",\"isPartOf\":{\"@id\":\"https:\/\/periodicocentroccidente.com\/#website\"},\"primaryImageOfPage\":{\"@id\":\"https:\/\/periodicocentroccidente.com\/?p=7284#primaryimage\"},\"image\":{\"@id\":\"https:\/\/periodicocentroccidente.com\/?p=7284#primaryimage\"},\"thumbnailUrl\":\"https:\/\/periodicocentroccidente.com\/wp-content\/uploads\/2026\/04\/1008750970.jpg\",\"datePublished\":\"2026-04-27T22:30:04+00:00\",\"author\":{\"@id\":\"https:\/\/periodicocentroccidente.com\/#\/schema\/person\/f4e4a651098f3db198244657b7130e7e\"},\"breadcrumb\":{\"@id\":\"https:\/\/periodicocentroccidente.com\/?p=7284#breadcrumb\"},\"inLanguage\":\"es\",\"potentialAction\":[{\"@type\":\"ReadAction\",\"target\":[\"https:\/\/periodicocentroccidente.com\/?p=7284\"]}]},{\"@type\":\"ImageObject\",\"inLanguage\":\"es\",\"@id\":\"https:\/\/periodicocentroccidente.com\/?p=7284#primaryimage\",\"url\":\"https:\/\/periodicocentroccidente.com\/wp-content\/uploads\/2026\/04\/1008750970.jpg\",\"contentUrl\":\"https:\/\/periodicocentroccidente.com\/wp-content\/uploads\/2026\/04\/1008750970.jpg\",\"width\":1280,\"height\":561},{\"@type\":\"BreadcrumbList\",\"@id\":\"https:\/\/periodicocentroccidente.com\/?p=7284#breadcrumb\",\"itemListElement\":[{\"@type\":\"ListItem\",\"position\":1,\"name\":\"Portada\",\"item\":\"https:\/\/periodicocentroccidente.com\/\"},{\"@type\":\"ListItem\",\"position\":2,\"name\":\"Unellez impulsa formaci\u00f3n agr\u00edcola en el municipio Unda durante la celebraci\u00f3n del D\u00eda del caficultor\"}]},{\"@type\":\"WebSite\",\"@id\":\"https:\/\/periodicocentroccidente.com\/#website\",\"url\":\"https:\/\/periodicocentroccidente.com\/\",\"name\":\"\",\"description\":\"Periodismo serio y responsable\",\"potentialAction\":[{\"@type\":\"SearchAction\",\"target\":{\"@type\":\"EntryPoint\",\"urlTemplate\":\"https:\/\/periodicocentroccidente.com\/?s={search_term_string}\"},\"query-input\":{\"@type\":\"PropertyValueSpecification\",\"valueRequired\":true,\"valueName\":\"search_term_string\"}}],\"inLanguage\":\"es\"},{\"@type\":\"Person\",\"@id\":\"https:\/\/periodicocentroccidente.com\/#\/schema\/person\/f4e4a651098f3db198244657b7130e7e\",\"name\":\"Ricardo\",\"image\":{\"@type\":\"ImageObject\",\"inLanguage\":\"es\",\"@id\":\"https:\/\/periodicocentroccidente.com\/#\/schema\/person\/image\/\",\"url\":\"https:\/\/secure.gravatar.com\/avatar\/402e6137108ec0fdaa7809184382fb1dd2f8b00264c1d945d341f2b8f90db429?s=96&d=mm&r=g\",\"contentUrl\":\"https:\/\/secure.gravatar.com\/avatar\/402e6137108ec0fdaa7809184382fb1dd2f8b00264c1d945d341f2b8f90db429?s=96&d=mm&r=g\",\"caption\":\"Ricardo\"},\"url\":\"https:\/\/periodicocentroccidente.com\/?author=2\"}]}<\/script>\n<!-- \/ Yoast SEO plugin. -->","yoast_head_json":{"title":"Unellez impulsa formaci\u00f3n agr\u00edcola en el municipio Unda durante la celebraci\u00f3n del D\u00eda del caficultor -","robots":{"index":"index","follow":"follow","max-snippet":"max-snippet:-1","max-image-preview":"max-image-preview:large","max-video-preview":"max-video-preview:-1"},"canonical":"https:\/\/periodicocentroccidente.com\/?p=7284","og_locale":"es_ES","og_type":"article","og_title":"Unellez impulsa formaci\u00f3n agr\u00edcola en el municipio Unda durante la celebraci\u00f3n del D\u00eda del caficultor -","og_description":"Especial.- &nbsp;En una destacada jornada de intercambio t&eacute;cnico y acad&eacute;mico, la Universidad Nacional Experimental de los Llanos Occidentales &ldquo;Ezequiel Zamora&rdquo; (Unellez) particip&oacute; en las actividades con motivo del D&iacute;a del Caficultor, celebradas en el municipio Monse&ntilde;or Jos&eacute; Vicente de Unda, estado Portuguesa. La delegaci&oacute;n universitaria, integrada por el profesor Marcos Motta y la profesora Rismary &hellip;","og_url":"https:\/\/periodicocentroccidente.com\/?p=7284","article_published_time":"2026-04-27T22:30:04+00:00","og_image":[{"width":1280,"height":561,"url":"https:\/\/periodicocentroccidente.com\/wp-content\/uploads\/2026\/04\/1008750970.jpg","type":"image\/jpeg"}],"author":"Ricardo","twitter_card":"summary_large_image","twitter_misc":{"Escrito por":"Ricardo","Tiempo de lectura":"2 minutos"},"schema":{"@context":"https:\/\/schema.org","@graph":[{"@type":"WebPage","@id":"https:\/\/periodicocentroccidente.com\/?p=7284","url":"https:\/\/periodicocentroccidente.com\/?p=7284","name":"Unellez impulsa formaci\u00f3n agr\u00edcola en el municipio Unda durante la celebraci\u00f3n del D\u00eda del caficultor -","isPartOf":{"@id":"https:\/\/periodicocentroccidente.com\/#website"},"primaryImageOfPage":{"@id":"https:\/\/periodicocentroccidente.com\/?p=7284#primaryimage"},"image":{"@id":"https:\/\/periodicocentroccidente.com\/?p=7284#primaryimage"},"thumbnailUrl":"https:\/\/periodicocentroccidente.com\/wp-content\/uploads\/2026\/04\/1008750970.jpg","datePublished":"2026-04-27T22:30:04+00:00","author":{"@id":"https:\/\/periodicocentroccidente.com\/#\/schema\/person\/f4e4a651098f3db198244657b7130e7e"},"breadcrumb":{"@id":"https:\/\/periodicocentroccidente.com\/?p=7284#breadcrumb"},"inLanguage":"es","potentialAction":[{"@type":"ReadAction","target":["https:\/\/periodicocentroccidente.com\/?p=7284"]}]},{"@type":"ImageObject","inLanguage":"es","@id":"https:\/\/periodicocentroccidente.com\/?p=7284#primaryimage","url":"https:\/\/periodicocentroccidente.com\/wp-content\/uploads\/2026\/04\/1008750970.jpg","contentUrl":"https:\/\/periodicocentroccidente.com\/wp-content\/uploads\/2026\/04\/1008750970.jpg","width":1280,"height":561},{"@type":"BreadcrumbList","@id":"https:\/\/periodicocentroccidente.com\/?p=7284#breadcrumb","itemListElement":[{"@type":"ListItem","position":1,"name":"Portada","item":"https:\/\/periodicocentroccidente.com\/"},{"@type":"ListItem","position":2,"name":"Unellez impulsa formaci\u00f3n agr\u00edcola en el municipio Unda durante la celebraci\u00f3n del D\u00eda del caficultor"}]},{"@type":"WebSite","@id":"https:\/\/periodicocentroccidente.com\/#website","url":"https:\/\/periodicocentroccidente.com\/","name":"","description":"Periodismo serio y responsable","potentialAction":[{"@type":"SearchAction","target":{"@type":"EntryPoint","urlTemplate":"https:\/\/periodicocentroccidente.com\/?s={search_term_string}"},"query-input":{"@type":"PropertyValueSpecification","valueRequired":true,"valueName":"search_term_string"}}],"inLanguage":"es"},{"@type":"Person","@id":"https:\/\/periodicocentroccidente.com\/#\/schema\/person\/f4e4a651098f3db198244657b7130e7e","name":"Ricardo","image":{"@type":"ImageObject","inLanguage":"es","@id":"https:\/\/periodicocentroccidente.com\/#\/schema\/person\/image\/","url":"https:\/\/secure.gravatar.com\/avatar\/402e6137108ec0fdaa7809184382fb1dd2f8b00264c1d945d341f2b8f90db429?s=96&d=mm&r=g","contentUrl":"https:\/\/secure.gravatar.com\/avatar\/402e6137108ec0fdaa7809184382fb1dd2f8b00264c1d945d341f2b8f90db429?s=96&d=mm&r=g","caption":"Ricardo"},"url":"https:\/\/periodicocentroccidente.com\/?author=2"}]}},"jetpack_featured_media_url":"https:\/\/periodicocentroccidente.com\/wp-content\/uploads\/2026\/04\/1008750970.jpg","jetpack_sharing_enabled":true,"jetpack-related-posts":[],"_links":{"self":[{"href":"https:\/\/periodicocentroccidente.com\/index.php?rest_route=\/wp\/v2\/posts\/7284","targetHints":{"allow":["GET"]}}],"collection":[{"href":"https:\/\/periodicocentroccidente.com\/index.php?rest_route=\/wp\/v2\/posts"}],"about":[{"href":"https:\/\/periodicocentroccidente.com\/index.php?rest_route=\/wp\/v2\/types\/post"}],"author":[{"embeddable":true,"href":"https:\/\/periodicocentroccidente.com\/index.php?rest_route=\/wp\/v2\/users\/2"}],"replies":[{"embeddable":true,"href":"https:\/\/periodicocentroccidente.com\/index.php?rest_route=%2Fwp%2Fv2%2Fcomments&post=7284"}],"version-history":[{"count":1,"href":"https:\/\/periodicocentroccidente.com\/index.php?rest_route=\/wp\/v2\/posts\/7284\/revisions"}],"predecessor-version":[{"id":7287,"href":"https:\/\/periodicocentroccidente.com\/index.php?rest_route=\/wp\/v2\/posts\/7284\/revisions\/7287"}],"wp:featuredmedia":[{"embeddable":true,"href":"https:\/\/periodicocentroccidente.com\/index.php?rest_route=\/wp\/v2\/media\/7285"}],"wp:attachment":[{"href":"https:\/\/periodicocentroccidente.com\/index.php?rest_route=%2Fwp%2Fv2%2Fmedia&parent=7284"}],"wp:term":[{"taxonomy":"category","embeddable":true,"href":"https:\/\/periodicocentroccidente.com\/index.php?rest_route=%2Fwp%2Fv2%2Fcategories&post=7284"},{"taxonomy":"post_tag","embeddable":true,"href":"https:\/\/periodicocentroccidente.com\/index.php?rest_route=%2Fwp%2Fv2%2Ftags&post=7284"}],"curies":[{"name":"wp","href":"https:\/\/api.w.org\/{rel}","templated":true}]}}