{"id":7253,"date":"2026-04-24T19:08:56","date_gmt":"2026-04-24T19:08:56","guid":{"rendered":"https:\/\/periodicocentroccidente.com\/?p=7253"},"modified":"2026-04-24T19:08:56","modified_gmt":"2026-04-24T19:08:56","slug":"concejo-municipal-de-sucre-atiende-solicitudes-en-materia-educativa-y-de-transporte","status":"publish","type":"post","link":"https:\/\/periodicocentroccidente.com\/?p=7253","title":{"rendered":"Concejo Municipal de Sucre atiende solicitudes en materia educativa y de transporte"},"content":{"rendered":"<p><strong>Especial.-<\/strong><\/p>\n<p>Este mi\u00e9rcoles 22 de abril, el cuerpo legislativo local llev\u00f3 a cabo la sesi\u00f3n ordinaria n\u00famero 13, la cual estuvo presidida por la vicepresidenta de la C\u00e1mara, Zenaida Gonz\u00e1lez.<br \/>\nEl encuentro cont\u00f3 con la asistencia de los concejales Sindy Borjas, Gustavo Romero, Orlando Quintero, Teide Vivas, Gerardo Estrada y Germ\u00e1n Valbuena, junto al secretario Luis Manrique.<br \/>\nDurante la jornada se otorgaron dos derechos de palabra fundamentales para el bienestar de la colectividad.<\/p>\n<p><strong>Atenci\u00f3n prioritaria a la infraestructura escolar<\/strong><br \/>\n\u200bEn primera instancia, el profesor Reinis Colina, director del Complejo Educativo Nacional Ricardo Aguirre, expuso la situaci\u00f3n cr\u00edtica que atraviesa dicho recinto.<br \/>\nColina detall\u00f3 el progresivo deterioro de la infraestructura y el problema de salubridad generado por la acumulaci\u00f3n de desechos s\u00f3lidos, lo cual requiere de maquinaria especializada para su saneamiento.<br \/>\n\u200bAnte esta realidad, el directivo solicit\u00f3 la intermediaci\u00f3n de los ediles frente a la Alcald\u00eda de Sucre y la Gobernaci\u00f3n del Zulia. Como respuesta inmediata, el cuerpo de concejales acord\u00f3 realizar una visita de inspecci\u00f3n t\u00e9cnica al plantel para verificar las carencias y gestionar las soluciones pertinentes ante los organismos competentes.<\/p>\n<p><strong>Gesti\u00f3n de transporte para Gibraltar<\/strong><br \/>\n\u200bPor otro lado, la comunidad de Gibraltar volvi\u00f3 a alzar su voz a trav\u00e9s del ciudadano Jos\u00e9 Izarra, quien reiter\u00f3 la urgencia de reactivar el servicio de transporte p\u00fablico en la zona.<br \/>\n\u200bAl respecto, el concejal Gustavo Romero, presidente de la comisi\u00f3n de Servicios P\u00fablicos, inform\u00f3 que se encuentran trabajando en la concesi\u00f3n de permisos para una nueva l\u00ednea que cubrir\u00e1 dicha ruta. Romero exhort\u00f3 a los vecinos a mantener la paciencia, explicando que el proceso se rige por los tiempos y requisitos obligatorios que establece la ley para garantizar un servicio seguro y legal.<\/p>\n<p><strong>Prensa. CMBSZ. Luis Alonso Cede\u00f1o\/ @en2voces\u00a0<\/strong><\/p>\n<p><img loading=\"lazy\" decoding=\"async\" class=\"alignnone size-medium wp-image-7255\" src=\"https:\/\/periodicocentroccidente.com\/wp-content\/uploads\/2026\/04\/19853-194x300.jpg\" alt=\"\" width=\"194\" height=\"300\" srcset=\"https:\/\/periodicocentroccidente.com\/wp-content\/uploads\/2026\/04\/19853-194x300.jpg 194w, https:\/\/periodicocentroccidente.com\/wp-content\/uploads\/2026\/04\/19853.jpg 568w\" sizes=\"auto, (max-width: 194px) 100vw, 194px\" \/><\/p>\n","protected":false},"excerpt":{"rendered":"<p>Especial.- Este mi&eacute;rcoles 22 de abril, el cuerpo legislativo local llev&oacute; a cabo la sesi&oacute;n ordinaria n&uacute;mero 13, la cual estuvo presidida por la vicepresidenta de la C&aacute;mara, Zenaida Gonz&aacute;lez. El encuentro cont&oacute; con la asistencia de los concejales Sindy Borjas, Gustavo Romero, Orlando Quintero, Teide Vivas, Gerardo Estrada y Germ&aacute;n Valbuena, junto al secretario &hellip;<\/p>\n","protected":false},"author":2,"featured_media":7254,"comment_status":"open","ping_status":"open","sticky":false,"template":"","format":"standard","meta":{"_jetpack_memberships_contains_paid_content":false,"footnotes":""},"categories":[127],"tags":[],"class_list":["post-7253","post","type-post","status-publish","format-standard","has-post-thumbnail","hentry","category-noticias-recientes"],"yoast_head":"<!-- This site is optimized with the Yoast SEO plugin v24.8.1 - https:\/\/yoast.com\/wordpress\/plugins\/seo\/ -->\n<title>Concejo Municipal de Sucre atiende solicitudes en materia educativa y de transporte -<\/title>\n<meta name=\"robots\" content=\"index, follow, max-snippet:-1, max-image-preview:large, max-video-preview:-1\" \/>\n<link rel=\"canonical\" href=\"https:\/\/periodicocentroccidente.com\/?p=7253\" \/>\n<meta property=\"og:locale\" content=\"es_ES\" \/>\n<meta property=\"og:type\" content=\"article\" \/>\n<meta property=\"og:title\" content=\"Concejo Municipal de Sucre atiende solicitudes en materia educativa y de transporte -\" \/>\n<meta property=\"og:description\" content=\"Especial.- Este mi&eacute;rcoles 22 de abril, el cuerpo legislativo local llev&oacute; a cabo la sesi&oacute;n ordinaria n&uacute;mero 13, la cual estuvo presidida por la vicepresidenta de la C&aacute;mara, Zenaida Gonz&aacute;lez. El encuentro cont&oacute; con la asistencia de los concejales Sindy Borjas, Gustavo Romero, Orlando Quintero, Teide Vivas, Gerardo Estrada y Germ&aacute;n Valbuena, junto al secretario &hellip;\" \/>\n<meta property=\"og:url\" content=\"https:\/\/periodicocentroccidente.com\/?p=7253\" \/>\n<meta property=\"article:published_time\" content=\"2026-04-24T19:08:56+00:00\" \/>\n<meta property=\"og:image\" content=\"https:\/\/periodicocentroccidente.com\/wp-content\/uploads\/2026\/04\/19146.jpg\" \/>\n\t<meta property=\"og:image:width\" content=\"1080\" \/>\n\t<meta property=\"og:image:height\" content=\"1080\" \/>\n\t<meta property=\"og:image:type\" content=\"image\/jpeg\" \/>\n<meta name=\"author\" content=\"Ricardo\" \/>\n<meta name=\"twitter:card\" content=\"summary_large_image\" \/>\n<meta name=\"twitter:label1\" content=\"Escrito por\" \/>\n\t<meta name=\"twitter:data1\" content=\"Ricardo\" \/>\n\t<meta name=\"twitter:label2\" content=\"Tiempo de lectura\" \/>\n\t<meta name=\"twitter:data2\" content=\"4 minutos\" \/>\n<script type=\"application\/ld+json\" class=\"yoast-schema-graph\">{\"@context\":\"https:\/\/schema.org\",\"@graph\":[{\"@type\":\"WebPage\",\"@id\":\"https:\/\/periodicocentroccidente.com\/?p=7253\",\"url\":\"https:\/\/periodicocentroccidente.com\/?p=7253\",\"name\":\"Concejo Municipal de Sucre atiende solicitudes en materia educativa y de transporte -\",\"isPartOf\":{\"@id\":\"https:\/\/periodicocentroccidente.com\/#website\"},\"primaryImageOfPage\":{\"@id\":\"https:\/\/periodicocentroccidente.com\/?p=7253#primaryimage\"},\"image\":{\"@id\":\"https:\/\/periodicocentroccidente.com\/?p=7253#primaryimage\"},\"thumbnailUrl\":\"https:\/\/periodicocentroccidente.com\/wp-content\/uploads\/2026\/04\/19146.jpg\",\"datePublished\":\"2026-04-24T19:08:56+00:00\",\"author\":{\"@id\":\"https:\/\/periodicocentroccidente.com\/#\/schema\/person\/f4e4a651098f3db198244657b7130e7e\"},\"breadcrumb\":{\"@id\":\"https:\/\/periodicocentroccidente.com\/?p=7253#breadcrumb\"},\"inLanguage\":\"es\",\"potentialAction\":[{\"@type\":\"ReadAction\",\"target\":[\"https:\/\/periodicocentroccidente.com\/?p=7253\"]}]},{\"@type\":\"ImageObject\",\"inLanguage\":\"es\",\"@id\":\"https:\/\/periodicocentroccidente.com\/?p=7253#primaryimage\",\"url\":\"https:\/\/periodicocentroccidente.com\/wp-content\/uploads\/2026\/04\/19146.jpg\",\"contentUrl\":\"https:\/\/periodicocentroccidente.com\/wp-content\/uploads\/2026\/04\/19146.jpg\",\"width\":1080,\"height\":1080},{\"@type\":\"BreadcrumbList\",\"@id\":\"https:\/\/periodicocentroccidente.com\/?p=7253#breadcrumb\",\"itemListElement\":[{\"@type\":\"ListItem\",\"position\":1,\"name\":\"Portada\",\"item\":\"https:\/\/periodicocentroccidente.com\/\"},{\"@type\":\"ListItem\",\"position\":2,\"name\":\"Concejo Municipal de Sucre atiende solicitudes en materia educativa y de transporte\"}]},{\"@type\":\"WebSite\",\"@id\":\"https:\/\/periodicocentroccidente.com\/#website\",\"url\":\"https:\/\/periodicocentroccidente.com\/\",\"name\":\"\",\"description\":\"Periodismo serio y responsable\",\"potentialAction\":[{\"@type\":\"SearchAction\",\"target\":{\"@type\":\"EntryPoint\",\"urlTemplate\":\"https:\/\/periodicocentroccidente.com\/?s={search_term_string}\"},\"query-input\":{\"@type\":\"PropertyValueSpecification\",\"valueRequired\":true,\"valueName\":\"search_term_string\"}}],\"inLanguage\":\"es\"},{\"@type\":\"Person\",\"@id\":\"https:\/\/periodicocentroccidente.com\/#\/schema\/person\/f4e4a651098f3db198244657b7130e7e\",\"name\":\"Ricardo\",\"image\":{\"@type\":\"ImageObject\",\"inLanguage\":\"es\",\"@id\":\"https:\/\/periodicocentroccidente.com\/#\/schema\/person\/image\/\",\"url\":\"https:\/\/secure.gravatar.com\/avatar\/402e6137108ec0fdaa7809184382fb1dd2f8b00264c1d945d341f2b8f90db429?s=96&d=mm&r=g\",\"contentUrl\":\"https:\/\/secure.gravatar.com\/avatar\/402e6137108ec0fdaa7809184382fb1dd2f8b00264c1d945d341f2b8f90db429?s=96&d=mm&r=g\",\"caption\":\"Ricardo\"},\"url\":\"https:\/\/periodicocentroccidente.com\/?author=2\"}]}<\/script>\n<!-- \/ Yoast SEO plugin. -->","yoast_head_json":{"title":"Concejo Municipal de Sucre atiende solicitudes en materia educativa y de transporte -","robots":{"index":"index","follow":"follow","max-snippet":"max-snippet:-1","max-image-preview":"max-image-preview:large","max-video-preview":"max-video-preview:-1"},"canonical":"https:\/\/periodicocentroccidente.com\/?p=7253","og_locale":"es_ES","og_type":"article","og_title":"Concejo Municipal de Sucre atiende solicitudes en materia educativa y de transporte -","og_description":"Especial.- Este mi&eacute;rcoles 22 de abril, el cuerpo legislativo local llev&oacute; a cabo la sesi&oacute;n ordinaria n&uacute;mero 13, la cual estuvo presidida por la vicepresidenta de la C&aacute;mara, Zenaida Gonz&aacute;lez. El encuentro cont&oacute; con la asistencia de los concejales Sindy Borjas, Gustavo Romero, Orlando Quintero, Teide Vivas, Gerardo Estrada y Germ&aacute;n Valbuena, junto al secretario &hellip;","og_url":"https:\/\/periodicocentroccidente.com\/?p=7253","article_published_time":"2026-04-24T19:08:56+00:00","og_image":[{"width":1080,"height":1080,"url":"https:\/\/periodicocentroccidente.com\/wp-content\/uploads\/2026\/04\/19146.jpg","type":"image\/jpeg"}],"author":"Ricardo","twitter_card":"summary_large_image","twitter_misc":{"Escrito por":"Ricardo","Tiempo de lectura":"4 minutos"},"schema":{"@context":"https:\/\/schema.org","@graph":[{"@type":"WebPage","@id":"https:\/\/periodicocentroccidente.com\/?p=7253","url":"https:\/\/periodicocentroccidente.com\/?p=7253","name":"Concejo Municipal de Sucre atiende solicitudes en materia educativa y de transporte -","isPartOf":{"@id":"https:\/\/periodicocentroccidente.com\/#website"},"primaryImageOfPage":{"@id":"https:\/\/periodicocentroccidente.com\/?p=7253#primaryimage"},"image":{"@id":"https:\/\/periodicocentroccidente.com\/?p=7253#primaryimage"},"thumbnailUrl":"https:\/\/periodicocentroccidente.com\/wp-content\/uploads\/2026\/04\/19146.jpg","datePublished":"2026-04-24T19:08:56+00:00","author":{"@id":"https:\/\/periodicocentroccidente.com\/#\/schema\/person\/f4e4a651098f3db198244657b7130e7e"},"breadcrumb":{"@id":"https:\/\/periodicocentroccidente.com\/?p=7253#breadcrumb"},"inLanguage":"es","potentialAction":[{"@type":"ReadAction","target":["https:\/\/periodicocentroccidente.com\/?p=7253"]}]},{"@type":"ImageObject","inLanguage":"es","@id":"https:\/\/periodicocentroccidente.com\/?p=7253#primaryimage","url":"https:\/\/periodicocentroccidente.com\/wp-content\/uploads\/2026\/04\/19146.jpg","contentUrl":"https:\/\/periodicocentroccidente.com\/wp-content\/uploads\/2026\/04\/19146.jpg","width":1080,"height":1080},{"@type":"BreadcrumbList","@id":"https:\/\/periodicocentroccidente.com\/?p=7253#breadcrumb","itemListElement":[{"@type":"ListItem","position":1,"name":"Portada","item":"https:\/\/periodicocentroccidente.com\/"},{"@type":"ListItem","position":2,"name":"Concejo Municipal de Sucre atiende solicitudes en materia educativa y de transporte"}]},{"@type":"WebSite","@id":"https:\/\/periodicocentroccidente.com\/#website","url":"https:\/\/periodicocentroccidente.com\/","name":"","description":"Periodismo serio y responsable","potentialAction":[{"@type":"SearchAction","target":{"@type":"EntryPoint","urlTemplate":"https:\/\/periodicocentroccidente.com\/?s={search_term_string}"},"query-input":{"@type":"PropertyValueSpecification","valueRequired":true,"valueName":"search_term_string"}}],"inLanguage":"es"},{"@type":"Person","@id":"https:\/\/periodicocentroccidente.com\/#\/schema\/person\/f4e4a651098f3db198244657b7130e7e","name":"Ricardo","image":{"@type":"ImageObject","inLanguage":"es","@id":"https:\/\/periodicocentroccidente.com\/#\/schema\/person\/image\/","url":"https:\/\/secure.gravatar.com\/avatar\/402e6137108ec0fdaa7809184382fb1dd2f8b00264c1d945d341f2b8f90db429?s=96&d=mm&r=g","contentUrl":"https:\/\/secure.gravatar.com\/avatar\/402e6137108ec0fdaa7809184382fb1dd2f8b00264c1d945d341f2b8f90db429?s=96&d=mm&r=g","caption":"Ricardo"},"url":"https:\/\/periodicocentroccidente.com\/?author=2"}]}},"jetpack_featured_media_url":"https:\/\/periodicocentroccidente.com\/wp-content\/uploads\/2026\/04\/19146.jpg","jetpack_sharing_enabled":true,"jetpack-related-posts":[],"_links":{"self":[{"href":"https:\/\/periodicocentroccidente.com\/index.php?rest_route=\/wp\/v2\/posts\/7253","targetHints":{"allow":["GET"]}}],"collection":[{"href":"https:\/\/periodicocentroccidente.com\/index.php?rest_route=\/wp\/v2\/posts"}],"about":[{"href":"https:\/\/periodicocentroccidente.com\/index.php?rest_route=\/wp\/v2\/types\/post"}],"author":[{"embeddable":true,"href":"https:\/\/periodicocentroccidente.com\/index.php?rest_route=\/wp\/v2\/users\/2"}],"replies":[{"embeddable":true,"href":"https:\/\/periodicocentroccidente.com\/index.php?rest_route=%2Fwp%2Fv2%2Fcomments&post=7253"}],"version-history":[{"count":2,"href":"https:\/\/periodicocentroccidente.com\/index.php?rest_route=\/wp\/v2\/posts\/7253\/revisions"}],"predecessor-version":[{"id":7257,"href":"https:\/\/periodicocentroccidente.com\/index.php?rest_route=\/wp\/v2\/posts\/7253\/revisions\/7257"}],"wp:featuredmedia":[{"embeddable":true,"href":"https:\/\/periodicocentroccidente.com\/index.php?rest_route=\/wp\/v2\/media\/7254"}],"wp:attachment":[{"href":"https:\/\/periodicocentroccidente.com\/index.php?rest_route=%2Fwp%2Fv2%2Fmedia&parent=7253"}],"wp:term":[{"taxonomy":"category","embeddable":true,"href":"https:\/\/periodicocentroccidente.com\/index.php?rest_route=%2Fwp%2Fv2%2Fcategories&post=7253"},{"taxonomy":"post_tag","embeddable":true,"href":"https:\/\/periodicocentroccidente.com\/index.php?rest_route=%2Fwp%2Fv2%2Ftags&post=7253"}],"curies":[{"name":"wp","href":"https:\/\/api.w.org\/{rel}","templated":true}]}}