{"id":7250,"date":"2026-04-24T19:00:06","date_gmt":"2026-04-24T19:00:06","guid":{"rendered":"https:\/\/periodicocentroccidente.com\/?p=7250"},"modified":"2026-04-24T19:00:06","modified_gmt":"2026-04-24T19:00:06","slug":"detenido-sujeto-en-guanare-por-agredir-a-un-sexagenario","status":"publish","type":"post","link":"https:\/\/periodicocentroccidente.com\/?p=7250","title":{"rendered":"Detenido sujeto en Guanare por agredir a un sexagenario"},"content":{"rendered":"<p><strong>Especial.-<\/strong><\/p>\n<div dir=\"auto\">Funcionarios del SIP de la Polic\u00eda del Estado Portuguesa capturaron a Emmanuel J. Rojas (41), tras hacerse viral un video en las redes sociales donde se le observa agrediendo f\u00edsicamente a un ciudadano de 69 a\u00f1os en la avenida Unda de Guanare.<\/div>\n<div dir=\"auto\"><\/div>\n<div dir=\"auto\">La detenci\u00f3n se concret\u00f3 en horas de la tarde de este jueves, 23 de abril, en la avenida Jos\u00e9 Mar\u00eda Vargas, luego de que la v\u00edctima formaliz\u00f3 la denuncia ante el organismo policial, que de inmediato conform\u00f3 una comisi\u00f3n para proceder a la detenci\u00f3n del agresor.<\/div>\n<div dir=\"auto\"><\/div>\n<div dir=\"auto\">Rojas ha quedado a disposici\u00f3n de la Fiscal\u00eda D\u00e9cima del Ministerio P\u00fablico, ente que se encargar\u00e1 de las investigaciones referentes a este caso.<\/div>\n<div dir=\"auto\"><\/div>\n<div dir=\"auto\"><strong>Fuente: SIP<\/strong><\/div>\n<div dir=\"auto\"><strong>R: M. Far\u00eda CNP.19087<\/strong><\/div>\n<div dir=\"auto\"><\/div>\n<div dir=\"auto\"><\/div>\n","protected":false},"excerpt":{"rendered":"<p>Especial.- Funcionarios del SIP de la Polic&iacute;a del Estado Portuguesa capturaron a Emmanuel J. Rojas (41), tras hacerse viral un video en las redes sociales donde se le observa agrediendo f&iacute;sicamente a un ciudadano de 69 a&ntilde;os en la avenida Unda de Guanare. La detenci&oacute;n se concret&oacute; en horas de la tarde de este jueves, &hellip;<\/p>\n","protected":false},"author":2,"featured_media":7251,"comment_status":"open","ping_status":"open","sticky":false,"template":"","format":"standard","meta":{"_jetpack_memberships_contains_paid_content":false,"footnotes":""},"categories":[127],"tags":[],"class_list":["post-7250","post","type-post","status-publish","format-standard","has-post-thumbnail","hentry","category-noticias-recientes"],"yoast_head":"<!-- This site is optimized with the Yoast SEO plugin v24.8.1 - https:\/\/yoast.com\/wordpress\/plugins\/seo\/ -->\n<title>Detenido sujeto en Guanare por agredir a un sexagenario -<\/title>\n<meta name=\"robots\" content=\"index, follow, max-snippet:-1, max-image-preview:large, max-video-preview:-1\" \/>\n<link rel=\"canonical\" href=\"https:\/\/periodicocentroccidente.com\/?p=7250\" \/>\n<meta property=\"og:locale\" content=\"es_ES\" \/>\n<meta property=\"og:type\" content=\"article\" \/>\n<meta property=\"og:title\" content=\"Detenido sujeto en Guanare por agredir a un sexagenario -\" \/>\n<meta property=\"og:description\" content=\"Especial.- Funcionarios del SIP de la Polic&iacute;a del Estado Portuguesa capturaron a Emmanuel J. Rojas (41), tras hacerse viral un video en las redes sociales donde se le observa agrediendo f&iacute;sicamente a un ciudadano de 69 a&ntilde;os en la avenida Unda de Guanare. La detenci&oacute;n se concret&oacute; en horas de la tarde de este jueves, &hellip;\" \/>\n<meta property=\"og:url\" content=\"https:\/\/periodicocentroccidente.com\/?p=7250\" \/>\n<meta property=\"article:published_time\" content=\"2026-04-24T19:00:06+00:00\" \/>\n<meta property=\"og:image\" content=\"https:\/\/periodicocentroccidente.com\/wp-content\/uploads\/2026\/04\/unnamed-3-2.jpg\" \/>\n\t<meta property=\"og:image:width\" content=\"810\" \/>\n\t<meta property=\"og:image:height\" content=\"1080\" \/>\n\t<meta property=\"og:image:type\" content=\"image\/jpeg\" \/>\n<meta name=\"author\" content=\"Ricardo\" \/>\n<meta name=\"twitter:card\" content=\"summary_large_image\" \/>\n<meta name=\"twitter:label1\" content=\"Escrito por\" \/>\n\t<meta name=\"twitter:data1\" content=\"Ricardo\" \/>\n\t<meta name=\"twitter:label2\" content=\"Tiempo de lectura\" \/>\n\t<meta name=\"twitter:data2\" content=\"1 minuto\" \/>\n<script type=\"application\/ld+json\" class=\"yoast-schema-graph\">{\"@context\":\"https:\/\/schema.org\",\"@graph\":[{\"@type\":\"WebPage\",\"@id\":\"https:\/\/periodicocentroccidente.com\/?p=7250\",\"url\":\"https:\/\/periodicocentroccidente.com\/?p=7250\",\"name\":\"Detenido sujeto en Guanare por agredir a un sexagenario -\",\"isPartOf\":{\"@id\":\"https:\/\/periodicocentroccidente.com\/#website\"},\"primaryImageOfPage\":{\"@id\":\"https:\/\/periodicocentroccidente.com\/?p=7250#primaryimage\"},\"image\":{\"@id\":\"https:\/\/periodicocentroccidente.com\/?p=7250#primaryimage\"},\"thumbnailUrl\":\"https:\/\/periodicocentroccidente.com\/wp-content\/uploads\/2026\/04\/unnamed-3-2.jpg\",\"datePublished\":\"2026-04-24T19:00:06+00:00\",\"author\":{\"@id\":\"https:\/\/periodicocentroccidente.com\/#\/schema\/person\/f4e4a651098f3db198244657b7130e7e\"},\"breadcrumb\":{\"@id\":\"https:\/\/periodicocentroccidente.com\/?p=7250#breadcrumb\"},\"inLanguage\":\"es\",\"potentialAction\":[{\"@type\":\"ReadAction\",\"target\":[\"https:\/\/periodicocentroccidente.com\/?p=7250\"]}]},{\"@type\":\"ImageObject\",\"inLanguage\":\"es\",\"@id\":\"https:\/\/periodicocentroccidente.com\/?p=7250#primaryimage\",\"url\":\"https:\/\/periodicocentroccidente.com\/wp-content\/uploads\/2026\/04\/unnamed-3-2.jpg\",\"contentUrl\":\"https:\/\/periodicocentroccidente.com\/wp-content\/uploads\/2026\/04\/unnamed-3-2.jpg\",\"width\":810,\"height\":1080},{\"@type\":\"BreadcrumbList\",\"@id\":\"https:\/\/periodicocentroccidente.com\/?p=7250#breadcrumb\",\"itemListElement\":[{\"@type\":\"ListItem\",\"position\":1,\"name\":\"Portada\",\"item\":\"https:\/\/periodicocentroccidente.com\/\"},{\"@type\":\"ListItem\",\"position\":2,\"name\":\"Detenido sujeto en Guanare por agredir a un sexagenario\"}]},{\"@type\":\"WebSite\",\"@id\":\"https:\/\/periodicocentroccidente.com\/#website\",\"url\":\"https:\/\/periodicocentroccidente.com\/\",\"name\":\"\",\"description\":\"Periodismo serio y responsable\",\"potentialAction\":[{\"@type\":\"SearchAction\",\"target\":{\"@type\":\"EntryPoint\",\"urlTemplate\":\"https:\/\/periodicocentroccidente.com\/?s={search_term_string}\"},\"query-input\":{\"@type\":\"PropertyValueSpecification\",\"valueRequired\":true,\"valueName\":\"search_term_string\"}}],\"inLanguage\":\"es\"},{\"@type\":\"Person\",\"@id\":\"https:\/\/periodicocentroccidente.com\/#\/schema\/person\/f4e4a651098f3db198244657b7130e7e\",\"name\":\"Ricardo\",\"image\":{\"@type\":\"ImageObject\",\"inLanguage\":\"es\",\"@id\":\"https:\/\/periodicocentroccidente.com\/#\/schema\/person\/image\/\",\"url\":\"https:\/\/secure.gravatar.com\/avatar\/402e6137108ec0fdaa7809184382fb1dd2f8b00264c1d945d341f2b8f90db429?s=96&d=mm&r=g\",\"contentUrl\":\"https:\/\/secure.gravatar.com\/avatar\/402e6137108ec0fdaa7809184382fb1dd2f8b00264c1d945d341f2b8f90db429?s=96&d=mm&r=g\",\"caption\":\"Ricardo\"},\"url\":\"https:\/\/periodicocentroccidente.com\/?author=2\"}]}<\/script>\n<!-- \/ Yoast SEO plugin. -->","yoast_head_json":{"title":"Detenido sujeto en Guanare por agredir a un sexagenario -","robots":{"index":"index","follow":"follow","max-snippet":"max-snippet:-1","max-image-preview":"max-image-preview:large","max-video-preview":"max-video-preview:-1"},"canonical":"https:\/\/periodicocentroccidente.com\/?p=7250","og_locale":"es_ES","og_type":"article","og_title":"Detenido sujeto en Guanare por agredir a un sexagenario -","og_description":"Especial.- Funcionarios del SIP de la Polic&iacute;a del Estado Portuguesa capturaron a Emmanuel J. Rojas (41), tras hacerse viral un video en las redes sociales donde se le observa agrediendo f&iacute;sicamente a un ciudadano de 69 a&ntilde;os en la avenida Unda de Guanare. La detenci&oacute;n se concret&oacute; en horas de la tarde de este jueves, &hellip;","og_url":"https:\/\/periodicocentroccidente.com\/?p=7250","article_published_time":"2026-04-24T19:00:06+00:00","og_image":[{"width":810,"height":1080,"url":"https:\/\/periodicocentroccidente.com\/wp-content\/uploads\/2026\/04\/unnamed-3-2.jpg","type":"image\/jpeg"}],"author":"Ricardo","twitter_card":"summary_large_image","twitter_misc":{"Escrito por":"Ricardo","Tiempo de lectura":"1 minuto"},"schema":{"@context":"https:\/\/schema.org","@graph":[{"@type":"WebPage","@id":"https:\/\/periodicocentroccidente.com\/?p=7250","url":"https:\/\/periodicocentroccidente.com\/?p=7250","name":"Detenido sujeto en Guanare por agredir a un sexagenario -","isPartOf":{"@id":"https:\/\/periodicocentroccidente.com\/#website"},"primaryImageOfPage":{"@id":"https:\/\/periodicocentroccidente.com\/?p=7250#primaryimage"},"image":{"@id":"https:\/\/periodicocentroccidente.com\/?p=7250#primaryimage"},"thumbnailUrl":"https:\/\/periodicocentroccidente.com\/wp-content\/uploads\/2026\/04\/unnamed-3-2.jpg","datePublished":"2026-04-24T19:00:06+00:00","author":{"@id":"https:\/\/periodicocentroccidente.com\/#\/schema\/person\/f4e4a651098f3db198244657b7130e7e"},"breadcrumb":{"@id":"https:\/\/periodicocentroccidente.com\/?p=7250#breadcrumb"},"inLanguage":"es","potentialAction":[{"@type":"ReadAction","target":["https:\/\/periodicocentroccidente.com\/?p=7250"]}]},{"@type":"ImageObject","inLanguage":"es","@id":"https:\/\/periodicocentroccidente.com\/?p=7250#primaryimage","url":"https:\/\/periodicocentroccidente.com\/wp-content\/uploads\/2026\/04\/unnamed-3-2.jpg","contentUrl":"https:\/\/periodicocentroccidente.com\/wp-content\/uploads\/2026\/04\/unnamed-3-2.jpg","width":810,"height":1080},{"@type":"BreadcrumbList","@id":"https:\/\/periodicocentroccidente.com\/?p=7250#breadcrumb","itemListElement":[{"@type":"ListItem","position":1,"name":"Portada","item":"https:\/\/periodicocentroccidente.com\/"},{"@type":"ListItem","position":2,"name":"Detenido sujeto en Guanare por agredir a un sexagenario"}]},{"@type":"WebSite","@id":"https:\/\/periodicocentroccidente.com\/#website","url":"https:\/\/periodicocentroccidente.com\/","name":"","description":"Periodismo serio y responsable","potentialAction":[{"@type":"SearchAction","target":{"@type":"EntryPoint","urlTemplate":"https:\/\/periodicocentroccidente.com\/?s={search_term_string}"},"query-input":{"@type":"PropertyValueSpecification","valueRequired":true,"valueName":"search_term_string"}}],"inLanguage":"es"},{"@type":"Person","@id":"https:\/\/periodicocentroccidente.com\/#\/schema\/person\/f4e4a651098f3db198244657b7130e7e","name":"Ricardo","image":{"@type":"ImageObject","inLanguage":"es","@id":"https:\/\/periodicocentroccidente.com\/#\/schema\/person\/image\/","url":"https:\/\/secure.gravatar.com\/avatar\/402e6137108ec0fdaa7809184382fb1dd2f8b00264c1d945d341f2b8f90db429?s=96&d=mm&r=g","contentUrl":"https:\/\/secure.gravatar.com\/avatar\/402e6137108ec0fdaa7809184382fb1dd2f8b00264c1d945d341f2b8f90db429?s=96&d=mm&r=g","caption":"Ricardo"},"url":"https:\/\/periodicocentroccidente.com\/?author=2"}]}},"jetpack_featured_media_url":"https:\/\/periodicocentroccidente.com\/wp-content\/uploads\/2026\/04\/unnamed-3-2.jpg","jetpack_sharing_enabled":true,"jetpack-related-posts":[],"_links":{"self":[{"href":"https:\/\/periodicocentroccidente.com\/index.php?rest_route=\/wp\/v2\/posts\/7250","targetHints":{"allow":["GET"]}}],"collection":[{"href":"https:\/\/periodicocentroccidente.com\/index.php?rest_route=\/wp\/v2\/posts"}],"about":[{"href":"https:\/\/periodicocentroccidente.com\/index.php?rest_route=\/wp\/v2\/types\/post"}],"author":[{"embeddable":true,"href":"https:\/\/periodicocentroccidente.com\/index.php?rest_route=\/wp\/v2\/users\/2"}],"replies":[{"embeddable":true,"href":"https:\/\/periodicocentroccidente.com\/index.php?rest_route=%2Fwp%2Fv2%2Fcomments&post=7250"}],"version-history":[{"count":1,"href":"https:\/\/periodicocentroccidente.com\/index.php?rest_route=\/wp\/v2\/posts\/7250\/revisions"}],"predecessor-version":[{"id":7252,"href":"https:\/\/periodicocentroccidente.com\/index.php?rest_route=\/wp\/v2\/posts\/7250\/revisions\/7252"}],"wp:featuredmedia":[{"embeddable":true,"href":"https:\/\/periodicocentroccidente.com\/index.php?rest_route=\/wp\/v2\/media\/7251"}],"wp:attachment":[{"href":"https:\/\/periodicocentroccidente.com\/index.php?rest_route=%2Fwp%2Fv2%2Fmedia&parent=7250"}],"wp:term":[{"taxonomy":"category","embeddable":true,"href":"https:\/\/periodicocentroccidente.com\/index.php?rest_route=%2Fwp%2Fv2%2Fcategories&post=7250"},{"taxonomy":"post_tag","embeddable":true,"href":"https:\/\/periodicocentroccidente.com\/index.php?rest_route=%2Fwp%2Fv2%2Ftags&post=7250"}],"curies":[{"name":"wp","href":"https:\/\/api.w.org\/{rel}","templated":true}]}}