{"id":7232,"date":"2026-04-23T22:00:00","date_gmt":"2026-04-23T22:00:00","guid":{"rendered":"https:\/\/periodicocentroccidente.com\/?p=7232"},"modified":"2026-04-23T22:00:00","modified_gmt":"2026-04-23T22:00:00","slug":"orquesta-regional-alma-llanera-don-antonio-torrealba-estrena-piezas-ineditas-del-maestro-eduardo-arocha","status":"publish","type":"post","link":"https:\/\/periodicocentroccidente.com\/?p=7232","title":{"rendered":"Orquesta Regional Alma Llanera \u201cDon Antonio Torrealba\u201d estrena piezas in\u00e9ditas del maestro Eduardo Arocha"},"content":{"rendered":"<p><strong>Especial.-<\/strong><\/p>\n<p>La capital del estado Portuguesa se prepara para una tarde donde la tradici\u00f3n y la juventud se funden en un solo acorde. Este viernes 24 de abril de 2026, a las 4:00 p.m., la Plaza Bol\u00edvar ser\u00e1 el escenario de un encuentro protagonizado por la Orquesta Regional Alma Llanera \u201cDon Antonio Torrealba\u201d.<\/p>\n<p>Esta agrupaci\u00f3n del Sistema Nacional de Orquestas y Coros Juveniles e Infantiles de Venezuela, presentar\u00e1 un despliegue de talento integrado por 61 m\u00fasicos provenientes de los municipios Guanare, Ospino, Papel\u00f3n, Guanarito, San Genaro de Boconoito y Biscucuy.<\/p>\n<p>Elg\u00e9nesis Haricapa, directora de la agrupaci\u00f3n y miembro de los equipos acad\u00e9micos regionales de los Programas Alma Llanera y Sim\u00f3n Bol\u00edvar, enfatiz\u00f3 la trascendencia de este concierto no solo como espect\u00e1culo, sino como un acto de preservaci\u00f3n cultural.<\/p>\n<p>Declar\u00f3 que el repertorio de esta gala es especialmente significativo, ya que incluir\u00e1 el estreno de dos piezas in\u00e9ditas con arreglos para esta orquestaci\u00f3n, compuestas por el maestro Eduardo Arocha: \u201cPortuguese\u00f1a\u201d y \u201cDon Antonio Torrealba\u201d. Vale resaltar que la batuta estar\u00e1 compartida entre Francisco Garc\u00eda, Juan Andr\u00e9s Albarran, Edwen Barrios y Diego Padilla, quienes junto a la voz solista de Zuriel Villamizar, prometen una ejecuci\u00f3n de alt\u00edsimo nivel t\u00e9cnico.<\/p>\n<p>\u201cLa presentaci\u00f3n de estas piezas es muy importante porque nuestros j\u00f3venes le dan continuidad a la m\u00fasica de nuestra tierra. No se trata solo de tocar instrumentos, sino de que tengan la oportunidad de conocer nuestras ra\u00edces y darle el valor que merece. El Programa Alma Llanera cumple un rol vital de mantener nuestras tradiciones para las generaciones del ma\u00f1ana\u201d, afirm\u00f3 Haricapa.<\/p>\n<p>El p\u00fablico asistente podr\u00e1 disfrutar de una selecci\u00f3n que recorre la geograf\u00eda de Venezuela e incluir\u00e1 piezas como Caf\u00e9 de Barlovento, Como llora una estrella, La negra Atilia, Crioll\u00edsima, Cristal, Braulia Ramona y Gavil\u00e1n Jazznero.<\/p>\n<p>Haricapa extendi\u00f3 la invitaci\u00f3n a toda la colectividad de Portuguesa \u201cpara que nos acompa\u00f1e en este encuentro con nuestra esencia, a que sean testigos del esfuerzo de nuestra juventud por mantener viva nuestra m\u00fasica tradicional venezolana\u201d, concluy\u00f3. <strong>\/\/<\/strong><\/p>\n<p><strong>Jorveis Ortegano Valecillo \/\u00a0<\/strong><strong>Prensa &#8211; El Sistema Portuguesa<\/strong><\/p>\n","protected":false},"excerpt":{"rendered":"<p>Especial.- La capital del estado Portuguesa se prepara para una tarde donde la tradici&oacute;n y la juventud se funden en un solo acorde. Este viernes 24 de abril de 2026, a las 4:00 p.m., la Plaza Bol&iacute;var ser&aacute; el escenario de un encuentro protagonizado por la Orquesta Regional Alma Llanera &ldquo;Don Antonio Torrealba&rdquo;. Esta agrupaci&oacute;n &hellip;<\/p>\n","protected":false},"author":2,"featured_media":7233,"comment_status":"open","ping_status":"open","sticky":false,"template":"","format":"standard","meta":{"_jetpack_memberships_contains_paid_content":false,"footnotes":""},"categories":[127],"tags":[],"class_list":["post-7232","post","type-post","status-publish","format-standard","has-post-thumbnail","hentry","category-noticias-recientes"],"yoast_head":"<!-- This site is optimized with the Yoast SEO plugin v24.8.1 - https:\/\/yoast.com\/wordpress\/plugins\/seo\/ -->\n<title>Orquesta Regional Alma Llanera \u201cDon Antonio Torrealba\u201d estrena piezas in\u00e9ditas del maestro Eduardo Arocha -<\/title>\n<meta name=\"robots\" content=\"index, follow, max-snippet:-1, max-image-preview:large, max-video-preview:-1\" \/>\n<link rel=\"canonical\" href=\"https:\/\/periodicocentroccidente.com\/?p=7232\" \/>\n<meta property=\"og:locale\" content=\"es_ES\" \/>\n<meta property=\"og:type\" content=\"article\" \/>\n<meta property=\"og:title\" content=\"Orquesta Regional Alma Llanera \u201cDon Antonio Torrealba\u201d estrena piezas in\u00e9ditas del maestro Eduardo Arocha -\" \/>\n<meta property=\"og:description\" content=\"Especial.- La capital del estado Portuguesa se prepara para una tarde donde la tradici&oacute;n y la juventud se funden en un solo acorde. Este viernes 24 de abril de 2026, a las 4:00 p.m., la Plaza Bol&iacute;var ser&aacute; el escenario de un encuentro protagonizado por la Orquesta Regional Alma Llanera &ldquo;Don Antonio Torrealba&rdquo;. Esta agrupaci&oacute;n &hellip;\" \/>\n<meta property=\"og:url\" content=\"https:\/\/periodicocentroccidente.com\/?p=7232\" \/>\n<meta property=\"article:published_time\" content=\"2026-04-23T22:00:00+00:00\" \/>\n<meta property=\"og:image\" content=\"https:\/\/periodicocentroccidente.com\/wp-content\/uploads\/2026\/04\/ORALL-Don-Antonio-Torrealba.jpg\" \/>\n\t<meta property=\"og:image:width\" content=\"1280\" \/>\n\t<meta property=\"og:image:height\" content=\"960\" \/>\n\t<meta property=\"og:image:type\" content=\"image\/jpeg\" \/>\n<meta name=\"author\" content=\"Ricardo\" \/>\n<meta name=\"twitter:card\" content=\"summary_large_image\" \/>\n<meta name=\"twitter:label1\" content=\"Escrito por\" \/>\n\t<meta name=\"twitter:data1\" content=\"Ricardo\" \/>\n\t<meta name=\"twitter:label2\" content=\"Tiempo de lectura\" \/>\n\t<meta name=\"twitter:data2\" content=\"2 minutos\" \/>\n<script type=\"application\/ld+json\" class=\"yoast-schema-graph\">{\"@context\":\"https:\/\/schema.org\",\"@graph\":[{\"@type\":\"WebPage\",\"@id\":\"https:\/\/periodicocentroccidente.com\/?p=7232\",\"url\":\"https:\/\/periodicocentroccidente.com\/?p=7232\",\"name\":\"Orquesta Regional Alma Llanera \u201cDon Antonio Torrealba\u201d estrena piezas in\u00e9ditas del maestro Eduardo Arocha -\",\"isPartOf\":{\"@id\":\"https:\/\/periodicocentroccidente.com\/#website\"},\"primaryImageOfPage\":{\"@id\":\"https:\/\/periodicocentroccidente.com\/?p=7232#primaryimage\"},\"image\":{\"@id\":\"https:\/\/periodicocentroccidente.com\/?p=7232#primaryimage\"},\"thumbnailUrl\":\"https:\/\/periodicocentroccidente.com\/wp-content\/uploads\/2026\/04\/ORALL-Don-Antonio-Torrealba.jpg\",\"datePublished\":\"2026-04-23T22:00:00+00:00\",\"author\":{\"@id\":\"https:\/\/periodicocentroccidente.com\/#\/schema\/person\/f4e4a651098f3db198244657b7130e7e\"},\"breadcrumb\":{\"@id\":\"https:\/\/periodicocentroccidente.com\/?p=7232#breadcrumb\"},\"inLanguage\":\"es\",\"potentialAction\":[{\"@type\":\"ReadAction\",\"target\":[\"https:\/\/periodicocentroccidente.com\/?p=7232\"]}]},{\"@type\":\"ImageObject\",\"inLanguage\":\"es\",\"@id\":\"https:\/\/periodicocentroccidente.com\/?p=7232#primaryimage\",\"url\":\"https:\/\/periodicocentroccidente.com\/wp-content\/uploads\/2026\/04\/ORALL-Don-Antonio-Torrealba.jpg\",\"contentUrl\":\"https:\/\/periodicocentroccidente.com\/wp-content\/uploads\/2026\/04\/ORALL-Don-Antonio-Torrealba.jpg\",\"width\":1280,\"height\":960},{\"@type\":\"BreadcrumbList\",\"@id\":\"https:\/\/periodicocentroccidente.com\/?p=7232#breadcrumb\",\"itemListElement\":[{\"@type\":\"ListItem\",\"position\":1,\"name\":\"Portada\",\"item\":\"https:\/\/periodicocentroccidente.com\/\"},{\"@type\":\"ListItem\",\"position\":2,\"name\":\"Orquesta Regional Alma Llanera \u201cDon Antonio Torrealba\u201d estrena piezas in\u00e9ditas del maestro Eduardo Arocha\"}]},{\"@type\":\"WebSite\",\"@id\":\"https:\/\/periodicocentroccidente.com\/#website\",\"url\":\"https:\/\/periodicocentroccidente.com\/\",\"name\":\"\",\"description\":\"Periodismo serio y responsable\",\"potentialAction\":[{\"@type\":\"SearchAction\",\"target\":{\"@type\":\"EntryPoint\",\"urlTemplate\":\"https:\/\/periodicocentroccidente.com\/?s={search_term_string}\"},\"query-input\":{\"@type\":\"PropertyValueSpecification\",\"valueRequired\":true,\"valueName\":\"search_term_string\"}}],\"inLanguage\":\"es\"},{\"@type\":\"Person\",\"@id\":\"https:\/\/periodicocentroccidente.com\/#\/schema\/person\/f4e4a651098f3db198244657b7130e7e\",\"name\":\"Ricardo\",\"image\":{\"@type\":\"ImageObject\",\"inLanguage\":\"es\",\"@id\":\"https:\/\/periodicocentroccidente.com\/#\/schema\/person\/image\/\",\"url\":\"https:\/\/secure.gravatar.com\/avatar\/402e6137108ec0fdaa7809184382fb1dd2f8b00264c1d945d341f2b8f90db429?s=96&d=mm&r=g\",\"contentUrl\":\"https:\/\/secure.gravatar.com\/avatar\/402e6137108ec0fdaa7809184382fb1dd2f8b00264c1d945d341f2b8f90db429?s=96&d=mm&r=g\",\"caption\":\"Ricardo\"},\"url\":\"https:\/\/periodicocentroccidente.com\/?author=2\"}]}<\/script>\n<!-- \/ Yoast SEO plugin. -->","yoast_head_json":{"title":"Orquesta Regional Alma Llanera \u201cDon Antonio Torrealba\u201d estrena piezas in\u00e9ditas del maestro Eduardo Arocha -","robots":{"index":"index","follow":"follow","max-snippet":"max-snippet:-1","max-image-preview":"max-image-preview:large","max-video-preview":"max-video-preview:-1"},"canonical":"https:\/\/periodicocentroccidente.com\/?p=7232","og_locale":"es_ES","og_type":"article","og_title":"Orquesta Regional Alma Llanera \u201cDon Antonio Torrealba\u201d estrena piezas in\u00e9ditas del maestro Eduardo Arocha -","og_description":"Especial.- La capital del estado Portuguesa se prepara para una tarde donde la tradici&oacute;n y la juventud se funden en un solo acorde. Este viernes 24 de abril de 2026, a las 4:00 p.m., la Plaza Bol&iacute;var ser&aacute; el escenario de un encuentro protagonizado por la Orquesta Regional Alma Llanera &ldquo;Don Antonio Torrealba&rdquo;. Esta agrupaci&oacute;n &hellip;","og_url":"https:\/\/periodicocentroccidente.com\/?p=7232","article_published_time":"2026-04-23T22:00:00+00:00","og_image":[{"width":1280,"height":960,"url":"https:\/\/periodicocentroccidente.com\/wp-content\/uploads\/2026\/04\/ORALL-Don-Antonio-Torrealba.jpg","type":"image\/jpeg"}],"author":"Ricardo","twitter_card":"summary_large_image","twitter_misc":{"Escrito por":"Ricardo","Tiempo de lectura":"2 minutos"},"schema":{"@context":"https:\/\/schema.org","@graph":[{"@type":"WebPage","@id":"https:\/\/periodicocentroccidente.com\/?p=7232","url":"https:\/\/periodicocentroccidente.com\/?p=7232","name":"Orquesta Regional Alma Llanera \u201cDon Antonio Torrealba\u201d estrena piezas in\u00e9ditas del maestro Eduardo Arocha -","isPartOf":{"@id":"https:\/\/periodicocentroccidente.com\/#website"},"primaryImageOfPage":{"@id":"https:\/\/periodicocentroccidente.com\/?p=7232#primaryimage"},"image":{"@id":"https:\/\/periodicocentroccidente.com\/?p=7232#primaryimage"},"thumbnailUrl":"https:\/\/periodicocentroccidente.com\/wp-content\/uploads\/2026\/04\/ORALL-Don-Antonio-Torrealba.jpg","datePublished":"2026-04-23T22:00:00+00:00","author":{"@id":"https:\/\/periodicocentroccidente.com\/#\/schema\/person\/f4e4a651098f3db198244657b7130e7e"},"breadcrumb":{"@id":"https:\/\/periodicocentroccidente.com\/?p=7232#breadcrumb"},"inLanguage":"es","potentialAction":[{"@type":"ReadAction","target":["https:\/\/periodicocentroccidente.com\/?p=7232"]}]},{"@type":"ImageObject","inLanguage":"es","@id":"https:\/\/periodicocentroccidente.com\/?p=7232#primaryimage","url":"https:\/\/periodicocentroccidente.com\/wp-content\/uploads\/2026\/04\/ORALL-Don-Antonio-Torrealba.jpg","contentUrl":"https:\/\/periodicocentroccidente.com\/wp-content\/uploads\/2026\/04\/ORALL-Don-Antonio-Torrealba.jpg","width":1280,"height":960},{"@type":"BreadcrumbList","@id":"https:\/\/periodicocentroccidente.com\/?p=7232#breadcrumb","itemListElement":[{"@type":"ListItem","position":1,"name":"Portada","item":"https:\/\/periodicocentroccidente.com\/"},{"@type":"ListItem","position":2,"name":"Orquesta Regional Alma Llanera \u201cDon Antonio Torrealba\u201d estrena piezas in\u00e9ditas del maestro Eduardo Arocha"}]},{"@type":"WebSite","@id":"https:\/\/periodicocentroccidente.com\/#website","url":"https:\/\/periodicocentroccidente.com\/","name":"","description":"Periodismo serio y responsable","potentialAction":[{"@type":"SearchAction","target":{"@type":"EntryPoint","urlTemplate":"https:\/\/periodicocentroccidente.com\/?s={search_term_string}"},"query-input":{"@type":"PropertyValueSpecification","valueRequired":true,"valueName":"search_term_string"}}],"inLanguage":"es"},{"@type":"Person","@id":"https:\/\/periodicocentroccidente.com\/#\/schema\/person\/f4e4a651098f3db198244657b7130e7e","name":"Ricardo","image":{"@type":"ImageObject","inLanguage":"es","@id":"https:\/\/periodicocentroccidente.com\/#\/schema\/person\/image\/","url":"https:\/\/secure.gravatar.com\/avatar\/402e6137108ec0fdaa7809184382fb1dd2f8b00264c1d945d341f2b8f90db429?s=96&d=mm&r=g","contentUrl":"https:\/\/secure.gravatar.com\/avatar\/402e6137108ec0fdaa7809184382fb1dd2f8b00264c1d945d341f2b8f90db429?s=96&d=mm&r=g","caption":"Ricardo"},"url":"https:\/\/periodicocentroccidente.com\/?author=2"}]}},"jetpack_featured_media_url":"https:\/\/periodicocentroccidente.com\/wp-content\/uploads\/2026\/04\/ORALL-Don-Antonio-Torrealba.jpg","jetpack_sharing_enabled":true,"jetpack-related-posts":[],"_links":{"self":[{"href":"https:\/\/periodicocentroccidente.com\/index.php?rest_route=\/wp\/v2\/posts\/7232","targetHints":{"allow":["GET"]}}],"collection":[{"href":"https:\/\/periodicocentroccidente.com\/index.php?rest_route=\/wp\/v2\/posts"}],"about":[{"href":"https:\/\/periodicocentroccidente.com\/index.php?rest_route=\/wp\/v2\/types\/post"}],"author":[{"embeddable":true,"href":"https:\/\/periodicocentroccidente.com\/index.php?rest_route=\/wp\/v2\/users\/2"}],"replies":[{"embeddable":true,"href":"https:\/\/periodicocentroccidente.com\/index.php?rest_route=%2Fwp%2Fv2%2Fcomments&post=7232"}],"version-history":[{"count":1,"href":"https:\/\/periodicocentroccidente.com\/index.php?rest_route=\/wp\/v2\/posts\/7232\/revisions"}],"predecessor-version":[{"id":7234,"href":"https:\/\/periodicocentroccidente.com\/index.php?rest_route=\/wp\/v2\/posts\/7232\/revisions\/7234"}],"wp:featuredmedia":[{"embeddable":true,"href":"https:\/\/periodicocentroccidente.com\/index.php?rest_route=\/wp\/v2\/media\/7233"}],"wp:attachment":[{"href":"https:\/\/periodicocentroccidente.com\/index.php?rest_route=%2Fwp%2Fv2%2Fmedia&parent=7232"}],"wp:term":[{"taxonomy":"category","embeddable":true,"href":"https:\/\/periodicocentroccidente.com\/index.php?rest_route=%2Fwp%2Fv2%2Fcategories&post=7232"},{"taxonomy":"post_tag","embeddable":true,"href":"https:\/\/periodicocentroccidente.com\/index.php?rest_route=%2Fwp%2Fv2%2Ftags&post=7232"}],"curies":[{"name":"wp","href":"https:\/\/api.w.org\/{rel}","templated":true}]}}