{"id":7228,"date":"2026-04-23T20:54:55","date_gmt":"2026-04-23T20:54:55","guid":{"rendered":"https:\/\/periodicocentroccidente.com\/?p=7228"},"modified":"2026-04-23T20:54:55","modified_gmt":"2026-04-23T20:54:55","slug":"funeraria-servicios-especiales-la-corteza-anuncia-servicio-de-cremacion-en-guanare","status":"publish","type":"post","link":"https:\/\/periodicocentroccidente.com\/?p=7228","title":{"rendered":"Funeraria Servicios Especiales La Corteza anuncia servicio de cremaci\u00f3n en Guanare"},"content":{"rendered":"<p><strong>Especial.-<\/strong><\/p>\n<div dir=\"auto\">El grupo de servicios especiales e integrales funerarios La Corteza que\u00a0 incluye salas de velaci\u00f3n, traslados y previsi\u00f3n familiar las 24 horas, ubicados en la ciudad de Guanare, con m\u00e1s de 30 a\u00f1os de experiencia ofreciendo apoyo y servicios f\u00fanebres en momentos de duelo, pr\u00f3ximamente instalar\u00e1 el servicio de cremaci\u00f3n en la ciudad capital, tal cual lo anunciaron el licenciado Julio Valero y el ingeniero Jos\u00e9 Vasconcelos, ejecutivos del grupo.<\/div>\n<div dir=\"auto\">El horno ya est\u00e1 disponible en la ciudad para ser ensamblado y fijado en el parque metropolitano que se encuentra en el caser\u00edo La Flecha en la parroquia Virgen de Coromoto al oeste de la ciudad, ya habiendo cumplido con los tr\u00e1mites legales y administrativos pertinentes, debiendo estar disponible para su uso entre los meses de abril a mayo de este a\u00f1o, atendiendo la demanda de afiliados que tanto rogaban por esa prestaci\u00f3n, garantizando a los deudos no tener que hacerse de estos servicios en otras ciudades del pa\u00eds.<\/div>\n<div dir=\"auto\"><\/div>\n<div dir=\"auto\">Los ejecutivos del grupo funerario, destacaron que su prop\u00f3sito cardinal es brindar un servicio que resulte menos gravoso para los familiares del difunto, as\u00ed se le evitan cargas de tr\u00e1mite o permisolog\u00edas necesarias para los cuales la empresa se encarga de ejercer eficazmente su gesti\u00f3n. Tambi\u00e9n informaron que han suscrito alianzas con otros grupos funerarios para gestiones de preparaci\u00f3n y traslados desde cualquier parte del pa\u00eds, incluso desde el exterior; planes de protecci\u00f3n accesibles, ajustados a las posibilidades econ\u00f3micas de los prospectos clientes, por lo que el servicio es totalmente integral.<\/div>\n<div dir=\"auto\"><\/div>\n<div dir=\"auto\">Los interesados pueden recurrir por distintas v\u00edas de contacto y Ubicaci\u00f3n en Guanare en la avenida Juan Fern\u00e1ndez de Le\u00f3n, tel\u00e9fonos: 0257-2534567, 0257-2533704, 0412-1780856, Instagram @funeraria_lacorteza.<\/div>\n<div dir=\"auto\"><\/div>\n<div dir=\"auto\"><strong>Joel Enrique Silva Silva<\/strong><\/div>\n","protected":false},"excerpt":{"rendered":"<p>Especial.- El grupo de servicios especiales e integrales funerarios La Corteza que&nbsp; incluye salas de velaci&oacute;n, traslados y previsi&oacute;n familiar las 24 horas, ubicados en la ciudad de Guanare, con m&aacute;s de 30 a&ntilde;os de experiencia ofreciendo apoyo y servicios f&uacute;nebres en momentos de duelo, pr&oacute;ximamente instalar&aacute; el servicio de cremaci&oacute;n en la ciudad capital, &hellip;<\/p>\n","protected":false},"author":2,"featured_media":7229,"comment_status":"open","ping_status":"open","sticky":false,"template":"","format":"standard","meta":{"_jetpack_memberships_contains_paid_content":false,"footnotes":""},"categories":[127],"tags":[],"class_list":["post-7228","post","type-post","status-publish","format-standard","has-post-thumbnail","hentry","category-noticias-recientes"],"yoast_head":"<!-- This site is optimized with the Yoast SEO plugin v24.8.1 - https:\/\/yoast.com\/wordpress\/plugins\/seo\/ -->\n<title>Funeraria Servicios Especiales La Corteza anuncia servicio de cremaci\u00f3n en Guanare -<\/title>\n<meta name=\"robots\" content=\"index, follow, max-snippet:-1, max-image-preview:large, max-video-preview:-1\" \/>\n<link rel=\"canonical\" href=\"https:\/\/periodicocentroccidente.com\/?p=7228\" \/>\n<meta property=\"og:locale\" content=\"es_ES\" \/>\n<meta property=\"og:type\" content=\"article\" \/>\n<meta property=\"og:title\" content=\"Funeraria Servicios Especiales La Corteza anuncia servicio de cremaci\u00f3n en Guanare -\" \/>\n<meta property=\"og:description\" content=\"Especial.- El grupo de servicios especiales e integrales funerarios La Corteza que&nbsp; incluye salas de velaci&oacute;n, traslados y previsi&oacute;n familiar las 24 horas, ubicados en la ciudad de Guanare, con m&aacute;s de 30 a&ntilde;os de experiencia ofreciendo apoyo y servicios f&uacute;nebres en momentos de duelo, pr&oacute;ximamente instalar&aacute; el servicio de cremaci&oacute;n en la ciudad capital, &hellip;\" \/>\n<meta property=\"og:url\" content=\"https:\/\/periodicocentroccidente.com\/?p=7228\" \/>\n<meta property=\"article:published_time\" content=\"2026-04-23T20:54:55+00:00\" \/>\n<meta property=\"og:image\" content=\"https:\/\/periodicocentroccidente.com\/wp-content\/uploads\/2026\/04\/unnamed-2-2.jpg\" \/>\n\t<meta property=\"og:image:width\" content=\"1080\" \/>\n\t<meta property=\"og:image:height\" content=\"1129\" \/>\n\t<meta property=\"og:image:type\" content=\"image\/jpeg\" \/>\n<meta name=\"author\" content=\"Ricardo\" \/>\n<meta name=\"twitter:card\" content=\"summary_large_image\" \/>\n<meta name=\"twitter:label1\" content=\"Escrito por\" \/>\n\t<meta name=\"twitter:data1\" content=\"Ricardo\" \/>\n\t<meta name=\"twitter:label2\" content=\"Tiempo de lectura\" \/>\n\t<meta name=\"twitter:data2\" content=\"2 minutos\" \/>\n<script type=\"application\/ld+json\" class=\"yoast-schema-graph\">{\"@context\":\"https:\/\/schema.org\",\"@graph\":[{\"@type\":\"WebPage\",\"@id\":\"https:\/\/periodicocentroccidente.com\/?p=7228\",\"url\":\"https:\/\/periodicocentroccidente.com\/?p=7228\",\"name\":\"Funeraria Servicios Especiales La Corteza anuncia servicio de cremaci\u00f3n en Guanare -\",\"isPartOf\":{\"@id\":\"https:\/\/periodicocentroccidente.com\/#website\"},\"primaryImageOfPage\":{\"@id\":\"https:\/\/periodicocentroccidente.com\/?p=7228#primaryimage\"},\"image\":{\"@id\":\"https:\/\/periodicocentroccidente.com\/?p=7228#primaryimage\"},\"thumbnailUrl\":\"https:\/\/periodicocentroccidente.com\/wp-content\/uploads\/2026\/04\/unnamed-2-2.jpg\",\"datePublished\":\"2026-04-23T20:54:55+00:00\",\"author\":{\"@id\":\"https:\/\/periodicocentroccidente.com\/#\/schema\/person\/f4e4a651098f3db198244657b7130e7e\"},\"breadcrumb\":{\"@id\":\"https:\/\/periodicocentroccidente.com\/?p=7228#breadcrumb\"},\"inLanguage\":\"es\",\"potentialAction\":[{\"@type\":\"ReadAction\",\"target\":[\"https:\/\/periodicocentroccidente.com\/?p=7228\"]}]},{\"@type\":\"ImageObject\",\"inLanguage\":\"es\",\"@id\":\"https:\/\/periodicocentroccidente.com\/?p=7228#primaryimage\",\"url\":\"https:\/\/periodicocentroccidente.com\/wp-content\/uploads\/2026\/04\/unnamed-2-2.jpg\",\"contentUrl\":\"https:\/\/periodicocentroccidente.com\/wp-content\/uploads\/2026\/04\/unnamed-2-2.jpg\",\"width\":1080,\"height\":1129},{\"@type\":\"BreadcrumbList\",\"@id\":\"https:\/\/periodicocentroccidente.com\/?p=7228#breadcrumb\",\"itemListElement\":[{\"@type\":\"ListItem\",\"position\":1,\"name\":\"Portada\",\"item\":\"https:\/\/periodicocentroccidente.com\/\"},{\"@type\":\"ListItem\",\"position\":2,\"name\":\"Funeraria Servicios Especiales La Corteza anuncia servicio de cremaci\u00f3n en Guanare\"}]},{\"@type\":\"WebSite\",\"@id\":\"https:\/\/periodicocentroccidente.com\/#website\",\"url\":\"https:\/\/periodicocentroccidente.com\/\",\"name\":\"\",\"description\":\"Periodismo serio y responsable\",\"potentialAction\":[{\"@type\":\"SearchAction\",\"target\":{\"@type\":\"EntryPoint\",\"urlTemplate\":\"https:\/\/periodicocentroccidente.com\/?s={search_term_string}\"},\"query-input\":{\"@type\":\"PropertyValueSpecification\",\"valueRequired\":true,\"valueName\":\"search_term_string\"}}],\"inLanguage\":\"es\"},{\"@type\":\"Person\",\"@id\":\"https:\/\/periodicocentroccidente.com\/#\/schema\/person\/f4e4a651098f3db198244657b7130e7e\",\"name\":\"Ricardo\",\"image\":{\"@type\":\"ImageObject\",\"inLanguage\":\"es\",\"@id\":\"https:\/\/periodicocentroccidente.com\/#\/schema\/person\/image\/\",\"url\":\"https:\/\/secure.gravatar.com\/avatar\/402e6137108ec0fdaa7809184382fb1dd2f8b00264c1d945d341f2b8f90db429?s=96&d=mm&r=g\",\"contentUrl\":\"https:\/\/secure.gravatar.com\/avatar\/402e6137108ec0fdaa7809184382fb1dd2f8b00264c1d945d341f2b8f90db429?s=96&d=mm&r=g\",\"caption\":\"Ricardo\"},\"url\":\"https:\/\/periodicocentroccidente.com\/?author=2\"}]}<\/script>\n<!-- \/ Yoast SEO plugin. -->","yoast_head_json":{"title":"Funeraria Servicios Especiales La Corteza anuncia servicio de cremaci\u00f3n en Guanare -","robots":{"index":"index","follow":"follow","max-snippet":"max-snippet:-1","max-image-preview":"max-image-preview:large","max-video-preview":"max-video-preview:-1"},"canonical":"https:\/\/periodicocentroccidente.com\/?p=7228","og_locale":"es_ES","og_type":"article","og_title":"Funeraria Servicios Especiales La Corteza anuncia servicio de cremaci\u00f3n en Guanare -","og_description":"Especial.- El grupo de servicios especiales e integrales funerarios La Corteza que&nbsp; incluye salas de velaci&oacute;n, traslados y previsi&oacute;n familiar las 24 horas, ubicados en la ciudad de Guanare, con m&aacute;s de 30 a&ntilde;os de experiencia ofreciendo apoyo y servicios f&uacute;nebres en momentos de duelo, pr&oacute;ximamente instalar&aacute; el servicio de cremaci&oacute;n en la ciudad capital, &hellip;","og_url":"https:\/\/periodicocentroccidente.com\/?p=7228","article_published_time":"2026-04-23T20:54:55+00:00","og_image":[{"width":1080,"height":1129,"url":"https:\/\/periodicocentroccidente.com\/wp-content\/uploads\/2026\/04\/unnamed-2-2.jpg","type":"image\/jpeg"}],"author":"Ricardo","twitter_card":"summary_large_image","twitter_misc":{"Escrito por":"Ricardo","Tiempo de lectura":"2 minutos"},"schema":{"@context":"https:\/\/schema.org","@graph":[{"@type":"WebPage","@id":"https:\/\/periodicocentroccidente.com\/?p=7228","url":"https:\/\/periodicocentroccidente.com\/?p=7228","name":"Funeraria Servicios Especiales La Corteza anuncia servicio de cremaci\u00f3n en Guanare -","isPartOf":{"@id":"https:\/\/periodicocentroccidente.com\/#website"},"primaryImageOfPage":{"@id":"https:\/\/periodicocentroccidente.com\/?p=7228#primaryimage"},"image":{"@id":"https:\/\/periodicocentroccidente.com\/?p=7228#primaryimage"},"thumbnailUrl":"https:\/\/periodicocentroccidente.com\/wp-content\/uploads\/2026\/04\/unnamed-2-2.jpg","datePublished":"2026-04-23T20:54:55+00:00","author":{"@id":"https:\/\/periodicocentroccidente.com\/#\/schema\/person\/f4e4a651098f3db198244657b7130e7e"},"breadcrumb":{"@id":"https:\/\/periodicocentroccidente.com\/?p=7228#breadcrumb"},"inLanguage":"es","potentialAction":[{"@type":"ReadAction","target":["https:\/\/periodicocentroccidente.com\/?p=7228"]}]},{"@type":"ImageObject","inLanguage":"es","@id":"https:\/\/periodicocentroccidente.com\/?p=7228#primaryimage","url":"https:\/\/periodicocentroccidente.com\/wp-content\/uploads\/2026\/04\/unnamed-2-2.jpg","contentUrl":"https:\/\/periodicocentroccidente.com\/wp-content\/uploads\/2026\/04\/unnamed-2-2.jpg","width":1080,"height":1129},{"@type":"BreadcrumbList","@id":"https:\/\/periodicocentroccidente.com\/?p=7228#breadcrumb","itemListElement":[{"@type":"ListItem","position":1,"name":"Portada","item":"https:\/\/periodicocentroccidente.com\/"},{"@type":"ListItem","position":2,"name":"Funeraria Servicios Especiales La Corteza anuncia servicio de cremaci\u00f3n en Guanare"}]},{"@type":"WebSite","@id":"https:\/\/periodicocentroccidente.com\/#website","url":"https:\/\/periodicocentroccidente.com\/","name":"","description":"Periodismo serio y responsable","potentialAction":[{"@type":"SearchAction","target":{"@type":"EntryPoint","urlTemplate":"https:\/\/periodicocentroccidente.com\/?s={search_term_string}"},"query-input":{"@type":"PropertyValueSpecification","valueRequired":true,"valueName":"search_term_string"}}],"inLanguage":"es"},{"@type":"Person","@id":"https:\/\/periodicocentroccidente.com\/#\/schema\/person\/f4e4a651098f3db198244657b7130e7e","name":"Ricardo","image":{"@type":"ImageObject","inLanguage":"es","@id":"https:\/\/periodicocentroccidente.com\/#\/schema\/person\/image\/","url":"https:\/\/secure.gravatar.com\/avatar\/402e6137108ec0fdaa7809184382fb1dd2f8b00264c1d945d341f2b8f90db429?s=96&d=mm&r=g","contentUrl":"https:\/\/secure.gravatar.com\/avatar\/402e6137108ec0fdaa7809184382fb1dd2f8b00264c1d945d341f2b8f90db429?s=96&d=mm&r=g","caption":"Ricardo"},"url":"https:\/\/periodicocentroccidente.com\/?author=2"}]}},"jetpack_featured_media_url":"https:\/\/periodicocentroccidente.com\/wp-content\/uploads\/2026\/04\/unnamed-2-2.jpg","jetpack_sharing_enabled":true,"jetpack-related-posts":[],"_links":{"self":[{"href":"https:\/\/periodicocentroccidente.com\/index.php?rest_route=\/wp\/v2\/posts\/7228","targetHints":{"allow":["GET"]}}],"collection":[{"href":"https:\/\/periodicocentroccidente.com\/index.php?rest_route=\/wp\/v2\/posts"}],"about":[{"href":"https:\/\/periodicocentroccidente.com\/index.php?rest_route=\/wp\/v2\/types\/post"}],"author":[{"embeddable":true,"href":"https:\/\/periodicocentroccidente.com\/index.php?rest_route=\/wp\/v2\/users\/2"}],"replies":[{"embeddable":true,"href":"https:\/\/periodicocentroccidente.com\/index.php?rest_route=%2Fwp%2Fv2%2Fcomments&post=7228"}],"version-history":[{"count":1,"href":"https:\/\/periodicocentroccidente.com\/index.php?rest_route=\/wp\/v2\/posts\/7228\/revisions"}],"predecessor-version":[{"id":7230,"href":"https:\/\/periodicocentroccidente.com\/index.php?rest_route=\/wp\/v2\/posts\/7228\/revisions\/7230"}],"wp:featuredmedia":[{"embeddable":true,"href":"https:\/\/periodicocentroccidente.com\/index.php?rest_route=\/wp\/v2\/media\/7229"}],"wp:attachment":[{"href":"https:\/\/periodicocentroccidente.com\/index.php?rest_route=%2Fwp%2Fv2%2Fmedia&parent=7228"}],"wp:term":[{"taxonomy":"category","embeddable":true,"href":"https:\/\/periodicocentroccidente.com\/index.php?rest_route=%2Fwp%2Fv2%2Fcategories&post=7228"},{"taxonomy":"post_tag","embeddable":true,"href":"https:\/\/periodicocentroccidente.com\/index.php?rest_route=%2Fwp%2Fv2%2Ftags&post=7228"}],"curies":[{"name":"wp","href":"https:\/\/api.w.org\/{rel}","templated":true}]}}