{"id":7224,"date":"2026-04-23T20:50:11","date_gmt":"2026-04-23T20:50:11","guid":{"rendered":"https:\/\/periodicocentroccidente.com\/?p=7224"},"modified":"2026-04-23T20:50:11","modified_gmt":"2026-04-23T20:50:11","slug":"euforia-en-el-vigia-habitantes-recibieron-la-copa-del-clasico-mundial-de-beisbol","status":"publish","type":"post","link":"https:\/\/periodicocentroccidente.com\/?p=7224","title":{"rendered":"Euforia en El Vig\u00eda: Habitantes recibieron la Copa del Cl\u00e1sico Mundial de B\u00e9isbol"},"content":{"rendered":"<p><strong>Especial.-<\/strong><\/p>\n<p>En un ambiente de fiesta y orgullo nacional, la caravana que transporta el trofeo del Cl\u00e1sico Mundial de B\u00e9isbol arrib\u00f3 este mi\u00e9rcoles a El Vig\u00eda, permitiendo que la fanaticada local celebrara de cerca el hist\u00f3rico campeonato obtenido por nuestra selecci\u00f3n.<\/p>\n<p><strong>Un despliegue de seguridad y civismo<\/strong><br \/>\n\u200bDesde su salida en la poblaci\u00f3n de La Tendida, estado T\u00e1chira, el recorrido estuvo custodiado por diversos organismos de seguridad, garantizando el orden hasta su llegada a la emblem\u00e1tica Plaza Bol\u00edvar del municipio Alberto Adriani.<\/p>\n<p><strong>Pueblo y academia unidos por el deporte<\/strong><br \/>\n\u200b \u200bEl centro de la ciudad se convirti\u00f3 en el epicentro de la alegr\u00eda. Ciudadanos de todas las edades se congregaron para ser testigos del paso del trofeo. La jornada cont\u00f3 con un notable despliegue cultural y educativo, destacando la participaci\u00f3n de:<br \/>\n\u200b \u200b \u200bBanda Show del Colegio Santa Teresita: Quienes pusieron el ritmo al paso de la caravana.<br \/>\n\u200b\u200b\u200b\u200bGrupo de Tambor El Vig\u00eda: Aportando el toque tradicional a la celebraci\u00f3n.<br \/>\n\u200bSector Estudiantil: Representantes de la Unidad Educativa Tovar y otras instituciones locales se sumaron al recibimiento<\/p>\n<p><strong>Encuentro con la historia<\/strong><br \/>\n\u200b\u200bDurante la parada, j\u00f3venes atletas de las escuelas de b\u00e9isbol locales y dirigentes de la entidad tuvieron la oportunidad \u00fanica de posar para la fotograf\u00eda oficial con la copa, s\u00edmbolo de la gloria alcanzada en el m\u00e1ximo evento del b\u00e9isbol mundial.<\/p>\n<p><strong>\u200bRuta hacia la capital del estado<\/strong><br \/>\n\u200bTras el emotivo acto frente a la Plaza Bol\u00edvar, la caravana reinici\u00f3 su marcha por la Avenida Bol\u00edvar y el enlace vial del sector Iberia, recorriendo la Avenida Rotaria hasta llegar al peaje. El destino final de la jornada fue la ciudad de M\u00e9rida, donde las autoridades regionales y municipales aguardaban para continuar con los actos protocolares en honor a este triunfo nacional.<\/p>\n<p><strong>Luis Alonso Cede\u00f1o\/ @en2voces\u00a0<\/strong><\/p>\n<p><img loading=\"lazy\" decoding=\"async\" class=\"alignnone size-medium wp-image-7225\" src=\"https:\/\/periodicocentroccidente.com\/wp-content\/uploads\/2026\/04\/16982-300x277.jpg\" alt=\"\" width=\"300\" height=\"277\" srcset=\"https:\/\/periodicocentroccidente.com\/wp-content\/uploads\/2026\/04\/16982-300x277.jpg 300w, https:\/\/periodicocentroccidente.com\/wp-content\/uploads\/2026\/04\/16982.jpg 390w\" sizes=\"auto, (max-width: 300px) 100vw, 300px\" \/><\/p>\n","protected":false},"excerpt":{"rendered":"<p>Especial.- En un ambiente de fiesta y orgullo nacional, la caravana que transporta el trofeo del Cl&aacute;sico Mundial de B&eacute;isbol arrib&oacute; este mi&eacute;rcoles a El Vig&iacute;a, permitiendo que la fanaticada local celebrara de cerca el hist&oacute;rico campeonato obtenido por nuestra selecci&oacute;n. Un despliegue de seguridad y civismo &#8203;Desde su salida en la poblaci&oacute;n de La &hellip;<\/p>\n","protected":false},"author":2,"featured_media":7226,"comment_status":"open","ping_status":"open","sticky":false,"template":"","format":"standard","meta":{"_jetpack_memberships_contains_paid_content":false,"footnotes":""},"categories":[127],"tags":[],"class_list":["post-7224","post","type-post","status-publish","format-standard","has-post-thumbnail","hentry","category-noticias-recientes"],"yoast_head":"<!-- This site is optimized with the Yoast SEO plugin v24.8.1 - https:\/\/yoast.com\/wordpress\/plugins\/seo\/ -->\n<title>Euforia en El Vig\u00eda: Habitantes recibieron la Copa del Cl\u00e1sico Mundial de B\u00e9isbol -<\/title>\n<meta name=\"robots\" content=\"index, follow, max-snippet:-1, max-image-preview:large, max-video-preview:-1\" \/>\n<link rel=\"canonical\" href=\"https:\/\/periodicocentroccidente.com\/?p=7224\" \/>\n<meta property=\"og:locale\" content=\"es_ES\" \/>\n<meta property=\"og:type\" content=\"article\" \/>\n<meta property=\"og:title\" content=\"Euforia en El Vig\u00eda: Habitantes recibieron la Copa del Cl\u00e1sico Mundial de B\u00e9isbol -\" \/>\n<meta property=\"og:description\" content=\"Especial.- En un ambiente de fiesta y orgullo nacional, la caravana que transporta el trofeo del Cl&aacute;sico Mundial de B&eacute;isbol arrib&oacute; este mi&eacute;rcoles a El Vig&iacute;a, permitiendo que la fanaticada local celebrara de cerca el hist&oacute;rico campeonato obtenido por nuestra selecci&oacute;n. Un despliegue de seguridad y civismo &#8203;Desde su salida en la poblaci&oacute;n de La &hellip;\" \/>\n<meta property=\"og:url\" content=\"https:\/\/periodicocentroccidente.com\/?p=7224\" \/>\n<meta property=\"article:published_time\" content=\"2026-04-23T20:50:11+00:00\" \/>\n<meta property=\"og:image\" content=\"https:\/\/periodicocentroccidente.com\/wp-content\/uploads\/2026\/04\/16983.jpg\" \/>\n\t<meta property=\"og:image:width\" content=\"776\" \/>\n\t<meta property=\"og:image:height\" content=\"766\" \/>\n\t<meta property=\"og:image:type\" content=\"image\/jpeg\" \/>\n<meta name=\"author\" content=\"Ricardo\" \/>\n<meta name=\"twitter:card\" content=\"summary_large_image\" \/>\n<meta name=\"twitter:label1\" content=\"Escrito por\" \/>\n\t<meta name=\"twitter:data1\" content=\"Ricardo\" \/>\n\t<meta name=\"twitter:label2\" content=\"Tiempo de lectura\" \/>\n\t<meta name=\"twitter:data2\" content=\"2 minutos\" \/>\n<script type=\"application\/ld+json\" class=\"yoast-schema-graph\">{\"@context\":\"https:\/\/schema.org\",\"@graph\":[{\"@type\":\"WebPage\",\"@id\":\"https:\/\/periodicocentroccidente.com\/?p=7224\",\"url\":\"https:\/\/periodicocentroccidente.com\/?p=7224\",\"name\":\"Euforia en El Vig\u00eda: Habitantes recibieron la Copa del Cl\u00e1sico Mundial de B\u00e9isbol -\",\"isPartOf\":{\"@id\":\"https:\/\/periodicocentroccidente.com\/#website\"},\"primaryImageOfPage\":{\"@id\":\"https:\/\/periodicocentroccidente.com\/?p=7224#primaryimage\"},\"image\":{\"@id\":\"https:\/\/periodicocentroccidente.com\/?p=7224#primaryimage\"},\"thumbnailUrl\":\"https:\/\/periodicocentroccidente.com\/wp-content\/uploads\/2026\/04\/16983.jpg\",\"datePublished\":\"2026-04-23T20:50:11+00:00\",\"author\":{\"@id\":\"https:\/\/periodicocentroccidente.com\/#\/schema\/person\/f4e4a651098f3db198244657b7130e7e\"},\"breadcrumb\":{\"@id\":\"https:\/\/periodicocentroccidente.com\/?p=7224#breadcrumb\"},\"inLanguage\":\"es\",\"potentialAction\":[{\"@type\":\"ReadAction\",\"target\":[\"https:\/\/periodicocentroccidente.com\/?p=7224\"]}]},{\"@type\":\"ImageObject\",\"inLanguage\":\"es\",\"@id\":\"https:\/\/periodicocentroccidente.com\/?p=7224#primaryimage\",\"url\":\"https:\/\/periodicocentroccidente.com\/wp-content\/uploads\/2026\/04\/16983.jpg\",\"contentUrl\":\"https:\/\/periodicocentroccidente.com\/wp-content\/uploads\/2026\/04\/16983.jpg\",\"width\":776,\"height\":766},{\"@type\":\"BreadcrumbList\",\"@id\":\"https:\/\/periodicocentroccidente.com\/?p=7224#breadcrumb\",\"itemListElement\":[{\"@type\":\"ListItem\",\"position\":1,\"name\":\"Portada\",\"item\":\"https:\/\/periodicocentroccidente.com\/\"},{\"@type\":\"ListItem\",\"position\":2,\"name\":\"Euforia en El Vig\u00eda: Habitantes recibieron la Copa del Cl\u00e1sico Mundial de B\u00e9isbol\"}]},{\"@type\":\"WebSite\",\"@id\":\"https:\/\/periodicocentroccidente.com\/#website\",\"url\":\"https:\/\/periodicocentroccidente.com\/\",\"name\":\"\",\"description\":\"Periodismo serio y responsable\",\"potentialAction\":[{\"@type\":\"SearchAction\",\"target\":{\"@type\":\"EntryPoint\",\"urlTemplate\":\"https:\/\/periodicocentroccidente.com\/?s={search_term_string}\"},\"query-input\":{\"@type\":\"PropertyValueSpecification\",\"valueRequired\":true,\"valueName\":\"search_term_string\"}}],\"inLanguage\":\"es\"},{\"@type\":\"Person\",\"@id\":\"https:\/\/periodicocentroccidente.com\/#\/schema\/person\/f4e4a651098f3db198244657b7130e7e\",\"name\":\"Ricardo\",\"image\":{\"@type\":\"ImageObject\",\"inLanguage\":\"es\",\"@id\":\"https:\/\/periodicocentroccidente.com\/#\/schema\/person\/image\/\",\"url\":\"https:\/\/secure.gravatar.com\/avatar\/402e6137108ec0fdaa7809184382fb1dd2f8b00264c1d945d341f2b8f90db429?s=96&d=mm&r=g\",\"contentUrl\":\"https:\/\/secure.gravatar.com\/avatar\/402e6137108ec0fdaa7809184382fb1dd2f8b00264c1d945d341f2b8f90db429?s=96&d=mm&r=g\",\"caption\":\"Ricardo\"},\"url\":\"https:\/\/periodicocentroccidente.com\/?author=2\"}]}<\/script>\n<!-- \/ Yoast SEO plugin. -->","yoast_head_json":{"title":"Euforia en El Vig\u00eda: Habitantes recibieron la Copa del Cl\u00e1sico Mundial de B\u00e9isbol -","robots":{"index":"index","follow":"follow","max-snippet":"max-snippet:-1","max-image-preview":"max-image-preview:large","max-video-preview":"max-video-preview:-1"},"canonical":"https:\/\/periodicocentroccidente.com\/?p=7224","og_locale":"es_ES","og_type":"article","og_title":"Euforia en El Vig\u00eda: Habitantes recibieron la Copa del Cl\u00e1sico Mundial de B\u00e9isbol -","og_description":"Especial.- En un ambiente de fiesta y orgullo nacional, la caravana que transporta el trofeo del Cl&aacute;sico Mundial de B&eacute;isbol arrib&oacute; este mi&eacute;rcoles a El Vig&iacute;a, permitiendo que la fanaticada local celebrara de cerca el hist&oacute;rico campeonato obtenido por nuestra selecci&oacute;n. Un despliegue de seguridad y civismo &#8203;Desde su salida en la poblaci&oacute;n de La &hellip;","og_url":"https:\/\/periodicocentroccidente.com\/?p=7224","article_published_time":"2026-04-23T20:50:11+00:00","og_image":[{"width":776,"height":766,"url":"https:\/\/periodicocentroccidente.com\/wp-content\/uploads\/2026\/04\/16983.jpg","type":"image\/jpeg"}],"author":"Ricardo","twitter_card":"summary_large_image","twitter_misc":{"Escrito por":"Ricardo","Tiempo de lectura":"2 minutos"},"schema":{"@context":"https:\/\/schema.org","@graph":[{"@type":"WebPage","@id":"https:\/\/periodicocentroccidente.com\/?p=7224","url":"https:\/\/periodicocentroccidente.com\/?p=7224","name":"Euforia en El Vig\u00eda: Habitantes recibieron la Copa del Cl\u00e1sico Mundial de B\u00e9isbol -","isPartOf":{"@id":"https:\/\/periodicocentroccidente.com\/#website"},"primaryImageOfPage":{"@id":"https:\/\/periodicocentroccidente.com\/?p=7224#primaryimage"},"image":{"@id":"https:\/\/periodicocentroccidente.com\/?p=7224#primaryimage"},"thumbnailUrl":"https:\/\/periodicocentroccidente.com\/wp-content\/uploads\/2026\/04\/16983.jpg","datePublished":"2026-04-23T20:50:11+00:00","author":{"@id":"https:\/\/periodicocentroccidente.com\/#\/schema\/person\/f4e4a651098f3db198244657b7130e7e"},"breadcrumb":{"@id":"https:\/\/periodicocentroccidente.com\/?p=7224#breadcrumb"},"inLanguage":"es","potentialAction":[{"@type":"ReadAction","target":["https:\/\/periodicocentroccidente.com\/?p=7224"]}]},{"@type":"ImageObject","inLanguage":"es","@id":"https:\/\/periodicocentroccidente.com\/?p=7224#primaryimage","url":"https:\/\/periodicocentroccidente.com\/wp-content\/uploads\/2026\/04\/16983.jpg","contentUrl":"https:\/\/periodicocentroccidente.com\/wp-content\/uploads\/2026\/04\/16983.jpg","width":776,"height":766},{"@type":"BreadcrumbList","@id":"https:\/\/periodicocentroccidente.com\/?p=7224#breadcrumb","itemListElement":[{"@type":"ListItem","position":1,"name":"Portada","item":"https:\/\/periodicocentroccidente.com\/"},{"@type":"ListItem","position":2,"name":"Euforia en El Vig\u00eda: Habitantes recibieron la Copa del Cl\u00e1sico Mundial de B\u00e9isbol"}]},{"@type":"WebSite","@id":"https:\/\/periodicocentroccidente.com\/#website","url":"https:\/\/periodicocentroccidente.com\/","name":"","description":"Periodismo serio y responsable","potentialAction":[{"@type":"SearchAction","target":{"@type":"EntryPoint","urlTemplate":"https:\/\/periodicocentroccidente.com\/?s={search_term_string}"},"query-input":{"@type":"PropertyValueSpecification","valueRequired":true,"valueName":"search_term_string"}}],"inLanguage":"es"},{"@type":"Person","@id":"https:\/\/periodicocentroccidente.com\/#\/schema\/person\/f4e4a651098f3db198244657b7130e7e","name":"Ricardo","image":{"@type":"ImageObject","inLanguage":"es","@id":"https:\/\/periodicocentroccidente.com\/#\/schema\/person\/image\/","url":"https:\/\/secure.gravatar.com\/avatar\/402e6137108ec0fdaa7809184382fb1dd2f8b00264c1d945d341f2b8f90db429?s=96&d=mm&r=g","contentUrl":"https:\/\/secure.gravatar.com\/avatar\/402e6137108ec0fdaa7809184382fb1dd2f8b00264c1d945d341f2b8f90db429?s=96&d=mm&r=g","caption":"Ricardo"},"url":"https:\/\/periodicocentroccidente.com\/?author=2"}]}},"jetpack_featured_media_url":"https:\/\/periodicocentroccidente.com\/wp-content\/uploads\/2026\/04\/16983.jpg","jetpack_sharing_enabled":true,"jetpack-related-posts":[],"_links":{"self":[{"href":"https:\/\/periodicocentroccidente.com\/index.php?rest_route=\/wp\/v2\/posts\/7224","targetHints":{"allow":["GET"]}}],"collection":[{"href":"https:\/\/periodicocentroccidente.com\/index.php?rest_route=\/wp\/v2\/posts"}],"about":[{"href":"https:\/\/periodicocentroccidente.com\/index.php?rest_route=\/wp\/v2\/types\/post"}],"author":[{"embeddable":true,"href":"https:\/\/periodicocentroccidente.com\/index.php?rest_route=\/wp\/v2\/users\/2"}],"replies":[{"embeddable":true,"href":"https:\/\/periodicocentroccidente.com\/index.php?rest_route=%2Fwp%2Fv2%2Fcomments&post=7224"}],"version-history":[{"count":1,"href":"https:\/\/periodicocentroccidente.com\/index.php?rest_route=\/wp\/v2\/posts\/7224\/revisions"}],"predecessor-version":[{"id":7227,"href":"https:\/\/periodicocentroccidente.com\/index.php?rest_route=\/wp\/v2\/posts\/7224\/revisions\/7227"}],"wp:featuredmedia":[{"embeddable":true,"href":"https:\/\/periodicocentroccidente.com\/index.php?rest_route=\/wp\/v2\/media\/7226"}],"wp:attachment":[{"href":"https:\/\/periodicocentroccidente.com\/index.php?rest_route=%2Fwp%2Fv2%2Fmedia&parent=7224"}],"wp:term":[{"taxonomy":"category","embeddable":true,"href":"https:\/\/periodicocentroccidente.com\/index.php?rest_route=%2Fwp%2Fv2%2Fcategories&post=7224"},{"taxonomy":"post_tag","embeddable":true,"href":"https:\/\/periodicocentroccidente.com\/index.php?rest_route=%2Fwp%2Fv2%2Ftags&post=7224"}],"curies":[{"name":"wp","href":"https:\/\/api.w.org\/{rel}","templated":true}]}}