{"id":7180,"date":"2026-04-21T23:48:06","date_gmt":"2026-04-21T23:48:06","guid":{"rendered":"https:\/\/periodicocentroccidente.com\/?p=7180"},"modified":"2026-04-21T23:48:06","modified_gmt":"2026-04-21T23:48:06","slug":"detienen-a-dos-hermanos-que-se-fueron-a-los-golpes-en-biscucuy","status":"publish","type":"post","link":"https:\/\/periodicocentroccidente.com\/?p=7180","title":{"rendered":"Detienen a dos hermanos que se fueron a los golpes en Biscucuy"},"content":{"rendered":"<p><strong>Especial.-<\/strong><\/p>\n<div dir=\"auto\">Durante el desarrollo de los operativos de vigilancia y patrullaje preventivo, funcionarios del Cuerpo de Polic\u00eda del Estado Portuguesa (CPEP) realizaron la aprehensi\u00f3n en flagrancia de los ciudadanos Luis R. P\u00e9rez M. (52 a\u00f1os) y Carlos L. P\u00e9rez M. (49 a\u00f1os), quienes protagonizaron una pelea f\u00edsica en la parroquia Biscucuy.<\/div>\n<div dir=\"auto\"><\/div>\n<div dir=\"auto\">La detenci\u00f3n se llev\u00f3 a cabo pasadas las 12:00am de este martes, 21 de abril, en el sector Vega del Cobre, espec\u00edficamente en el callej\u00f3n Los Crespos del municipio Sucre. Los uniformados, al percatarse de la situaci\u00f3n, intervinieron de inmediato para detener el altercado.<\/div>\n<div dir=\"auto\"><\/div>\n<div dir=\"auto\">Los sujetos fueron trasladados a la sede del Centro de Coordinaci\u00f3n Policial N\u00b0 06 para el registro de ley, puesto que incurrieron en el delito de ri\u00f1a rec\u00edproca y el caso ha sido puesto a la orden de la Fiscal\u00eda D\u00e9cima del Ministerio P\u00fablico, instancia encargada de determinar las responsabilidades penales correspondientes.<\/div>\n<div dir=\"auto\"><\/div>\n<div dir=\"auto\"><strong>Fuente: CPEP<\/strong><\/div>\n<div dir=\"auto\"><strong>R: M. Far\u00eda CNP. 19087<\/strong><\/div>\n","protected":false},"excerpt":{"rendered":"<p>Especial.- Durante el desarrollo de los operativos de vigilancia y patrullaje preventivo, funcionarios del Cuerpo de Polic&iacute;a del Estado Portuguesa (CPEP) realizaron la aprehensi&oacute;n en flagrancia de los ciudadanos Luis R. P&eacute;rez M. (52 a&ntilde;os) y Carlos L. P&eacute;rez M. (49 a&ntilde;os), quienes protagonizaron una pelea f&iacute;sica en la parroquia Biscucuy. La detenci&oacute;n se llev&oacute; &hellip;<\/p>\n","protected":false},"author":2,"featured_media":7181,"comment_status":"open","ping_status":"open","sticky":false,"template":"","format":"standard","meta":{"_jetpack_memberships_contains_paid_content":false,"footnotes":""},"categories":[127],"tags":[],"class_list":["post-7180","post","type-post","status-publish","format-standard","has-post-thumbnail","hentry","category-noticias-recientes"],"yoast_head":"<!-- This site is optimized with the Yoast SEO plugin v24.8.1 - https:\/\/yoast.com\/wordpress\/plugins\/seo\/ -->\n<title>Detienen a dos hermanos que se fueron a los golpes en Biscucuy -<\/title>\n<meta name=\"robots\" content=\"index, follow, max-snippet:-1, max-image-preview:large, max-video-preview:-1\" \/>\n<link rel=\"canonical\" href=\"https:\/\/periodicocentroccidente.com\/?p=7180\" \/>\n<meta property=\"og:locale\" content=\"es_ES\" \/>\n<meta property=\"og:type\" content=\"article\" \/>\n<meta property=\"og:title\" content=\"Detienen a dos hermanos que se fueron a los golpes en Biscucuy -\" \/>\n<meta property=\"og:description\" content=\"Especial.- Durante el desarrollo de los operativos de vigilancia y patrullaje preventivo, funcionarios del Cuerpo de Polic&iacute;a del Estado Portuguesa (CPEP) realizaron la aprehensi&oacute;n en flagrancia de los ciudadanos Luis R. P&eacute;rez M. (52 a&ntilde;os) y Carlos L. P&eacute;rez M. (49 a&ntilde;os), quienes protagonizaron una pelea f&iacute;sica en la parroquia Biscucuy. La detenci&oacute;n se llev&oacute; &hellip;\" \/>\n<meta property=\"og:url\" content=\"https:\/\/periodicocentroccidente.com\/?p=7180\" \/>\n<meta property=\"article:published_time\" content=\"2026-04-21T23:48:06+00:00\" \/>\n<meta property=\"og:image\" content=\"https:\/\/periodicocentroccidente.com\/wp-content\/uploads\/2026\/04\/unnamed-7.jpg\" \/>\n\t<meta property=\"og:image:width\" content=\"2205\" \/>\n\t<meta property=\"og:image:height\" content=\"2560\" \/>\n\t<meta property=\"og:image:type\" content=\"image\/jpeg\" \/>\n<meta name=\"author\" content=\"Ricardo\" \/>\n<meta name=\"twitter:card\" content=\"summary_large_image\" \/>\n<meta name=\"twitter:label1\" content=\"Escrito por\" \/>\n\t<meta name=\"twitter:data1\" content=\"Ricardo\" \/>\n\t<meta name=\"twitter:label2\" content=\"Tiempo de lectura\" \/>\n\t<meta name=\"twitter:data2\" content=\"1 minuto\" \/>\n<script type=\"application\/ld+json\" class=\"yoast-schema-graph\">{\"@context\":\"https:\/\/schema.org\",\"@graph\":[{\"@type\":\"WebPage\",\"@id\":\"https:\/\/periodicocentroccidente.com\/?p=7180\",\"url\":\"https:\/\/periodicocentroccidente.com\/?p=7180\",\"name\":\"Detienen a dos hermanos que se fueron a los golpes en Biscucuy -\",\"isPartOf\":{\"@id\":\"https:\/\/periodicocentroccidente.com\/#website\"},\"primaryImageOfPage\":{\"@id\":\"https:\/\/periodicocentroccidente.com\/?p=7180#primaryimage\"},\"image\":{\"@id\":\"https:\/\/periodicocentroccidente.com\/?p=7180#primaryimage\"},\"thumbnailUrl\":\"https:\/\/periodicocentroccidente.com\/wp-content\/uploads\/2026\/04\/unnamed-7.jpg\",\"datePublished\":\"2026-04-21T23:48:06+00:00\",\"author\":{\"@id\":\"https:\/\/periodicocentroccidente.com\/#\/schema\/person\/f4e4a651098f3db198244657b7130e7e\"},\"breadcrumb\":{\"@id\":\"https:\/\/periodicocentroccidente.com\/?p=7180#breadcrumb\"},\"inLanguage\":\"es\",\"potentialAction\":[{\"@type\":\"ReadAction\",\"target\":[\"https:\/\/periodicocentroccidente.com\/?p=7180\"]}]},{\"@type\":\"ImageObject\",\"inLanguage\":\"es\",\"@id\":\"https:\/\/periodicocentroccidente.com\/?p=7180#primaryimage\",\"url\":\"https:\/\/periodicocentroccidente.com\/wp-content\/uploads\/2026\/04\/unnamed-7.jpg\",\"contentUrl\":\"https:\/\/periodicocentroccidente.com\/wp-content\/uploads\/2026\/04\/unnamed-7.jpg\",\"width\":2205,\"height\":2560},{\"@type\":\"BreadcrumbList\",\"@id\":\"https:\/\/periodicocentroccidente.com\/?p=7180#breadcrumb\",\"itemListElement\":[{\"@type\":\"ListItem\",\"position\":1,\"name\":\"Portada\",\"item\":\"https:\/\/periodicocentroccidente.com\/\"},{\"@type\":\"ListItem\",\"position\":2,\"name\":\"Detienen a dos hermanos que se fueron a los golpes en Biscucuy\"}]},{\"@type\":\"WebSite\",\"@id\":\"https:\/\/periodicocentroccidente.com\/#website\",\"url\":\"https:\/\/periodicocentroccidente.com\/\",\"name\":\"\",\"description\":\"Periodismo serio y responsable\",\"potentialAction\":[{\"@type\":\"SearchAction\",\"target\":{\"@type\":\"EntryPoint\",\"urlTemplate\":\"https:\/\/periodicocentroccidente.com\/?s={search_term_string}\"},\"query-input\":{\"@type\":\"PropertyValueSpecification\",\"valueRequired\":true,\"valueName\":\"search_term_string\"}}],\"inLanguage\":\"es\"},{\"@type\":\"Person\",\"@id\":\"https:\/\/periodicocentroccidente.com\/#\/schema\/person\/f4e4a651098f3db198244657b7130e7e\",\"name\":\"Ricardo\",\"image\":{\"@type\":\"ImageObject\",\"inLanguage\":\"es\",\"@id\":\"https:\/\/periodicocentroccidente.com\/#\/schema\/person\/image\/\",\"url\":\"https:\/\/secure.gravatar.com\/avatar\/402e6137108ec0fdaa7809184382fb1dd2f8b00264c1d945d341f2b8f90db429?s=96&d=mm&r=g\",\"contentUrl\":\"https:\/\/secure.gravatar.com\/avatar\/402e6137108ec0fdaa7809184382fb1dd2f8b00264c1d945d341f2b8f90db429?s=96&d=mm&r=g\",\"caption\":\"Ricardo\"},\"url\":\"https:\/\/periodicocentroccidente.com\/?author=2\"}]}<\/script>\n<!-- \/ Yoast SEO plugin. -->","yoast_head_json":{"title":"Detienen a dos hermanos que se fueron a los golpes en Biscucuy -","robots":{"index":"index","follow":"follow","max-snippet":"max-snippet:-1","max-image-preview":"max-image-preview:large","max-video-preview":"max-video-preview:-1"},"canonical":"https:\/\/periodicocentroccidente.com\/?p=7180","og_locale":"es_ES","og_type":"article","og_title":"Detienen a dos hermanos que se fueron a los golpes en Biscucuy -","og_description":"Especial.- Durante el desarrollo de los operativos de vigilancia y patrullaje preventivo, funcionarios del Cuerpo de Polic&iacute;a del Estado Portuguesa (CPEP) realizaron la aprehensi&oacute;n en flagrancia de los ciudadanos Luis R. P&eacute;rez M. (52 a&ntilde;os) y Carlos L. P&eacute;rez M. (49 a&ntilde;os), quienes protagonizaron una pelea f&iacute;sica en la parroquia Biscucuy. La detenci&oacute;n se llev&oacute; &hellip;","og_url":"https:\/\/periodicocentroccidente.com\/?p=7180","article_published_time":"2026-04-21T23:48:06+00:00","og_image":[{"width":2205,"height":2560,"url":"https:\/\/periodicocentroccidente.com\/wp-content\/uploads\/2026\/04\/unnamed-7.jpg","type":"image\/jpeg"}],"author":"Ricardo","twitter_card":"summary_large_image","twitter_misc":{"Escrito por":"Ricardo","Tiempo de lectura":"1 minuto"},"schema":{"@context":"https:\/\/schema.org","@graph":[{"@type":"WebPage","@id":"https:\/\/periodicocentroccidente.com\/?p=7180","url":"https:\/\/periodicocentroccidente.com\/?p=7180","name":"Detienen a dos hermanos que se fueron a los golpes en Biscucuy -","isPartOf":{"@id":"https:\/\/periodicocentroccidente.com\/#website"},"primaryImageOfPage":{"@id":"https:\/\/periodicocentroccidente.com\/?p=7180#primaryimage"},"image":{"@id":"https:\/\/periodicocentroccidente.com\/?p=7180#primaryimage"},"thumbnailUrl":"https:\/\/periodicocentroccidente.com\/wp-content\/uploads\/2026\/04\/unnamed-7.jpg","datePublished":"2026-04-21T23:48:06+00:00","author":{"@id":"https:\/\/periodicocentroccidente.com\/#\/schema\/person\/f4e4a651098f3db198244657b7130e7e"},"breadcrumb":{"@id":"https:\/\/periodicocentroccidente.com\/?p=7180#breadcrumb"},"inLanguage":"es","potentialAction":[{"@type":"ReadAction","target":["https:\/\/periodicocentroccidente.com\/?p=7180"]}]},{"@type":"ImageObject","inLanguage":"es","@id":"https:\/\/periodicocentroccidente.com\/?p=7180#primaryimage","url":"https:\/\/periodicocentroccidente.com\/wp-content\/uploads\/2026\/04\/unnamed-7.jpg","contentUrl":"https:\/\/periodicocentroccidente.com\/wp-content\/uploads\/2026\/04\/unnamed-7.jpg","width":2205,"height":2560},{"@type":"BreadcrumbList","@id":"https:\/\/periodicocentroccidente.com\/?p=7180#breadcrumb","itemListElement":[{"@type":"ListItem","position":1,"name":"Portada","item":"https:\/\/periodicocentroccidente.com\/"},{"@type":"ListItem","position":2,"name":"Detienen a dos hermanos que se fueron a los golpes en Biscucuy"}]},{"@type":"WebSite","@id":"https:\/\/periodicocentroccidente.com\/#website","url":"https:\/\/periodicocentroccidente.com\/","name":"","description":"Periodismo serio y responsable","potentialAction":[{"@type":"SearchAction","target":{"@type":"EntryPoint","urlTemplate":"https:\/\/periodicocentroccidente.com\/?s={search_term_string}"},"query-input":{"@type":"PropertyValueSpecification","valueRequired":true,"valueName":"search_term_string"}}],"inLanguage":"es"},{"@type":"Person","@id":"https:\/\/periodicocentroccidente.com\/#\/schema\/person\/f4e4a651098f3db198244657b7130e7e","name":"Ricardo","image":{"@type":"ImageObject","inLanguage":"es","@id":"https:\/\/periodicocentroccidente.com\/#\/schema\/person\/image\/","url":"https:\/\/secure.gravatar.com\/avatar\/402e6137108ec0fdaa7809184382fb1dd2f8b00264c1d945d341f2b8f90db429?s=96&d=mm&r=g","contentUrl":"https:\/\/secure.gravatar.com\/avatar\/402e6137108ec0fdaa7809184382fb1dd2f8b00264c1d945d341f2b8f90db429?s=96&d=mm&r=g","caption":"Ricardo"},"url":"https:\/\/periodicocentroccidente.com\/?author=2"}]}},"jetpack_featured_media_url":"https:\/\/periodicocentroccidente.com\/wp-content\/uploads\/2026\/04\/unnamed-7.jpg","jetpack_sharing_enabled":true,"jetpack-related-posts":[],"_links":{"self":[{"href":"https:\/\/periodicocentroccidente.com\/index.php?rest_route=\/wp\/v2\/posts\/7180","targetHints":{"allow":["GET"]}}],"collection":[{"href":"https:\/\/periodicocentroccidente.com\/index.php?rest_route=\/wp\/v2\/posts"}],"about":[{"href":"https:\/\/periodicocentroccidente.com\/index.php?rest_route=\/wp\/v2\/types\/post"}],"author":[{"embeddable":true,"href":"https:\/\/periodicocentroccidente.com\/index.php?rest_route=\/wp\/v2\/users\/2"}],"replies":[{"embeddable":true,"href":"https:\/\/periodicocentroccidente.com\/index.php?rest_route=%2Fwp%2Fv2%2Fcomments&post=7180"}],"version-history":[{"count":1,"href":"https:\/\/periodicocentroccidente.com\/index.php?rest_route=\/wp\/v2\/posts\/7180\/revisions"}],"predecessor-version":[{"id":7182,"href":"https:\/\/periodicocentroccidente.com\/index.php?rest_route=\/wp\/v2\/posts\/7180\/revisions\/7182"}],"wp:featuredmedia":[{"embeddable":true,"href":"https:\/\/periodicocentroccidente.com\/index.php?rest_route=\/wp\/v2\/media\/7181"}],"wp:attachment":[{"href":"https:\/\/periodicocentroccidente.com\/index.php?rest_route=%2Fwp%2Fv2%2Fmedia&parent=7180"}],"wp:term":[{"taxonomy":"category","embeddable":true,"href":"https:\/\/periodicocentroccidente.com\/index.php?rest_route=%2Fwp%2Fv2%2Fcategories&post=7180"},{"taxonomy":"post_tag","embeddable":true,"href":"https:\/\/periodicocentroccidente.com\/index.php?rest_route=%2Fwp%2Fv2%2Ftags&post=7180"}],"curies":[{"name":"wp","href":"https:\/\/api.w.org\/{rel}","templated":true}]}}