{"id":7112,"date":"2026-04-18T15:30:49","date_gmt":"2026-04-18T15:30:49","guid":{"rendered":"https:\/\/periodicocentroccidente.com\/?p=7112"},"modified":"2026-04-18T15:30:49","modified_gmt":"2026-04-18T15:30:49","slug":"trabajadores-bajo-la-lluvia-insisten-en-sus-reclamos-de-salarios-justos","status":"publish","type":"post","link":"https:\/\/periodicocentroccidente.com\/?p=7112","title":{"rendered":"Trabajadores bajo la lluvia insisten en sus reclamos de salarios justos"},"content":{"rendered":"<p><strong>Especial.-<\/strong><\/p>\n<p>La intensa lluvia de este recientemente pasado jueves 16 de abril no fue obst\u00e1culo alguno para que los\u00a0trabajadores de la administraci\u00f3n p\u00fablica activos, jubilados y pensionados, salieran nuevamente a la calle en la ciudad de Guanare, capital del estado Portuguesa, en sus reclamos por salarios justos y dignos, tal como lo manda el art\u00edculo 91 de la Constituci\u00f3n de la Rep\u00fablica Bolivariana de Venezuela, seg\u00fan lo refirieron los voceros de la actividad.<\/p>\n<p>Desde la avenida \u201cSucre\u201d se inici\u00f3 la marcha-protesta por la carrera 5ta de esta capital coromotana, donde los trabajadores, principalmente pertenecientes al sector educativo y de salud, reiteraron que no pueden continuar devengando un salario de hambre y estar privados de beneficios m\u00e9dicos-sociales de calidad que anteriormente les prestaba el Instituto de Previsi\u00f3n y Asistencia Social del Ministerio de Educaci\u00f3n (IPASME).<\/p>\n<p>\u201cQueremos salarios justos y dignos, tal como lo se\u00f1ala el art\u00edculo 91 de la Constituci\u00f3n de Venezuela, donde adem\u00e1s se refleja que debe ser ajustado al mismo costo de la canasta b\u00e1sica venezolana, que en los actuales momentos est\u00e1, seg\u00fan las \u00faltimas estimaciones, en 645,67 d\u00f3lares, es decir, 251.809,75 bol\u00edvares, cuya brecha con los 130 bol\u00edvares mensuales que es el salario m\u00ednimo congelado desde hace cuatro a\u00f1os, es una barbaridad\u201d, resalt\u00f3 el profesor Alberto G\u00f3mez.<\/p>\n<p>Los educadores exigen eliminaci\u00f3n del Memor\u00e1ndum 2792,\u00a0que desconoce los intereses de los trabajadores de la administraci\u00f3n p\u00fablica, buscando esquivar la obligaci\u00f3n de las prestaciones sociales y otros beneficios contractuales.<\/p>\n<p>Igualmente solicitan se derogue todo lo referente a las instrucciones de la Oficina Nacional de Planificaci\u00f3n y Presupuesto (ONAPRE) por\u00a0atentar contra la estabilidad de los trabajadores y de sus respectivos n\u00facleos familiares, ante cuyas ordenanzas han sido condenados a padecer calamidades y estar privados de beneficios econ\u00f3micos que percib\u00edan por v\u00eda de primas y bonos, entre otros.<\/p>\n<p>Es de hacer notar que este tipo de protesta se llev\u00f3 a cabo simult\u00e1neamente en todo el pa\u00eds, destac\u00e1ndose que en la ciudad de Caracas los trabajadores lograron consignar ante la representaci\u00f3n de la embajada de Estados Unidos en Venezuela un documento exigiendo aumento de salarios de inmediato, y que adem\u00e1s se ejerza presi\u00f3n para un proceso de transici\u00f3n real hacia la democracia, con elecciones libres y transparentes.-<\/p>\n<p><strong>VIA <a href=\"mailto:eliasdiaz20019@gmail.com\">eliasdiaz20019@gmail.com<\/a><\/strong><\/p>\n<p><img loading=\"lazy\" decoding=\"async\" class=\"alignnone size-medium wp-image-7113\" src=\"https:\/\/periodicocentroccidente.com\/wp-content\/uploads\/2026\/04\/1-5-4-300x222.jpg\" alt=\"\" width=\"300\" height=\"222\" srcset=\"https:\/\/periodicocentroccidente.com\/wp-content\/uploads\/2026\/04\/1-5-4-300x222.jpg 300w, https:\/\/periodicocentroccidente.com\/wp-content\/uploads\/2026\/04\/1-5-4-768x568.jpg 768w, https:\/\/periodicocentroccidente.com\/wp-content\/uploads\/2026\/04\/1-5-4.jpg 821w\" sizes=\"auto, (max-width: 300px) 100vw, 300px\" \/><\/p>\n","protected":false},"excerpt":{"rendered":"<p>Especial.- La intensa lluvia de este recientemente pasado jueves 16 de abril no fue obst&aacute;culo alguno para que los&nbsp;trabajadores de la administraci&oacute;n p&uacute;blica activos, jubilados y pensionados, salieran nuevamente a la calle en la ciudad de Guanare, capital del estado Portuguesa, en sus reclamos por salarios justos y dignos, tal como lo manda el art&iacute;culo &hellip;<\/p>\n","protected":false},"author":2,"featured_media":7114,"comment_status":"open","ping_status":"open","sticky":false,"template":"","format":"standard","meta":{"_jetpack_memberships_contains_paid_content":false,"footnotes":""},"categories":[127],"tags":[],"class_list":["post-7112","post","type-post","status-publish","format-standard","has-post-thumbnail","hentry","category-noticias-recientes"],"yoast_head":"<!-- This site is optimized with the Yoast SEO plugin v24.8.1 - https:\/\/yoast.com\/wordpress\/plugins\/seo\/ -->\n<title>Trabajadores bajo la lluvia insisten en sus reclamos de salarios justos -<\/title>\n<meta name=\"robots\" content=\"index, follow, max-snippet:-1, max-image-preview:large, max-video-preview:-1\" \/>\n<link rel=\"canonical\" href=\"https:\/\/periodicocentroccidente.com\/?p=7112\" \/>\n<meta property=\"og:locale\" content=\"es_ES\" \/>\n<meta property=\"og:type\" content=\"article\" \/>\n<meta property=\"og:title\" content=\"Trabajadores bajo la lluvia insisten en sus reclamos de salarios justos -\" \/>\n<meta property=\"og:description\" content=\"Especial.- La intensa lluvia de este recientemente pasado jueves 16 de abril no fue obst&aacute;culo alguno para que los&nbsp;trabajadores de la administraci&oacute;n p&uacute;blica activos, jubilados y pensionados, salieran nuevamente a la calle en la ciudad de Guanare, capital del estado Portuguesa, en sus reclamos por salarios justos y dignos, tal como lo manda el art&iacute;culo &hellip;\" \/>\n<meta property=\"og:url\" content=\"https:\/\/periodicocentroccidente.com\/?p=7112\" \/>\n<meta property=\"article:published_time\" content=\"2026-04-18T15:30:49+00:00\" \/>\n<meta property=\"og:image\" content=\"https:\/\/periodicocentroccidente.com\/wp-content\/uploads\/2026\/04\/2-1-2.png\" \/>\n\t<meta property=\"og:image:width\" content=\"902\" \/>\n\t<meta property=\"og:image:height\" content=\"605\" \/>\n\t<meta property=\"og:image:type\" content=\"image\/png\" \/>\n<meta name=\"author\" content=\"Ricardo\" \/>\n<meta name=\"twitter:card\" content=\"summary_large_image\" \/>\n<meta name=\"twitter:label1\" content=\"Escrito por\" \/>\n\t<meta name=\"twitter:data1\" content=\"Ricardo\" \/>\n\t<meta name=\"twitter:label2\" content=\"Tiempo de lectura\" \/>\n\t<meta name=\"twitter:data2\" content=\"3 minutos\" \/>\n<script type=\"application\/ld+json\" class=\"yoast-schema-graph\">{\"@context\":\"https:\/\/schema.org\",\"@graph\":[{\"@type\":\"WebPage\",\"@id\":\"https:\/\/periodicocentroccidente.com\/?p=7112\",\"url\":\"https:\/\/periodicocentroccidente.com\/?p=7112\",\"name\":\"Trabajadores bajo la lluvia insisten en sus reclamos de salarios justos -\",\"isPartOf\":{\"@id\":\"https:\/\/periodicocentroccidente.com\/#website\"},\"primaryImageOfPage\":{\"@id\":\"https:\/\/periodicocentroccidente.com\/?p=7112#primaryimage\"},\"image\":{\"@id\":\"https:\/\/periodicocentroccidente.com\/?p=7112#primaryimage\"},\"thumbnailUrl\":\"https:\/\/periodicocentroccidente.com\/wp-content\/uploads\/2026\/04\/2-1-2.png\",\"datePublished\":\"2026-04-18T15:30:49+00:00\",\"author\":{\"@id\":\"https:\/\/periodicocentroccidente.com\/#\/schema\/person\/f4e4a651098f3db198244657b7130e7e\"},\"breadcrumb\":{\"@id\":\"https:\/\/periodicocentroccidente.com\/?p=7112#breadcrumb\"},\"inLanguage\":\"es\",\"potentialAction\":[{\"@type\":\"ReadAction\",\"target\":[\"https:\/\/periodicocentroccidente.com\/?p=7112\"]}]},{\"@type\":\"ImageObject\",\"inLanguage\":\"es\",\"@id\":\"https:\/\/periodicocentroccidente.com\/?p=7112#primaryimage\",\"url\":\"https:\/\/periodicocentroccidente.com\/wp-content\/uploads\/2026\/04\/2-1-2.png\",\"contentUrl\":\"https:\/\/periodicocentroccidente.com\/wp-content\/uploads\/2026\/04\/2-1-2.png\",\"width\":902,\"height\":605},{\"@type\":\"BreadcrumbList\",\"@id\":\"https:\/\/periodicocentroccidente.com\/?p=7112#breadcrumb\",\"itemListElement\":[{\"@type\":\"ListItem\",\"position\":1,\"name\":\"Portada\",\"item\":\"https:\/\/periodicocentroccidente.com\/\"},{\"@type\":\"ListItem\",\"position\":2,\"name\":\"Trabajadores bajo la lluvia insisten en sus reclamos de salarios justos\"}]},{\"@type\":\"WebSite\",\"@id\":\"https:\/\/periodicocentroccidente.com\/#website\",\"url\":\"https:\/\/periodicocentroccidente.com\/\",\"name\":\"\",\"description\":\"Periodismo serio y responsable\",\"potentialAction\":[{\"@type\":\"SearchAction\",\"target\":{\"@type\":\"EntryPoint\",\"urlTemplate\":\"https:\/\/periodicocentroccidente.com\/?s={search_term_string}\"},\"query-input\":{\"@type\":\"PropertyValueSpecification\",\"valueRequired\":true,\"valueName\":\"search_term_string\"}}],\"inLanguage\":\"es\"},{\"@type\":\"Person\",\"@id\":\"https:\/\/periodicocentroccidente.com\/#\/schema\/person\/f4e4a651098f3db198244657b7130e7e\",\"name\":\"Ricardo\",\"image\":{\"@type\":\"ImageObject\",\"inLanguage\":\"es\",\"@id\":\"https:\/\/periodicocentroccidente.com\/#\/schema\/person\/image\/\",\"url\":\"https:\/\/secure.gravatar.com\/avatar\/402e6137108ec0fdaa7809184382fb1dd2f8b00264c1d945d341f2b8f90db429?s=96&d=mm&r=g\",\"contentUrl\":\"https:\/\/secure.gravatar.com\/avatar\/402e6137108ec0fdaa7809184382fb1dd2f8b00264c1d945d341f2b8f90db429?s=96&d=mm&r=g\",\"caption\":\"Ricardo\"},\"url\":\"https:\/\/periodicocentroccidente.com\/?author=2\"}]}<\/script>\n<!-- \/ Yoast SEO plugin. -->","yoast_head_json":{"title":"Trabajadores bajo la lluvia insisten en sus reclamos de salarios justos -","robots":{"index":"index","follow":"follow","max-snippet":"max-snippet:-1","max-image-preview":"max-image-preview:large","max-video-preview":"max-video-preview:-1"},"canonical":"https:\/\/periodicocentroccidente.com\/?p=7112","og_locale":"es_ES","og_type":"article","og_title":"Trabajadores bajo la lluvia insisten en sus reclamos de salarios justos -","og_description":"Especial.- La intensa lluvia de este recientemente pasado jueves 16 de abril no fue obst&aacute;culo alguno para que los&nbsp;trabajadores de la administraci&oacute;n p&uacute;blica activos, jubilados y pensionados, salieran nuevamente a la calle en la ciudad de Guanare, capital del estado Portuguesa, en sus reclamos por salarios justos y dignos, tal como lo manda el art&iacute;culo &hellip;","og_url":"https:\/\/periodicocentroccidente.com\/?p=7112","article_published_time":"2026-04-18T15:30:49+00:00","og_image":[{"width":902,"height":605,"url":"https:\/\/periodicocentroccidente.com\/wp-content\/uploads\/2026\/04\/2-1-2.png","type":"image\/png"}],"author":"Ricardo","twitter_card":"summary_large_image","twitter_misc":{"Escrito por":"Ricardo","Tiempo de lectura":"3 minutos"},"schema":{"@context":"https:\/\/schema.org","@graph":[{"@type":"WebPage","@id":"https:\/\/periodicocentroccidente.com\/?p=7112","url":"https:\/\/periodicocentroccidente.com\/?p=7112","name":"Trabajadores bajo la lluvia insisten en sus reclamos de salarios justos -","isPartOf":{"@id":"https:\/\/periodicocentroccidente.com\/#website"},"primaryImageOfPage":{"@id":"https:\/\/periodicocentroccidente.com\/?p=7112#primaryimage"},"image":{"@id":"https:\/\/periodicocentroccidente.com\/?p=7112#primaryimage"},"thumbnailUrl":"https:\/\/periodicocentroccidente.com\/wp-content\/uploads\/2026\/04\/2-1-2.png","datePublished":"2026-04-18T15:30:49+00:00","author":{"@id":"https:\/\/periodicocentroccidente.com\/#\/schema\/person\/f4e4a651098f3db198244657b7130e7e"},"breadcrumb":{"@id":"https:\/\/periodicocentroccidente.com\/?p=7112#breadcrumb"},"inLanguage":"es","potentialAction":[{"@type":"ReadAction","target":["https:\/\/periodicocentroccidente.com\/?p=7112"]}]},{"@type":"ImageObject","inLanguage":"es","@id":"https:\/\/periodicocentroccidente.com\/?p=7112#primaryimage","url":"https:\/\/periodicocentroccidente.com\/wp-content\/uploads\/2026\/04\/2-1-2.png","contentUrl":"https:\/\/periodicocentroccidente.com\/wp-content\/uploads\/2026\/04\/2-1-2.png","width":902,"height":605},{"@type":"BreadcrumbList","@id":"https:\/\/periodicocentroccidente.com\/?p=7112#breadcrumb","itemListElement":[{"@type":"ListItem","position":1,"name":"Portada","item":"https:\/\/periodicocentroccidente.com\/"},{"@type":"ListItem","position":2,"name":"Trabajadores bajo la lluvia insisten en sus reclamos de salarios justos"}]},{"@type":"WebSite","@id":"https:\/\/periodicocentroccidente.com\/#website","url":"https:\/\/periodicocentroccidente.com\/","name":"","description":"Periodismo serio y responsable","potentialAction":[{"@type":"SearchAction","target":{"@type":"EntryPoint","urlTemplate":"https:\/\/periodicocentroccidente.com\/?s={search_term_string}"},"query-input":{"@type":"PropertyValueSpecification","valueRequired":true,"valueName":"search_term_string"}}],"inLanguage":"es"},{"@type":"Person","@id":"https:\/\/periodicocentroccidente.com\/#\/schema\/person\/f4e4a651098f3db198244657b7130e7e","name":"Ricardo","image":{"@type":"ImageObject","inLanguage":"es","@id":"https:\/\/periodicocentroccidente.com\/#\/schema\/person\/image\/","url":"https:\/\/secure.gravatar.com\/avatar\/402e6137108ec0fdaa7809184382fb1dd2f8b00264c1d945d341f2b8f90db429?s=96&d=mm&r=g","contentUrl":"https:\/\/secure.gravatar.com\/avatar\/402e6137108ec0fdaa7809184382fb1dd2f8b00264c1d945d341f2b8f90db429?s=96&d=mm&r=g","caption":"Ricardo"},"url":"https:\/\/periodicocentroccidente.com\/?author=2"}]}},"jetpack_featured_media_url":"https:\/\/periodicocentroccidente.com\/wp-content\/uploads\/2026\/04\/2-1-2.png","jetpack_sharing_enabled":true,"jetpack-related-posts":[],"_links":{"self":[{"href":"https:\/\/periodicocentroccidente.com\/index.php?rest_route=\/wp\/v2\/posts\/7112","targetHints":{"allow":["GET"]}}],"collection":[{"href":"https:\/\/periodicocentroccidente.com\/index.php?rest_route=\/wp\/v2\/posts"}],"about":[{"href":"https:\/\/periodicocentroccidente.com\/index.php?rest_route=\/wp\/v2\/types\/post"}],"author":[{"embeddable":true,"href":"https:\/\/periodicocentroccidente.com\/index.php?rest_route=\/wp\/v2\/users\/2"}],"replies":[{"embeddable":true,"href":"https:\/\/periodicocentroccidente.com\/index.php?rest_route=%2Fwp%2Fv2%2Fcomments&post=7112"}],"version-history":[{"count":1,"href":"https:\/\/periodicocentroccidente.com\/index.php?rest_route=\/wp\/v2\/posts\/7112\/revisions"}],"predecessor-version":[{"id":7115,"href":"https:\/\/periodicocentroccidente.com\/index.php?rest_route=\/wp\/v2\/posts\/7112\/revisions\/7115"}],"wp:featuredmedia":[{"embeddable":true,"href":"https:\/\/periodicocentroccidente.com\/index.php?rest_route=\/wp\/v2\/media\/7114"}],"wp:attachment":[{"href":"https:\/\/periodicocentroccidente.com\/index.php?rest_route=%2Fwp%2Fv2%2Fmedia&parent=7112"}],"wp:term":[{"taxonomy":"category","embeddable":true,"href":"https:\/\/periodicocentroccidente.com\/index.php?rest_route=%2Fwp%2Fv2%2Fcategories&post=7112"},{"taxonomy":"post_tag","embeddable":true,"href":"https:\/\/periodicocentroccidente.com\/index.php?rest_route=%2Fwp%2Fv2%2Ftags&post=7112"}],"curies":[{"name":"wp","href":"https:\/\/api.w.org\/{rel}","templated":true}]}}