{"id":7104,"date":"2026-04-18T15:16:45","date_gmt":"2026-04-18T15:16:45","guid":{"rendered":"https:\/\/periodicocentroccidente.com\/?p=7104"},"modified":"2026-04-18T15:16:45","modified_gmt":"2026-04-18T15:16:45","slug":"clep-inicio-mesa-de-trabajo-para-la-reforma-parcial-de-la-ley-de-convivencia-ciudadana-preservacion-de-la-paz-y-la-vida","status":"publish","type":"post","link":"https:\/\/periodicocentroccidente.com\/?p=7104","title":{"rendered":"CLEP inici\u00f3 mesa de trabajo para la Reforma Parcial de la Ley de Convivencia Ciudadana, Preservaci\u00f3n de la Paz y la Vida"},"content":{"rendered":"<p><strong>Especial.-<\/strong><\/p>\n<p>Con el prop\u00f3sito de actualizar la Ley de Convivencia Ciudadana, Preservaci\u00f3n de la Paz y la Vida en el estado Portuguesa, el Consejo Legislativo Regional dio inicio al debate en mesas de trabajo con las autoridades de la Secretaria de Seguridad Ciudadana, instituciones como el Ministerio P\u00fablico, Defensor\u00eda del Pueblo, la Zona Operativa de Defensa Integra (Zodi), Protecci\u00f3n Civil, la Polic\u00eda Nacional y Estadal entre otras.<\/p>\n<p>La Sub Comisi\u00f3n Permanente de Seguridad Ciudadana y Defensa Integral del CLEP, presidido por el legislador Jos\u00e9 Harris en Compa\u00f1\u00eda de sus hom\u00f3logos Luis Becerra, Jairelys Mart\u00ednez, Albin Alvarado, Darki P\u00e9rez, y Yelitza Pimentel abrieron el debate de la Reforma Parcial de la Ley de Convivencia Ciudadana, Preservaci\u00f3n de la Paz y Vida, indicando que es un instrumento jur\u00eddico estadal dise\u00f1ado para fomentar el respeto, la seguridad y el orden p\u00fablico.<\/p>\n<p>De esta forma, se han iniciado estas mesas de trabajo por parte del Consejo Legislativo con las instituciones involucradas para reformar y actualizar la mencionada Ley, buscando adaptarla a las nuevas realidades econ\u00f3micas y sociales de Portuguesa.<\/p>\n<p>Entre tanto, se acord\u00f3 encuentros posteriores con las autoridades municipales y los diversos sectores de la colectividad portuguese\u00f1a para seguir con el debate y promulgar una Ley que brinde felicidad y seguridad a todos.<\/p>\n<p><img loading=\"lazy\" decoding=\"async\" class=\"alignnone size-medium wp-image-7106\" src=\"https:\/\/periodicocentroccidente.com\/wp-content\/uploads\/2026\/04\/53841-840x840-1-300x300.jpg\" alt=\"\" width=\"300\" height=\"300\" srcset=\"https:\/\/periodicocentroccidente.com\/wp-content\/uploads\/2026\/04\/53841-840x840-1-300x300.jpg 300w, https:\/\/periodicocentroccidente.com\/wp-content\/uploads\/2026\/04\/53841-840x840-1-150x150.jpg 150w, https:\/\/periodicocentroccidente.com\/wp-content\/uploads\/2026\/04\/53841-840x840-1-768x768.jpg 768w, https:\/\/periodicocentroccidente.com\/wp-content\/uploads\/2026\/04\/53841-840x840-1.jpg 840w\" sizes=\"auto, (max-width: 300px) 100vw, 300px\" \/><\/p>\n","protected":false},"excerpt":{"rendered":"<p>Especial.- Con el prop&oacute;sito de actualizar la Ley de Convivencia Ciudadana, Preservaci&oacute;n de la Paz y la Vida en el estado Portuguesa, el Consejo Legislativo Regional dio inicio al debate en mesas de trabajo con las autoridades de la Secretaria de Seguridad Ciudadana, instituciones como el Ministerio P&uacute;blico, Defensor&iacute;a del Pueblo, la Zona Operativa de &hellip;<\/p>\n","protected":false},"author":2,"featured_media":7105,"comment_status":"open","ping_status":"open","sticky":false,"template":"","format":"standard","meta":{"_jetpack_memberships_contains_paid_content":false,"footnotes":""},"categories":[127],"tags":[],"class_list":["post-7104","post","type-post","status-publish","format-standard","has-post-thumbnail","hentry","category-noticias-recientes"],"yoast_head":"<!-- This site is optimized with the Yoast SEO plugin v24.8.1 - https:\/\/yoast.com\/wordpress\/plugins\/seo\/ -->\n<title>CLEP inici\u00f3 mesa de trabajo para la Reforma Parcial de la Ley de Convivencia Ciudadana, Preservaci\u00f3n de la Paz y la Vida -<\/title>\n<meta name=\"robots\" content=\"index, follow, max-snippet:-1, max-image-preview:large, max-video-preview:-1\" \/>\n<link rel=\"canonical\" href=\"https:\/\/periodicocentroccidente.com\/?p=7104\" \/>\n<meta property=\"og:locale\" content=\"es_ES\" \/>\n<meta property=\"og:type\" content=\"article\" \/>\n<meta property=\"og:title\" content=\"CLEP inici\u00f3 mesa de trabajo para la Reforma Parcial de la Ley de Convivencia Ciudadana, Preservaci\u00f3n de la Paz y la Vida -\" \/>\n<meta property=\"og:description\" content=\"Especial.- Con el prop&oacute;sito de actualizar la Ley de Convivencia Ciudadana, Preservaci&oacute;n de la Paz y la Vida en el estado Portuguesa, el Consejo Legislativo Regional dio inicio al debate en mesas de trabajo con las autoridades de la Secretaria de Seguridad Ciudadana, instituciones como el Ministerio P&uacute;blico, Defensor&iacute;a del Pueblo, la Zona Operativa de &hellip;\" \/>\n<meta property=\"og:url\" content=\"https:\/\/periodicocentroccidente.com\/?p=7104\" \/>\n<meta property=\"article:published_time\" content=\"2026-04-18T15:16:45+00:00\" \/>\n<meta property=\"og:image\" content=\"https:\/\/periodicocentroccidente.com\/wp-content\/uploads\/2026\/04\/004-1-1536x1152-1.jpg\" \/>\n\t<meta property=\"og:image:width\" content=\"1536\" \/>\n\t<meta property=\"og:image:height\" content=\"1152\" \/>\n\t<meta property=\"og:image:type\" content=\"image\/jpeg\" \/>\n<meta name=\"author\" content=\"Ricardo\" \/>\n<meta name=\"twitter:card\" content=\"summary_large_image\" \/>\n<meta name=\"twitter:label1\" content=\"Escrito por\" \/>\n\t<meta name=\"twitter:data1\" content=\"Ricardo\" \/>\n\t<meta name=\"twitter:label2\" content=\"Tiempo de lectura\" \/>\n\t<meta name=\"twitter:data2\" content=\"2 minutos\" \/>\n<script type=\"application\/ld+json\" class=\"yoast-schema-graph\">{\"@context\":\"https:\/\/schema.org\",\"@graph\":[{\"@type\":\"WebPage\",\"@id\":\"https:\/\/periodicocentroccidente.com\/?p=7104\",\"url\":\"https:\/\/periodicocentroccidente.com\/?p=7104\",\"name\":\"CLEP inici\u00f3 mesa de trabajo para la Reforma Parcial de la Ley de Convivencia Ciudadana, Preservaci\u00f3n de la Paz y la Vida -\",\"isPartOf\":{\"@id\":\"https:\/\/periodicocentroccidente.com\/#website\"},\"primaryImageOfPage\":{\"@id\":\"https:\/\/periodicocentroccidente.com\/?p=7104#primaryimage\"},\"image\":{\"@id\":\"https:\/\/periodicocentroccidente.com\/?p=7104#primaryimage\"},\"thumbnailUrl\":\"https:\/\/periodicocentroccidente.com\/wp-content\/uploads\/2026\/04\/004-1-1536x1152-1.jpg\",\"datePublished\":\"2026-04-18T15:16:45+00:00\",\"author\":{\"@id\":\"https:\/\/periodicocentroccidente.com\/#\/schema\/person\/f4e4a651098f3db198244657b7130e7e\"},\"breadcrumb\":{\"@id\":\"https:\/\/periodicocentroccidente.com\/?p=7104#breadcrumb\"},\"inLanguage\":\"es\",\"potentialAction\":[{\"@type\":\"ReadAction\",\"target\":[\"https:\/\/periodicocentroccidente.com\/?p=7104\"]}]},{\"@type\":\"ImageObject\",\"inLanguage\":\"es\",\"@id\":\"https:\/\/periodicocentroccidente.com\/?p=7104#primaryimage\",\"url\":\"https:\/\/periodicocentroccidente.com\/wp-content\/uploads\/2026\/04\/004-1-1536x1152-1.jpg\",\"contentUrl\":\"https:\/\/periodicocentroccidente.com\/wp-content\/uploads\/2026\/04\/004-1-1536x1152-1.jpg\",\"width\":1536,\"height\":1152},{\"@type\":\"BreadcrumbList\",\"@id\":\"https:\/\/periodicocentroccidente.com\/?p=7104#breadcrumb\",\"itemListElement\":[{\"@type\":\"ListItem\",\"position\":1,\"name\":\"Portada\",\"item\":\"https:\/\/periodicocentroccidente.com\/\"},{\"@type\":\"ListItem\",\"position\":2,\"name\":\"CLEP inici\u00f3 mesa de trabajo para la Reforma Parcial de la Ley de Convivencia Ciudadana, Preservaci\u00f3n de la Paz y la Vida\"}]},{\"@type\":\"WebSite\",\"@id\":\"https:\/\/periodicocentroccidente.com\/#website\",\"url\":\"https:\/\/periodicocentroccidente.com\/\",\"name\":\"\",\"description\":\"Periodismo serio y responsable\",\"potentialAction\":[{\"@type\":\"SearchAction\",\"target\":{\"@type\":\"EntryPoint\",\"urlTemplate\":\"https:\/\/periodicocentroccidente.com\/?s={search_term_string}\"},\"query-input\":{\"@type\":\"PropertyValueSpecification\",\"valueRequired\":true,\"valueName\":\"search_term_string\"}}],\"inLanguage\":\"es\"},{\"@type\":\"Person\",\"@id\":\"https:\/\/periodicocentroccidente.com\/#\/schema\/person\/f4e4a651098f3db198244657b7130e7e\",\"name\":\"Ricardo\",\"image\":{\"@type\":\"ImageObject\",\"inLanguage\":\"es\",\"@id\":\"https:\/\/periodicocentroccidente.com\/#\/schema\/person\/image\/\",\"url\":\"https:\/\/secure.gravatar.com\/avatar\/402e6137108ec0fdaa7809184382fb1dd2f8b00264c1d945d341f2b8f90db429?s=96&d=mm&r=g\",\"contentUrl\":\"https:\/\/secure.gravatar.com\/avatar\/402e6137108ec0fdaa7809184382fb1dd2f8b00264c1d945d341f2b8f90db429?s=96&d=mm&r=g\",\"caption\":\"Ricardo\"},\"url\":\"https:\/\/periodicocentroccidente.com\/?author=2\"}]}<\/script>\n<!-- \/ Yoast SEO plugin. -->","yoast_head_json":{"title":"CLEP inici\u00f3 mesa de trabajo para la Reforma Parcial de la Ley de Convivencia Ciudadana, Preservaci\u00f3n de la Paz y la Vida -","robots":{"index":"index","follow":"follow","max-snippet":"max-snippet:-1","max-image-preview":"max-image-preview:large","max-video-preview":"max-video-preview:-1"},"canonical":"https:\/\/periodicocentroccidente.com\/?p=7104","og_locale":"es_ES","og_type":"article","og_title":"CLEP inici\u00f3 mesa de trabajo para la Reforma Parcial de la Ley de Convivencia Ciudadana, Preservaci\u00f3n de la Paz y la Vida -","og_description":"Especial.- Con el prop&oacute;sito de actualizar la Ley de Convivencia Ciudadana, Preservaci&oacute;n de la Paz y la Vida en el estado Portuguesa, el Consejo Legislativo Regional dio inicio al debate en mesas de trabajo con las autoridades de la Secretaria de Seguridad Ciudadana, instituciones como el Ministerio P&uacute;blico, Defensor&iacute;a del Pueblo, la Zona Operativa de &hellip;","og_url":"https:\/\/periodicocentroccidente.com\/?p=7104","article_published_time":"2026-04-18T15:16:45+00:00","og_image":[{"width":1536,"height":1152,"url":"https:\/\/periodicocentroccidente.com\/wp-content\/uploads\/2026\/04\/004-1-1536x1152-1.jpg","type":"image\/jpeg"}],"author":"Ricardo","twitter_card":"summary_large_image","twitter_misc":{"Escrito por":"Ricardo","Tiempo de lectura":"2 minutos"},"schema":{"@context":"https:\/\/schema.org","@graph":[{"@type":"WebPage","@id":"https:\/\/periodicocentroccidente.com\/?p=7104","url":"https:\/\/periodicocentroccidente.com\/?p=7104","name":"CLEP inici\u00f3 mesa de trabajo para la Reforma Parcial de la Ley de Convivencia Ciudadana, Preservaci\u00f3n de la Paz y la Vida -","isPartOf":{"@id":"https:\/\/periodicocentroccidente.com\/#website"},"primaryImageOfPage":{"@id":"https:\/\/periodicocentroccidente.com\/?p=7104#primaryimage"},"image":{"@id":"https:\/\/periodicocentroccidente.com\/?p=7104#primaryimage"},"thumbnailUrl":"https:\/\/periodicocentroccidente.com\/wp-content\/uploads\/2026\/04\/004-1-1536x1152-1.jpg","datePublished":"2026-04-18T15:16:45+00:00","author":{"@id":"https:\/\/periodicocentroccidente.com\/#\/schema\/person\/f4e4a651098f3db198244657b7130e7e"},"breadcrumb":{"@id":"https:\/\/periodicocentroccidente.com\/?p=7104#breadcrumb"},"inLanguage":"es","potentialAction":[{"@type":"ReadAction","target":["https:\/\/periodicocentroccidente.com\/?p=7104"]}]},{"@type":"ImageObject","inLanguage":"es","@id":"https:\/\/periodicocentroccidente.com\/?p=7104#primaryimage","url":"https:\/\/periodicocentroccidente.com\/wp-content\/uploads\/2026\/04\/004-1-1536x1152-1.jpg","contentUrl":"https:\/\/periodicocentroccidente.com\/wp-content\/uploads\/2026\/04\/004-1-1536x1152-1.jpg","width":1536,"height":1152},{"@type":"BreadcrumbList","@id":"https:\/\/periodicocentroccidente.com\/?p=7104#breadcrumb","itemListElement":[{"@type":"ListItem","position":1,"name":"Portada","item":"https:\/\/periodicocentroccidente.com\/"},{"@type":"ListItem","position":2,"name":"CLEP inici\u00f3 mesa de trabajo para la Reforma Parcial de la Ley de Convivencia Ciudadana, Preservaci\u00f3n de la Paz y la Vida"}]},{"@type":"WebSite","@id":"https:\/\/periodicocentroccidente.com\/#website","url":"https:\/\/periodicocentroccidente.com\/","name":"","description":"Periodismo serio y responsable","potentialAction":[{"@type":"SearchAction","target":{"@type":"EntryPoint","urlTemplate":"https:\/\/periodicocentroccidente.com\/?s={search_term_string}"},"query-input":{"@type":"PropertyValueSpecification","valueRequired":true,"valueName":"search_term_string"}}],"inLanguage":"es"},{"@type":"Person","@id":"https:\/\/periodicocentroccidente.com\/#\/schema\/person\/f4e4a651098f3db198244657b7130e7e","name":"Ricardo","image":{"@type":"ImageObject","inLanguage":"es","@id":"https:\/\/periodicocentroccidente.com\/#\/schema\/person\/image\/","url":"https:\/\/secure.gravatar.com\/avatar\/402e6137108ec0fdaa7809184382fb1dd2f8b00264c1d945d341f2b8f90db429?s=96&d=mm&r=g","contentUrl":"https:\/\/secure.gravatar.com\/avatar\/402e6137108ec0fdaa7809184382fb1dd2f8b00264c1d945d341f2b8f90db429?s=96&d=mm&r=g","caption":"Ricardo"},"url":"https:\/\/periodicocentroccidente.com\/?author=2"}]}},"jetpack_featured_media_url":"https:\/\/periodicocentroccidente.com\/wp-content\/uploads\/2026\/04\/004-1-1536x1152-1.jpg","jetpack_sharing_enabled":true,"jetpack-related-posts":[],"_links":{"self":[{"href":"https:\/\/periodicocentroccidente.com\/index.php?rest_route=\/wp\/v2\/posts\/7104","targetHints":{"allow":["GET"]}}],"collection":[{"href":"https:\/\/periodicocentroccidente.com\/index.php?rest_route=\/wp\/v2\/posts"}],"about":[{"href":"https:\/\/periodicocentroccidente.com\/index.php?rest_route=\/wp\/v2\/types\/post"}],"author":[{"embeddable":true,"href":"https:\/\/periodicocentroccidente.com\/index.php?rest_route=\/wp\/v2\/users\/2"}],"replies":[{"embeddable":true,"href":"https:\/\/periodicocentroccidente.com\/index.php?rest_route=%2Fwp%2Fv2%2Fcomments&post=7104"}],"version-history":[{"count":1,"href":"https:\/\/periodicocentroccidente.com\/index.php?rest_route=\/wp\/v2\/posts\/7104\/revisions"}],"predecessor-version":[{"id":7107,"href":"https:\/\/periodicocentroccidente.com\/index.php?rest_route=\/wp\/v2\/posts\/7104\/revisions\/7107"}],"wp:featuredmedia":[{"embeddable":true,"href":"https:\/\/periodicocentroccidente.com\/index.php?rest_route=\/wp\/v2\/media\/7105"}],"wp:attachment":[{"href":"https:\/\/periodicocentroccidente.com\/index.php?rest_route=%2Fwp%2Fv2%2Fmedia&parent=7104"}],"wp:term":[{"taxonomy":"category","embeddable":true,"href":"https:\/\/periodicocentroccidente.com\/index.php?rest_route=%2Fwp%2Fv2%2Fcategories&post=7104"},{"taxonomy":"post_tag","embeddable":true,"href":"https:\/\/periodicocentroccidente.com\/index.php?rest_route=%2Fwp%2Fv2%2Ftags&post=7104"}],"curies":[{"name":"wp","href":"https:\/\/api.w.org\/{rel}","templated":true}]}}