{"id":6924,"date":"2026-04-10T21:56:07","date_gmt":"2026-04-10T21:56:07","guid":{"rendered":"https:\/\/periodicocentroccidente.com\/?p=6924"},"modified":"2026-04-10T21:56:07","modified_gmt":"2026-04-10T21:56:07","slug":"22-mil-ninos-de-el-sistema-en-portuguesa-celebraron-al-cuatro-venezolano","status":"publish","type":"post","link":"https:\/\/periodicocentroccidente.com\/?p=6924","title":{"rendered":"22 mil ni\u00f1os de El Sistema en Portuguesa celebraron al cuatro venezolano"},"content":{"rendered":"<p><strong>Especial.-<\/strong><\/p>\n<p>En una vibrante muestra de identidad y talento, el Sistema Nacional de Orquestas y Coros Juveniles e Infantiles de Venezuela llev\u00f3 a cabo en todo el territorio nacional el proyecto \u201cCambur Pint\u00f3n Suena en mi Escuela\u201d. Esta iniciativa, enmarcada en la celebraci\u00f3n del D\u00eda Nacional del Cuatro, tuvo un impacto significativo en el estado Portuguesa, donde la m\u00fasica se convirti\u00f3 en el eje transformador de las aulas. As\u00ed lo dio a conocer la maestra Raquel Castillo, gerente estadal de El Sistema en la regi\u00f3n.<\/p>\n<p>Bajo la premisa de honrar a este instrumento, declarado Patrimonio Cultural de la Naci\u00f3n, el Programa Sim\u00f3n Bol\u00edvar (PSB) despleg\u00f3 una agenda pedag\u00f3gica y art\u00edstica que alcanz\u00f3 a cerca de 22 mil ni\u00f1os, ni\u00f1as y j\u00f3venes en la regi\u00f3n llanera. Un total de 44 instituciones educativas de los municipios Guanare, Agua Blanca, Ospino, San Genaro de Boconoito, Araure, Papel\u00f3n y Biscucuy se sumaron a esta fiesta sonora que busca sembrar sensibilidad y amor por las tradiciones.<\/p>\n<h3><strong>La escuela como escenario de identidad<\/strong><\/h3>\n<p>La integrante del equipo acad\u00e9mico regional del PSB y del Programa Alma Llanera, Elg\u00e9nesis Haricapa, expres\u00f3 que el proyecto \u201cCambur Pint\u00f3n Suena en mi Escuela\u201d trasciende la ejecuci\u00f3n musical para convertirse en una vivencia formativa integral.<\/p>\n<p>\u201cDurante la jornada, la poblaci\u00f3n escolar, guiada por formadores acad\u00e9micos musicales y docentes de las instituciones, convirti\u00f3 los espacios de aprendizaje en verdaderos escenarios culturales\u201d, agreg\u00f3.<\/p>\n<p>Entre las actividades destacadas se incluyeron muestras musicales, recitales, elaboraci\u00f3n de cuatros con materiales reciclados, carteleras, dibujos, manualidades, conversatorios y charlas did\u00e1cticas sobre la historia del instrumento.<\/p>\n<p>\u201cM\u00e1s que una actividad, es un encuentro con nuestras ra\u00edces\u201d, destac\u00f3 Haricapa. La iniciativa ha logrado fortalecer el v\u00ednculo de la juventud con su herencia cultural, demostrando que el cuatro no es solo un instrumento, sino un lenguaje de identidad y encuentro.<\/p>\n<p>El \u00e9xito de la jornada evidencia el impacto positivo de la m\u00fasica en el desarrollo integral del estudiante. Al transformar la escuela en un escenario y al estudiante en protagonista, El Sistema reafirma su compromiso con la formaci\u00f3n de ciudadanos sensibles y conscientes de su identidad venezolana. \/\/<\/p>\n<p><strong>Jorveis Ortegano Valecillo \/ <\/strong><strong>Prensa &#8211; El Sistema Portuguesa<\/strong><\/p>\n<p><img loading=\"lazy\" decoding=\"async\" class=\"alignnone size-medium wp-image-6927\" src=\"https:\/\/periodicocentroccidente.com\/wp-content\/uploads\/2026\/04\/5094129529059478656-300x161.jpg\" alt=\"\" width=\"300\" height=\"161\" srcset=\"https:\/\/periodicocentroccidente.com\/wp-content\/uploads\/2026\/04\/5094129529059478656-300x161.jpg 300w, https:\/\/periodicocentroccidente.com\/wp-content\/uploads\/2026\/04\/5094129529059478656-1024x550.jpg 1024w, https:\/\/periodicocentroccidente.com\/wp-content\/uploads\/2026\/04\/5094129529059478656-768x412.jpg 768w, https:\/\/periodicocentroccidente.com\/wp-content\/uploads\/2026\/04\/5094129529059478656.jpg 1280w\" sizes=\"auto, (max-width: 300px) 100vw, 300px\" \/>\u00a0 \u00a0 <img loading=\"lazy\" decoding=\"async\" class=\"alignnone size-medium wp-image-6929\" src=\"https:\/\/periodicocentroccidente.com\/wp-content\/uploads\/2026\/04\/5096278189528517645-300x210.jpg\" alt=\"\" width=\"300\" height=\"210\" srcset=\"https:\/\/periodicocentroccidente.com\/wp-content\/uploads\/2026\/04\/5096278189528517645-300x210.jpg 300w, https:\/\/periodicocentroccidente.com\/wp-content\/uploads\/2026\/04\/5096278189528517645-1024x718.jpg 1024w, https:\/\/periodicocentroccidente.com\/wp-content\/uploads\/2026\/04\/5096278189528517645-768x539.jpg 768w, https:\/\/periodicocentroccidente.com\/wp-content\/uploads\/2026\/04\/5096278189528517645.jpg 1280w\" sizes=\"auto, (max-width: 300px) 100vw, 300px\" \/><\/p>\n<p>&nbsp;<\/p>\n<p><img loading=\"lazy\" decoding=\"async\" class=\"alignnone size-medium wp-image-6928\" src=\"https:\/\/periodicocentroccidente.com\/wp-content\/uploads\/2026\/04\/5096278189528517642-300x225.jpg\" alt=\"\" width=\"300\" height=\"225\" srcset=\"https:\/\/periodicocentroccidente.com\/wp-content\/uploads\/2026\/04\/5096278189528517642-300x225.jpg 300w, https:\/\/periodicocentroccidente.com\/wp-content\/uploads\/2026\/04\/5096278189528517642-1024x768.jpg 1024w, https:\/\/periodicocentroccidente.com\/wp-content\/uploads\/2026\/04\/5096278189528517642-768x576.jpg 768w, https:\/\/periodicocentroccidente.com\/wp-content\/uploads\/2026\/04\/5096278189528517642.jpg 1280w\" sizes=\"auto, (max-width: 300px) 100vw, 300px\" \/>\u00a0 \u00a0 \u00a0 <img loading=\"lazy\" decoding=\"async\" class=\"alignnone size-medium wp-image-6926\" src=\"https:\/\/periodicocentroccidente.com\/wp-content\/uploads\/2026\/04\/5094129529059478653-300x225.jpg\" alt=\"\" width=\"300\" height=\"225\" srcset=\"https:\/\/periodicocentroccidente.com\/wp-content\/uploads\/2026\/04\/5094129529059478653-300x225.jpg 300w, https:\/\/periodicocentroccidente.com\/wp-content\/uploads\/2026\/04\/5094129529059478653-1024x768.jpg 1024w, https:\/\/periodicocentroccidente.com\/wp-content\/uploads\/2026\/04\/5094129529059478653-768x576.jpg 768w, https:\/\/periodicocentroccidente.com\/wp-content\/uploads\/2026\/04\/5094129529059478653.jpg 1280w\" sizes=\"auto, (max-width: 300px) 100vw, 300px\" \/><\/p>\n<p><img loading=\"lazy\" decoding=\"async\" class=\"alignnone size-medium wp-image-6925\" src=\"https:\/\/periodicocentroccidente.com\/wp-content\/uploads\/2026\/04\/5094129529059478648-169x300.jpg\" alt=\"\" width=\"169\" height=\"300\" srcset=\"https:\/\/periodicocentroccidente.com\/wp-content\/uploads\/2026\/04\/5094129529059478648-169x300.jpg 169w, https:\/\/periodicocentroccidente.com\/wp-content\/uploads\/2026\/04\/5094129529059478648.jpg 576w\" sizes=\"auto, (max-width: 169px) 100vw, 169px\" \/><\/p>\n","protected":false},"excerpt":{"rendered":"<p>Especial.- En una vibrante muestra de identidad y talento, el Sistema Nacional de Orquestas y Coros Juveniles e Infantiles de Venezuela llev&oacute; a cabo en todo el territorio nacional el proyecto &ldquo;Cambur Pint&oacute;n Suena en mi Escuela&rdquo;. Esta iniciativa, enmarcada en la celebraci&oacute;n del D&iacute;a Nacional del Cuatro, tuvo un impacto significativo en el estado &hellip;<\/p>\n","protected":false},"author":2,"featured_media":6930,"comment_status":"open","ping_status":"open","sticky":false,"template":"","format":"standard","meta":{"_jetpack_memberships_contains_paid_content":false,"footnotes":""},"categories":[127],"tags":[],"class_list":["post-6924","post","type-post","status-publish","format-standard","has-post-thumbnail","hentry","category-noticias-recientes"],"yoast_head":"<!-- This site is optimized with the Yoast SEO plugin v24.8.1 - https:\/\/yoast.com\/wordpress\/plugins\/seo\/ -->\n<title>22 mil ni\u00f1os de El Sistema en Portuguesa celebraron al cuatro venezolano -<\/title>\n<meta name=\"robots\" content=\"index, follow, max-snippet:-1, max-image-preview:large, max-video-preview:-1\" \/>\n<link rel=\"canonical\" href=\"https:\/\/periodicocentroccidente.com\/?p=6924\" \/>\n<meta property=\"og:locale\" content=\"es_ES\" \/>\n<meta property=\"og:type\" content=\"article\" \/>\n<meta property=\"og:title\" content=\"22 mil ni\u00f1os de El Sistema en Portuguesa celebraron al cuatro venezolano -\" \/>\n<meta property=\"og:description\" content=\"Especial.- En una vibrante muestra de identidad y talento, el Sistema Nacional de Orquestas y Coros Juveniles e Infantiles de Venezuela llev&oacute; a cabo en todo el territorio nacional el proyecto &ldquo;Cambur Pint&oacute;n Suena en mi Escuela&rdquo;. Esta iniciativa, enmarcada en la celebraci&oacute;n del D&iacute;a Nacional del Cuatro, tuvo un impacto significativo en el estado &hellip;\" \/>\n<meta property=\"og:url\" content=\"https:\/\/periodicocentroccidente.com\/?p=6924\" \/>\n<meta property=\"article:published_time\" content=\"2026-04-10T21:56:07+00:00\" \/>\n<meta property=\"og:image\" content=\"https:\/\/periodicocentroccidente.com\/wp-content\/uploads\/2026\/04\/5096278189528517647.jpg\" \/>\n\t<meta property=\"og:image:width\" content=\"1280\" \/>\n\t<meta property=\"og:image:height\" content=\"891\" \/>\n\t<meta property=\"og:image:type\" content=\"image\/jpeg\" \/>\n<meta name=\"author\" content=\"Ricardo\" \/>\n<meta name=\"twitter:card\" content=\"summary_large_image\" \/>\n<meta name=\"twitter:label1\" content=\"Escrito por\" \/>\n\t<meta name=\"twitter:data1\" content=\"Ricardo\" \/>\n\t<meta name=\"twitter:label2\" content=\"Tiempo de lectura\" \/>\n\t<meta name=\"twitter:data2\" content=\"3 minutos\" \/>\n<script type=\"application\/ld+json\" class=\"yoast-schema-graph\">{\"@context\":\"https:\/\/schema.org\",\"@graph\":[{\"@type\":\"WebPage\",\"@id\":\"https:\/\/periodicocentroccidente.com\/?p=6924\",\"url\":\"https:\/\/periodicocentroccidente.com\/?p=6924\",\"name\":\"22 mil ni\u00f1os de El Sistema en Portuguesa celebraron al cuatro venezolano -\",\"isPartOf\":{\"@id\":\"https:\/\/periodicocentroccidente.com\/#website\"},\"primaryImageOfPage\":{\"@id\":\"https:\/\/periodicocentroccidente.com\/?p=6924#primaryimage\"},\"image\":{\"@id\":\"https:\/\/periodicocentroccidente.com\/?p=6924#primaryimage\"},\"thumbnailUrl\":\"https:\/\/periodicocentroccidente.com\/wp-content\/uploads\/2026\/04\/5096278189528517647.jpg\",\"datePublished\":\"2026-04-10T21:56:07+00:00\",\"author\":{\"@id\":\"https:\/\/periodicocentroccidente.com\/#\/schema\/person\/f4e4a651098f3db198244657b7130e7e\"},\"breadcrumb\":{\"@id\":\"https:\/\/periodicocentroccidente.com\/?p=6924#breadcrumb\"},\"inLanguage\":\"es\",\"potentialAction\":[{\"@type\":\"ReadAction\",\"target\":[\"https:\/\/periodicocentroccidente.com\/?p=6924\"]}]},{\"@type\":\"ImageObject\",\"inLanguage\":\"es\",\"@id\":\"https:\/\/periodicocentroccidente.com\/?p=6924#primaryimage\",\"url\":\"https:\/\/periodicocentroccidente.com\/wp-content\/uploads\/2026\/04\/5096278189528517647.jpg\",\"contentUrl\":\"https:\/\/periodicocentroccidente.com\/wp-content\/uploads\/2026\/04\/5096278189528517647.jpg\",\"width\":1280,\"height\":891},{\"@type\":\"BreadcrumbList\",\"@id\":\"https:\/\/periodicocentroccidente.com\/?p=6924#breadcrumb\",\"itemListElement\":[{\"@type\":\"ListItem\",\"position\":1,\"name\":\"Portada\",\"item\":\"https:\/\/periodicocentroccidente.com\/\"},{\"@type\":\"ListItem\",\"position\":2,\"name\":\"22 mil ni\u00f1os de El Sistema en Portuguesa celebraron al cuatro venezolano\"}]},{\"@type\":\"WebSite\",\"@id\":\"https:\/\/periodicocentroccidente.com\/#website\",\"url\":\"https:\/\/periodicocentroccidente.com\/\",\"name\":\"\",\"description\":\"Periodismo serio y responsable\",\"potentialAction\":[{\"@type\":\"SearchAction\",\"target\":{\"@type\":\"EntryPoint\",\"urlTemplate\":\"https:\/\/periodicocentroccidente.com\/?s={search_term_string}\"},\"query-input\":{\"@type\":\"PropertyValueSpecification\",\"valueRequired\":true,\"valueName\":\"search_term_string\"}}],\"inLanguage\":\"es\"},{\"@type\":\"Person\",\"@id\":\"https:\/\/periodicocentroccidente.com\/#\/schema\/person\/f4e4a651098f3db198244657b7130e7e\",\"name\":\"Ricardo\",\"image\":{\"@type\":\"ImageObject\",\"inLanguage\":\"es\",\"@id\":\"https:\/\/periodicocentroccidente.com\/#\/schema\/person\/image\/\",\"url\":\"https:\/\/secure.gravatar.com\/avatar\/402e6137108ec0fdaa7809184382fb1dd2f8b00264c1d945d341f2b8f90db429?s=96&d=mm&r=g\",\"contentUrl\":\"https:\/\/secure.gravatar.com\/avatar\/402e6137108ec0fdaa7809184382fb1dd2f8b00264c1d945d341f2b8f90db429?s=96&d=mm&r=g\",\"caption\":\"Ricardo\"},\"url\":\"https:\/\/periodicocentroccidente.com\/?author=2\"}]}<\/script>\n<!-- \/ Yoast SEO plugin. -->","yoast_head_json":{"title":"22 mil ni\u00f1os de El Sistema en Portuguesa celebraron al cuatro venezolano -","robots":{"index":"index","follow":"follow","max-snippet":"max-snippet:-1","max-image-preview":"max-image-preview:large","max-video-preview":"max-video-preview:-1"},"canonical":"https:\/\/periodicocentroccidente.com\/?p=6924","og_locale":"es_ES","og_type":"article","og_title":"22 mil ni\u00f1os de El Sistema en Portuguesa celebraron al cuatro venezolano -","og_description":"Especial.- En una vibrante muestra de identidad y talento, el Sistema Nacional de Orquestas y Coros Juveniles e Infantiles de Venezuela llev&oacute; a cabo en todo el territorio nacional el proyecto &ldquo;Cambur Pint&oacute;n Suena en mi Escuela&rdquo;. Esta iniciativa, enmarcada en la celebraci&oacute;n del D&iacute;a Nacional del Cuatro, tuvo un impacto significativo en el estado &hellip;","og_url":"https:\/\/periodicocentroccidente.com\/?p=6924","article_published_time":"2026-04-10T21:56:07+00:00","og_image":[{"width":1280,"height":891,"url":"https:\/\/periodicocentroccidente.com\/wp-content\/uploads\/2026\/04\/5096278189528517647.jpg","type":"image\/jpeg"}],"author":"Ricardo","twitter_card":"summary_large_image","twitter_misc":{"Escrito por":"Ricardo","Tiempo de lectura":"3 minutos"},"schema":{"@context":"https:\/\/schema.org","@graph":[{"@type":"WebPage","@id":"https:\/\/periodicocentroccidente.com\/?p=6924","url":"https:\/\/periodicocentroccidente.com\/?p=6924","name":"22 mil ni\u00f1os de El Sistema en Portuguesa celebraron al cuatro venezolano -","isPartOf":{"@id":"https:\/\/periodicocentroccidente.com\/#website"},"primaryImageOfPage":{"@id":"https:\/\/periodicocentroccidente.com\/?p=6924#primaryimage"},"image":{"@id":"https:\/\/periodicocentroccidente.com\/?p=6924#primaryimage"},"thumbnailUrl":"https:\/\/periodicocentroccidente.com\/wp-content\/uploads\/2026\/04\/5096278189528517647.jpg","datePublished":"2026-04-10T21:56:07+00:00","author":{"@id":"https:\/\/periodicocentroccidente.com\/#\/schema\/person\/f4e4a651098f3db198244657b7130e7e"},"breadcrumb":{"@id":"https:\/\/periodicocentroccidente.com\/?p=6924#breadcrumb"},"inLanguage":"es","potentialAction":[{"@type":"ReadAction","target":["https:\/\/periodicocentroccidente.com\/?p=6924"]}]},{"@type":"ImageObject","inLanguage":"es","@id":"https:\/\/periodicocentroccidente.com\/?p=6924#primaryimage","url":"https:\/\/periodicocentroccidente.com\/wp-content\/uploads\/2026\/04\/5096278189528517647.jpg","contentUrl":"https:\/\/periodicocentroccidente.com\/wp-content\/uploads\/2026\/04\/5096278189528517647.jpg","width":1280,"height":891},{"@type":"BreadcrumbList","@id":"https:\/\/periodicocentroccidente.com\/?p=6924#breadcrumb","itemListElement":[{"@type":"ListItem","position":1,"name":"Portada","item":"https:\/\/periodicocentroccidente.com\/"},{"@type":"ListItem","position":2,"name":"22 mil ni\u00f1os de El Sistema en Portuguesa celebraron al cuatro venezolano"}]},{"@type":"WebSite","@id":"https:\/\/periodicocentroccidente.com\/#website","url":"https:\/\/periodicocentroccidente.com\/","name":"","description":"Periodismo serio y responsable","potentialAction":[{"@type":"SearchAction","target":{"@type":"EntryPoint","urlTemplate":"https:\/\/periodicocentroccidente.com\/?s={search_term_string}"},"query-input":{"@type":"PropertyValueSpecification","valueRequired":true,"valueName":"search_term_string"}}],"inLanguage":"es"},{"@type":"Person","@id":"https:\/\/periodicocentroccidente.com\/#\/schema\/person\/f4e4a651098f3db198244657b7130e7e","name":"Ricardo","image":{"@type":"ImageObject","inLanguage":"es","@id":"https:\/\/periodicocentroccidente.com\/#\/schema\/person\/image\/","url":"https:\/\/secure.gravatar.com\/avatar\/402e6137108ec0fdaa7809184382fb1dd2f8b00264c1d945d341f2b8f90db429?s=96&d=mm&r=g","contentUrl":"https:\/\/secure.gravatar.com\/avatar\/402e6137108ec0fdaa7809184382fb1dd2f8b00264c1d945d341f2b8f90db429?s=96&d=mm&r=g","caption":"Ricardo"},"url":"https:\/\/periodicocentroccidente.com\/?author=2"}]}},"jetpack_featured_media_url":"https:\/\/periodicocentroccidente.com\/wp-content\/uploads\/2026\/04\/5096278189528517647.jpg","jetpack_sharing_enabled":true,"jetpack-related-posts":[],"_links":{"self":[{"href":"https:\/\/periodicocentroccidente.com\/index.php?rest_route=\/wp\/v2\/posts\/6924","targetHints":{"allow":["GET"]}}],"collection":[{"href":"https:\/\/periodicocentroccidente.com\/index.php?rest_route=\/wp\/v2\/posts"}],"about":[{"href":"https:\/\/periodicocentroccidente.com\/index.php?rest_route=\/wp\/v2\/types\/post"}],"author":[{"embeddable":true,"href":"https:\/\/periodicocentroccidente.com\/index.php?rest_route=\/wp\/v2\/users\/2"}],"replies":[{"embeddable":true,"href":"https:\/\/periodicocentroccidente.com\/index.php?rest_route=%2Fwp%2Fv2%2Fcomments&post=6924"}],"version-history":[{"count":1,"href":"https:\/\/periodicocentroccidente.com\/index.php?rest_route=\/wp\/v2\/posts\/6924\/revisions"}],"predecessor-version":[{"id":6931,"href":"https:\/\/periodicocentroccidente.com\/index.php?rest_route=\/wp\/v2\/posts\/6924\/revisions\/6931"}],"wp:featuredmedia":[{"embeddable":true,"href":"https:\/\/periodicocentroccidente.com\/index.php?rest_route=\/wp\/v2\/media\/6930"}],"wp:attachment":[{"href":"https:\/\/periodicocentroccidente.com\/index.php?rest_route=%2Fwp%2Fv2%2Fmedia&parent=6924"}],"wp:term":[{"taxonomy":"category","embeddable":true,"href":"https:\/\/periodicocentroccidente.com\/index.php?rest_route=%2Fwp%2Fv2%2Fcategories&post=6924"},{"taxonomy":"post_tag","embeddable":true,"href":"https:\/\/periodicocentroccidente.com\/index.php?rest_route=%2Fwp%2Fv2%2Ftags&post=6924"}],"curies":[{"name":"wp","href":"https:\/\/api.w.org\/{rel}","templated":true}]}}